{"id":9578,"date":"2017-05-24T11:27:43","date_gmt":"2017-05-24T14:27:43","guid":{"rendered":"http:\/\/revistaregional.com.br\/site\/?p=9578"},"modified":"2024-01-26T10:09:52","modified_gmt":"2024-01-26T13:09:52","slug":"6a-caminhada-pelos-bons-tratos-aos-animais-de-indaiatuba","status":"publish","type":"post","link":"https:\/\/revistaregional.com.br\/site\/2017\/05\/24\/6a-caminhada-pelos-bons-tratos-aos-animais-de-indaiatuba\/","title":{"rendered":"6\u00aa Caminhada pelos Bons Tratos aos Animais de Indaiatuba"},"content":{"rendered":"<p><img fetchpriority=\"high\" decoding=\"async\" class=\"wp-image-9579 aligncenter\" src=\"http:\/\/revistaregional.com.br\/site\/wp-content\/uploads\/2017\/05\/456456456-211x300.jpg\" alt=\"\" width=\"258\" height=\"367\">Acontece no dia 04 de junho a 6\u00aa Caminhada pelos Bons Tratos aos Animais de Indaiatuba. Na edi\u00e7\u00e3o deste ano, haver\u00e1 diversas atra\u00e7\u00f5es do Galp\u00e3o Erika Novachi, com apresenta\u00e7\u00e3o de coreografia Street Dance, m\u00fasica de Ultramusic (<a href=\"https:\/\/www.facebook.com\/anderson.favacho.9?fref=mentions\" target=\"_blank\" rel=\"noopener noreferrer\">Favacho Spartano<\/a><span class=\"x_apple-converted-space\">&nbsp;<\/span>e<span class=\"x_apple-converted-space\">&nbsp;<\/span><a href=\"https:\/\/www.facebook.com\/bruno.vidja?fref=mentions\" target=\"_blank\" rel=\"noopener noreferrer\">Bruno Vidja<\/a><span class=\"x_apple-converted-space\">) e <\/span><span class=\"x_apple-converted-space\">a presen\u00e7a do<\/span> <span class=\"x_apple-converted-space\">K<\/span><span class=\"x_apple-converted-space\">oringa Bobo da Corte<\/span><span class=\"x_apple-converted-space\">, que vai <\/span><span class=\"x_apple-converted-space\">alegrar os participantes.<\/span><\/p>\n","protected":false},"excerpt":{"rendered":"<p>Acontece no dia 04 de junho a 6\u00aa Caminhada pelos Bons Tratos aos Animais de Indaiatuba. Na edi\u00e7\u00e3o deste ano, haver\u00e1 diversas atra\u00e7\u00f5es do Galp\u00e3o Erika Novachi, com apresenta\u00e7\u00e3o de coreografia Street Dance, m\u00fasica de Ultramusic (Favacho Spartano&nbsp;e&nbsp;Bruno Vidja) e a presen\u00e7a do Koringa Bobo da Corte, que vai alegrar os participantes.<\/p>\n","protected":false},"author":1,"featured_media":11462,"comment_status":"open","ping_status":"open","sticky":false,"template":"","format":"standard","meta":{"_acf_changed":false,"ngg_post_thumbnail":0,"_joinchat":[],"footnotes":""},"categories":[12],"tags":[527],"class_list":["post-9578","post","type-post","status-publish","format-standard","has-post-thumbnail","hentry","category-regionais","tag-regionais"],"acf":[],"yoast_head":"<!-- This site is optimized with the Yoast SEO plugin v27.4 - https:\/\/yoast.com\/product\/yoast-seo-wordpress\/ -->\n<title>6\u00aa Caminhada pelos Bons Tratos aos Animais de Indaiatuba - Revista Regional<\/title>\n<meta name=\"robots\" content=\"index, follow, max-snippet:-1, max-image-preview:large, max-video-preview:-1\" \/>\n<link rel=\"canonical\" href=\"https:\/\/revistaregional.com.br\/site\/2017\/05\/24\/6a-caminhada-pelos-bons-tratos-aos-animais-de-indaiatuba\/\" \/>\n<meta property=\"og:locale\" content=\"pt_BR\" \/>\n<meta property=\"og:type\" content=\"article\" \/>\n<meta property=\"og:title\" content=\"6\u00aa Caminhada pelos Bons Tratos aos Animais de Indaiatuba - Revista Regional\" \/>\n<meta property=\"og:description\" content=\"Acontece no dia 04 de junho a 6\u00aa Caminhada pelos Bons Tratos aos Animais de Indaiatuba. Na edi\u00e7\u00e3o deste ano, haver\u00e1 diversas atra\u00e7\u00f5es do Galp\u00e3o Erika Novachi, com apresenta\u00e7\u00e3o de coreografia Street Dance, m\u00fasica de Ultramusic (Favacho Spartano&nbsp;e&nbsp;Bruno Vidja) e a presen\u00e7a do Koringa Bobo da Corte, que vai alegrar os participantes.\" \/>\n<meta property=\"og:url\" content=\"https:\/\/revistaregional.com.br\/site\/2017\/05\/24\/6a-caminhada-pelos-bons-tratos-aos-animais-de-indaiatuba\/\" \/>\n<meta property=\"og:site_name\" content=\"Revista Regional\" \/>\n<meta property=\"article:published_time\" content=\"2017-05-24T14:27:43+00:00\" \/>\n<meta property=\"article:modified_time\" content=\"2024-01-26T13:09:52+00:00\" \/>\n<meta property=\"og:image\" content=\"https:\/\/revistaregional.com.br\/site\/wp-content\/uploads\/2017\/05\/6_caminhada_bons_tratos_animais.jpg\" \/>\n\t<meta property=\"og:image:width\" content=\"160\" \/>\n\t<meta property=\"og:image:height\" content=\"150\" \/>\n\t<meta property=\"og:image:type\" content=\"image\/jpeg\" \/>\n<meta name=\"author\" content=\"contato@revistaregional.com.br\" \/>\n<meta name=\"twitter:card\" content=\"summary_large_image\" \/>\n<meta name=\"twitter:label1\" content=\"Escrito por\" \/>\n\t<meta name=\"twitter:data1\" content=\"contato@revistaregional.com.br\" \/>\n<script type=\"application\/ld+json\" class=\"yoast-schema-graph\">{\"@context\":\"https:\\\/\\\/schema.org\",\"@graph\":[{\"@type\":\"Article\",\"@id\":\"https:\\\/\\\/revistaregional.com.br\\\/site\\\/2017\\\/05\\\/24\\\/6a-caminhada-pelos-bons-tratos-aos-animais-de-indaiatuba\\\/#article\",\"isPartOf\":{\"@id\":\"https:\\\/\\\/revistaregional.com.br\\\/site\\\/2017\\\/05\\\/24\\\/6a-caminhada-pelos-bons-tratos-aos-animais-de-indaiatuba\\\/\"},\"author\":{\"name\":\"contato@revistaregional.com.br\",\"@id\":\"https:\\\/\\\/revistaregional.com.br\\\/site\\\/#\\\/schema\\\/person\\\/382af97c580dc1b18f55107bc316010d\"},\"headline\":\"6\u00aa Caminhada pelos Bons Tratos aos Animais de Indaiatuba\",\"datePublished\":\"2017-05-24T14:27:43+00:00\",\"dateModified\":\"2024-01-26T13:09:52+00:00\",\"mainEntityOfPage\":{\"@id\":\"https:\\\/\\\/revistaregional.com.br\\\/site\\\/2017\\\/05\\\/24\\\/6a-caminhada-pelos-bons-tratos-aos-animais-de-indaiatuba\\\/\"},\"wordCount\":69,\"commentCount\":0,\"image\":{\"@id\":\"https:\\\/\\\/revistaregional.com.br\\\/site\\\/2017\\\/05\\\/24\\\/6a-caminhada-pelos-bons-tratos-aos-animais-de-indaiatuba\\\/#primaryimage\"},\"thumbnailUrl\":\"https:\\\/\\\/revistaregional.com.br\\\/site\\\/wp-content\\\/uploads\\\/2017\\\/05\\\/6_caminhada_bons_tratos_animais.jpg\",\"keywords\":[\"Regionais\"],\"articleSection\":[\"Regionais\"],\"inLanguage\":\"pt-BR\",\"potentialAction\":[{\"@type\":\"CommentAction\",\"name\":\"Comment\",\"target\":[\"https:\\\/\\\/revistaregional.com.br\\\/site\\\/2017\\\/05\\\/24\\\/6a-caminhada-pelos-bons-tratos-aos-animais-de-indaiatuba\\\/#respond\"]}]},{\"@type\":\"WebPage\",\"@id\":\"https:\\\/\\\/revistaregional.com.br\\\/site\\\/2017\\\/05\\\/24\\\/6a-caminhada-pelos-bons-tratos-aos-animais-de-indaiatuba\\\/\",\"url\":\"https:\\\/\\\/revistaregional.com.br\\\/site\\\/2017\\\/05\\\/24\\\/6a-caminhada-pelos-bons-tratos-aos-animais-de-indaiatuba\\\/\",\"name\":\"6\u00aa Caminhada pelos Bons Tratos aos Animais de Indaiatuba - Revista Regional\",\"isPartOf\":{\"@id\":\"https:\\\/\\\/revistaregional.com.br\\\/site\\\/#website\"},\"primaryImageOfPage\":{\"@id\":\"https:\\\/\\\/revistaregional.com.br\\\/site\\\/2017\\\/05\\\/24\\\/6a-caminhada-pelos-bons-tratos-aos-animais-de-indaiatuba\\\/#primaryimage\"},\"image\":{\"@id\":\"https:\\\/\\\/revistaregional.com.br\\\/site\\\/2017\\\/05\\\/24\\\/6a-caminhada-pelos-bons-tratos-aos-animais-de-indaiatuba\\\/#primaryimage\"},\"thumbnailUrl\":\"https:\\\/\\\/revistaregional.com.br\\\/site\\\/wp-content\\\/uploads\\\/2017\\\/05\\\/6_caminhada_bons_tratos_animais.jpg\",\"datePublished\":\"2017-05-24T14:27:43+00:00\",\"dateModified\":\"2024-01-26T13:09:52+00:00\",\"author\":{\"@id\":\"https:\\\/\\\/revistaregional.com.br\\\/site\\\/#\\\/schema\\\/person\\\/382af97c580dc1b18f55107bc316010d\"},\"breadcrumb\":{\"@id\":\"https:\\\/\\\/revistaregional.com.br\\\/site\\\/2017\\\/05\\\/24\\\/6a-caminhada-pelos-bons-tratos-aos-animais-de-indaiatuba\\\/#breadcrumb\"},\"inLanguage\":\"pt-BR\",\"potentialAction\":[{\"@type\":\"ReadAction\",\"target\":[\"https:\\\/\\\/revistaregional.com.br\\\/site\\\/2017\\\/05\\\/24\\\/6a-caminhada-pelos-bons-tratos-aos-animais-de-indaiatuba\\\/\"]}]},{\"@type\":\"ImageObject\",\"inLanguage\":\"pt-BR\",\"@id\":\"https:\\\/\\\/revistaregional.com.br\\\/site\\\/2017\\\/05\\\/24\\\/6a-caminhada-pelos-bons-tratos-aos-animais-de-indaiatuba\\\/#primaryimage\",\"url\":\"https:\\\/\\\/revistaregional.com.br\\\/site\\\/wp-content\\\/uploads\\\/2017\\\/05\\\/6_caminhada_bons_tratos_animais.jpg\",\"contentUrl\":\"https:\\\/\\\/revistaregional.com.br\\\/site\\\/wp-content\\\/uploads\\\/2017\\\/05\\\/6_caminhada_bons_tratos_animais.jpg\",\"width\":160,\"height\":150},{\"@type\":\"BreadcrumbList\",\"@id\":\"https:\\\/\\\/revistaregional.com.br\\\/site\\\/2017\\\/05\\\/24\\\/6a-caminhada-pelos-bons-tratos-aos-animais-de-indaiatuba\\\/#breadcrumb\",\"itemListElement\":[{\"@type\":\"ListItem\",\"position\":1,\"name\":\"In\u00edcio\",\"item\":\"https:\\\/\\\/revistaregional.com.br\\\/site\\\/\"},{\"@type\":\"ListItem\",\"position\":2,\"name\":\"6\u00aa Caminhada pelos Bons Tratos aos Animais de Indaiatuba\"}]},{\"@type\":\"WebSite\",\"@id\":\"https:\\\/\\\/revistaregional.com.br\\\/site\\\/#website\",\"url\":\"https:\\\/\\\/revistaregional.com.br\\\/site\\\/\",\"name\":\"Revista Regional\",\"description\":\"Salto - Itu - Indaituba\",\"potentialAction\":[{\"@type\":\"SearchAction\",\"target\":{\"@type\":\"EntryPoint\",\"urlTemplate\":\"https:\\\/\\\/revistaregional.com.br\\\/site\\\/?s={search_term_string}\"},\"query-input\":{\"@type\":\"PropertyValueSpecification\",\"valueRequired\":true,\"valueName\":\"search_term_string\"}}],\"inLanguage\":\"pt-BR\"},{\"@type\":\"Person\",\"@id\":\"https:\\\/\\\/revistaregional.com.br\\\/site\\\/#\\\/schema\\\/person\\\/382af97c580dc1b18f55107bc316010d\",\"name\":\"contato@revistaregional.com.br\",\"image\":{\"@type\":\"ImageObject\",\"inLanguage\":\"pt-BR\",\"@id\":\"https:\\\/\\\/secure.gravatar.com\\\/avatar\\\/869822917e96b2e292d5827e4635855396934485e7c4a0af84e9a214e32ca0cd?s=96&d=mm&r=g\",\"url\":\"https:\\\/\\\/secure.gravatar.com\\\/avatar\\\/869822917e96b2e292d5827e4635855396934485e7c4a0af84e9a214e32ca0cd?s=96&d=mm&r=g\",\"contentUrl\":\"https:\\\/\\\/secure.gravatar.com\\\/avatar\\\/869822917e96b2e292d5827e4635855396934485e7c4a0af84e9a214e32ca0cd?s=96&d=mm&r=g\",\"caption\":\"contato@revistaregional.com.br\"},\"url\":\"https:\\\/\\\/revistaregional.com.br\\\/site\\\/author\\\/contato@revistaregional.com.br\\\/\"}]}<\/script>\n<!-- \/ Yoast SEO plugin. -->","yoast_head_json":{"title":"6\u00aa Caminhada pelos Bons Tratos aos Animais de Indaiatuba - Revista Regional","robots":{"index":"index","follow":"follow","max-snippet":"max-snippet:-1","max-image-preview":"max-image-preview:large","max-video-preview":"max-video-preview:-1"},"canonical":"https:\/\/revistaregional.com.br\/site\/2017\/05\/24\/6a-caminhada-pelos-bons-tratos-aos-animais-de-indaiatuba\/","og_locale":"pt_BR","og_type":"article","og_title":"6\u00aa Caminhada pelos Bons Tratos aos Animais de Indaiatuba - Revista Regional","og_description":"Acontece no dia 04 de junho a 6\u00aa Caminhada pelos Bons Tratos aos Animais de Indaiatuba. Na edi\u00e7\u00e3o deste ano, haver\u00e1 diversas atra\u00e7\u00f5es do Galp\u00e3o Erika Novachi, com apresenta\u00e7\u00e3o de coreografia Street Dance, m\u00fasica de Ultramusic (Favacho Spartano&nbsp;e&nbsp;Bruno Vidja) e a presen\u00e7a do Koringa Bobo da Corte, que vai alegrar os participantes.","og_url":"https:\/\/revistaregional.com.br\/site\/2017\/05\/24\/6a-caminhada-pelos-bons-tratos-aos-animais-de-indaiatuba\/","og_site_name":"Revista Regional","article_published_time":"2017-05-24T14:27:43+00:00","article_modified_time":"2024-01-26T13:09:52+00:00","og_image":[{"width":160,"height":150,"url":"https:\/\/revistaregional.com.br\/site\/wp-content\/uploads\/2017\/05\/6_caminhada_bons_tratos_animais.jpg","type":"image\/jpeg"}],"author":"contato@revistaregional.com.br","twitter_card":"summary_large_image","twitter_misc":{"Escrito por":"contato@revistaregional.com.br"},"schema":{"@context":"https:\/\/schema.org","@graph":[{"@type":"Article","@id":"https:\/\/revistaregional.com.br\/site\/2017\/05\/24\/6a-caminhada-pelos-bons-tratos-aos-animais-de-indaiatuba\/#article","isPartOf":{"@id":"https:\/\/revistaregional.com.br\/site\/2017\/05\/24\/6a-caminhada-pelos-bons-tratos-aos-animais-de-indaiatuba\/"},"author":{"name":"contato@revistaregional.com.br","@id":"https:\/\/revistaregional.com.br\/site\/#\/schema\/person\/382af97c580dc1b18f55107bc316010d"},"headline":"6\u00aa Caminhada pelos Bons Tratos aos Animais de Indaiatuba","datePublished":"2017-05-24T14:27:43+00:00","dateModified":"2024-01-26T13:09:52+00:00","mainEntityOfPage":{"@id":"https:\/\/revistaregional.com.br\/site\/2017\/05\/24\/6a-caminhada-pelos-bons-tratos-aos-animais-de-indaiatuba\/"},"wordCount":69,"commentCount":0,"image":{"@id":"https:\/\/revistaregional.com.br\/site\/2017\/05\/24\/6a-caminhada-pelos-bons-tratos-aos-animais-de-indaiatuba\/#primaryimage"},"thumbnailUrl":"https:\/\/revistaregional.com.br\/site\/wp-content\/uploads\/2017\/05\/6_caminhada_bons_tratos_animais.jpg","keywords":["Regionais"],"articleSection":["Regionais"],"inLanguage":"pt-BR","potentialAction":[{"@type":"CommentAction","name":"Comment","target":["https:\/\/revistaregional.com.br\/site\/2017\/05\/24\/6a-caminhada-pelos-bons-tratos-aos-animais-de-indaiatuba\/#respond"]}]},{"@type":"WebPage","@id":"https:\/\/revistaregional.com.br\/site\/2017\/05\/24\/6a-caminhada-pelos-bons-tratos-aos-animais-de-indaiatuba\/","url":"https:\/\/revistaregional.com.br\/site\/2017\/05\/24\/6a-caminhada-pelos-bons-tratos-aos-animais-de-indaiatuba\/","name":"6\u00aa Caminhada pelos Bons Tratos aos Animais de Indaiatuba - Revista Regional","isPartOf":{"@id":"https:\/\/revistaregional.com.br\/site\/#website"},"primaryImageOfPage":{"@id":"https:\/\/revistaregional.com.br\/site\/2017\/05\/24\/6a-caminhada-pelos-bons-tratos-aos-animais-de-indaiatuba\/#primaryimage"},"image":{"@id":"https:\/\/revistaregional.com.br\/site\/2017\/05\/24\/6a-caminhada-pelos-bons-tratos-aos-animais-de-indaiatuba\/#primaryimage"},"thumbnailUrl":"https:\/\/revistaregional.com.br\/site\/wp-content\/uploads\/2017\/05\/6_caminhada_bons_tratos_animais.jpg","datePublished":"2017-05-24T14:27:43+00:00","dateModified":"2024-01-26T13:09:52+00:00","author":{"@id":"https:\/\/revistaregional.com.br\/site\/#\/schema\/person\/382af97c580dc1b18f55107bc316010d"},"breadcrumb":{"@id":"https:\/\/revistaregional.com.br\/site\/2017\/05\/24\/6a-caminhada-pelos-bons-tratos-aos-animais-de-indaiatuba\/#breadcrumb"},"inLanguage":"pt-BR","potentialAction":[{"@type":"ReadAction","target":["https:\/\/revistaregional.com.br\/site\/2017\/05\/24\/6a-caminhada-pelos-bons-tratos-aos-animais-de-indaiatuba\/"]}]},{"@type":"ImageObject","inLanguage":"pt-BR","@id":"https:\/\/revistaregional.com.br\/site\/2017\/05\/24\/6a-caminhada-pelos-bons-tratos-aos-animais-de-indaiatuba\/#primaryimage","url":"https:\/\/revistaregional.com.br\/site\/wp-content\/uploads\/2017\/05\/6_caminhada_bons_tratos_animais.jpg","contentUrl":"https:\/\/revistaregional.com.br\/site\/wp-content\/uploads\/2017\/05\/6_caminhada_bons_tratos_animais.jpg","width":160,"height":150},{"@type":"BreadcrumbList","@id":"https:\/\/revistaregional.com.br\/site\/2017\/05\/24\/6a-caminhada-pelos-bons-tratos-aos-animais-de-indaiatuba\/#breadcrumb","itemListElement":[{"@type":"ListItem","position":1,"name":"In\u00edcio","item":"https:\/\/revistaregional.com.br\/site\/"},{"@type":"ListItem","position":2,"name":"6\u00aa Caminhada pelos Bons Tratos aos Animais de Indaiatuba"}]},{"@type":"WebSite","@id":"https:\/\/revistaregional.com.br\/site\/#website","url":"https:\/\/revistaregional.com.br\/site\/","name":"Revista Regional","description":"Salto - Itu - Indaituba","potentialAction":[{"@type":"SearchAction","target":{"@type":"EntryPoint","urlTemplate":"https:\/\/revistaregional.com.br\/site\/?s={search_term_string}"},"query-input":{"@type":"PropertyValueSpecification","valueRequired":true,"valueName":"search_term_string"}}],"inLanguage":"pt-BR"},{"@type":"Person","@id":"https:\/\/revistaregional.com.br\/site\/#\/schema\/person\/382af97c580dc1b18f55107bc316010d","name":"contato@revistaregional.com.br","image":{"@type":"ImageObject","inLanguage":"pt-BR","@id":"https:\/\/secure.gravatar.com\/avatar\/869822917e96b2e292d5827e4635855396934485e7c4a0af84e9a214e32ca0cd?s=96&d=mm&r=g","url":"https:\/\/secure.gravatar.com\/avatar\/869822917e96b2e292d5827e4635855396934485e7c4a0af84e9a214e32ca0cd?s=96&d=mm&r=g","contentUrl":"https:\/\/secure.gravatar.com\/avatar\/869822917e96b2e292d5827e4635855396934485e7c4a0af84e9a214e32ca0cd?s=96&d=mm&r=g","caption":"contato@revistaregional.com.br"},"url":"https:\/\/revistaregional.com.br\/site\/author\/contato@revistaregional.com.br\/"}]}},"views":61,"_links":{"self":[{"href":"https:\/\/revistaregional.com.br\/site\/wp-json\/wp\/v2\/posts\/9578","targetHints":{"allow":["GET"]}}],"collection":[{"href":"https:\/\/revistaregional.com.br\/site\/wp-json\/wp\/v2\/posts"}],"about":[{"href":"https:\/\/revistaregional.com.br\/site\/wp-json\/wp\/v2\/types\/post"}],"author":[{"embeddable":true,"href":"https:\/\/revistaregional.com.br\/site\/wp-json\/wp\/v2\/users\/1"}],"replies":[{"embeddable":true,"href":"https:\/\/revistaregional.com.br\/site\/wp-json\/wp\/v2\/comments?post=9578"}],"version-history":[{"count":1,"href":"https:\/\/revistaregional.com.br\/site\/wp-json\/wp\/v2\/posts\/9578\/revisions"}],"predecessor-version":[{"id":11469,"href":"https:\/\/revistaregional.com.br\/site\/wp-json\/wp\/v2\/posts\/9578\/revisions\/11469"}],"wp:featuredmedia":[{"embeddable":true,"href":"https:\/\/revistaregional.com.br\/site\/wp-json\/wp\/v2\/media\/11462"}],"wp:attachment":[{"href":"https:\/\/revistaregional.com.br\/site\/wp-json\/wp\/v2\/media?parent=9578"}],"wp:term":[{"taxonomy":"category","embeddable":true,"href":"https:\/\/revistaregional.com.br\/site\/wp-json\/wp\/v2\/categories?post=9578"},{"taxonomy":"post_tag","embeddable":true,"href":"https:\/\/revistaregional.com.br\/site\/wp-json\/wp\/v2\/tags?post=9578"}],"curies":[{"name":"wp","href":"https:\/\/api.w.org\/{rel}","templated":true}]}}