{"id":9573,"date":"2017-05-18T13:23:18","date_gmt":"2017-05-18T16:23:18","guid":{"rendered":"http:\/\/revistaregional.com.br\/site\/?p=9573"},"modified":"2024-01-26T10:09:53","modified_gmt":"2024-01-26T13:09:53","slug":"itu-recebe-lets-run-hero","status":"publish","type":"post","link":"https:\/\/revistaregional.com.br\/site\/2017\/05\/18\/itu-recebe-lets-run-hero\/","title":{"rendered":"Itu recebe Let\u2019s Run Hero"},"content":{"rendered":"<figure id=\"attachment_9574\" aria-describedby=\"caption-attachment-9574\" style=\"width: 231px\" class=\"wp-caption alignright\"><img fetchpriority=\"high\" decoding=\"async\" class=\"size-medium wp-image-9574\" src=\"http:\/\/revistaregional.com.br\/site\/wp-content\/uploads\/2017\/05\/heroi-itu-231x300.jpg\" alt=\"\" width=\"231\" height=\"300\"><figcaption id=\"caption-attachment-9574\" class=\"wp-caption-text\">Cartaz do evento que acontece pela primeira vez em Itu<\/figcaption><\/figure>\n<p align=\"center\"><i>Pais e filhos poder\u00e3o vestir as melhores fantasias de her\u00f3is e vil\u00f5es e participar de uma divertida corrida<\/i><\/p>\n<p>Desperte o her\u00f3i \u2013 e at\u00e9 mesmo o vil\u00e3o \u2013 que existe dentro de voc\u00ea! No dia 28 de maio, Itu receber\u00e1 a primeira edi\u00e7\u00e3o da Let\u2019s Run Hero, corrida em que os inscritos podem se fantasiar de personagens para participar da disputa. O evento ocorrer\u00e1 no&nbsp; estacionamento da Prefeitura de Itu. A prova pode ser disputada em dupla ou trio e cada equipe deve ter ao menos um adulto acima de 18 anos respons\u00e1vel. Apenas crian\u00e7as entre quatro e 14 anos podem se inscrever no percurso. A corrida tem cinco baterias, divididas por idade. O objetivo do evento \u00e9 reunir pais e filhos para participar de uma manh\u00e3 repleta de atividades e divers\u00e3o.<\/p>\n<p>As inscri\u00e7\u00f5es custam R$ 59,00 (dupla) e R$ 79,00 (trio) e devem ser feitas pelo site <a href=\"http:\/\/www.ticketagora.com.br\/\" target=\"_blank\" rel=\"noopener noreferrer\">www.ticketagora.com.br<\/a> at\u00e9 o dia 26 de maio. Cada participante receber\u00e1 um kit que inclui o n\u00famero de participa\u00e7\u00e3o, sacochila, hidrata\u00e7\u00e3o e alimenta\u00e7\u00e3o p\u00f3s-corrida, squeeze, fotos profissionais e medalha finisher.Familiares e amigos dos inscritos podem acompanhar a corrida. O valor do ingresso para fazer parte da torcida \u00e9 a doa\u00e7\u00e3o de um litro de leite ou um quilo de alimento n\u00e3o perec\u00edvel. A arrecada\u00e7\u00e3o ser\u00e1 destinada a ONGs que cuidam de crian\u00e7as carentes na regi\u00e3o da cidade. O evento conta com o apoio da Prefeitura de Itu.<\/p>\n<p><strong>Atividades gratuitas<\/strong><b><br \/>\n<\/b>Al\u00e9m da corrida infantil, o evento contar\u00e1 com diversas atividades gratuitas para a crian\u00e7ada. Os pequenos ter\u00e3o recrea\u00e7\u00e3o com monitores, jogos tem\u00e1ticos, pe\u00e7as de teatro, oficinas culturais e at\u00e9 uma Academia de Her\u00f3is \u2013 oficina que ensinar\u00e1 a produzir sua pr\u00f3pria fantasia. As brincadeiras extras ser\u00e3o realizadas at\u00e9 as 12 horas.<\/p>\n<p><em>&nbsp;foto: Divulga\u00e7\u00e3o<\/em><\/p>\n","protected":false},"excerpt":{"rendered":"<p>Pais e filhos poder\u00e3o vestir as melhores fantasias de her\u00f3is e vil\u00f5es e participar de uma divertida corrida Desperte o her\u00f3i \u2013 e at\u00e9 mesmo o vil\u00e3o \u2013 que existe dentro de voc\u00ea! No dia 28 de maio, Itu receber\u00e1 a primeira edi\u00e7\u00e3o da Let\u2019s Run Hero, corrida em que os inscritos podem se fantasiar [&hellip;]<\/p>\n","protected":false},"author":1,"featured_media":11465,"comment_status":"open","ping_status":"open","sticky":false,"template":"","format":"standard","meta":{"_acf_changed":false,"ngg_post_thumbnail":0,"_joinchat":[],"footnotes":""},"categories":[12],"tags":[527],"class_list":["post-9573","post","type-post","status-publish","format-standard","has-post-thumbnail","hentry","category-regionais","tag-regionais"],"acf":[],"yoast_head":"<!-- This site is optimized with the Yoast SEO plugin v27.4 - https:\/\/yoast.com\/product\/yoast-seo-wordpress\/ -->\n<title>Itu recebe Let\u2019s Run Hero - Revista Regional<\/title>\n<meta name=\"robots\" content=\"index, follow, max-snippet:-1, max-image-preview:large, max-video-preview:-1\" \/>\n<link rel=\"canonical\" href=\"https:\/\/revistaregional.com.br\/site\/2017\/05\/18\/itu-recebe-lets-run-hero\/\" \/>\n<meta property=\"og:locale\" content=\"pt_BR\" \/>\n<meta property=\"og:type\" content=\"article\" \/>\n<meta property=\"og:title\" content=\"Itu recebe Let\u2019s Run Hero - Revista Regional\" \/>\n<meta property=\"og:description\" content=\"Pais e filhos poder\u00e3o vestir as melhores fantasias de her\u00f3is e vil\u00f5es e participar de uma divertida corrida Desperte o her\u00f3i \u2013 e at\u00e9 mesmo o vil\u00e3o \u2013 que existe dentro de voc\u00ea! No dia 28 de maio, Itu receber\u00e1 a primeira edi\u00e7\u00e3o da Let\u2019s Run Hero, corrida em que os inscritos podem se fantasiar [&hellip;]\" \/>\n<meta property=\"og:url\" content=\"https:\/\/revistaregional.com.br\/site\/2017\/05\/18\/itu-recebe-lets-run-hero\/\" \/>\n<meta property=\"og:site_name\" content=\"Revista Regional\" \/>\n<meta property=\"article:published_time\" content=\"2017-05-18T16:23:18+00:00\" \/>\n<meta property=\"article:modified_time\" content=\"2024-01-26T13:09:53+00:00\" \/>\n<meta property=\"og:image\" content=\"https:\/\/revistaregional.com.br\/site\/wp-content\/uploads\/2017\/05\/lets_hun_hero.jpg\" \/>\n\t<meta property=\"og:image:width\" content=\"160\" \/>\n\t<meta property=\"og:image:height\" content=\"150\" \/>\n\t<meta property=\"og:image:type\" content=\"image\/jpeg\" \/>\n<meta name=\"author\" content=\"contato@revistaregional.com.br\" \/>\n<meta name=\"twitter:card\" content=\"summary_large_image\" \/>\n<meta name=\"twitter:label1\" content=\"Escrito por\" \/>\n\t<meta name=\"twitter:data1\" content=\"contato@revistaregional.com.br\" \/>\n\t<meta name=\"twitter:label2\" content=\"Est. tempo de leitura\" \/>\n\t<meta name=\"twitter:data2\" content=\"2 minutos\" \/>\n<script type=\"application\/ld+json\" class=\"yoast-schema-graph\">{\"@context\":\"https:\\\/\\\/schema.org\",\"@graph\":[{\"@type\":\"Article\",\"@id\":\"https:\\\/\\\/revistaregional.com.br\\\/site\\\/2017\\\/05\\\/18\\\/itu-recebe-lets-run-hero\\\/#article\",\"isPartOf\":{\"@id\":\"https:\\\/\\\/revistaregional.com.br\\\/site\\\/2017\\\/05\\\/18\\\/itu-recebe-lets-run-hero\\\/\"},\"author\":{\"name\":\"contato@revistaregional.com.br\",\"@id\":\"https:\\\/\\\/revistaregional.com.br\\\/site\\\/#\\\/schema\\\/person\\\/382af97c580dc1b18f55107bc316010d\"},\"headline\":\"Itu recebe Let\u2019s Run Hero\",\"datePublished\":\"2017-05-18T16:23:18+00:00\",\"dateModified\":\"2024-01-26T13:09:53+00:00\",\"mainEntityOfPage\":{\"@id\":\"https:\\\/\\\/revistaregional.com.br\\\/site\\\/2017\\\/05\\\/18\\\/itu-recebe-lets-run-hero\\\/\"},\"wordCount\":338,\"commentCount\":0,\"image\":{\"@id\":\"https:\\\/\\\/revistaregional.com.br\\\/site\\\/2017\\\/05\\\/18\\\/itu-recebe-lets-run-hero\\\/#primaryimage\"},\"thumbnailUrl\":\"https:\\\/\\\/revistaregional.com.br\\\/site\\\/wp-content\\\/uploads\\\/2017\\\/05\\\/lets_hun_hero.jpg\",\"keywords\":[\"Regionais\"],\"articleSection\":[\"Regionais\"],\"inLanguage\":\"pt-BR\",\"potentialAction\":[{\"@type\":\"CommentAction\",\"name\":\"Comment\",\"target\":[\"https:\\\/\\\/revistaregional.com.br\\\/site\\\/2017\\\/05\\\/18\\\/itu-recebe-lets-run-hero\\\/#respond\"]}]},{\"@type\":\"WebPage\",\"@id\":\"https:\\\/\\\/revistaregional.com.br\\\/site\\\/2017\\\/05\\\/18\\\/itu-recebe-lets-run-hero\\\/\",\"url\":\"https:\\\/\\\/revistaregional.com.br\\\/site\\\/2017\\\/05\\\/18\\\/itu-recebe-lets-run-hero\\\/\",\"name\":\"Itu recebe Let\u2019s Run Hero - Revista Regional\",\"isPartOf\":{\"@id\":\"https:\\\/\\\/revistaregional.com.br\\\/site\\\/#website\"},\"primaryImageOfPage\":{\"@id\":\"https:\\\/\\\/revistaregional.com.br\\\/site\\\/2017\\\/05\\\/18\\\/itu-recebe-lets-run-hero\\\/#primaryimage\"},\"image\":{\"@id\":\"https:\\\/\\\/revistaregional.com.br\\\/site\\\/2017\\\/05\\\/18\\\/itu-recebe-lets-run-hero\\\/#primaryimage\"},\"thumbnailUrl\":\"https:\\\/\\\/revistaregional.com.br\\\/site\\\/wp-content\\\/uploads\\\/2017\\\/05\\\/lets_hun_hero.jpg\",\"datePublished\":\"2017-05-18T16:23:18+00:00\",\"dateModified\":\"2024-01-26T13:09:53+00:00\",\"author\":{\"@id\":\"https:\\\/\\\/revistaregional.com.br\\\/site\\\/#\\\/schema\\\/person\\\/382af97c580dc1b18f55107bc316010d\"},\"breadcrumb\":{\"@id\":\"https:\\\/\\\/revistaregional.com.br\\\/site\\\/2017\\\/05\\\/18\\\/itu-recebe-lets-run-hero\\\/#breadcrumb\"},\"inLanguage\":\"pt-BR\",\"potentialAction\":[{\"@type\":\"ReadAction\",\"target\":[\"https:\\\/\\\/revistaregional.com.br\\\/site\\\/2017\\\/05\\\/18\\\/itu-recebe-lets-run-hero\\\/\"]}]},{\"@type\":\"ImageObject\",\"inLanguage\":\"pt-BR\",\"@id\":\"https:\\\/\\\/revistaregional.com.br\\\/site\\\/2017\\\/05\\\/18\\\/itu-recebe-lets-run-hero\\\/#primaryimage\",\"url\":\"https:\\\/\\\/revistaregional.com.br\\\/site\\\/wp-content\\\/uploads\\\/2017\\\/05\\\/lets_hun_hero.jpg\",\"contentUrl\":\"https:\\\/\\\/revistaregional.com.br\\\/site\\\/wp-content\\\/uploads\\\/2017\\\/05\\\/lets_hun_hero.jpg\",\"width\":160,\"height\":150},{\"@type\":\"BreadcrumbList\",\"@id\":\"https:\\\/\\\/revistaregional.com.br\\\/site\\\/2017\\\/05\\\/18\\\/itu-recebe-lets-run-hero\\\/#breadcrumb\",\"itemListElement\":[{\"@type\":\"ListItem\",\"position\":1,\"name\":\"In\u00edcio\",\"item\":\"https:\\\/\\\/revistaregional.com.br\\\/site\\\/\"},{\"@type\":\"ListItem\",\"position\":2,\"name\":\"Itu recebe Let\u2019s Run Hero\"}]},{\"@type\":\"WebSite\",\"@id\":\"https:\\\/\\\/revistaregional.com.br\\\/site\\\/#website\",\"url\":\"https:\\\/\\\/revistaregional.com.br\\\/site\\\/\",\"name\":\"Revista Regional\",\"description\":\"Salto - Itu - Indaituba\",\"potentialAction\":[{\"@type\":\"SearchAction\",\"target\":{\"@type\":\"EntryPoint\",\"urlTemplate\":\"https:\\\/\\\/revistaregional.com.br\\\/site\\\/?s={search_term_string}\"},\"query-input\":{\"@type\":\"PropertyValueSpecification\",\"valueRequired\":true,\"valueName\":\"search_term_string\"}}],\"inLanguage\":\"pt-BR\"},{\"@type\":\"Person\",\"@id\":\"https:\\\/\\\/revistaregional.com.br\\\/site\\\/#\\\/schema\\\/person\\\/382af97c580dc1b18f55107bc316010d\",\"name\":\"contato@revistaregional.com.br\",\"image\":{\"@type\":\"ImageObject\",\"inLanguage\":\"pt-BR\",\"@id\":\"https:\\\/\\\/secure.gravatar.com\\\/avatar\\\/869822917e96b2e292d5827e4635855396934485e7c4a0af84e9a214e32ca0cd?s=96&d=mm&r=g\",\"url\":\"https:\\\/\\\/secure.gravatar.com\\\/avatar\\\/869822917e96b2e292d5827e4635855396934485e7c4a0af84e9a214e32ca0cd?s=96&d=mm&r=g\",\"contentUrl\":\"https:\\\/\\\/secure.gravatar.com\\\/avatar\\\/869822917e96b2e292d5827e4635855396934485e7c4a0af84e9a214e32ca0cd?s=96&d=mm&r=g\",\"caption\":\"contato@revistaregional.com.br\"},\"url\":\"https:\\\/\\\/revistaregional.com.br\\\/site\\\/author\\\/contato@revistaregional.com.br\\\/\"}]}<\/script>\n<!-- \/ Yoast SEO plugin. -->","yoast_head_json":{"title":"Itu recebe Let\u2019s Run Hero - Revista Regional","robots":{"index":"index","follow":"follow","max-snippet":"max-snippet:-1","max-image-preview":"max-image-preview:large","max-video-preview":"max-video-preview:-1"},"canonical":"https:\/\/revistaregional.com.br\/site\/2017\/05\/18\/itu-recebe-lets-run-hero\/","og_locale":"pt_BR","og_type":"article","og_title":"Itu recebe Let\u2019s Run Hero - Revista Regional","og_description":"Pais e filhos poder\u00e3o vestir as melhores fantasias de her\u00f3is e vil\u00f5es e participar de uma divertida corrida Desperte o her\u00f3i \u2013 e at\u00e9 mesmo o vil\u00e3o \u2013 que existe dentro de voc\u00ea! No dia 28 de maio, Itu receber\u00e1 a primeira edi\u00e7\u00e3o da Let\u2019s Run Hero, corrida em que os inscritos podem se fantasiar [&hellip;]","og_url":"https:\/\/revistaregional.com.br\/site\/2017\/05\/18\/itu-recebe-lets-run-hero\/","og_site_name":"Revista Regional","article_published_time":"2017-05-18T16:23:18+00:00","article_modified_time":"2024-01-26T13:09:53+00:00","og_image":[{"width":160,"height":150,"url":"https:\/\/revistaregional.com.br\/site\/wp-content\/uploads\/2017\/05\/lets_hun_hero.jpg","type":"image\/jpeg"}],"author":"contato@revistaregional.com.br","twitter_card":"summary_large_image","twitter_misc":{"Escrito por":"contato@revistaregional.com.br","Est. tempo de leitura":"2 minutos"},"schema":{"@context":"https:\/\/schema.org","@graph":[{"@type":"Article","@id":"https:\/\/revistaregional.com.br\/site\/2017\/05\/18\/itu-recebe-lets-run-hero\/#article","isPartOf":{"@id":"https:\/\/revistaregional.com.br\/site\/2017\/05\/18\/itu-recebe-lets-run-hero\/"},"author":{"name":"contato@revistaregional.com.br","@id":"https:\/\/revistaregional.com.br\/site\/#\/schema\/person\/382af97c580dc1b18f55107bc316010d"},"headline":"Itu recebe Let\u2019s Run Hero","datePublished":"2017-05-18T16:23:18+00:00","dateModified":"2024-01-26T13:09:53+00:00","mainEntityOfPage":{"@id":"https:\/\/revistaregional.com.br\/site\/2017\/05\/18\/itu-recebe-lets-run-hero\/"},"wordCount":338,"commentCount":0,"image":{"@id":"https:\/\/revistaregional.com.br\/site\/2017\/05\/18\/itu-recebe-lets-run-hero\/#primaryimage"},"thumbnailUrl":"https:\/\/revistaregional.com.br\/site\/wp-content\/uploads\/2017\/05\/lets_hun_hero.jpg","keywords":["Regionais"],"articleSection":["Regionais"],"inLanguage":"pt-BR","potentialAction":[{"@type":"CommentAction","name":"Comment","target":["https:\/\/revistaregional.com.br\/site\/2017\/05\/18\/itu-recebe-lets-run-hero\/#respond"]}]},{"@type":"WebPage","@id":"https:\/\/revistaregional.com.br\/site\/2017\/05\/18\/itu-recebe-lets-run-hero\/","url":"https:\/\/revistaregional.com.br\/site\/2017\/05\/18\/itu-recebe-lets-run-hero\/","name":"Itu recebe Let\u2019s Run Hero - Revista Regional","isPartOf":{"@id":"https:\/\/revistaregional.com.br\/site\/#website"},"primaryImageOfPage":{"@id":"https:\/\/revistaregional.com.br\/site\/2017\/05\/18\/itu-recebe-lets-run-hero\/#primaryimage"},"image":{"@id":"https:\/\/revistaregional.com.br\/site\/2017\/05\/18\/itu-recebe-lets-run-hero\/#primaryimage"},"thumbnailUrl":"https:\/\/revistaregional.com.br\/site\/wp-content\/uploads\/2017\/05\/lets_hun_hero.jpg","datePublished":"2017-05-18T16:23:18+00:00","dateModified":"2024-01-26T13:09:53+00:00","author":{"@id":"https:\/\/revistaregional.com.br\/site\/#\/schema\/person\/382af97c580dc1b18f55107bc316010d"},"breadcrumb":{"@id":"https:\/\/revistaregional.com.br\/site\/2017\/05\/18\/itu-recebe-lets-run-hero\/#breadcrumb"},"inLanguage":"pt-BR","potentialAction":[{"@type":"ReadAction","target":["https:\/\/revistaregional.com.br\/site\/2017\/05\/18\/itu-recebe-lets-run-hero\/"]}]},{"@type":"ImageObject","inLanguage":"pt-BR","@id":"https:\/\/revistaregional.com.br\/site\/2017\/05\/18\/itu-recebe-lets-run-hero\/#primaryimage","url":"https:\/\/revistaregional.com.br\/site\/wp-content\/uploads\/2017\/05\/lets_hun_hero.jpg","contentUrl":"https:\/\/revistaregional.com.br\/site\/wp-content\/uploads\/2017\/05\/lets_hun_hero.jpg","width":160,"height":150},{"@type":"BreadcrumbList","@id":"https:\/\/revistaregional.com.br\/site\/2017\/05\/18\/itu-recebe-lets-run-hero\/#breadcrumb","itemListElement":[{"@type":"ListItem","position":1,"name":"In\u00edcio","item":"https:\/\/revistaregional.com.br\/site\/"},{"@type":"ListItem","position":2,"name":"Itu recebe Let\u2019s Run Hero"}]},{"@type":"WebSite","@id":"https:\/\/revistaregional.com.br\/site\/#website","url":"https:\/\/revistaregional.com.br\/site\/","name":"Revista Regional","description":"Salto - Itu - Indaituba","potentialAction":[{"@type":"SearchAction","target":{"@type":"EntryPoint","urlTemplate":"https:\/\/revistaregional.com.br\/site\/?s={search_term_string}"},"query-input":{"@type":"PropertyValueSpecification","valueRequired":true,"valueName":"search_term_string"}}],"inLanguage":"pt-BR"},{"@type":"Person","@id":"https:\/\/revistaregional.com.br\/site\/#\/schema\/person\/382af97c580dc1b18f55107bc316010d","name":"contato@revistaregional.com.br","image":{"@type":"ImageObject","inLanguage":"pt-BR","@id":"https:\/\/secure.gravatar.com\/avatar\/869822917e96b2e292d5827e4635855396934485e7c4a0af84e9a214e32ca0cd?s=96&d=mm&r=g","url":"https:\/\/secure.gravatar.com\/avatar\/869822917e96b2e292d5827e4635855396934485e7c4a0af84e9a214e32ca0cd?s=96&d=mm&r=g","contentUrl":"https:\/\/secure.gravatar.com\/avatar\/869822917e96b2e292d5827e4635855396934485e7c4a0af84e9a214e32ca0cd?s=96&d=mm&r=g","caption":"contato@revistaregional.com.br"},"url":"https:\/\/revistaregional.com.br\/site\/author\/contato@revistaregional.com.br\/"}]}},"views":57,"_links":{"self":[{"href":"https:\/\/revistaregional.com.br\/site\/wp-json\/wp\/v2\/posts\/9573","targetHints":{"allow":["GET"]}}],"collection":[{"href":"https:\/\/revistaregional.com.br\/site\/wp-json\/wp\/v2\/posts"}],"about":[{"href":"https:\/\/revistaregional.com.br\/site\/wp-json\/wp\/v2\/types\/post"}],"author":[{"embeddable":true,"href":"https:\/\/revistaregional.com.br\/site\/wp-json\/wp\/v2\/users\/1"}],"replies":[{"embeddable":true,"href":"https:\/\/revistaregional.com.br\/site\/wp-json\/wp\/v2\/comments?post=9573"}],"version-history":[{"count":1,"href":"https:\/\/revistaregional.com.br\/site\/wp-json\/wp\/v2\/posts\/9573\/revisions"}],"predecessor-version":[{"id":11470,"href":"https:\/\/revistaregional.com.br\/site\/wp-json\/wp\/v2\/posts\/9573\/revisions\/11470"}],"wp:featuredmedia":[{"embeddable":true,"href":"https:\/\/revistaregional.com.br\/site\/wp-json\/wp\/v2\/media\/11465"}],"wp:attachment":[{"href":"https:\/\/revistaregional.com.br\/site\/wp-json\/wp\/v2\/media?parent=9573"}],"wp:term":[{"taxonomy":"category","embeddable":true,"href":"https:\/\/revistaregional.com.br\/site\/wp-json\/wp\/v2\/categories?post=9573"},{"taxonomy":"post_tag","embeddable":true,"href":"https:\/\/revistaregional.com.br\/site\/wp-json\/wp\/v2\/tags?post=9573"}],"curies":[{"name":"wp","href":"https:\/\/api.w.org\/{rel}","templated":true}]}}