{"id":948,"date":"2011-04-05T12:41:53","date_gmt":"2011-04-05T15:41:53","guid":{"rendered":"http:\/\/revistaregional.com.br\/site\/?p=948"},"modified":"2024-01-26T09:22:27","modified_gmt":"2024-01-26T12:22:27","slug":"corpo-sao-mente-sa","status":"publish","type":"post","link":"https:\/\/revistaregional.com.br\/site\/2011\/04\/05\/corpo-sao-mente-sa\/","title":{"rendered":"Corpo s\u00e3o, mente s\u00e3"},"content":{"rendered":"<p><em> <\/em><\/p>\n<p><em><\/p>\n<figure id=\"attachment_949\" aria-describedby=\"caption-attachment-949\" style=\"width: 332px\" class=\"wp-caption alignleft\"><a rel=\"attachment wp-att-949\" href=\"http:\/\/revistaregional.com.br\/site\/wp-content\/uploads\/2011\/04\/site-saude-corpo-e-mente-saos-800x6001.jpg\"><img fetchpriority=\"high\" decoding=\"async\" class=\"size-full wp-image-949 \" src=\"http:\/\/revistaregional.com.br\/site\/wp-content\/uploads\/2011\/04\/site-saude-corpo-e-mente-saos-800x6001.jpg\" alt=\"\" width=\"332\" height=\"480\" srcset=\"https:\/\/revistaregional.com.br\/site\/wp-content\/uploads\/2011\/04\/site-saude-corpo-e-mente-saos-800x6001.jpg 554w, https:\/\/revistaregional.com.br\/site\/wp-content\/uploads\/2011\/04\/site-saude-corpo-e-mente-saos-800x6001-207x300.jpg 207w\" sizes=\"(max-width: 332px) 100vw, 332px\" \/><\/a><figcaption id=\"caption-attachment-949\" class=\"wp-caption-text\">O sedent\u00e1rio que estiver \u00e0 procura de alguma modalidade para movimentar o corpo deve refletir sobre a sua personalidade e disposi\u00e7\u00e3o f\u00edsica. Uma pessoa que gosta, por exemplo, de passeios ao ar livre tem a op\u00e7\u00e3o de correr ou caminhar em parques e praias<\/figcaption><\/figure>\n<p><\/em><\/p>\n<p><em>O exerc\u00edcio praticado com const\u00e2ncia e prazer pode gerar revolu\u00e7\u00f5es mentais, a come\u00e7ar pela chance de se mudar radicalmente o estilo de vida<\/em><\/p>\n<p>Dizer que os exerc\u00edcios f\u00edsicos s\u00e3o poderosos instrumentos para o bom funcionamento do corpo n\u00e3o \u00e9 novidade. Eles podem contribuir para a redu\u00e7\u00e3o de colesterol, queima de gorduras e outras mudan\u00e7as positivas. Entretanto, os benef\u00edcios desse h\u00e1bito v\u00e3o al\u00e9m do que algumas pessoas imaginam. Atualmente, est\u00e1 confirmada a veracidade da antiga cita\u00e7\u00e3o em latim \u2018mens sana in corpore sano\u2019 \u2013 que sugere a necessidade de se manter n\u00e3o somente o corpo, mas tamb\u00e9m a mente saud\u00e1vel.<\/p>\n<p>Segundo o m\u00e9dico especialista em Acupuntura e Homeopatia Roberto Debski, que tamb\u00e9m \u00e9 psic\u00f3logo e cooperado da Unimed, recentes pesquisas na \u00e1rea de psiconeuroimunologia demonstram a interdepend\u00eancia entre corpo e mente e a integra\u00e7\u00e3o entre todos os sistemas que comp\u00f5em o organismo. \u201cQuando nos sentimos depressivos, por exemplo, demonstramos esse estado por meio da fala, da postura corporal, da express\u00e3o facial e da respira\u00e7\u00e3o alterada. O sistema imunol\u00f3gico \u00e9 influenciado e, se o quadro se prolongar, acarretar\u00e1 num quadro de imunodefici\u00eancia que futuramente poder\u00e1 desencadear doen\u00e7as\u201d, afirma Debski.<\/p>\n<p>Por outro lado, a pr\u00e1tica de atividade f\u00edsica funciona como um contraponto a essa \u201cbola de neve\u201d. Ela atua na vitalidade do indiv\u00edduo: fortalece o sistema cardiovascular, respirat\u00f3rio e muscular. Como resultado, obt\u00e9m-se aumento do vigor f\u00edsico e desenvolvimento da express\u00e3o din\u00e2mica do c\u00e9rebro, ou seja, a mente. Exerc\u00edcios realizados de maneira orientada retardam os efeitos do envelhecimento org\u00e2nico \u2013 neste grupo o c\u00e9rebro est\u00e1 inclu\u00eddo \u2013 e melhoram a capacidade da mem\u00f3ria e do racioc\u00ednio.<\/p>\n<p><strong><em>Por princ\u00edpio, o prazer<\/em><\/strong><\/p>\n<p>Para que a atividade proporcione ao praticante o al\u00edvio de dist\u00farbios ps\u00edquicos, como o estresse, ela precisa gerar prazer, e num n\u00edvel adequado para o organismo. \u201cSe for feita por obriga\u00e7\u00e3o e n\u00e3o trouxer alegria ao cotidiano ou se n\u00e3o respeitar o limite f\u00edsico e mental da pessoa pode se tornar mais uma fonte de estresse\u201d, explica o m\u00e9dico.<\/p>\n<p>Por isso, o sedent\u00e1rio que estiver \u00e0 procura de alguma modalidade para movimentar o corpo deve refletir sobre a sua personalidade e disposi\u00e7\u00e3o f\u00edsica. A partir da\u00ed, buscar algo condizente com essas caracter\u00edsticas. Uma pessoa que gosta de passeios ao ar livre tem a op\u00e7\u00e3o de correr ou caminhar em parques; um indiv\u00edduo tranquilo e contemplativo poder\u00e1 se identificar com os movimentos lentos da arte chinesa conhecida como Tai Chi Chuan; j\u00e1 um jovem cheio de energia para gastar se sentir\u00e1 bem praticando alguma luta marcial. \u201c\u00c9 indicado procurar a orienta\u00e7\u00e3o de um profissional competente da \u00e1rea de educa\u00e7\u00e3o f\u00edsica e \u00e9 imprescind\u00edvel fazer uma avalia\u00e7\u00e3o cl\u00ednica completa antes de iniciar qualquer treino\u201d, observa Debski.<\/p>\n<p>O exerc\u00edcio praticado com const\u00e2ncia e prazer pode gerar revolu\u00e7\u00f5es mentais, a come\u00e7ar pela chance de se mudar radicalmente o estilo de vida. Existem muitas hist\u00f3rias de pessoas comuns que comprovam essa afirma\u00e7\u00e3o. E, quando se decide pelo fim do sedentarismo, alguns fen\u00f4menos s\u00e3o certos no campo psicol\u00f3gico: a atividade estimula a vitalidade; amplia a autoestima; melhora o padr\u00e3o dos pensamentos; ajuda na atua\u00e7\u00e3o da mem\u00f3ria; diminui a sonol\u00eancia no per\u00edodo diurno e facilita a indu\u00e7\u00e3o do sono \u00e0 noite; influi favoravelmente na qualidade de vida; aumenta a rede de rela\u00e7\u00f5es sociais; entre outros aspectos.<\/p>\n<p><strong><em>Hora de suar a camisa<\/em><\/strong><\/p>\n<p>Qual o melhor hor\u00e1rio para se praticar uma atividade f\u00edsica? De acordo com Roberto Debski, em geral o melhor per\u00edodo \u00e9 o matutino. \u201cAssim, ganhamos mais disposi\u00e7\u00e3o para come\u00e7ar o dia. Mas n\u00e3o se trata de uma regra, existem pessoas que preferem ou que podem se exercitar somente \u00e0 noite\u201d, diz.<\/p>\n<p>Aos que iniciam uma pr\u00e1tica corporal, o especialista aconselha a tentativa de encarar um h\u00e1bito prazeroso para esse momento. \u201cEncare a atividade como um compromisso, vivenciando-a positivamente. Um dia ela ser\u00e1 algo que voc\u00ea vai buscar avidamente e at\u00e9 sentir falta quando n\u00e3o puder praticar. Quando chegar neste est\u00e1gio, j\u00e1 estar\u00e1 incorporada na sua vida, que ter\u00e1 mais bem-estar e sa\u00fade\u201d.<\/p>\n<p>Para enraizar este bom h\u00e1bito de forma mais definitiva, os pais devem estimular, desde cedo, seus filhos \u2013 crian\u00e7as ou adolescentes \u2013 a escolher um esporte, uma dan\u00e7a, ou qualquer atividade que as fa\u00e7a movimentar. Assim, os pequenos levar\u00e3o para sua vida inteira este aprendizado e, ainda, servir\u00e3o de propagadores desta ideia saud\u00e1vel.<\/p>\n<p><strong>foto: BIRF<\/strong><\/p>\n","protected":false},"excerpt":{"rendered":"<p>O exerc\u00edcio praticado com const\u00e2ncia e prazer pode gerar revolu\u00e7\u00f5es mentais, a come\u00e7ar pela chance de se mudar radicalmente o estilo de vida Dizer que os exerc\u00edcios f\u00edsicos s\u00e3o poderosos instrumentos para o bom funcionamento do corpo n\u00e3o \u00e9 novidade. Eles podem contribuir para a redu\u00e7\u00e3o de colesterol, queima de gorduras e outras mudan\u00e7as positivas. [&hellip;]<\/p>\n","protected":false},"author":1,"featured_media":955,"comment_status":"open","ping_status":"open","sticky":false,"template":"","format":"standard","meta":{"_acf_changed":false,"ngg_post_thumbnail":0,"_joinchat":[],"footnotes":""},"categories":[3,8],"tags":[525],"class_list":["post-948","post","type-post","status-publish","format-standard","has-post-thumbnail","hentry","category-destaques","category-saude-e-beleza","tag-saude-e-beleza"],"acf":[],"yoast_head":"<!-- This site is optimized with the Yoast SEO plugin v27.4 - https:\/\/yoast.com\/product\/yoast-seo-wordpress\/ -->\n<title>Corpo s\u00e3o, mente s\u00e3 - Revista Regional<\/title>\n<meta name=\"robots\" content=\"index, follow, max-snippet:-1, max-image-preview:large, max-video-preview:-1\" \/>\n<link rel=\"canonical\" href=\"https:\/\/revistaregional.com.br\/site\/2011\/04\/05\/corpo-sao-mente-sa\/\" \/>\n<meta property=\"og:locale\" content=\"pt_BR\" \/>\n<meta property=\"og:type\" content=\"article\" \/>\n<meta property=\"og:title\" content=\"Corpo s\u00e3o, mente s\u00e3 - Revista Regional\" \/>\n<meta property=\"og:description\" content=\"O exerc\u00edcio praticado com const\u00e2ncia e prazer pode gerar revolu\u00e7\u00f5es mentais, a come\u00e7ar pela chance de se mudar radicalmente o estilo de vida Dizer que os exerc\u00edcios f\u00edsicos s\u00e3o poderosos instrumentos para o bom funcionamento do corpo n\u00e3o \u00e9 novidade. Eles podem contribuir para a redu\u00e7\u00e3o de colesterol, queima de gorduras e outras mudan\u00e7as positivas. [&hellip;]\" \/>\n<meta property=\"og:url\" content=\"https:\/\/revistaregional.com.br\/site\/2011\/04\/05\/corpo-sao-mente-sa\/\" \/>\n<meta property=\"og:site_name\" content=\"Revista Regional\" \/>\n<meta property=\"article:published_time\" content=\"2011-04-05T15:41:53+00:00\" \/>\n<meta property=\"article:modified_time\" content=\"2024-01-26T12:22:27+00:00\" \/>\n<meta property=\"og:image\" content=\"https:\/\/revistaregional.com.br\/site\/wp-content\/uploads\/2011\/04\/site-saude-corpo-e-mente-saos-800x6003.jpg\" \/>\n\t<meta property=\"og:image:width\" content=\"554\" \/>\n\t<meta property=\"og:image:height\" content=\"346\" \/>\n\t<meta property=\"og:image:type\" content=\"image\/jpeg\" \/>\n<meta name=\"author\" content=\"contato@revistaregional.com.br\" \/>\n<meta name=\"twitter:card\" content=\"summary_large_image\" \/>\n<meta name=\"twitter:label1\" content=\"Escrito por\" \/>\n\t<meta name=\"twitter:data1\" content=\"contato@revistaregional.com.br\" \/>\n\t<meta name=\"twitter:label2\" content=\"Est. tempo de leitura\" \/>\n\t<meta name=\"twitter:data2\" content=\"4 minutos\" \/>\n<script type=\"application\/ld+json\" class=\"yoast-schema-graph\">{\"@context\":\"https:\\\/\\\/schema.org\",\"@graph\":[{\"@type\":\"Article\",\"@id\":\"https:\\\/\\\/revistaregional.com.br\\\/site\\\/2011\\\/04\\\/05\\\/corpo-sao-mente-sa\\\/#article\",\"isPartOf\":{\"@id\":\"https:\\\/\\\/revistaregional.com.br\\\/site\\\/2011\\\/04\\\/05\\\/corpo-sao-mente-sa\\\/\"},\"author\":{\"name\":\"contato@revistaregional.com.br\",\"@id\":\"https:\\\/\\\/revistaregional.com.br\\\/site\\\/#\\\/schema\\\/person\\\/382af97c580dc1b18f55107bc316010d\"},\"headline\":\"Corpo s\u00e3o, mente s\u00e3\",\"datePublished\":\"2011-04-05T15:41:53+00:00\",\"dateModified\":\"2024-01-26T12:22:27+00:00\",\"mainEntityOfPage\":{\"@id\":\"https:\\\/\\\/revistaregional.com.br\\\/site\\\/2011\\\/04\\\/05\\\/corpo-sao-mente-sa\\\/\"},\"wordCount\":854,\"commentCount\":0,\"image\":{\"@id\":\"https:\\\/\\\/revistaregional.com.br\\\/site\\\/2011\\\/04\\\/05\\\/corpo-sao-mente-sa\\\/#primaryimage\"},\"thumbnailUrl\":\"https:\\\/\\\/revistaregional.com.br\\\/site\\\/wp-content\\\/uploads\\\/2011\\\/04\\\/site-saude-corpo-e-mente-saos-800x6003.jpg\",\"keywords\":[\"Sa\u00fade e Beleza\"],\"articleSection\":[\"Destaques\",\"Sa\u00fade e Beleza\"],\"inLanguage\":\"pt-BR\",\"potentialAction\":[{\"@type\":\"CommentAction\",\"name\":\"Comment\",\"target\":[\"https:\\\/\\\/revistaregional.com.br\\\/site\\\/2011\\\/04\\\/05\\\/corpo-sao-mente-sa\\\/#respond\"]}]},{\"@type\":\"WebPage\",\"@id\":\"https:\\\/\\\/revistaregional.com.br\\\/site\\\/2011\\\/04\\\/05\\\/corpo-sao-mente-sa\\\/\",\"url\":\"https:\\\/\\\/revistaregional.com.br\\\/site\\\/2011\\\/04\\\/05\\\/corpo-sao-mente-sa\\\/\",\"name\":\"Corpo s\u00e3o, mente s\u00e3 - Revista Regional\",\"isPartOf\":{\"@id\":\"https:\\\/\\\/revistaregional.com.br\\\/site\\\/#website\"},\"primaryImageOfPage\":{\"@id\":\"https:\\\/\\\/revistaregional.com.br\\\/site\\\/2011\\\/04\\\/05\\\/corpo-sao-mente-sa\\\/#primaryimage\"},\"image\":{\"@id\":\"https:\\\/\\\/revistaregional.com.br\\\/site\\\/2011\\\/04\\\/05\\\/corpo-sao-mente-sa\\\/#primaryimage\"},\"thumbnailUrl\":\"https:\\\/\\\/revistaregional.com.br\\\/site\\\/wp-content\\\/uploads\\\/2011\\\/04\\\/site-saude-corpo-e-mente-saos-800x6003.jpg\",\"datePublished\":\"2011-04-05T15:41:53+00:00\",\"dateModified\":\"2024-01-26T12:22:27+00:00\",\"author\":{\"@id\":\"https:\\\/\\\/revistaregional.com.br\\\/site\\\/#\\\/schema\\\/person\\\/382af97c580dc1b18f55107bc316010d\"},\"breadcrumb\":{\"@id\":\"https:\\\/\\\/revistaregional.com.br\\\/site\\\/2011\\\/04\\\/05\\\/corpo-sao-mente-sa\\\/#breadcrumb\"},\"inLanguage\":\"pt-BR\",\"potentialAction\":[{\"@type\":\"ReadAction\",\"target\":[\"https:\\\/\\\/revistaregional.com.br\\\/site\\\/2011\\\/04\\\/05\\\/corpo-sao-mente-sa\\\/\"]}]},{\"@type\":\"ImageObject\",\"inLanguage\":\"pt-BR\",\"@id\":\"https:\\\/\\\/revistaregional.com.br\\\/site\\\/2011\\\/04\\\/05\\\/corpo-sao-mente-sa\\\/#primaryimage\",\"url\":\"https:\\\/\\\/revistaregional.com.br\\\/site\\\/wp-content\\\/uploads\\\/2011\\\/04\\\/site-saude-corpo-e-mente-saos-800x6003.jpg\",\"contentUrl\":\"https:\\\/\\\/revistaregional.com.br\\\/site\\\/wp-content\\\/uploads\\\/2011\\\/04\\\/site-saude-corpo-e-mente-saos-800x6003.jpg\",\"width\":\"554\",\"height\":\"346\"},{\"@type\":\"BreadcrumbList\",\"@id\":\"https:\\\/\\\/revistaregional.com.br\\\/site\\\/2011\\\/04\\\/05\\\/corpo-sao-mente-sa\\\/#breadcrumb\",\"itemListElement\":[{\"@type\":\"ListItem\",\"position\":1,\"name\":\"In\u00edcio\",\"item\":\"https:\\\/\\\/revistaregional.com.br\\\/site\\\/\"},{\"@type\":\"ListItem\",\"position\":2,\"name\":\"Corpo s\u00e3o, mente s\u00e3\"}]},{\"@type\":\"WebSite\",\"@id\":\"https:\\\/\\\/revistaregional.com.br\\\/site\\\/#website\",\"url\":\"https:\\\/\\\/revistaregional.com.br\\\/site\\\/\",\"name\":\"Revista Regional\",\"description\":\"Salto - Itu - Indaituba\",\"potentialAction\":[{\"@type\":\"SearchAction\",\"target\":{\"@type\":\"EntryPoint\",\"urlTemplate\":\"https:\\\/\\\/revistaregional.com.br\\\/site\\\/?s={search_term_string}\"},\"query-input\":{\"@type\":\"PropertyValueSpecification\",\"valueRequired\":true,\"valueName\":\"search_term_string\"}}],\"inLanguage\":\"pt-BR\"},{\"@type\":\"Person\",\"@id\":\"https:\\\/\\\/revistaregional.com.br\\\/site\\\/#\\\/schema\\\/person\\\/382af97c580dc1b18f55107bc316010d\",\"name\":\"contato@revistaregional.com.br\",\"image\":{\"@type\":\"ImageObject\",\"inLanguage\":\"pt-BR\",\"@id\":\"https:\\\/\\\/secure.gravatar.com\\\/avatar\\\/869822917e96b2e292d5827e4635855396934485e7c4a0af84e9a214e32ca0cd?s=96&d=mm&r=g\",\"url\":\"https:\\\/\\\/secure.gravatar.com\\\/avatar\\\/869822917e96b2e292d5827e4635855396934485e7c4a0af84e9a214e32ca0cd?s=96&d=mm&r=g\",\"contentUrl\":\"https:\\\/\\\/secure.gravatar.com\\\/avatar\\\/869822917e96b2e292d5827e4635855396934485e7c4a0af84e9a214e32ca0cd?s=96&d=mm&r=g\",\"caption\":\"contato@revistaregional.com.br\"},\"url\":\"https:\\\/\\\/revistaregional.com.br\\\/site\\\/author\\\/contato@revistaregional.com.br\\\/\"}]}<\/script>\n<!-- \/ Yoast SEO plugin. -->","yoast_head_json":{"title":"Corpo s\u00e3o, mente s\u00e3 - Revista Regional","robots":{"index":"index","follow":"follow","max-snippet":"max-snippet:-1","max-image-preview":"max-image-preview:large","max-video-preview":"max-video-preview:-1"},"canonical":"https:\/\/revistaregional.com.br\/site\/2011\/04\/05\/corpo-sao-mente-sa\/","og_locale":"pt_BR","og_type":"article","og_title":"Corpo s\u00e3o, mente s\u00e3 - Revista Regional","og_description":"O exerc\u00edcio praticado com const\u00e2ncia e prazer pode gerar revolu\u00e7\u00f5es mentais, a come\u00e7ar pela chance de se mudar radicalmente o estilo de vida Dizer que os exerc\u00edcios f\u00edsicos s\u00e3o poderosos instrumentos para o bom funcionamento do corpo n\u00e3o \u00e9 novidade. Eles podem contribuir para a redu\u00e7\u00e3o de colesterol, queima de gorduras e outras mudan\u00e7as positivas. [&hellip;]","og_url":"https:\/\/revistaregional.com.br\/site\/2011\/04\/05\/corpo-sao-mente-sa\/","og_site_name":"Revista Regional","article_published_time":"2011-04-05T15:41:53+00:00","article_modified_time":"2024-01-26T12:22:27+00:00","og_image":[{"width":554,"height":346,"url":"https:\/\/revistaregional.com.br\/site\/wp-content\/uploads\/2011\/04\/site-saude-corpo-e-mente-saos-800x6003.jpg","type":"image\/jpeg"}],"author":"contato@revistaregional.com.br","twitter_card":"summary_large_image","twitter_misc":{"Escrito por":"contato@revistaregional.com.br","Est. tempo de leitura":"4 minutos"},"schema":{"@context":"https:\/\/schema.org","@graph":[{"@type":"Article","@id":"https:\/\/revistaregional.com.br\/site\/2011\/04\/05\/corpo-sao-mente-sa\/#article","isPartOf":{"@id":"https:\/\/revistaregional.com.br\/site\/2011\/04\/05\/corpo-sao-mente-sa\/"},"author":{"name":"contato@revistaregional.com.br","@id":"https:\/\/revistaregional.com.br\/site\/#\/schema\/person\/382af97c580dc1b18f55107bc316010d"},"headline":"Corpo s\u00e3o, mente s\u00e3","datePublished":"2011-04-05T15:41:53+00:00","dateModified":"2024-01-26T12:22:27+00:00","mainEntityOfPage":{"@id":"https:\/\/revistaregional.com.br\/site\/2011\/04\/05\/corpo-sao-mente-sa\/"},"wordCount":854,"commentCount":0,"image":{"@id":"https:\/\/revistaregional.com.br\/site\/2011\/04\/05\/corpo-sao-mente-sa\/#primaryimage"},"thumbnailUrl":"https:\/\/revistaregional.com.br\/site\/wp-content\/uploads\/2011\/04\/site-saude-corpo-e-mente-saos-800x6003.jpg","keywords":["Sa\u00fade e Beleza"],"articleSection":["Destaques","Sa\u00fade e Beleza"],"inLanguage":"pt-BR","potentialAction":[{"@type":"CommentAction","name":"Comment","target":["https:\/\/revistaregional.com.br\/site\/2011\/04\/05\/corpo-sao-mente-sa\/#respond"]}]},{"@type":"WebPage","@id":"https:\/\/revistaregional.com.br\/site\/2011\/04\/05\/corpo-sao-mente-sa\/","url":"https:\/\/revistaregional.com.br\/site\/2011\/04\/05\/corpo-sao-mente-sa\/","name":"Corpo s\u00e3o, mente s\u00e3 - Revista Regional","isPartOf":{"@id":"https:\/\/revistaregional.com.br\/site\/#website"},"primaryImageOfPage":{"@id":"https:\/\/revistaregional.com.br\/site\/2011\/04\/05\/corpo-sao-mente-sa\/#primaryimage"},"image":{"@id":"https:\/\/revistaregional.com.br\/site\/2011\/04\/05\/corpo-sao-mente-sa\/#primaryimage"},"thumbnailUrl":"https:\/\/revistaregional.com.br\/site\/wp-content\/uploads\/2011\/04\/site-saude-corpo-e-mente-saos-800x6003.jpg","datePublished":"2011-04-05T15:41:53+00:00","dateModified":"2024-01-26T12:22:27+00:00","author":{"@id":"https:\/\/revistaregional.com.br\/site\/#\/schema\/person\/382af97c580dc1b18f55107bc316010d"},"breadcrumb":{"@id":"https:\/\/revistaregional.com.br\/site\/2011\/04\/05\/corpo-sao-mente-sa\/#breadcrumb"},"inLanguage":"pt-BR","potentialAction":[{"@type":"ReadAction","target":["https:\/\/revistaregional.com.br\/site\/2011\/04\/05\/corpo-sao-mente-sa\/"]}]},{"@type":"ImageObject","inLanguage":"pt-BR","@id":"https:\/\/revistaregional.com.br\/site\/2011\/04\/05\/corpo-sao-mente-sa\/#primaryimage","url":"https:\/\/revistaregional.com.br\/site\/wp-content\/uploads\/2011\/04\/site-saude-corpo-e-mente-saos-800x6003.jpg","contentUrl":"https:\/\/revistaregional.com.br\/site\/wp-content\/uploads\/2011\/04\/site-saude-corpo-e-mente-saos-800x6003.jpg","width":"554","height":"346"},{"@type":"BreadcrumbList","@id":"https:\/\/revistaregional.com.br\/site\/2011\/04\/05\/corpo-sao-mente-sa\/#breadcrumb","itemListElement":[{"@type":"ListItem","position":1,"name":"In\u00edcio","item":"https:\/\/revistaregional.com.br\/site\/"},{"@type":"ListItem","position":2,"name":"Corpo s\u00e3o, mente s\u00e3"}]},{"@type":"WebSite","@id":"https:\/\/revistaregional.com.br\/site\/#website","url":"https:\/\/revistaregional.com.br\/site\/","name":"Revista Regional","description":"Salto - Itu - Indaituba","potentialAction":[{"@type":"SearchAction","target":{"@type":"EntryPoint","urlTemplate":"https:\/\/revistaregional.com.br\/site\/?s={search_term_string}"},"query-input":{"@type":"PropertyValueSpecification","valueRequired":true,"valueName":"search_term_string"}}],"inLanguage":"pt-BR"},{"@type":"Person","@id":"https:\/\/revistaregional.com.br\/site\/#\/schema\/person\/382af97c580dc1b18f55107bc316010d","name":"contato@revistaregional.com.br","image":{"@type":"ImageObject","inLanguage":"pt-BR","@id":"https:\/\/secure.gravatar.com\/avatar\/869822917e96b2e292d5827e4635855396934485e7c4a0af84e9a214e32ca0cd?s=96&d=mm&r=g","url":"https:\/\/secure.gravatar.com\/avatar\/869822917e96b2e292d5827e4635855396934485e7c4a0af84e9a214e32ca0cd?s=96&d=mm&r=g","contentUrl":"https:\/\/secure.gravatar.com\/avatar\/869822917e96b2e292d5827e4635855396934485e7c4a0af84e9a214e32ca0cd?s=96&d=mm&r=g","caption":"contato@revistaregional.com.br"},"url":"https:\/\/revistaregional.com.br\/site\/author\/contato@revistaregional.com.br\/"}]}},"views":108,"_links":{"self":[{"href":"https:\/\/revistaregional.com.br\/site\/wp-json\/wp\/v2\/posts\/948","targetHints":{"allow":["GET"]}}],"collection":[{"href":"https:\/\/revistaregional.com.br\/site\/wp-json\/wp\/v2\/posts"}],"about":[{"href":"https:\/\/revistaregional.com.br\/site\/wp-json\/wp\/v2\/types\/post"}],"author":[{"embeddable":true,"href":"https:\/\/revistaregional.com.br\/site\/wp-json\/wp\/v2\/users\/1"}],"replies":[{"embeddable":true,"href":"https:\/\/revistaregional.com.br\/site\/wp-json\/wp\/v2\/comments?post=948"}],"version-history":[{"count":5,"href":"https:\/\/revistaregional.com.br\/site\/wp-json\/wp\/v2\/posts\/948\/revisions"}],"predecessor-version":[{"id":956,"href":"https:\/\/revistaregional.com.br\/site\/wp-json\/wp\/v2\/posts\/948\/revisions\/956"}],"wp:featuredmedia":[{"embeddable":true,"href":"https:\/\/revistaregional.com.br\/site\/wp-json\/wp\/v2\/media\/955"}],"wp:attachment":[{"href":"https:\/\/revistaregional.com.br\/site\/wp-json\/wp\/v2\/media?parent=948"}],"wp:term":[{"taxonomy":"category","embeddable":true,"href":"https:\/\/revistaregional.com.br\/site\/wp-json\/wp\/v2\/categories?post=948"},{"taxonomy":"post_tag","embeddable":true,"href":"https:\/\/revistaregional.com.br\/site\/wp-json\/wp\/v2\/tags?post=948"}],"curies":[{"name":"wp","href":"https:\/\/api.w.org\/{rel}","templated":true}]}}