{"id":9153,"date":"2017-04-13T11:30:43","date_gmt":"2017-04-13T14:30:43","guid":{"rendered":"http:\/\/revistaregional.com.br\/site\/?p=9153"},"modified":"2024-01-26T10:09:59","modified_gmt":"2024-01-26T13:09:59","slug":"plaza-realiza-acelera-saude-e-exposicao","status":"publish","type":"post","link":"https:\/\/revistaregional.com.br\/site\/2017\/04\/13\/plaza-realiza-acelera-saude-e-exposicao\/","title":{"rendered":"Plaza realiza \u2018Acelera Sa\u00fade\u2019 e exposi\u00e7\u00e3o"},"content":{"rendered":"<figure id=\"attachment_9154\" aria-describedby=\"caption-attachment-9154\" style=\"width: 359px\" class=\"wp-caption aligncenter\"><img fetchpriority=\"high\" decoding=\"async\" class=\"wp-image-9154 \" src=\"http:\/\/revistaregional.com.br\/site\/wp-content\/uploads\/2017\/04\/plaza-300x200.jpg\" alt=\"\" width=\"359\" height=\"239\"><figcaption id=\"caption-attachment-9154\" class=\"wp-caption-text\">O Plaza promoveu tamb\u00e9m uma exposi\u00e7\u00e3o de carros antigos<\/figcaption><\/figure>\n<p>Em comemora\u00e7\u00e3o ao Dia Mundial da Sa\u00fade, o Plaza Shopping Itu promoveu no \u00faltimo dia 09 de abril, o \u201cAcelera Sa\u00fade\u201d. Durante a manh\u00e3 do evento, milhares de pessoas passaram pelo estacionamento do Plaza onde puderam realizar testes de glicemia, aferir a press\u00e3o arterial, receber dicas de nutri\u00e7\u00e3o e preven\u00e7\u00e3o de doen\u00e7as e, os homens puderam fazer o exame PSA, que auxilia a identificar c\u00e2ncer de pr\u00f3stata. Al\u00e9m de fornecer informa\u00e7\u00f5es de sa\u00fade \u00e0 popula\u00e7\u00e3o, o&nbsp; \u201cAcelera Sa\u00fade\u201d tamb\u00e9m contou com uma exposi\u00e7\u00e3o de carros antigos, que atraiu colecionadores de toda regi\u00e3o. Foram mais de 150 modelos, entre motos, carros, caminh\u00f5es, utilit\u00e1rios e 4&#215;4.&nbsp;O Ex\u00e9rcito Brasileiro tamb\u00e9m marcou presen\u00e7a no evento com ve\u00edculos oficiais e exemplares da Artilharia do Regimento Deodoro, chamando a aten\u00e7\u00e3o do p\u00fablico presente. O \u201cAcelera Sa\u00fade\u201d tamb\u00e9m integra a programa\u00e7\u00e3o do anivers\u00e1rio de 17 anos do Plaza Shopping Itu, que segue at\u00e9 o final do m\u00eas de abril.&nbsp;O evento foi realizado em parceria com a cl\u00ednica Onco.<\/p>\n<p class=\"x_MsoNormal\"><em>&nbsp;foto: Divulga\u00e7\u00e3o<\/em><\/p>\n","protected":false},"excerpt":{"rendered":"<p>Em comemora\u00e7\u00e3o ao Dia Mundial da Sa\u00fade, o Plaza Shopping Itu promoveu no \u00faltimo dia 09 de abril, o \u201cAcelera Sa\u00fade\u201d. Durante a manh\u00e3 do evento, milhares de pessoas passaram pelo estacionamento do Plaza onde puderam realizar testes de glicemia, aferir a press\u00e3o arterial, receber dicas de nutri\u00e7\u00e3o e preven\u00e7\u00e3o de doen\u00e7as e, os homens [&hellip;]<\/p>\n","protected":false},"author":1,"featured_media":11467,"comment_status":"open","ping_status":"open","sticky":false,"template":"","format":"standard","meta":{"_acf_changed":false,"ngg_post_thumbnail":0,"_joinchat":[],"footnotes":""},"categories":[12],"tags":[527],"class_list":["post-9153","post","type-post","status-publish","format-standard","has-post-thumbnail","hentry","category-regionais","tag-regionais"],"acf":[],"yoast_head":"<!-- This site is optimized with the Yoast SEO plugin v27.4 - https:\/\/yoast.com\/product\/yoast-seo-wordpress\/ -->\n<title>Plaza realiza \u2018Acelera Sa\u00fade\u2019 e exposi\u00e7\u00e3o - Revista Regional<\/title>\n<meta name=\"robots\" content=\"index, follow, max-snippet:-1, max-image-preview:large, max-video-preview:-1\" \/>\n<link rel=\"canonical\" href=\"https:\/\/revistaregional.com.br\/site\/2017\/04\/13\/plaza-realiza-acelera-saude-e-exposicao\/\" \/>\n<meta property=\"og:locale\" content=\"pt_BR\" \/>\n<meta property=\"og:type\" content=\"article\" \/>\n<meta property=\"og:title\" content=\"Plaza realiza \u2018Acelera Sa\u00fade\u2019 e exposi\u00e7\u00e3o - Revista Regional\" \/>\n<meta property=\"og:description\" content=\"Em comemora\u00e7\u00e3o ao Dia Mundial da Sa\u00fade, o Plaza Shopping Itu promoveu no \u00faltimo dia 09 de abril, o \u201cAcelera Sa\u00fade\u201d. Durante a manh\u00e3 do evento, milhares de pessoas passaram pelo estacionamento do Plaza onde puderam realizar testes de glicemia, aferir a press\u00e3o arterial, receber dicas de nutri\u00e7\u00e3o e preven\u00e7\u00e3o de doen\u00e7as e, os homens [&hellip;]\" \/>\n<meta property=\"og:url\" content=\"https:\/\/revistaregional.com.br\/site\/2017\/04\/13\/plaza-realiza-acelera-saude-e-exposicao\/\" \/>\n<meta property=\"og:site_name\" content=\"Revista Regional\" \/>\n<meta property=\"article:published_time\" content=\"2017-04-13T14:30:43+00:00\" \/>\n<meta property=\"article:modified_time\" content=\"2024-01-26T13:09:59+00:00\" \/>\n<meta property=\"og:image\" content=\"https:\/\/revistaregional.com.br\/site\/wp-content\/uploads\/2017\/05\/plaza_acelera_saude.jpg\" \/>\n\t<meta property=\"og:image:width\" content=\"160\" \/>\n\t<meta property=\"og:image:height\" content=\"150\" \/>\n\t<meta property=\"og:image:type\" content=\"image\/jpeg\" \/>\n<meta name=\"author\" content=\"contato@revistaregional.com.br\" \/>\n<meta name=\"twitter:card\" content=\"summary_large_image\" \/>\n<meta name=\"twitter:label1\" content=\"Escrito por\" \/>\n\t<meta name=\"twitter:data1\" content=\"contato@revistaregional.com.br\" \/>\n\t<meta name=\"twitter:label2\" content=\"Est. tempo de leitura\" \/>\n\t<meta name=\"twitter:data2\" content=\"1 minuto\" \/>\n<script type=\"application\/ld+json\" class=\"yoast-schema-graph\">{\"@context\":\"https:\\\/\\\/schema.org\",\"@graph\":[{\"@type\":\"Article\",\"@id\":\"https:\\\/\\\/revistaregional.com.br\\\/site\\\/2017\\\/04\\\/13\\\/plaza-realiza-acelera-saude-e-exposicao\\\/#article\",\"isPartOf\":{\"@id\":\"https:\\\/\\\/revistaregional.com.br\\\/site\\\/2017\\\/04\\\/13\\\/plaza-realiza-acelera-saude-e-exposicao\\\/\"},\"author\":{\"name\":\"contato@revistaregional.com.br\",\"@id\":\"https:\\\/\\\/revistaregional.com.br\\\/site\\\/#\\\/schema\\\/person\\\/382af97c580dc1b18f55107bc316010d\"},\"headline\":\"Plaza realiza \u2018Acelera Sa\u00fade\u2019 e exposi\u00e7\u00e3o\",\"datePublished\":\"2017-04-13T14:30:43+00:00\",\"dateModified\":\"2024-01-26T13:09:59+00:00\",\"mainEntityOfPage\":{\"@id\":\"https:\\\/\\\/revistaregional.com.br\\\/site\\\/2017\\\/04\\\/13\\\/plaza-realiza-acelera-saude-e-exposicao\\\/\"},\"wordCount\":223,\"commentCount\":0,\"image\":{\"@id\":\"https:\\\/\\\/revistaregional.com.br\\\/site\\\/2017\\\/04\\\/13\\\/plaza-realiza-acelera-saude-e-exposicao\\\/#primaryimage\"},\"thumbnailUrl\":\"https:\\\/\\\/revistaregional.com.br\\\/site\\\/wp-content\\\/uploads\\\/2017\\\/05\\\/plaza_acelera_saude.jpg\",\"keywords\":[\"Regionais\"],\"articleSection\":[\"Regionais\"],\"inLanguage\":\"pt-BR\",\"potentialAction\":[{\"@type\":\"CommentAction\",\"name\":\"Comment\",\"target\":[\"https:\\\/\\\/revistaregional.com.br\\\/site\\\/2017\\\/04\\\/13\\\/plaza-realiza-acelera-saude-e-exposicao\\\/#respond\"]}]},{\"@type\":\"WebPage\",\"@id\":\"https:\\\/\\\/revistaregional.com.br\\\/site\\\/2017\\\/04\\\/13\\\/plaza-realiza-acelera-saude-e-exposicao\\\/\",\"url\":\"https:\\\/\\\/revistaregional.com.br\\\/site\\\/2017\\\/04\\\/13\\\/plaza-realiza-acelera-saude-e-exposicao\\\/\",\"name\":\"Plaza realiza \u2018Acelera Sa\u00fade\u2019 e exposi\u00e7\u00e3o - Revista Regional\",\"isPartOf\":{\"@id\":\"https:\\\/\\\/revistaregional.com.br\\\/site\\\/#website\"},\"primaryImageOfPage\":{\"@id\":\"https:\\\/\\\/revistaregional.com.br\\\/site\\\/2017\\\/04\\\/13\\\/plaza-realiza-acelera-saude-e-exposicao\\\/#primaryimage\"},\"image\":{\"@id\":\"https:\\\/\\\/revistaregional.com.br\\\/site\\\/2017\\\/04\\\/13\\\/plaza-realiza-acelera-saude-e-exposicao\\\/#primaryimage\"},\"thumbnailUrl\":\"https:\\\/\\\/revistaregional.com.br\\\/site\\\/wp-content\\\/uploads\\\/2017\\\/05\\\/plaza_acelera_saude.jpg\",\"datePublished\":\"2017-04-13T14:30:43+00:00\",\"dateModified\":\"2024-01-26T13:09:59+00:00\",\"author\":{\"@id\":\"https:\\\/\\\/revistaregional.com.br\\\/site\\\/#\\\/schema\\\/person\\\/382af97c580dc1b18f55107bc316010d\"},\"breadcrumb\":{\"@id\":\"https:\\\/\\\/revistaregional.com.br\\\/site\\\/2017\\\/04\\\/13\\\/plaza-realiza-acelera-saude-e-exposicao\\\/#breadcrumb\"},\"inLanguage\":\"pt-BR\",\"potentialAction\":[{\"@type\":\"ReadAction\",\"target\":[\"https:\\\/\\\/revistaregional.com.br\\\/site\\\/2017\\\/04\\\/13\\\/plaza-realiza-acelera-saude-e-exposicao\\\/\"]}]},{\"@type\":\"ImageObject\",\"inLanguage\":\"pt-BR\",\"@id\":\"https:\\\/\\\/revistaregional.com.br\\\/site\\\/2017\\\/04\\\/13\\\/plaza-realiza-acelera-saude-e-exposicao\\\/#primaryimage\",\"url\":\"https:\\\/\\\/revistaregional.com.br\\\/site\\\/wp-content\\\/uploads\\\/2017\\\/05\\\/plaza_acelera_saude.jpg\",\"contentUrl\":\"https:\\\/\\\/revistaregional.com.br\\\/site\\\/wp-content\\\/uploads\\\/2017\\\/05\\\/plaza_acelera_saude.jpg\",\"width\":160,\"height\":150},{\"@type\":\"BreadcrumbList\",\"@id\":\"https:\\\/\\\/revistaregional.com.br\\\/site\\\/2017\\\/04\\\/13\\\/plaza-realiza-acelera-saude-e-exposicao\\\/#breadcrumb\",\"itemListElement\":[{\"@type\":\"ListItem\",\"position\":1,\"name\":\"In\u00edcio\",\"item\":\"https:\\\/\\\/revistaregional.com.br\\\/site\\\/\"},{\"@type\":\"ListItem\",\"position\":2,\"name\":\"Plaza realiza \u2018Acelera Sa\u00fade\u2019 e exposi\u00e7\u00e3o\"}]},{\"@type\":\"WebSite\",\"@id\":\"https:\\\/\\\/revistaregional.com.br\\\/site\\\/#website\",\"url\":\"https:\\\/\\\/revistaregional.com.br\\\/site\\\/\",\"name\":\"Revista Regional\",\"description\":\"Salto - Itu - Indaituba\",\"potentialAction\":[{\"@type\":\"SearchAction\",\"target\":{\"@type\":\"EntryPoint\",\"urlTemplate\":\"https:\\\/\\\/revistaregional.com.br\\\/site\\\/?s={search_term_string}\"},\"query-input\":{\"@type\":\"PropertyValueSpecification\",\"valueRequired\":true,\"valueName\":\"search_term_string\"}}],\"inLanguage\":\"pt-BR\"},{\"@type\":\"Person\",\"@id\":\"https:\\\/\\\/revistaregional.com.br\\\/site\\\/#\\\/schema\\\/person\\\/382af97c580dc1b18f55107bc316010d\",\"name\":\"contato@revistaregional.com.br\",\"image\":{\"@type\":\"ImageObject\",\"inLanguage\":\"pt-BR\",\"@id\":\"https:\\\/\\\/secure.gravatar.com\\\/avatar\\\/869822917e96b2e292d5827e4635855396934485e7c4a0af84e9a214e32ca0cd?s=96&d=mm&r=g\",\"url\":\"https:\\\/\\\/secure.gravatar.com\\\/avatar\\\/869822917e96b2e292d5827e4635855396934485e7c4a0af84e9a214e32ca0cd?s=96&d=mm&r=g\",\"contentUrl\":\"https:\\\/\\\/secure.gravatar.com\\\/avatar\\\/869822917e96b2e292d5827e4635855396934485e7c4a0af84e9a214e32ca0cd?s=96&d=mm&r=g\",\"caption\":\"contato@revistaregional.com.br\"},\"url\":\"https:\\\/\\\/revistaregional.com.br\\\/site\\\/author\\\/contato@revistaregional.com.br\\\/\"}]}<\/script>\n<!-- \/ Yoast SEO plugin. -->","yoast_head_json":{"title":"Plaza realiza \u2018Acelera Sa\u00fade\u2019 e exposi\u00e7\u00e3o - Revista Regional","robots":{"index":"index","follow":"follow","max-snippet":"max-snippet:-1","max-image-preview":"max-image-preview:large","max-video-preview":"max-video-preview:-1"},"canonical":"https:\/\/revistaregional.com.br\/site\/2017\/04\/13\/plaza-realiza-acelera-saude-e-exposicao\/","og_locale":"pt_BR","og_type":"article","og_title":"Plaza realiza \u2018Acelera Sa\u00fade\u2019 e exposi\u00e7\u00e3o - Revista Regional","og_description":"Em comemora\u00e7\u00e3o ao Dia Mundial da Sa\u00fade, o Plaza Shopping Itu promoveu no \u00faltimo dia 09 de abril, o \u201cAcelera Sa\u00fade\u201d. Durante a manh\u00e3 do evento, milhares de pessoas passaram pelo estacionamento do Plaza onde puderam realizar testes de glicemia, aferir a press\u00e3o arterial, receber dicas de nutri\u00e7\u00e3o e preven\u00e7\u00e3o de doen\u00e7as e, os homens [&hellip;]","og_url":"https:\/\/revistaregional.com.br\/site\/2017\/04\/13\/plaza-realiza-acelera-saude-e-exposicao\/","og_site_name":"Revista Regional","article_published_time":"2017-04-13T14:30:43+00:00","article_modified_time":"2024-01-26T13:09:59+00:00","og_image":[{"width":160,"height":150,"url":"https:\/\/revistaregional.com.br\/site\/wp-content\/uploads\/2017\/05\/plaza_acelera_saude.jpg","type":"image\/jpeg"}],"author":"contato@revistaregional.com.br","twitter_card":"summary_large_image","twitter_misc":{"Escrito por":"contato@revistaregional.com.br","Est. tempo de leitura":"1 minuto"},"schema":{"@context":"https:\/\/schema.org","@graph":[{"@type":"Article","@id":"https:\/\/revistaregional.com.br\/site\/2017\/04\/13\/plaza-realiza-acelera-saude-e-exposicao\/#article","isPartOf":{"@id":"https:\/\/revistaregional.com.br\/site\/2017\/04\/13\/plaza-realiza-acelera-saude-e-exposicao\/"},"author":{"name":"contato@revistaregional.com.br","@id":"https:\/\/revistaregional.com.br\/site\/#\/schema\/person\/382af97c580dc1b18f55107bc316010d"},"headline":"Plaza realiza \u2018Acelera Sa\u00fade\u2019 e exposi\u00e7\u00e3o","datePublished":"2017-04-13T14:30:43+00:00","dateModified":"2024-01-26T13:09:59+00:00","mainEntityOfPage":{"@id":"https:\/\/revistaregional.com.br\/site\/2017\/04\/13\/plaza-realiza-acelera-saude-e-exposicao\/"},"wordCount":223,"commentCount":0,"image":{"@id":"https:\/\/revistaregional.com.br\/site\/2017\/04\/13\/plaza-realiza-acelera-saude-e-exposicao\/#primaryimage"},"thumbnailUrl":"https:\/\/revistaregional.com.br\/site\/wp-content\/uploads\/2017\/05\/plaza_acelera_saude.jpg","keywords":["Regionais"],"articleSection":["Regionais"],"inLanguage":"pt-BR","potentialAction":[{"@type":"CommentAction","name":"Comment","target":["https:\/\/revistaregional.com.br\/site\/2017\/04\/13\/plaza-realiza-acelera-saude-e-exposicao\/#respond"]}]},{"@type":"WebPage","@id":"https:\/\/revistaregional.com.br\/site\/2017\/04\/13\/plaza-realiza-acelera-saude-e-exposicao\/","url":"https:\/\/revistaregional.com.br\/site\/2017\/04\/13\/plaza-realiza-acelera-saude-e-exposicao\/","name":"Plaza realiza \u2018Acelera Sa\u00fade\u2019 e exposi\u00e7\u00e3o - Revista Regional","isPartOf":{"@id":"https:\/\/revistaregional.com.br\/site\/#website"},"primaryImageOfPage":{"@id":"https:\/\/revistaregional.com.br\/site\/2017\/04\/13\/plaza-realiza-acelera-saude-e-exposicao\/#primaryimage"},"image":{"@id":"https:\/\/revistaregional.com.br\/site\/2017\/04\/13\/plaza-realiza-acelera-saude-e-exposicao\/#primaryimage"},"thumbnailUrl":"https:\/\/revistaregional.com.br\/site\/wp-content\/uploads\/2017\/05\/plaza_acelera_saude.jpg","datePublished":"2017-04-13T14:30:43+00:00","dateModified":"2024-01-26T13:09:59+00:00","author":{"@id":"https:\/\/revistaregional.com.br\/site\/#\/schema\/person\/382af97c580dc1b18f55107bc316010d"},"breadcrumb":{"@id":"https:\/\/revistaregional.com.br\/site\/2017\/04\/13\/plaza-realiza-acelera-saude-e-exposicao\/#breadcrumb"},"inLanguage":"pt-BR","potentialAction":[{"@type":"ReadAction","target":["https:\/\/revistaregional.com.br\/site\/2017\/04\/13\/plaza-realiza-acelera-saude-e-exposicao\/"]}]},{"@type":"ImageObject","inLanguage":"pt-BR","@id":"https:\/\/revistaregional.com.br\/site\/2017\/04\/13\/plaza-realiza-acelera-saude-e-exposicao\/#primaryimage","url":"https:\/\/revistaregional.com.br\/site\/wp-content\/uploads\/2017\/05\/plaza_acelera_saude.jpg","contentUrl":"https:\/\/revistaregional.com.br\/site\/wp-content\/uploads\/2017\/05\/plaza_acelera_saude.jpg","width":160,"height":150},{"@type":"BreadcrumbList","@id":"https:\/\/revistaregional.com.br\/site\/2017\/04\/13\/plaza-realiza-acelera-saude-e-exposicao\/#breadcrumb","itemListElement":[{"@type":"ListItem","position":1,"name":"In\u00edcio","item":"https:\/\/revistaregional.com.br\/site\/"},{"@type":"ListItem","position":2,"name":"Plaza realiza \u2018Acelera Sa\u00fade\u2019 e exposi\u00e7\u00e3o"}]},{"@type":"WebSite","@id":"https:\/\/revistaregional.com.br\/site\/#website","url":"https:\/\/revistaregional.com.br\/site\/","name":"Revista Regional","description":"Salto - Itu - Indaituba","potentialAction":[{"@type":"SearchAction","target":{"@type":"EntryPoint","urlTemplate":"https:\/\/revistaregional.com.br\/site\/?s={search_term_string}"},"query-input":{"@type":"PropertyValueSpecification","valueRequired":true,"valueName":"search_term_string"}}],"inLanguage":"pt-BR"},{"@type":"Person","@id":"https:\/\/revistaregional.com.br\/site\/#\/schema\/person\/382af97c580dc1b18f55107bc316010d","name":"contato@revistaregional.com.br","image":{"@type":"ImageObject","inLanguage":"pt-BR","@id":"https:\/\/secure.gravatar.com\/avatar\/869822917e96b2e292d5827e4635855396934485e7c4a0af84e9a214e32ca0cd?s=96&d=mm&r=g","url":"https:\/\/secure.gravatar.com\/avatar\/869822917e96b2e292d5827e4635855396934485e7c4a0af84e9a214e32ca0cd?s=96&d=mm&r=g","contentUrl":"https:\/\/secure.gravatar.com\/avatar\/869822917e96b2e292d5827e4635855396934485e7c4a0af84e9a214e32ca0cd?s=96&d=mm&r=g","caption":"contato@revistaregional.com.br"},"url":"https:\/\/revistaregional.com.br\/site\/author\/contato@revistaregional.com.br\/"}]}},"views":68,"_links":{"self":[{"href":"https:\/\/revistaregional.com.br\/site\/wp-json\/wp\/v2\/posts\/9153","targetHints":{"allow":["GET"]}}],"collection":[{"href":"https:\/\/revistaregional.com.br\/site\/wp-json\/wp\/v2\/posts"}],"about":[{"href":"https:\/\/revistaregional.com.br\/site\/wp-json\/wp\/v2\/types\/post"}],"author":[{"embeddable":true,"href":"https:\/\/revistaregional.com.br\/site\/wp-json\/wp\/v2\/users\/1"}],"replies":[{"embeddable":true,"href":"https:\/\/revistaregional.com.br\/site\/wp-json\/wp\/v2\/comments?post=9153"}],"version-history":[{"count":1,"href":"https:\/\/revistaregional.com.br\/site\/wp-json\/wp\/v2\/posts\/9153\/revisions"}],"predecessor-version":[{"id":11474,"href":"https:\/\/revistaregional.com.br\/site\/wp-json\/wp\/v2\/posts\/9153\/revisions\/11474"}],"wp:featuredmedia":[{"embeddable":true,"href":"https:\/\/revistaregional.com.br\/site\/wp-json\/wp\/v2\/media\/11467"}],"wp:attachment":[{"href":"https:\/\/revistaregional.com.br\/site\/wp-json\/wp\/v2\/media?parent=9153"}],"wp:term":[{"taxonomy":"category","embeddable":true,"href":"https:\/\/revistaregional.com.br\/site\/wp-json\/wp\/v2\/categories?post=9153"},{"taxonomy":"post_tag","embeddable":true,"href":"https:\/\/revistaregional.com.br\/site\/wp-json\/wp\/v2\/tags?post=9153"}],"curies":[{"name":"wp","href":"https:\/\/api.w.org\/{rel}","templated":true}]}}