{"id":9143,"date":"2017-04-13T11:13:37","date_gmt":"2017-04-13T14:13:37","guid":{"rendered":"http:\/\/revistaregional.com.br\/site\/?p=9143"},"modified":"2024-01-26T10:10:00","modified_gmt":"2024-01-26T13:10:00","slug":"alunos-do-almeida-jr-em-acao-solidaria","status":"publish","type":"post","link":"https:\/\/revistaregional.com.br\/site\/2017\/04\/13\/alunos-do-almeida-jr-em-acao-solidaria\/","title":{"rendered":"Alunos do \u2018Almeida Jr\u2019 em a\u00e7\u00e3o solid\u00e1ria"},"content":{"rendered":"<figure id=\"attachment_9144\" aria-describedby=\"caption-attachment-9144\" style=\"width: 300px\" class=\"wp-caption aligncenter\"><img fetchpriority=\"high\" decoding=\"async\" class=\"size-medium wp-image-9144\" src=\"http:\/\/revistaregional.com.br\/site\/wp-content\/uploads\/2017\/04\/colegio-almeida-junior-pascoa-300x169.jpg\" alt=\"\" width=\"300\" height=\"169\"><figcaption id=\"caption-attachment-9144\" class=\"wp-caption-text\">Alunos do \u2018Almeida Junior\u2019 durante a entrega dos chocolates<\/figcaption><\/figure>\n<p class=\"x_MsoNormal\">V\u00e1rias entidades de Itu, que atendem crian\u00e7as e idosos, receberam chocolates dos alunos do Col\u00e9gio Almeida J\u00fanior. Esses chocolates foram arrecadados em a\u00e7\u00f5es da Campanha Solid\u00e1ria de P\u00e1scoa, em que foram&nbsp; desenvolvidas v\u00e1rias atividades com os ensinos Infantil, Fundamental I e II. As entidades beneficiadas foram: Creche Municipal Lucila Zaparolli Valente de Almeida, Cras (Centro de Refer\u00eancia de Assist\u00eancia Social) Pipa, Centro de Conviv\u00eancia Dia para Idoso \u201cAgenor Bernardini\u201d, Apae, Albergue Noturno de Itu e o Centro de Apoio \u00e0 Crian\u00e7a e ao Adolescente (Ceaca).<\/p>\n<p class=\"x_MsoNormal\">Os alunos do Ensino Fundamental II realizaram a campanha \u201cSua moedinha pode valer muito\u201d, onde foram incentivados a contribuir com a Campanha de P\u00e1scoa doando moedas que muitas vezes recebemos de troco e acabam esquecidas nos bolsos e carteiras. A campanha integrou a\u00e7\u00f5es envolvendo trabalhos realizados em sala de aula dentro da disciplina de matem\u00e1tica financeira com o objetivo de aprender a administrar o or\u00e7amento pessoal com responsabilidade e determina\u00e7\u00e3o, fazendo parte da corrente do bem em a\u00e7\u00f5es que envolvem solidariedade e esp\u00edrito de equipe. Com o dinheiro arrecadado, os alunos foram ao supermercado realizar a compra de chocolate. Al\u00e9m disso, tamb\u00e9m confeccionaram fantoches e que foram entregues para as 80 crian\u00e7as da Creche Municipal Lucila Zaparolli Valente de Almeida.<\/p>\n<p class=\"x_MsoNormal\">Al\u00e9m das atividades em sala de aula, os alunos do Ensino Fundamental I arrecadaram chocolates para doa\u00e7\u00e3o e tamb\u00e9m produziram as embalagens, com pinturas. Dentro das atividades em sala de aula foi trabalhado valores como doa\u00e7\u00e3o e gratid\u00e3o. E cada fam\u00edlia desse segmento ser\u00e1 presenteada com o \u201cPotinho da Gratid\u00e3o\u201d, permitindo que o aluno leve para casa os ensinamentos de sala de aula. Os alunos do Ensino Infantil trabalharam a Cesta da Partilha, em que cada turma preparou uma guloseima para ser dividida entre todos. Ao final aconteceu um lanche coletivo para comemorar a data. Durante algumas entregas de chocolates, os alunos que fazem parte do grupo \u201cContadores de Estrelas\u201d tamb\u00e9m estiveram participando, contando hist\u00f3rias e alegrando a todos.<\/p>\n<p class=\"x_MsoNormal\"><em>foto: Divulga\u00e7\u00e3o<\/em><\/p>\n","protected":false},"excerpt":{"rendered":"<p>V\u00e1rias entidades de Itu, que atendem crian\u00e7as e idosos, receberam chocolates dos alunos do Col\u00e9gio Almeida J\u00fanior. Esses chocolates foram arrecadados em a\u00e7\u00f5es da Campanha Solid\u00e1ria de P\u00e1scoa, em que foram&nbsp; desenvolvidas v\u00e1rias atividades com os ensinos Infantil, Fundamental I e II. As entidades beneficiadas foram: Creche Municipal Lucila Zaparolli Valente de Almeida, Cras (Centro [&hellip;]<\/p>\n","protected":false},"author":1,"featured_media":11463,"comment_status":"open","ping_status":"open","sticky":false,"template":"","format":"standard","meta":{"_acf_changed":false,"ngg_post_thumbnail":0,"_joinchat":[],"footnotes":""},"categories":[12],"tags":[527],"class_list":["post-9143","post","type-post","status-publish","format-standard","has-post-thumbnail","hentry","category-regionais","tag-regionais"],"acf":[],"yoast_head":"<!-- This site is optimized with the Yoast SEO plugin v27.4 - https:\/\/yoast.com\/product\/yoast-seo-wordpress\/ -->\n<title>Alunos do \u2018Almeida Jr\u2019 em a\u00e7\u00e3o solid\u00e1ria - Revista Regional<\/title>\n<meta name=\"robots\" content=\"index, follow, max-snippet:-1, max-image-preview:large, max-video-preview:-1\" \/>\n<link rel=\"canonical\" href=\"https:\/\/revistaregional.com.br\/site\/2017\/04\/13\/alunos-do-almeida-jr-em-acao-solidaria\/\" \/>\n<meta property=\"og:locale\" content=\"pt_BR\" \/>\n<meta property=\"og:type\" content=\"article\" \/>\n<meta property=\"og:title\" content=\"Alunos do \u2018Almeida Jr\u2019 em a\u00e7\u00e3o solid\u00e1ria - Revista Regional\" \/>\n<meta property=\"og:description\" content=\"V\u00e1rias entidades de Itu, que atendem crian\u00e7as e idosos, receberam chocolates dos alunos do Col\u00e9gio Almeida J\u00fanior. Esses chocolates foram arrecadados em a\u00e7\u00f5es da Campanha Solid\u00e1ria de P\u00e1scoa, em que foram&nbsp; desenvolvidas v\u00e1rias atividades com os ensinos Infantil, Fundamental I e II. As entidades beneficiadas foram: Creche Municipal Lucila Zaparolli Valente de Almeida, Cras (Centro [&hellip;]\" \/>\n<meta property=\"og:url\" content=\"https:\/\/revistaregional.com.br\/site\/2017\/04\/13\/alunos-do-almeida-jr-em-acao-solidaria\/\" \/>\n<meta property=\"og:site_name\" content=\"Revista Regional\" \/>\n<meta property=\"article:published_time\" content=\"2017-04-13T14:13:37+00:00\" \/>\n<meta property=\"article:modified_time\" content=\"2024-01-26T13:10:00+00:00\" \/>\n<meta property=\"og:image\" content=\"https:\/\/revistaregional.com.br\/site\/wp-content\/uploads\/2017\/05\/alunos_almeida_junior.jpg\" \/>\n\t<meta property=\"og:image:width\" content=\"160\" \/>\n\t<meta property=\"og:image:height\" content=\"150\" \/>\n\t<meta property=\"og:image:type\" content=\"image\/jpeg\" \/>\n<meta name=\"author\" content=\"contato@revistaregional.com.br\" \/>\n<meta name=\"twitter:card\" content=\"summary_large_image\" \/>\n<meta name=\"twitter:label1\" content=\"Escrito por\" \/>\n\t<meta name=\"twitter:data1\" content=\"contato@revistaregional.com.br\" \/>\n\t<meta name=\"twitter:label2\" content=\"Est. tempo de leitura\" \/>\n\t<meta name=\"twitter:data2\" content=\"2 minutos\" \/>\n<script type=\"application\/ld+json\" class=\"yoast-schema-graph\">{\"@context\":\"https:\\\/\\\/schema.org\",\"@graph\":[{\"@type\":\"Article\",\"@id\":\"https:\\\/\\\/revistaregional.com.br\\\/site\\\/2017\\\/04\\\/13\\\/alunos-do-almeida-jr-em-acao-solidaria\\\/#article\",\"isPartOf\":{\"@id\":\"https:\\\/\\\/revistaregional.com.br\\\/site\\\/2017\\\/04\\\/13\\\/alunos-do-almeida-jr-em-acao-solidaria\\\/\"},\"author\":{\"name\":\"contato@revistaregional.com.br\",\"@id\":\"https:\\\/\\\/revistaregional.com.br\\\/site\\\/#\\\/schema\\\/person\\\/382af97c580dc1b18f55107bc316010d\"},\"headline\":\"Alunos do \u2018Almeida Jr\u2019 em a\u00e7\u00e3o solid\u00e1ria\",\"datePublished\":\"2017-04-13T14:13:37+00:00\",\"dateModified\":\"2024-01-26T13:10:00+00:00\",\"mainEntityOfPage\":{\"@id\":\"https:\\\/\\\/revistaregional.com.br\\\/site\\\/2017\\\/04\\\/13\\\/alunos-do-almeida-jr-em-acao-solidaria\\\/\"},\"wordCount\":382,\"commentCount\":0,\"image\":{\"@id\":\"https:\\\/\\\/revistaregional.com.br\\\/site\\\/2017\\\/04\\\/13\\\/alunos-do-almeida-jr-em-acao-solidaria\\\/#primaryimage\"},\"thumbnailUrl\":\"https:\\\/\\\/revistaregional.com.br\\\/site\\\/wp-content\\\/uploads\\\/2017\\\/05\\\/alunos_almeida_junior.jpg\",\"keywords\":[\"Regionais\"],\"articleSection\":[\"Regionais\"],\"inLanguage\":\"pt-BR\",\"potentialAction\":[{\"@type\":\"CommentAction\",\"name\":\"Comment\",\"target\":[\"https:\\\/\\\/revistaregional.com.br\\\/site\\\/2017\\\/04\\\/13\\\/alunos-do-almeida-jr-em-acao-solidaria\\\/#respond\"]}]},{\"@type\":\"WebPage\",\"@id\":\"https:\\\/\\\/revistaregional.com.br\\\/site\\\/2017\\\/04\\\/13\\\/alunos-do-almeida-jr-em-acao-solidaria\\\/\",\"url\":\"https:\\\/\\\/revistaregional.com.br\\\/site\\\/2017\\\/04\\\/13\\\/alunos-do-almeida-jr-em-acao-solidaria\\\/\",\"name\":\"Alunos do \u2018Almeida Jr\u2019 em a\u00e7\u00e3o solid\u00e1ria - Revista Regional\",\"isPartOf\":{\"@id\":\"https:\\\/\\\/revistaregional.com.br\\\/site\\\/#website\"},\"primaryImageOfPage\":{\"@id\":\"https:\\\/\\\/revistaregional.com.br\\\/site\\\/2017\\\/04\\\/13\\\/alunos-do-almeida-jr-em-acao-solidaria\\\/#primaryimage\"},\"image\":{\"@id\":\"https:\\\/\\\/revistaregional.com.br\\\/site\\\/2017\\\/04\\\/13\\\/alunos-do-almeida-jr-em-acao-solidaria\\\/#primaryimage\"},\"thumbnailUrl\":\"https:\\\/\\\/revistaregional.com.br\\\/site\\\/wp-content\\\/uploads\\\/2017\\\/05\\\/alunos_almeida_junior.jpg\",\"datePublished\":\"2017-04-13T14:13:37+00:00\",\"dateModified\":\"2024-01-26T13:10:00+00:00\",\"author\":{\"@id\":\"https:\\\/\\\/revistaregional.com.br\\\/site\\\/#\\\/schema\\\/person\\\/382af97c580dc1b18f55107bc316010d\"},\"breadcrumb\":{\"@id\":\"https:\\\/\\\/revistaregional.com.br\\\/site\\\/2017\\\/04\\\/13\\\/alunos-do-almeida-jr-em-acao-solidaria\\\/#breadcrumb\"},\"inLanguage\":\"pt-BR\",\"potentialAction\":[{\"@type\":\"ReadAction\",\"target\":[\"https:\\\/\\\/revistaregional.com.br\\\/site\\\/2017\\\/04\\\/13\\\/alunos-do-almeida-jr-em-acao-solidaria\\\/\"]}]},{\"@type\":\"ImageObject\",\"inLanguage\":\"pt-BR\",\"@id\":\"https:\\\/\\\/revistaregional.com.br\\\/site\\\/2017\\\/04\\\/13\\\/alunos-do-almeida-jr-em-acao-solidaria\\\/#primaryimage\",\"url\":\"https:\\\/\\\/revistaregional.com.br\\\/site\\\/wp-content\\\/uploads\\\/2017\\\/05\\\/alunos_almeida_junior.jpg\",\"contentUrl\":\"https:\\\/\\\/revistaregional.com.br\\\/site\\\/wp-content\\\/uploads\\\/2017\\\/05\\\/alunos_almeida_junior.jpg\",\"width\":160,\"height\":150},{\"@type\":\"BreadcrumbList\",\"@id\":\"https:\\\/\\\/revistaregional.com.br\\\/site\\\/2017\\\/04\\\/13\\\/alunos-do-almeida-jr-em-acao-solidaria\\\/#breadcrumb\",\"itemListElement\":[{\"@type\":\"ListItem\",\"position\":1,\"name\":\"In\u00edcio\",\"item\":\"https:\\\/\\\/revistaregional.com.br\\\/site\\\/\"},{\"@type\":\"ListItem\",\"position\":2,\"name\":\"Alunos do \u2018Almeida Jr\u2019 em a\u00e7\u00e3o solid\u00e1ria\"}]},{\"@type\":\"WebSite\",\"@id\":\"https:\\\/\\\/revistaregional.com.br\\\/site\\\/#website\",\"url\":\"https:\\\/\\\/revistaregional.com.br\\\/site\\\/\",\"name\":\"Revista Regional\",\"description\":\"Salto - Itu - Indaituba\",\"potentialAction\":[{\"@type\":\"SearchAction\",\"target\":{\"@type\":\"EntryPoint\",\"urlTemplate\":\"https:\\\/\\\/revistaregional.com.br\\\/site\\\/?s={search_term_string}\"},\"query-input\":{\"@type\":\"PropertyValueSpecification\",\"valueRequired\":true,\"valueName\":\"search_term_string\"}}],\"inLanguage\":\"pt-BR\"},{\"@type\":\"Person\",\"@id\":\"https:\\\/\\\/revistaregional.com.br\\\/site\\\/#\\\/schema\\\/person\\\/382af97c580dc1b18f55107bc316010d\",\"name\":\"contato@revistaregional.com.br\",\"image\":{\"@type\":\"ImageObject\",\"inLanguage\":\"pt-BR\",\"@id\":\"https:\\\/\\\/secure.gravatar.com\\\/avatar\\\/869822917e96b2e292d5827e4635855396934485e7c4a0af84e9a214e32ca0cd?s=96&d=mm&r=g\",\"url\":\"https:\\\/\\\/secure.gravatar.com\\\/avatar\\\/869822917e96b2e292d5827e4635855396934485e7c4a0af84e9a214e32ca0cd?s=96&d=mm&r=g\",\"contentUrl\":\"https:\\\/\\\/secure.gravatar.com\\\/avatar\\\/869822917e96b2e292d5827e4635855396934485e7c4a0af84e9a214e32ca0cd?s=96&d=mm&r=g\",\"caption\":\"contato@revistaregional.com.br\"},\"url\":\"https:\\\/\\\/revistaregional.com.br\\\/site\\\/author\\\/contato@revistaregional.com.br\\\/\"}]}<\/script>\n<!-- \/ Yoast SEO plugin. -->","yoast_head_json":{"title":"Alunos do \u2018Almeida Jr\u2019 em a\u00e7\u00e3o solid\u00e1ria - Revista Regional","robots":{"index":"index","follow":"follow","max-snippet":"max-snippet:-1","max-image-preview":"max-image-preview:large","max-video-preview":"max-video-preview:-1"},"canonical":"https:\/\/revistaregional.com.br\/site\/2017\/04\/13\/alunos-do-almeida-jr-em-acao-solidaria\/","og_locale":"pt_BR","og_type":"article","og_title":"Alunos do \u2018Almeida Jr\u2019 em a\u00e7\u00e3o solid\u00e1ria - Revista Regional","og_description":"V\u00e1rias entidades de Itu, que atendem crian\u00e7as e idosos, receberam chocolates dos alunos do Col\u00e9gio Almeida J\u00fanior. Esses chocolates foram arrecadados em a\u00e7\u00f5es da Campanha Solid\u00e1ria de P\u00e1scoa, em que foram&nbsp; desenvolvidas v\u00e1rias atividades com os ensinos Infantil, Fundamental I e II. As entidades beneficiadas foram: Creche Municipal Lucila Zaparolli Valente de Almeida, Cras (Centro [&hellip;]","og_url":"https:\/\/revistaregional.com.br\/site\/2017\/04\/13\/alunos-do-almeida-jr-em-acao-solidaria\/","og_site_name":"Revista Regional","article_published_time":"2017-04-13T14:13:37+00:00","article_modified_time":"2024-01-26T13:10:00+00:00","og_image":[{"width":160,"height":150,"url":"https:\/\/revistaregional.com.br\/site\/wp-content\/uploads\/2017\/05\/alunos_almeida_junior.jpg","type":"image\/jpeg"}],"author":"contato@revistaregional.com.br","twitter_card":"summary_large_image","twitter_misc":{"Escrito por":"contato@revistaregional.com.br","Est. tempo de leitura":"2 minutos"},"schema":{"@context":"https:\/\/schema.org","@graph":[{"@type":"Article","@id":"https:\/\/revistaregional.com.br\/site\/2017\/04\/13\/alunos-do-almeida-jr-em-acao-solidaria\/#article","isPartOf":{"@id":"https:\/\/revistaregional.com.br\/site\/2017\/04\/13\/alunos-do-almeida-jr-em-acao-solidaria\/"},"author":{"name":"contato@revistaregional.com.br","@id":"https:\/\/revistaregional.com.br\/site\/#\/schema\/person\/382af97c580dc1b18f55107bc316010d"},"headline":"Alunos do \u2018Almeida Jr\u2019 em a\u00e7\u00e3o solid\u00e1ria","datePublished":"2017-04-13T14:13:37+00:00","dateModified":"2024-01-26T13:10:00+00:00","mainEntityOfPage":{"@id":"https:\/\/revistaregional.com.br\/site\/2017\/04\/13\/alunos-do-almeida-jr-em-acao-solidaria\/"},"wordCount":382,"commentCount":0,"image":{"@id":"https:\/\/revistaregional.com.br\/site\/2017\/04\/13\/alunos-do-almeida-jr-em-acao-solidaria\/#primaryimage"},"thumbnailUrl":"https:\/\/revistaregional.com.br\/site\/wp-content\/uploads\/2017\/05\/alunos_almeida_junior.jpg","keywords":["Regionais"],"articleSection":["Regionais"],"inLanguage":"pt-BR","potentialAction":[{"@type":"CommentAction","name":"Comment","target":["https:\/\/revistaregional.com.br\/site\/2017\/04\/13\/alunos-do-almeida-jr-em-acao-solidaria\/#respond"]}]},{"@type":"WebPage","@id":"https:\/\/revistaregional.com.br\/site\/2017\/04\/13\/alunos-do-almeida-jr-em-acao-solidaria\/","url":"https:\/\/revistaregional.com.br\/site\/2017\/04\/13\/alunos-do-almeida-jr-em-acao-solidaria\/","name":"Alunos do \u2018Almeida Jr\u2019 em a\u00e7\u00e3o solid\u00e1ria - Revista Regional","isPartOf":{"@id":"https:\/\/revistaregional.com.br\/site\/#website"},"primaryImageOfPage":{"@id":"https:\/\/revistaregional.com.br\/site\/2017\/04\/13\/alunos-do-almeida-jr-em-acao-solidaria\/#primaryimage"},"image":{"@id":"https:\/\/revistaregional.com.br\/site\/2017\/04\/13\/alunos-do-almeida-jr-em-acao-solidaria\/#primaryimage"},"thumbnailUrl":"https:\/\/revistaregional.com.br\/site\/wp-content\/uploads\/2017\/05\/alunos_almeida_junior.jpg","datePublished":"2017-04-13T14:13:37+00:00","dateModified":"2024-01-26T13:10:00+00:00","author":{"@id":"https:\/\/revistaregional.com.br\/site\/#\/schema\/person\/382af97c580dc1b18f55107bc316010d"},"breadcrumb":{"@id":"https:\/\/revistaregional.com.br\/site\/2017\/04\/13\/alunos-do-almeida-jr-em-acao-solidaria\/#breadcrumb"},"inLanguage":"pt-BR","potentialAction":[{"@type":"ReadAction","target":["https:\/\/revistaregional.com.br\/site\/2017\/04\/13\/alunos-do-almeida-jr-em-acao-solidaria\/"]}]},{"@type":"ImageObject","inLanguage":"pt-BR","@id":"https:\/\/revistaregional.com.br\/site\/2017\/04\/13\/alunos-do-almeida-jr-em-acao-solidaria\/#primaryimage","url":"https:\/\/revistaregional.com.br\/site\/wp-content\/uploads\/2017\/05\/alunos_almeida_junior.jpg","contentUrl":"https:\/\/revistaregional.com.br\/site\/wp-content\/uploads\/2017\/05\/alunos_almeida_junior.jpg","width":160,"height":150},{"@type":"BreadcrumbList","@id":"https:\/\/revistaregional.com.br\/site\/2017\/04\/13\/alunos-do-almeida-jr-em-acao-solidaria\/#breadcrumb","itemListElement":[{"@type":"ListItem","position":1,"name":"In\u00edcio","item":"https:\/\/revistaregional.com.br\/site\/"},{"@type":"ListItem","position":2,"name":"Alunos do \u2018Almeida Jr\u2019 em a\u00e7\u00e3o solid\u00e1ria"}]},{"@type":"WebSite","@id":"https:\/\/revistaregional.com.br\/site\/#website","url":"https:\/\/revistaregional.com.br\/site\/","name":"Revista Regional","description":"Salto - Itu - Indaituba","potentialAction":[{"@type":"SearchAction","target":{"@type":"EntryPoint","urlTemplate":"https:\/\/revistaregional.com.br\/site\/?s={search_term_string}"},"query-input":{"@type":"PropertyValueSpecification","valueRequired":true,"valueName":"search_term_string"}}],"inLanguage":"pt-BR"},{"@type":"Person","@id":"https:\/\/revistaregional.com.br\/site\/#\/schema\/person\/382af97c580dc1b18f55107bc316010d","name":"contato@revistaregional.com.br","image":{"@type":"ImageObject","inLanguage":"pt-BR","@id":"https:\/\/secure.gravatar.com\/avatar\/869822917e96b2e292d5827e4635855396934485e7c4a0af84e9a214e32ca0cd?s=96&d=mm&r=g","url":"https:\/\/secure.gravatar.com\/avatar\/869822917e96b2e292d5827e4635855396934485e7c4a0af84e9a214e32ca0cd?s=96&d=mm&r=g","contentUrl":"https:\/\/secure.gravatar.com\/avatar\/869822917e96b2e292d5827e4635855396934485e7c4a0af84e9a214e32ca0cd?s=96&d=mm&r=g","caption":"contato@revistaregional.com.br"},"url":"https:\/\/revistaregional.com.br\/site\/author\/contato@revistaregional.com.br\/"}]}},"views":62,"_links":{"self":[{"href":"https:\/\/revistaregional.com.br\/site\/wp-json\/wp\/v2\/posts\/9143","targetHints":{"allow":["GET"]}}],"collection":[{"href":"https:\/\/revistaregional.com.br\/site\/wp-json\/wp\/v2\/posts"}],"about":[{"href":"https:\/\/revistaregional.com.br\/site\/wp-json\/wp\/v2\/types\/post"}],"author":[{"embeddable":true,"href":"https:\/\/revistaregional.com.br\/site\/wp-json\/wp\/v2\/users\/1"}],"replies":[{"embeddable":true,"href":"https:\/\/revistaregional.com.br\/site\/wp-json\/wp\/v2\/comments?post=9143"}],"version-history":[{"count":1,"href":"https:\/\/revistaregional.com.br\/site\/wp-json\/wp\/v2\/posts\/9143\/revisions"}],"predecessor-version":[{"id":11475,"href":"https:\/\/revistaregional.com.br\/site\/wp-json\/wp\/v2\/posts\/9143\/revisions\/11475"}],"wp:featuredmedia":[{"embeddable":true,"href":"https:\/\/revistaregional.com.br\/site\/wp-json\/wp\/v2\/media\/11463"}],"wp:attachment":[{"href":"https:\/\/revistaregional.com.br\/site\/wp-json\/wp\/v2\/media?parent=9143"}],"wp:term":[{"taxonomy":"category","embeddable":true,"href":"https:\/\/revistaregional.com.br\/site\/wp-json\/wp\/v2\/categories?post=9143"},{"taxonomy":"post_tag","embeddable":true,"href":"https:\/\/revistaregional.com.br\/site\/wp-json\/wp\/v2\/tags?post=9143"}],"curies":[{"name":"wp","href":"https:\/\/api.w.org\/{rel}","templated":true}]}}