{"id":913,"date":"2011-04-05T11:58:23","date_gmt":"2011-04-05T14:58:23","guid":{"rendered":"http:\/\/revistaregional.com.br\/site\/?p=913"},"modified":"2024-01-26T09:50:58","modified_gmt":"2024-01-26T12:50:58","slug":"comedia-com-aldine-muller-em-salto","status":"publish","type":"post","link":"https:\/\/revistaregional.com.br\/site\/2011\/04\/05\/comedia-com-aldine-muller-em-salto\/","title":{"rendered":"Com\u00e9dia com Aldine M\u00fcller em Salto"},"content":{"rendered":"<figure id=\"attachment_914\" aria-describedby=\"caption-attachment-914\" style=\"width: 288px\" class=\"wp-caption alignleft\"><a rel=\"attachment wp-att-914\" href=\"http:\/\/revistaregional.com.br\/site\/wp-content\/uploads\/2011\/04\/top-5-virgem-2-640x4804.jpg\"><img fetchpriority=\"high\" decoding=\"async\" class=\"size-full wp-image-914 \" src=\"http:\/\/revistaregional.com.br\/site\/wp-content\/uploads\/2011\/04\/top-5-virgem-2-640x4804.jpg\" alt=\"\" width=\"288\" height=\"384\" srcset=\"https:\/\/revistaregional.com.br\/site\/wp-content\/uploads\/2011\/04\/top-5-virgem-2-640x4804.jpg 480w, https:\/\/revistaregional.com.br\/site\/wp-content\/uploads\/2011\/04\/top-5-virgem-2-640x4804-225x300.jpg 225w\" sizes=\"(max-width: 288px) 100vw, 288px\" \/><\/a><figcaption id=\"caption-attachment-914\" class=\"wp-caption-text\">Aldine Muller \u00e9 a atra\u00e7\u00e3o da pe\u00e7a, que tem apoio da Revista Regional<\/figcaption><\/figure>\n<p>Aldine M\u00fcller, ao lado de Rafael Fernandes, d\u00e3o vida ao divertido texto de Aziz Bajur, onde a personagem Norma procura a qualquer custo se dar um presente de anivers\u00e1rio especial! Com um humor ligeiro e sagaz, &#8220;Virgem aos 40.com&#8221; \u00e9 um convite \u00e0 divers\u00e3o! A pe\u00e7a, que \u00e9 sucesso por onde passa, estar\u00e1 em cartaz na Sala Palma de Ouro, em Salto, no pr\u00f3ximo dia 10 de abril, \u00e0s 20h, com apoio da <strong>Revista Regional<\/strong>.<\/p>\n<p>&nbsp;<\/p>\n<p><strong>MAIS: <\/strong>A Sala Palma de Ouro fica na rua Prudente de Moraes, 580 &#8211;\u00a0Centro\u00a0de Salto. Informa\u00e7\u00f5es: tel.: (11) 4602-8694\u00a0ou pelo site: <a href=\"http:\/\/www.supercult.com.br\/\">www.supercult.com.br<\/a><\/p>\n<p>&nbsp;<\/p>\n<p><strong>foto: Divulga\u00e7\u00e3o<\/strong><\/p>\n","protected":false},"excerpt":{"rendered":"<p>Aldine M\u00fcller, ao lado de Rafael Fernandes, d\u00e3o vida ao divertido texto de Aziz Bajur, onde a personagem Norma procura a qualquer custo se dar um presente de anivers\u00e1rio especial! Com um humor ligeiro e sagaz, &#8220;Virgem aos 40.com&#8221; \u00e9 um convite \u00e0 divers\u00e3o! A pe\u00e7a, que \u00e9 sucesso por onde passa, estar\u00e1 em cartaz [&hellip;]<\/p>\n","protected":false},"author":1,"featured_media":934,"comment_status":"open","ping_status":"open","sticky":false,"template":"","format":"standard","meta":{"_acf_changed":false,"ngg_post_thumbnail":0,"_joinchat":[],"footnotes":""},"categories":[12],"tags":[527],"class_list":["post-913","post","type-post","status-publish","format-standard","has-post-thumbnail","hentry","category-regionais","tag-regionais"],"acf":[],"yoast_head":"<!-- This site is optimized with the Yoast SEO plugin v27.4 - https:\/\/yoast.com\/product\/yoast-seo-wordpress\/ -->\n<title>Com\u00e9dia com Aldine M\u00fcller em Salto - Revista Regional<\/title>\n<meta name=\"robots\" content=\"index, follow, max-snippet:-1, max-image-preview:large, max-video-preview:-1\" \/>\n<link rel=\"canonical\" href=\"https:\/\/revistaregional.com.br\/site\/2011\/04\/05\/comedia-com-aldine-muller-em-salto\/\" \/>\n<meta property=\"og:locale\" content=\"pt_BR\" \/>\n<meta property=\"og:type\" content=\"article\" \/>\n<meta property=\"og:title\" content=\"Com\u00e9dia com Aldine M\u00fcller em Salto - Revista Regional\" \/>\n<meta property=\"og:description\" content=\"Aldine M\u00fcller, ao lado de Rafael Fernandes, d\u00e3o vida ao divertido texto de Aziz Bajur, onde a personagem Norma procura a qualquer custo se dar um presente de anivers\u00e1rio especial! Com um humor ligeiro e sagaz, &#8220;Virgem aos 40.com&#8221; \u00e9 um convite \u00e0 divers\u00e3o! A pe\u00e7a, que \u00e9 sucesso por onde passa, estar\u00e1 em cartaz [&hellip;]\" \/>\n<meta property=\"og:url\" content=\"https:\/\/revistaregional.com.br\/site\/2011\/04\/05\/comedia-com-aldine-muller-em-salto\/\" \/>\n<meta property=\"og:site_name\" content=\"Revista Regional\" \/>\n<meta property=\"article:published_time\" content=\"2011-04-05T14:58:23+00:00\" \/>\n<meta property=\"article:modified_time\" content=\"2024-01-26T12:50:58+00:00\" \/>\n<meta property=\"og:image\" content=\"https:\/\/revistaregional.com.br\/site\/wp-content\/uploads\/2011\/04\/top-5-virgem-2-640x4807.jpg\" \/>\n\t<meta property=\"og:image:width\" content=\"379\" \/>\n\t<meta property=\"og:image:height\" content=\"201\" \/>\n\t<meta property=\"og:image:type\" content=\"image\/jpeg\" \/>\n<meta name=\"author\" content=\"contato@revistaregional.com.br\" \/>\n<meta name=\"twitter:card\" content=\"summary_large_image\" \/>\n<meta name=\"twitter:label1\" content=\"Escrito por\" \/>\n\t<meta name=\"twitter:data1\" content=\"contato@revistaregional.com.br\" \/>\n\t<meta name=\"twitter:label2\" content=\"Est. tempo de leitura\" \/>\n\t<meta name=\"twitter:data2\" content=\"1 minuto\" \/>\n<script type=\"application\/ld+json\" class=\"yoast-schema-graph\">{\"@context\":\"https:\\\/\\\/schema.org\",\"@graph\":[{\"@type\":\"Article\",\"@id\":\"https:\\\/\\\/revistaregional.com.br\\\/site\\\/2011\\\/04\\\/05\\\/comedia-com-aldine-muller-em-salto\\\/#article\",\"isPartOf\":{\"@id\":\"https:\\\/\\\/revistaregional.com.br\\\/site\\\/2011\\\/04\\\/05\\\/comedia-com-aldine-muller-em-salto\\\/\"},\"author\":{\"name\":\"contato@revistaregional.com.br\",\"@id\":\"https:\\\/\\\/revistaregional.com.br\\\/site\\\/#\\\/schema\\\/person\\\/382af97c580dc1b18f55107bc316010d\"},\"headline\":\"Com\u00e9dia com Aldine M\u00fcller em Salto\",\"datePublished\":\"2011-04-05T14:58:23+00:00\",\"dateModified\":\"2024-01-26T12:50:58+00:00\",\"mainEntityOfPage\":{\"@id\":\"https:\\\/\\\/revistaregional.com.br\\\/site\\\/2011\\\/04\\\/05\\\/comedia-com-aldine-muller-em-salto\\\/\"},\"wordCount\":139,\"commentCount\":0,\"image\":{\"@id\":\"https:\\\/\\\/revistaregional.com.br\\\/site\\\/2011\\\/04\\\/05\\\/comedia-com-aldine-muller-em-salto\\\/#primaryimage\"},\"thumbnailUrl\":\"https:\\\/\\\/revistaregional.com.br\\\/site\\\/wp-content\\\/uploads\\\/2011\\\/04\\\/top-5-virgem-2-640x4807.jpg\",\"keywords\":[\"Regionais\"],\"articleSection\":[\"Regionais\"],\"inLanguage\":\"pt-BR\",\"potentialAction\":[{\"@type\":\"CommentAction\",\"name\":\"Comment\",\"target\":[\"https:\\\/\\\/revistaregional.com.br\\\/site\\\/2011\\\/04\\\/05\\\/comedia-com-aldine-muller-em-salto\\\/#respond\"]}]},{\"@type\":\"WebPage\",\"@id\":\"https:\\\/\\\/revistaregional.com.br\\\/site\\\/2011\\\/04\\\/05\\\/comedia-com-aldine-muller-em-salto\\\/\",\"url\":\"https:\\\/\\\/revistaregional.com.br\\\/site\\\/2011\\\/04\\\/05\\\/comedia-com-aldine-muller-em-salto\\\/\",\"name\":\"Com\u00e9dia com Aldine M\u00fcller em Salto - Revista Regional\",\"isPartOf\":{\"@id\":\"https:\\\/\\\/revistaregional.com.br\\\/site\\\/#website\"},\"primaryImageOfPage\":{\"@id\":\"https:\\\/\\\/revistaregional.com.br\\\/site\\\/2011\\\/04\\\/05\\\/comedia-com-aldine-muller-em-salto\\\/#primaryimage\"},\"image\":{\"@id\":\"https:\\\/\\\/revistaregional.com.br\\\/site\\\/2011\\\/04\\\/05\\\/comedia-com-aldine-muller-em-salto\\\/#primaryimage\"},\"thumbnailUrl\":\"https:\\\/\\\/revistaregional.com.br\\\/site\\\/wp-content\\\/uploads\\\/2011\\\/04\\\/top-5-virgem-2-640x4807.jpg\",\"datePublished\":\"2011-04-05T14:58:23+00:00\",\"dateModified\":\"2024-01-26T12:50:58+00:00\",\"author\":{\"@id\":\"https:\\\/\\\/revistaregional.com.br\\\/site\\\/#\\\/schema\\\/person\\\/382af97c580dc1b18f55107bc316010d\"},\"breadcrumb\":{\"@id\":\"https:\\\/\\\/revistaregional.com.br\\\/site\\\/2011\\\/04\\\/05\\\/comedia-com-aldine-muller-em-salto\\\/#breadcrumb\"},\"inLanguage\":\"pt-BR\",\"potentialAction\":[{\"@type\":\"ReadAction\",\"target\":[\"https:\\\/\\\/revistaregional.com.br\\\/site\\\/2011\\\/04\\\/05\\\/comedia-com-aldine-muller-em-salto\\\/\"]}]},{\"@type\":\"ImageObject\",\"inLanguage\":\"pt-BR\",\"@id\":\"https:\\\/\\\/revistaregional.com.br\\\/site\\\/2011\\\/04\\\/05\\\/comedia-com-aldine-muller-em-salto\\\/#primaryimage\",\"url\":\"https:\\\/\\\/revistaregional.com.br\\\/site\\\/wp-content\\\/uploads\\\/2011\\\/04\\\/top-5-virgem-2-640x4807.jpg\",\"contentUrl\":\"https:\\\/\\\/revistaregional.com.br\\\/site\\\/wp-content\\\/uploads\\\/2011\\\/04\\\/top-5-virgem-2-640x4807.jpg\",\"width\":\"379\",\"height\":\"201\"},{\"@type\":\"BreadcrumbList\",\"@id\":\"https:\\\/\\\/revistaregional.com.br\\\/site\\\/2011\\\/04\\\/05\\\/comedia-com-aldine-muller-em-salto\\\/#breadcrumb\",\"itemListElement\":[{\"@type\":\"ListItem\",\"position\":1,\"name\":\"In\u00edcio\",\"item\":\"https:\\\/\\\/revistaregional.com.br\\\/site\\\/\"},{\"@type\":\"ListItem\",\"position\":2,\"name\":\"Com\u00e9dia com Aldine M\u00fcller em Salto\"}]},{\"@type\":\"WebSite\",\"@id\":\"https:\\\/\\\/revistaregional.com.br\\\/site\\\/#website\",\"url\":\"https:\\\/\\\/revistaregional.com.br\\\/site\\\/\",\"name\":\"Revista Regional\",\"description\":\"Salto - Itu - Indaituba\",\"potentialAction\":[{\"@type\":\"SearchAction\",\"target\":{\"@type\":\"EntryPoint\",\"urlTemplate\":\"https:\\\/\\\/revistaregional.com.br\\\/site\\\/?s={search_term_string}\"},\"query-input\":{\"@type\":\"PropertyValueSpecification\",\"valueRequired\":true,\"valueName\":\"search_term_string\"}}],\"inLanguage\":\"pt-BR\"},{\"@type\":\"Person\",\"@id\":\"https:\\\/\\\/revistaregional.com.br\\\/site\\\/#\\\/schema\\\/person\\\/382af97c580dc1b18f55107bc316010d\",\"name\":\"contato@revistaregional.com.br\",\"image\":{\"@type\":\"ImageObject\",\"inLanguage\":\"pt-BR\",\"@id\":\"https:\\\/\\\/secure.gravatar.com\\\/avatar\\\/869822917e96b2e292d5827e4635855396934485e7c4a0af84e9a214e32ca0cd?s=96&d=mm&r=g\",\"url\":\"https:\\\/\\\/secure.gravatar.com\\\/avatar\\\/869822917e96b2e292d5827e4635855396934485e7c4a0af84e9a214e32ca0cd?s=96&d=mm&r=g\",\"contentUrl\":\"https:\\\/\\\/secure.gravatar.com\\\/avatar\\\/869822917e96b2e292d5827e4635855396934485e7c4a0af84e9a214e32ca0cd?s=96&d=mm&r=g\",\"caption\":\"contato@revistaregional.com.br\"},\"url\":\"https:\\\/\\\/revistaregional.com.br\\\/site\\\/author\\\/contato@revistaregional.com.br\\\/\"}]}<\/script>\n<!-- \/ Yoast SEO plugin. -->","yoast_head_json":{"title":"Com\u00e9dia com Aldine M\u00fcller em Salto - Revista Regional","robots":{"index":"index","follow":"follow","max-snippet":"max-snippet:-1","max-image-preview":"max-image-preview:large","max-video-preview":"max-video-preview:-1"},"canonical":"https:\/\/revistaregional.com.br\/site\/2011\/04\/05\/comedia-com-aldine-muller-em-salto\/","og_locale":"pt_BR","og_type":"article","og_title":"Com\u00e9dia com Aldine M\u00fcller em Salto - Revista Regional","og_description":"Aldine M\u00fcller, ao lado de Rafael Fernandes, d\u00e3o vida ao divertido texto de Aziz Bajur, onde a personagem Norma procura a qualquer custo se dar um presente de anivers\u00e1rio especial! Com um humor ligeiro e sagaz, &#8220;Virgem aos 40.com&#8221; \u00e9 um convite \u00e0 divers\u00e3o! A pe\u00e7a, que \u00e9 sucesso por onde passa, estar\u00e1 em cartaz [&hellip;]","og_url":"https:\/\/revistaregional.com.br\/site\/2011\/04\/05\/comedia-com-aldine-muller-em-salto\/","og_site_name":"Revista Regional","article_published_time":"2011-04-05T14:58:23+00:00","article_modified_time":"2024-01-26T12:50:58+00:00","og_image":[{"width":379,"height":201,"url":"https:\/\/revistaregional.com.br\/site\/wp-content\/uploads\/2011\/04\/top-5-virgem-2-640x4807.jpg","type":"image\/jpeg"}],"author":"contato@revistaregional.com.br","twitter_card":"summary_large_image","twitter_misc":{"Escrito por":"contato@revistaregional.com.br","Est. tempo de leitura":"1 minuto"},"schema":{"@context":"https:\/\/schema.org","@graph":[{"@type":"Article","@id":"https:\/\/revistaregional.com.br\/site\/2011\/04\/05\/comedia-com-aldine-muller-em-salto\/#article","isPartOf":{"@id":"https:\/\/revistaregional.com.br\/site\/2011\/04\/05\/comedia-com-aldine-muller-em-salto\/"},"author":{"name":"contato@revistaregional.com.br","@id":"https:\/\/revistaregional.com.br\/site\/#\/schema\/person\/382af97c580dc1b18f55107bc316010d"},"headline":"Com\u00e9dia com Aldine M\u00fcller em Salto","datePublished":"2011-04-05T14:58:23+00:00","dateModified":"2024-01-26T12:50:58+00:00","mainEntityOfPage":{"@id":"https:\/\/revistaregional.com.br\/site\/2011\/04\/05\/comedia-com-aldine-muller-em-salto\/"},"wordCount":139,"commentCount":0,"image":{"@id":"https:\/\/revistaregional.com.br\/site\/2011\/04\/05\/comedia-com-aldine-muller-em-salto\/#primaryimage"},"thumbnailUrl":"https:\/\/revistaregional.com.br\/site\/wp-content\/uploads\/2011\/04\/top-5-virgem-2-640x4807.jpg","keywords":["Regionais"],"articleSection":["Regionais"],"inLanguage":"pt-BR","potentialAction":[{"@type":"CommentAction","name":"Comment","target":["https:\/\/revistaregional.com.br\/site\/2011\/04\/05\/comedia-com-aldine-muller-em-salto\/#respond"]}]},{"@type":"WebPage","@id":"https:\/\/revistaregional.com.br\/site\/2011\/04\/05\/comedia-com-aldine-muller-em-salto\/","url":"https:\/\/revistaregional.com.br\/site\/2011\/04\/05\/comedia-com-aldine-muller-em-salto\/","name":"Com\u00e9dia com Aldine M\u00fcller em Salto - Revista Regional","isPartOf":{"@id":"https:\/\/revistaregional.com.br\/site\/#website"},"primaryImageOfPage":{"@id":"https:\/\/revistaregional.com.br\/site\/2011\/04\/05\/comedia-com-aldine-muller-em-salto\/#primaryimage"},"image":{"@id":"https:\/\/revistaregional.com.br\/site\/2011\/04\/05\/comedia-com-aldine-muller-em-salto\/#primaryimage"},"thumbnailUrl":"https:\/\/revistaregional.com.br\/site\/wp-content\/uploads\/2011\/04\/top-5-virgem-2-640x4807.jpg","datePublished":"2011-04-05T14:58:23+00:00","dateModified":"2024-01-26T12:50:58+00:00","author":{"@id":"https:\/\/revistaregional.com.br\/site\/#\/schema\/person\/382af97c580dc1b18f55107bc316010d"},"breadcrumb":{"@id":"https:\/\/revistaregional.com.br\/site\/2011\/04\/05\/comedia-com-aldine-muller-em-salto\/#breadcrumb"},"inLanguage":"pt-BR","potentialAction":[{"@type":"ReadAction","target":["https:\/\/revistaregional.com.br\/site\/2011\/04\/05\/comedia-com-aldine-muller-em-salto\/"]}]},{"@type":"ImageObject","inLanguage":"pt-BR","@id":"https:\/\/revistaregional.com.br\/site\/2011\/04\/05\/comedia-com-aldine-muller-em-salto\/#primaryimage","url":"https:\/\/revistaregional.com.br\/site\/wp-content\/uploads\/2011\/04\/top-5-virgem-2-640x4807.jpg","contentUrl":"https:\/\/revistaregional.com.br\/site\/wp-content\/uploads\/2011\/04\/top-5-virgem-2-640x4807.jpg","width":"379","height":"201"},{"@type":"BreadcrumbList","@id":"https:\/\/revistaregional.com.br\/site\/2011\/04\/05\/comedia-com-aldine-muller-em-salto\/#breadcrumb","itemListElement":[{"@type":"ListItem","position":1,"name":"In\u00edcio","item":"https:\/\/revistaregional.com.br\/site\/"},{"@type":"ListItem","position":2,"name":"Com\u00e9dia com Aldine M\u00fcller em Salto"}]},{"@type":"WebSite","@id":"https:\/\/revistaregional.com.br\/site\/#website","url":"https:\/\/revistaregional.com.br\/site\/","name":"Revista Regional","description":"Salto - Itu - Indaituba","potentialAction":[{"@type":"SearchAction","target":{"@type":"EntryPoint","urlTemplate":"https:\/\/revistaregional.com.br\/site\/?s={search_term_string}"},"query-input":{"@type":"PropertyValueSpecification","valueRequired":true,"valueName":"search_term_string"}}],"inLanguage":"pt-BR"},{"@type":"Person","@id":"https:\/\/revistaregional.com.br\/site\/#\/schema\/person\/382af97c580dc1b18f55107bc316010d","name":"contato@revistaregional.com.br","image":{"@type":"ImageObject","inLanguage":"pt-BR","@id":"https:\/\/secure.gravatar.com\/avatar\/869822917e96b2e292d5827e4635855396934485e7c4a0af84e9a214e32ca0cd?s=96&d=mm&r=g","url":"https:\/\/secure.gravatar.com\/avatar\/869822917e96b2e292d5827e4635855396934485e7c4a0af84e9a214e32ca0cd?s=96&d=mm&r=g","contentUrl":"https:\/\/secure.gravatar.com\/avatar\/869822917e96b2e292d5827e4635855396934485e7c4a0af84e9a214e32ca0cd?s=96&d=mm&r=g","caption":"contato@revistaregional.com.br"},"url":"https:\/\/revistaregional.com.br\/site\/author\/contato@revistaregional.com.br\/"}]}},"views":111,"_links":{"self":[{"href":"https:\/\/revistaregional.com.br\/site\/wp-json\/wp\/v2\/posts\/913","targetHints":{"allow":["GET"]}}],"collection":[{"href":"https:\/\/revistaregional.com.br\/site\/wp-json\/wp\/v2\/posts"}],"about":[{"href":"https:\/\/revistaregional.com.br\/site\/wp-json\/wp\/v2\/types\/post"}],"author":[{"embeddable":true,"href":"https:\/\/revistaregional.com.br\/site\/wp-json\/wp\/v2\/users\/1"}],"replies":[{"embeddable":true,"href":"https:\/\/revistaregional.com.br\/site\/wp-json\/wp\/v2\/comments?post=913"}],"version-history":[{"count":5,"href":"https:\/\/revistaregional.com.br\/site\/wp-json\/wp\/v2\/posts\/913\/revisions"}],"predecessor-version":[{"id":925,"href":"https:\/\/revistaregional.com.br\/site\/wp-json\/wp\/v2\/posts\/913\/revisions\/925"}],"wp:featuredmedia":[{"embeddable":true,"href":"https:\/\/revistaregional.com.br\/site\/wp-json\/wp\/v2\/media\/934"}],"wp:attachment":[{"href":"https:\/\/revistaregional.com.br\/site\/wp-json\/wp\/v2\/media?parent=913"}],"wp:term":[{"taxonomy":"category","embeddable":true,"href":"https:\/\/revistaregional.com.br\/site\/wp-json\/wp\/v2\/categories?post=913"},{"taxonomy":"post_tag","embeddable":true,"href":"https:\/\/revistaregional.com.br\/site\/wp-json\/wp\/v2\/tags?post=913"}],"curies":[{"name":"wp","href":"https:\/\/api.w.org\/{rel}","templated":true}]}}