{"id":8986,"date":"2017-03-06T09:27:49","date_gmt":"2017-03-06T12:27:49","guid":{"rendered":"http:\/\/revistaregional.com.br\/site\/?p=8986"},"modified":"2024-01-26T10:10:06","modified_gmt":"2024-01-26T13:10:06","slug":"sucesso-o-open-de-xadrez-no-plaza","status":"publish","type":"post","link":"https:\/\/revistaregional.com.br\/site\/2017\/03\/06\/sucesso-o-open-de-xadrez-no-plaza\/","title":{"rendered":"Sucesso o Open de Xadrez no Plaza"},"content":{"rendered":"<figure id=\"attachment_8987\" aria-describedby=\"caption-attachment-8987\" style=\"width: 384px\" class=\"wp-caption aligncenter\"><a href=\"http:\/\/revistaregional.com.br\/site\/wp-content\/uploads\/2017\/03\/regionais-xadrez-plaza.jpg\" rel=\"attachment wp-att-8987\"><img fetchpriority=\"high\" decoding=\"async\" class=\" wp-image-8987 \" src=\"http:\/\/revistaregional.com.br\/site\/wp-content\/uploads\/2017\/03\/regionais-xadrez-plaza.jpg\" alt=\"\" width=\"384\" height=\"288\"><\/a><figcaption id=\"caption-attachment-8987\" class=\"wp-caption-text\">Pra\u00e7a de eventos ficou cheia durante o Open de Xadrez<\/figcaption><\/figure>\n<p>O Plaza Shopping Itu sediou em fevereiro o 25\u00ba Open de Xadrez \u201cCidade de Itu\u201d, que contou com a participa\u00e7\u00e3o de 230 participantes, entre oito e 80 anos, de 35 cidades. Ao todo, mais de 300 pessoas acompanharam o torneio na pra\u00e7a de eventos do shopping. A competi\u00e7\u00e3o contou com as presen\u00e7as de mestres internacionais e nacionais, de v\u00e1rios expoentes do xadrez brasileiro, de dois \u00e1rbitros internacionais e dois \u00e1rbitros regionais. O torneio foi disputado em sete rodadas pelo sistema su\u00ed\u00e7o de emparceiramento. \u201cUma honra recebermos uma competi\u00e7\u00e3o de alto n\u00edvel, ainda mais incentivando a pr\u00e1tica do xadrez. Dessa forma, nosso p\u00fablico tamb\u00e9m p\u00f4de ter contato com esse esporte, suas regras e estilos\u201d, ressalta Edgar Silveira, gerente de Marketing do Plaza Shopping Itu. O 25\u00ba Open de Xadrez \u201cCidade de Itu\u201d 2017 foi promovido pela Prefeitura de Itu, com apoio do Plaza.<\/p>\n<p><em>&nbsp;foto: Divulga\u00e7\u00e3o<\/em><\/p>\n","protected":false},"excerpt":{"rendered":"<p>O Plaza Shopping Itu sediou em fevereiro o 25\u00ba Open de Xadrez \u201cCidade de Itu\u201d, que contou com a participa\u00e7\u00e3o de 230 participantes, entre oito e 80 anos, de 35 cidades. Ao todo, mais de 300 pessoas acompanharam o torneio na pra\u00e7a de eventos do shopping. A competi\u00e7\u00e3o contou com as presen\u00e7as de mestres internacionais [&hellip;]<\/p>\n","protected":false},"author":1,"featured_media":11482,"comment_status":"open","ping_status":"open","sticky":false,"template":"","format":"standard","meta":{"_acf_changed":false,"ngg_post_thumbnail":0,"_joinchat":[],"footnotes":""},"categories":[12],"tags":[527],"class_list":["post-8986","post","type-post","status-publish","format-standard","has-post-thumbnail","hentry","category-regionais","tag-regionais"],"acf":[],"yoast_head":"<!-- This site is optimized with the Yoast SEO plugin v27.4 - https:\/\/yoast.com\/product\/yoast-seo-wordpress\/ -->\n<title>Sucesso o Open de Xadrez no Plaza - Revista Regional<\/title>\n<meta name=\"robots\" content=\"index, follow, max-snippet:-1, max-image-preview:large, max-video-preview:-1\" \/>\n<link rel=\"canonical\" href=\"https:\/\/revistaregional.com.br\/site\/2017\/03\/06\/sucesso-o-open-de-xadrez-no-plaza\/\" \/>\n<meta property=\"og:locale\" content=\"pt_BR\" \/>\n<meta property=\"og:type\" content=\"article\" \/>\n<meta property=\"og:title\" content=\"Sucesso o Open de Xadrez no Plaza - Revista Regional\" \/>\n<meta property=\"og:description\" content=\"O Plaza Shopping Itu sediou em fevereiro o 25\u00ba Open de Xadrez \u201cCidade de Itu\u201d, que contou com a participa\u00e7\u00e3o de 230 participantes, entre oito e 80 anos, de 35 cidades. Ao todo, mais de 300 pessoas acompanharam o torneio na pra\u00e7a de eventos do shopping. A competi\u00e7\u00e3o contou com as presen\u00e7as de mestres internacionais [&hellip;]\" \/>\n<meta property=\"og:url\" content=\"https:\/\/revistaregional.com.br\/site\/2017\/03\/06\/sucesso-o-open-de-xadrez-no-plaza\/\" \/>\n<meta property=\"og:site_name\" content=\"Revista Regional\" \/>\n<meta property=\"article:published_time\" content=\"2017-03-06T12:27:49+00:00\" \/>\n<meta property=\"article:modified_time\" content=\"2024-01-26T13:10:06+00:00\" \/>\n<meta property=\"og:image\" content=\"https:\/\/revistaregional.com.br\/site\/wp-content\/uploads\/2017\/03\/xadreznoplaza.jpg\" \/>\n\t<meta property=\"og:image:width\" content=\"160\" \/>\n\t<meta property=\"og:image:height\" content=\"150\" \/>\n\t<meta property=\"og:image:type\" content=\"image\/jpeg\" \/>\n<meta name=\"author\" content=\"contato@revistaregional.com.br\" \/>\n<meta name=\"twitter:card\" content=\"summary_large_image\" \/>\n<meta name=\"twitter:label1\" content=\"Escrito por\" \/>\n\t<meta name=\"twitter:data1\" content=\"contato@revistaregional.com.br\" \/>\n\t<meta name=\"twitter:label2\" content=\"Est. tempo de leitura\" \/>\n\t<meta name=\"twitter:data2\" content=\"1 minuto\" \/>\n<script type=\"application\/ld+json\" class=\"yoast-schema-graph\">{\"@context\":\"https:\\\/\\\/schema.org\",\"@graph\":[{\"@type\":\"Article\",\"@id\":\"https:\\\/\\\/revistaregional.com.br\\\/site\\\/2017\\\/03\\\/06\\\/sucesso-o-open-de-xadrez-no-plaza\\\/#article\",\"isPartOf\":{\"@id\":\"https:\\\/\\\/revistaregional.com.br\\\/site\\\/2017\\\/03\\\/06\\\/sucesso-o-open-de-xadrez-no-plaza\\\/\"},\"author\":{\"name\":\"contato@revistaregional.com.br\",\"@id\":\"https:\\\/\\\/revistaregional.com.br\\\/site\\\/#\\\/schema\\\/person\\\/382af97c580dc1b18f55107bc316010d\"},\"headline\":\"Sucesso o Open de Xadrez no Plaza\",\"datePublished\":\"2017-03-06T12:27:49+00:00\",\"dateModified\":\"2024-01-26T13:10:06+00:00\",\"mainEntityOfPage\":{\"@id\":\"https:\\\/\\\/revistaregional.com.br\\\/site\\\/2017\\\/03\\\/06\\\/sucesso-o-open-de-xadrez-no-plaza\\\/\"},\"wordCount\":176,\"commentCount\":0,\"image\":{\"@id\":\"https:\\\/\\\/revistaregional.com.br\\\/site\\\/2017\\\/03\\\/06\\\/sucesso-o-open-de-xadrez-no-plaza\\\/#primaryimage\"},\"thumbnailUrl\":\"https:\\\/\\\/revistaregional.com.br\\\/site\\\/wp-content\\\/uploads\\\/2017\\\/03\\\/xadreznoplaza.jpg\",\"keywords\":[\"Regionais\"],\"articleSection\":[\"Regionais\"],\"inLanguage\":\"pt-BR\",\"potentialAction\":[{\"@type\":\"CommentAction\",\"name\":\"Comment\",\"target\":[\"https:\\\/\\\/revistaregional.com.br\\\/site\\\/2017\\\/03\\\/06\\\/sucesso-o-open-de-xadrez-no-plaza\\\/#respond\"]}]},{\"@type\":\"WebPage\",\"@id\":\"https:\\\/\\\/revistaregional.com.br\\\/site\\\/2017\\\/03\\\/06\\\/sucesso-o-open-de-xadrez-no-plaza\\\/\",\"url\":\"https:\\\/\\\/revistaregional.com.br\\\/site\\\/2017\\\/03\\\/06\\\/sucesso-o-open-de-xadrez-no-plaza\\\/\",\"name\":\"Sucesso o Open de Xadrez no Plaza - Revista Regional\",\"isPartOf\":{\"@id\":\"https:\\\/\\\/revistaregional.com.br\\\/site\\\/#website\"},\"primaryImageOfPage\":{\"@id\":\"https:\\\/\\\/revistaregional.com.br\\\/site\\\/2017\\\/03\\\/06\\\/sucesso-o-open-de-xadrez-no-plaza\\\/#primaryimage\"},\"image\":{\"@id\":\"https:\\\/\\\/revistaregional.com.br\\\/site\\\/2017\\\/03\\\/06\\\/sucesso-o-open-de-xadrez-no-plaza\\\/#primaryimage\"},\"thumbnailUrl\":\"https:\\\/\\\/revistaregional.com.br\\\/site\\\/wp-content\\\/uploads\\\/2017\\\/03\\\/xadreznoplaza.jpg\",\"datePublished\":\"2017-03-06T12:27:49+00:00\",\"dateModified\":\"2024-01-26T13:10:06+00:00\",\"author\":{\"@id\":\"https:\\\/\\\/revistaregional.com.br\\\/site\\\/#\\\/schema\\\/person\\\/382af97c580dc1b18f55107bc316010d\"},\"breadcrumb\":{\"@id\":\"https:\\\/\\\/revistaregional.com.br\\\/site\\\/2017\\\/03\\\/06\\\/sucesso-o-open-de-xadrez-no-plaza\\\/#breadcrumb\"},\"inLanguage\":\"pt-BR\",\"potentialAction\":[{\"@type\":\"ReadAction\",\"target\":[\"https:\\\/\\\/revistaregional.com.br\\\/site\\\/2017\\\/03\\\/06\\\/sucesso-o-open-de-xadrez-no-plaza\\\/\"]}]},{\"@type\":\"ImageObject\",\"inLanguage\":\"pt-BR\",\"@id\":\"https:\\\/\\\/revistaregional.com.br\\\/site\\\/2017\\\/03\\\/06\\\/sucesso-o-open-de-xadrez-no-plaza\\\/#primaryimage\",\"url\":\"https:\\\/\\\/revistaregional.com.br\\\/site\\\/wp-content\\\/uploads\\\/2017\\\/03\\\/xadreznoplaza.jpg\",\"contentUrl\":\"https:\\\/\\\/revistaregional.com.br\\\/site\\\/wp-content\\\/uploads\\\/2017\\\/03\\\/xadreznoplaza.jpg\",\"width\":160,\"height\":150},{\"@type\":\"BreadcrumbList\",\"@id\":\"https:\\\/\\\/revistaregional.com.br\\\/site\\\/2017\\\/03\\\/06\\\/sucesso-o-open-de-xadrez-no-plaza\\\/#breadcrumb\",\"itemListElement\":[{\"@type\":\"ListItem\",\"position\":1,\"name\":\"In\u00edcio\",\"item\":\"https:\\\/\\\/revistaregional.com.br\\\/site\\\/\"},{\"@type\":\"ListItem\",\"position\":2,\"name\":\"Sucesso o Open de Xadrez no Plaza\"}]},{\"@type\":\"WebSite\",\"@id\":\"https:\\\/\\\/revistaregional.com.br\\\/site\\\/#website\",\"url\":\"https:\\\/\\\/revistaregional.com.br\\\/site\\\/\",\"name\":\"Revista Regional\",\"description\":\"Salto - Itu - Indaituba\",\"potentialAction\":[{\"@type\":\"SearchAction\",\"target\":{\"@type\":\"EntryPoint\",\"urlTemplate\":\"https:\\\/\\\/revistaregional.com.br\\\/site\\\/?s={search_term_string}\"},\"query-input\":{\"@type\":\"PropertyValueSpecification\",\"valueRequired\":true,\"valueName\":\"search_term_string\"}}],\"inLanguage\":\"pt-BR\"},{\"@type\":\"Person\",\"@id\":\"https:\\\/\\\/revistaregional.com.br\\\/site\\\/#\\\/schema\\\/person\\\/382af97c580dc1b18f55107bc316010d\",\"name\":\"contato@revistaregional.com.br\",\"image\":{\"@type\":\"ImageObject\",\"inLanguage\":\"pt-BR\",\"@id\":\"https:\\\/\\\/secure.gravatar.com\\\/avatar\\\/869822917e96b2e292d5827e4635855396934485e7c4a0af84e9a214e32ca0cd?s=96&d=mm&r=g\",\"url\":\"https:\\\/\\\/secure.gravatar.com\\\/avatar\\\/869822917e96b2e292d5827e4635855396934485e7c4a0af84e9a214e32ca0cd?s=96&d=mm&r=g\",\"contentUrl\":\"https:\\\/\\\/secure.gravatar.com\\\/avatar\\\/869822917e96b2e292d5827e4635855396934485e7c4a0af84e9a214e32ca0cd?s=96&d=mm&r=g\",\"caption\":\"contato@revistaregional.com.br\"},\"url\":\"https:\\\/\\\/revistaregional.com.br\\\/site\\\/author\\\/contato@revistaregional.com.br\\\/\"}]}<\/script>\n<!-- \/ Yoast SEO plugin. -->","yoast_head_json":{"title":"Sucesso o Open de Xadrez no Plaza - Revista Regional","robots":{"index":"index","follow":"follow","max-snippet":"max-snippet:-1","max-image-preview":"max-image-preview:large","max-video-preview":"max-video-preview:-1"},"canonical":"https:\/\/revistaregional.com.br\/site\/2017\/03\/06\/sucesso-o-open-de-xadrez-no-plaza\/","og_locale":"pt_BR","og_type":"article","og_title":"Sucesso o Open de Xadrez no Plaza - Revista Regional","og_description":"O Plaza Shopping Itu sediou em fevereiro o 25\u00ba Open de Xadrez \u201cCidade de Itu\u201d, que contou com a participa\u00e7\u00e3o de 230 participantes, entre oito e 80 anos, de 35 cidades. Ao todo, mais de 300 pessoas acompanharam o torneio na pra\u00e7a de eventos do shopping. A competi\u00e7\u00e3o contou com as presen\u00e7as de mestres internacionais [&hellip;]","og_url":"https:\/\/revistaregional.com.br\/site\/2017\/03\/06\/sucesso-o-open-de-xadrez-no-plaza\/","og_site_name":"Revista Regional","article_published_time":"2017-03-06T12:27:49+00:00","article_modified_time":"2024-01-26T13:10:06+00:00","og_image":[{"width":160,"height":150,"url":"https:\/\/revistaregional.com.br\/site\/wp-content\/uploads\/2017\/03\/xadreznoplaza.jpg","type":"image\/jpeg"}],"author":"contato@revistaregional.com.br","twitter_card":"summary_large_image","twitter_misc":{"Escrito por":"contato@revistaregional.com.br","Est. tempo de leitura":"1 minuto"},"schema":{"@context":"https:\/\/schema.org","@graph":[{"@type":"Article","@id":"https:\/\/revistaregional.com.br\/site\/2017\/03\/06\/sucesso-o-open-de-xadrez-no-plaza\/#article","isPartOf":{"@id":"https:\/\/revistaregional.com.br\/site\/2017\/03\/06\/sucesso-o-open-de-xadrez-no-plaza\/"},"author":{"name":"contato@revistaregional.com.br","@id":"https:\/\/revistaregional.com.br\/site\/#\/schema\/person\/382af97c580dc1b18f55107bc316010d"},"headline":"Sucesso o Open de Xadrez no Plaza","datePublished":"2017-03-06T12:27:49+00:00","dateModified":"2024-01-26T13:10:06+00:00","mainEntityOfPage":{"@id":"https:\/\/revistaregional.com.br\/site\/2017\/03\/06\/sucesso-o-open-de-xadrez-no-plaza\/"},"wordCount":176,"commentCount":0,"image":{"@id":"https:\/\/revistaregional.com.br\/site\/2017\/03\/06\/sucesso-o-open-de-xadrez-no-plaza\/#primaryimage"},"thumbnailUrl":"https:\/\/revistaregional.com.br\/site\/wp-content\/uploads\/2017\/03\/xadreznoplaza.jpg","keywords":["Regionais"],"articleSection":["Regionais"],"inLanguage":"pt-BR","potentialAction":[{"@type":"CommentAction","name":"Comment","target":["https:\/\/revistaregional.com.br\/site\/2017\/03\/06\/sucesso-o-open-de-xadrez-no-plaza\/#respond"]}]},{"@type":"WebPage","@id":"https:\/\/revistaregional.com.br\/site\/2017\/03\/06\/sucesso-o-open-de-xadrez-no-plaza\/","url":"https:\/\/revistaregional.com.br\/site\/2017\/03\/06\/sucesso-o-open-de-xadrez-no-plaza\/","name":"Sucesso o Open de Xadrez no Plaza - Revista Regional","isPartOf":{"@id":"https:\/\/revistaregional.com.br\/site\/#website"},"primaryImageOfPage":{"@id":"https:\/\/revistaregional.com.br\/site\/2017\/03\/06\/sucesso-o-open-de-xadrez-no-plaza\/#primaryimage"},"image":{"@id":"https:\/\/revistaregional.com.br\/site\/2017\/03\/06\/sucesso-o-open-de-xadrez-no-plaza\/#primaryimage"},"thumbnailUrl":"https:\/\/revistaregional.com.br\/site\/wp-content\/uploads\/2017\/03\/xadreznoplaza.jpg","datePublished":"2017-03-06T12:27:49+00:00","dateModified":"2024-01-26T13:10:06+00:00","author":{"@id":"https:\/\/revistaregional.com.br\/site\/#\/schema\/person\/382af97c580dc1b18f55107bc316010d"},"breadcrumb":{"@id":"https:\/\/revistaregional.com.br\/site\/2017\/03\/06\/sucesso-o-open-de-xadrez-no-plaza\/#breadcrumb"},"inLanguage":"pt-BR","potentialAction":[{"@type":"ReadAction","target":["https:\/\/revistaregional.com.br\/site\/2017\/03\/06\/sucesso-o-open-de-xadrez-no-plaza\/"]}]},{"@type":"ImageObject","inLanguage":"pt-BR","@id":"https:\/\/revistaregional.com.br\/site\/2017\/03\/06\/sucesso-o-open-de-xadrez-no-plaza\/#primaryimage","url":"https:\/\/revistaregional.com.br\/site\/wp-content\/uploads\/2017\/03\/xadreznoplaza.jpg","contentUrl":"https:\/\/revistaregional.com.br\/site\/wp-content\/uploads\/2017\/03\/xadreznoplaza.jpg","width":160,"height":150},{"@type":"BreadcrumbList","@id":"https:\/\/revistaregional.com.br\/site\/2017\/03\/06\/sucesso-o-open-de-xadrez-no-plaza\/#breadcrumb","itemListElement":[{"@type":"ListItem","position":1,"name":"In\u00edcio","item":"https:\/\/revistaregional.com.br\/site\/"},{"@type":"ListItem","position":2,"name":"Sucesso o Open de Xadrez no Plaza"}]},{"@type":"WebSite","@id":"https:\/\/revistaregional.com.br\/site\/#website","url":"https:\/\/revistaregional.com.br\/site\/","name":"Revista Regional","description":"Salto - Itu - Indaituba","potentialAction":[{"@type":"SearchAction","target":{"@type":"EntryPoint","urlTemplate":"https:\/\/revistaregional.com.br\/site\/?s={search_term_string}"},"query-input":{"@type":"PropertyValueSpecification","valueRequired":true,"valueName":"search_term_string"}}],"inLanguage":"pt-BR"},{"@type":"Person","@id":"https:\/\/revistaregional.com.br\/site\/#\/schema\/person\/382af97c580dc1b18f55107bc316010d","name":"contato@revistaregional.com.br","image":{"@type":"ImageObject","inLanguage":"pt-BR","@id":"https:\/\/secure.gravatar.com\/avatar\/869822917e96b2e292d5827e4635855396934485e7c4a0af84e9a214e32ca0cd?s=96&d=mm&r=g","url":"https:\/\/secure.gravatar.com\/avatar\/869822917e96b2e292d5827e4635855396934485e7c4a0af84e9a214e32ca0cd?s=96&d=mm&r=g","contentUrl":"https:\/\/secure.gravatar.com\/avatar\/869822917e96b2e292d5827e4635855396934485e7c4a0af84e9a214e32ca0cd?s=96&d=mm&r=g","caption":"contato@revistaregional.com.br"},"url":"https:\/\/revistaregional.com.br\/site\/author\/contato@revistaregional.com.br\/"}]}},"views":55,"_links":{"self":[{"href":"https:\/\/revistaregional.com.br\/site\/wp-json\/wp\/v2\/posts\/8986","targetHints":{"allow":["GET"]}}],"collection":[{"href":"https:\/\/revistaregional.com.br\/site\/wp-json\/wp\/v2\/posts"}],"about":[{"href":"https:\/\/revistaregional.com.br\/site\/wp-json\/wp\/v2\/types\/post"}],"author":[{"embeddable":true,"href":"https:\/\/revistaregional.com.br\/site\/wp-json\/wp\/v2\/users\/1"}],"replies":[{"embeddable":true,"href":"https:\/\/revistaregional.com.br\/site\/wp-json\/wp\/v2\/comments?post=8986"}],"version-history":[{"count":1,"href":"https:\/\/revistaregional.com.br\/site\/wp-json\/wp\/v2\/posts\/8986\/revisions"}],"predecessor-version":[{"id":11484,"href":"https:\/\/revistaregional.com.br\/site\/wp-json\/wp\/v2\/posts\/8986\/revisions\/11484"}],"wp:featuredmedia":[{"embeddable":true,"href":"https:\/\/revistaregional.com.br\/site\/wp-json\/wp\/v2\/media\/11482"}],"wp:attachment":[{"href":"https:\/\/revistaregional.com.br\/site\/wp-json\/wp\/v2\/media?parent=8986"}],"wp:term":[{"taxonomy":"category","embeddable":true,"href":"https:\/\/revistaregional.com.br\/site\/wp-json\/wp\/v2\/categories?post=8986"},{"taxonomy":"post_tag","embeddable":true,"href":"https:\/\/revistaregional.com.br\/site\/wp-json\/wp\/v2\/tags?post=8986"}],"curies":[{"name":"wp","href":"https:\/\/api.w.org\/{rel}","templated":true}]}}