{"id":8978,"date":"2017-03-06T09:15:15","date_gmt":"2017-03-06T12:15:15","guid":{"rendered":"http:\/\/revistaregional.com.br\/site\/?p=8978"},"modified":"2024-01-26T10:10:08","modified_gmt":"2024-01-26T13:10:08","slug":"salto-tera-unidade-do-senac","status":"publish","type":"post","link":"https:\/\/revistaregional.com.br\/site\/2017\/03\/06\/salto-tera-unidade-do-senac\/","title":{"rendered":"Salto ter\u00e1 unidade do Senac"},"content":{"rendered":"<figure id=\"attachment_8979\" aria-describedby=\"caption-attachment-8979\" style=\"width: 384px\" class=\"wp-caption aligncenter\"><a href=\"http:\/\/revistaregional.com.br\/site\/wp-content\/uploads\/2017\/03\/regionais-senac-salto.jpg\" rel=\"attachment wp-att-8979\"><img fetchpriority=\"high\" decoding=\"async\" class=\" wp-image-8979 \" src=\"http:\/\/revistaregional.com.br\/site\/wp-content\/uploads\/2017\/03\/regionais-senac-salto.jpg\" alt=\"\" width=\"384\" height=\"256\"><\/a><figcaption id=\"caption-attachment-8979\" class=\"wp-caption-text\">Reuni\u00e3o marcou a vinda do Senac para Salto<\/figcaption><\/figure>\n<p>O prefeito Geraldo Garcia participou, em fevereiro, de uma reuni\u00e3o com dirigentes do Senac Sorocaba, que confirmou a instala\u00e7\u00e3o de uma unidade da institui\u00e7\u00e3o de ensino em Salto. Durante a conversa, representantes da escola confirmaram a vinda da unidade, que ser\u00e1 constru\u00edda no Complexo do Instituto Solidare, e oferecer\u00e1 cursos e servi\u00e7os prestados pela institui\u00e7\u00e3o. Com mais de 70 anos de atividades, o Senac permanece contempor\u00e2neo e reafirma sua capacidade de inova\u00e7\u00e3o e renova\u00e7\u00e3o, atributo que o evidencia. Hoje, a institui\u00e7\u00e3o est\u00e1 fisicamente presente em mais de 40 munic\u00edpios, com 60 unidades, al\u00e9m de dois hot\u00e9is-escola e da Editora Senac S\u00e3o Paulo.<\/p>\n<p><em>&nbsp;foto: AI-Pref. Salto<\/em><\/p>\n","protected":false},"excerpt":{"rendered":"<p>O prefeito Geraldo Garcia participou, em fevereiro, de uma reuni\u00e3o com dirigentes do Senac Sorocaba, que confirmou a instala\u00e7\u00e3o de uma unidade da institui\u00e7\u00e3o de ensino em Salto. Durante a conversa, representantes da escola confirmaram a vinda da unidade, que ser\u00e1 constru\u00edda no Complexo do Instituto Solidare, e oferecer\u00e1 cursos e servi\u00e7os prestados pela institui\u00e7\u00e3o. [&hellip;]<\/p>\n","protected":false},"author":1,"featured_media":11480,"comment_status":"open","ping_status":"open","sticky":false,"template":"","format":"standard","meta":{"_acf_changed":false,"ngg_post_thumbnail":0,"_joinchat":[],"footnotes":""},"categories":[12],"tags":[527],"class_list":["post-8978","post","type-post","status-publish","format-standard","has-post-thumbnail","hentry","category-regionais","tag-regionais"],"acf":[],"yoast_head":"<!-- This site is optimized with the Yoast SEO plugin v27.4 - https:\/\/yoast.com\/product\/yoast-seo-wordpress\/ -->\n<title>Salto ter\u00e1 unidade do Senac - Revista Regional<\/title>\n<meta name=\"robots\" content=\"index, follow, max-snippet:-1, max-image-preview:large, max-video-preview:-1\" \/>\n<link rel=\"canonical\" href=\"https:\/\/revistaregional.com.br\/site\/2017\/03\/06\/salto-tera-unidade-do-senac\/\" \/>\n<meta property=\"og:locale\" content=\"pt_BR\" \/>\n<meta property=\"og:type\" content=\"article\" \/>\n<meta property=\"og:title\" content=\"Salto ter\u00e1 unidade do Senac - Revista Regional\" \/>\n<meta property=\"og:description\" content=\"O prefeito Geraldo Garcia participou, em fevereiro, de uma reuni\u00e3o com dirigentes do Senac Sorocaba, que confirmou a instala\u00e7\u00e3o de uma unidade da institui\u00e7\u00e3o de ensino em Salto. Durante a conversa, representantes da escola confirmaram a vinda da unidade, que ser\u00e1 constru\u00edda no Complexo do Instituto Solidare, e oferecer\u00e1 cursos e servi\u00e7os prestados pela institui\u00e7\u00e3o. [&hellip;]\" \/>\n<meta property=\"og:url\" content=\"https:\/\/revistaregional.com.br\/site\/2017\/03\/06\/salto-tera-unidade-do-senac\/\" \/>\n<meta property=\"og:site_name\" content=\"Revista Regional\" \/>\n<meta property=\"article:published_time\" content=\"2017-03-06T12:15:15+00:00\" \/>\n<meta property=\"article:modified_time\" content=\"2024-01-26T13:10:08+00:00\" \/>\n<meta property=\"og:image\" content=\"https:\/\/revistaregional.com.br\/site\/wp-content\/uploads\/2017\/03\/senac_salto.jpg\" \/>\n\t<meta property=\"og:image:width\" content=\"160\" \/>\n\t<meta property=\"og:image:height\" content=\"150\" \/>\n\t<meta property=\"og:image:type\" content=\"image\/jpeg\" \/>\n<meta name=\"author\" content=\"contato@revistaregional.com.br\" \/>\n<meta name=\"twitter:card\" content=\"summary_large_image\" \/>\n<meta name=\"twitter:label1\" content=\"Escrito por\" \/>\n\t<meta name=\"twitter:data1\" content=\"contato@revistaregional.com.br\" \/>\n\t<meta name=\"twitter:label2\" content=\"Est. tempo de leitura\" \/>\n\t<meta name=\"twitter:data2\" content=\"1 minuto\" \/>\n<script type=\"application\/ld+json\" class=\"yoast-schema-graph\">{\"@context\":\"https:\\\/\\\/schema.org\",\"@graph\":[{\"@type\":\"Article\",\"@id\":\"https:\\\/\\\/revistaregional.com.br\\\/site\\\/2017\\\/03\\\/06\\\/salto-tera-unidade-do-senac\\\/#article\",\"isPartOf\":{\"@id\":\"https:\\\/\\\/revistaregional.com.br\\\/site\\\/2017\\\/03\\\/06\\\/salto-tera-unidade-do-senac\\\/\"},\"author\":{\"name\":\"contato@revistaregional.com.br\",\"@id\":\"https:\\\/\\\/revistaregional.com.br\\\/site\\\/#\\\/schema\\\/person\\\/382af97c580dc1b18f55107bc316010d\"},\"headline\":\"Salto ter\u00e1 unidade do Senac\",\"datePublished\":\"2017-03-06T12:15:15+00:00\",\"dateModified\":\"2024-01-26T13:10:08+00:00\",\"mainEntityOfPage\":{\"@id\":\"https:\\\/\\\/revistaregional.com.br\\\/site\\\/2017\\\/03\\\/06\\\/salto-tera-unidade-do-senac\\\/\"},\"wordCount\":138,\"commentCount\":0,\"image\":{\"@id\":\"https:\\\/\\\/revistaregional.com.br\\\/site\\\/2017\\\/03\\\/06\\\/salto-tera-unidade-do-senac\\\/#primaryimage\"},\"thumbnailUrl\":\"https:\\\/\\\/revistaregional.com.br\\\/site\\\/wp-content\\\/uploads\\\/2017\\\/03\\\/senac_salto.jpg\",\"keywords\":[\"Regionais\"],\"articleSection\":[\"Regionais\"],\"inLanguage\":\"pt-BR\",\"potentialAction\":[{\"@type\":\"CommentAction\",\"name\":\"Comment\",\"target\":[\"https:\\\/\\\/revistaregional.com.br\\\/site\\\/2017\\\/03\\\/06\\\/salto-tera-unidade-do-senac\\\/#respond\"]}]},{\"@type\":\"WebPage\",\"@id\":\"https:\\\/\\\/revistaregional.com.br\\\/site\\\/2017\\\/03\\\/06\\\/salto-tera-unidade-do-senac\\\/\",\"url\":\"https:\\\/\\\/revistaregional.com.br\\\/site\\\/2017\\\/03\\\/06\\\/salto-tera-unidade-do-senac\\\/\",\"name\":\"Salto ter\u00e1 unidade do Senac - Revista Regional\",\"isPartOf\":{\"@id\":\"https:\\\/\\\/revistaregional.com.br\\\/site\\\/#website\"},\"primaryImageOfPage\":{\"@id\":\"https:\\\/\\\/revistaregional.com.br\\\/site\\\/2017\\\/03\\\/06\\\/salto-tera-unidade-do-senac\\\/#primaryimage\"},\"image\":{\"@id\":\"https:\\\/\\\/revistaregional.com.br\\\/site\\\/2017\\\/03\\\/06\\\/salto-tera-unidade-do-senac\\\/#primaryimage\"},\"thumbnailUrl\":\"https:\\\/\\\/revistaregional.com.br\\\/site\\\/wp-content\\\/uploads\\\/2017\\\/03\\\/senac_salto.jpg\",\"datePublished\":\"2017-03-06T12:15:15+00:00\",\"dateModified\":\"2024-01-26T13:10:08+00:00\",\"author\":{\"@id\":\"https:\\\/\\\/revistaregional.com.br\\\/site\\\/#\\\/schema\\\/person\\\/382af97c580dc1b18f55107bc316010d\"},\"breadcrumb\":{\"@id\":\"https:\\\/\\\/revistaregional.com.br\\\/site\\\/2017\\\/03\\\/06\\\/salto-tera-unidade-do-senac\\\/#breadcrumb\"},\"inLanguage\":\"pt-BR\",\"potentialAction\":[{\"@type\":\"ReadAction\",\"target\":[\"https:\\\/\\\/revistaregional.com.br\\\/site\\\/2017\\\/03\\\/06\\\/salto-tera-unidade-do-senac\\\/\"]}]},{\"@type\":\"ImageObject\",\"inLanguage\":\"pt-BR\",\"@id\":\"https:\\\/\\\/revistaregional.com.br\\\/site\\\/2017\\\/03\\\/06\\\/salto-tera-unidade-do-senac\\\/#primaryimage\",\"url\":\"https:\\\/\\\/revistaregional.com.br\\\/site\\\/wp-content\\\/uploads\\\/2017\\\/03\\\/senac_salto.jpg\",\"contentUrl\":\"https:\\\/\\\/revistaregional.com.br\\\/site\\\/wp-content\\\/uploads\\\/2017\\\/03\\\/senac_salto.jpg\",\"width\":160,\"height\":150},{\"@type\":\"BreadcrumbList\",\"@id\":\"https:\\\/\\\/revistaregional.com.br\\\/site\\\/2017\\\/03\\\/06\\\/salto-tera-unidade-do-senac\\\/#breadcrumb\",\"itemListElement\":[{\"@type\":\"ListItem\",\"position\":1,\"name\":\"In\u00edcio\",\"item\":\"https:\\\/\\\/revistaregional.com.br\\\/site\\\/\"},{\"@type\":\"ListItem\",\"position\":2,\"name\":\"Salto ter\u00e1 unidade do Senac\"}]},{\"@type\":\"WebSite\",\"@id\":\"https:\\\/\\\/revistaregional.com.br\\\/site\\\/#website\",\"url\":\"https:\\\/\\\/revistaregional.com.br\\\/site\\\/\",\"name\":\"Revista Regional\",\"description\":\"Salto - Itu - Indaituba\",\"potentialAction\":[{\"@type\":\"SearchAction\",\"target\":{\"@type\":\"EntryPoint\",\"urlTemplate\":\"https:\\\/\\\/revistaregional.com.br\\\/site\\\/?s={search_term_string}\"},\"query-input\":{\"@type\":\"PropertyValueSpecification\",\"valueRequired\":true,\"valueName\":\"search_term_string\"}}],\"inLanguage\":\"pt-BR\"},{\"@type\":\"Person\",\"@id\":\"https:\\\/\\\/revistaregional.com.br\\\/site\\\/#\\\/schema\\\/person\\\/382af97c580dc1b18f55107bc316010d\",\"name\":\"contato@revistaregional.com.br\",\"image\":{\"@type\":\"ImageObject\",\"inLanguage\":\"pt-BR\",\"@id\":\"https:\\\/\\\/secure.gravatar.com\\\/avatar\\\/869822917e96b2e292d5827e4635855396934485e7c4a0af84e9a214e32ca0cd?s=96&d=mm&r=g\",\"url\":\"https:\\\/\\\/secure.gravatar.com\\\/avatar\\\/869822917e96b2e292d5827e4635855396934485e7c4a0af84e9a214e32ca0cd?s=96&d=mm&r=g\",\"contentUrl\":\"https:\\\/\\\/secure.gravatar.com\\\/avatar\\\/869822917e96b2e292d5827e4635855396934485e7c4a0af84e9a214e32ca0cd?s=96&d=mm&r=g\",\"caption\":\"contato@revistaregional.com.br\"},\"url\":\"https:\\\/\\\/revistaregional.com.br\\\/site\\\/author\\\/contato@revistaregional.com.br\\\/\"}]}<\/script>\n<!-- \/ Yoast SEO plugin. -->","yoast_head_json":{"title":"Salto ter\u00e1 unidade do Senac - Revista Regional","robots":{"index":"index","follow":"follow","max-snippet":"max-snippet:-1","max-image-preview":"max-image-preview:large","max-video-preview":"max-video-preview:-1"},"canonical":"https:\/\/revistaregional.com.br\/site\/2017\/03\/06\/salto-tera-unidade-do-senac\/","og_locale":"pt_BR","og_type":"article","og_title":"Salto ter\u00e1 unidade do Senac - Revista Regional","og_description":"O prefeito Geraldo Garcia participou, em fevereiro, de uma reuni\u00e3o com dirigentes do Senac Sorocaba, que confirmou a instala\u00e7\u00e3o de uma unidade da institui\u00e7\u00e3o de ensino em Salto. Durante a conversa, representantes da escola confirmaram a vinda da unidade, que ser\u00e1 constru\u00edda no Complexo do Instituto Solidare, e oferecer\u00e1 cursos e servi\u00e7os prestados pela institui\u00e7\u00e3o. [&hellip;]","og_url":"https:\/\/revistaregional.com.br\/site\/2017\/03\/06\/salto-tera-unidade-do-senac\/","og_site_name":"Revista Regional","article_published_time":"2017-03-06T12:15:15+00:00","article_modified_time":"2024-01-26T13:10:08+00:00","og_image":[{"width":160,"height":150,"url":"https:\/\/revistaregional.com.br\/site\/wp-content\/uploads\/2017\/03\/senac_salto.jpg","type":"image\/jpeg"}],"author":"contato@revistaregional.com.br","twitter_card":"summary_large_image","twitter_misc":{"Escrito por":"contato@revistaregional.com.br","Est. tempo de leitura":"1 minuto"},"schema":{"@context":"https:\/\/schema.org","@graph":[{"@type":"Article","@id":"https:\/\/revistaregional.com.br\/site\/2017\/03\/06\/salto-tera-unidade-do-senac\/#article","isPartOf":{"@id":"https:\/\/revistaregional.com.br\/site\/2017\/03\/06\/salto-tera-unidade-do-senac\/"},"author":{"name":"contato@revistaregional.com.br","@id":"https:\/\/revistaregional.com.br\/site\/#\/schema\/person\/382af97c580dc1b18f55107bc316010d"},"headline":"Salto ter\u00e1 unidade do Senac","datePublished":"2017-03-06T12:15:15+00:00","dateModified":"2024-01-26T13:10:08+00:00","mainEntityOfPage":{"@id":"https:\/\/revistaregional.com.br\/site\/2017\/03\/06\/salto-tera-unidade-do-senac\/"},"wordCount":138,"commentCount":0,"image":{"@id":"https:\/\/revistaregional.com.br\/site\/2017\/03\/06\/salto-tera-unidade-do-senac\/#primaryimage"},"thumbnailUrl":"https:\/\/revistaregional.com.br\/site\/wp-content\/uploads\/2017\/03\/senac_salto.jpg","keywords":["Regionais"],"articleSection":["Regionais"],"inLanguage":"pt-BR","potentialAction":[{"@type":"CommentAction","name":"Comment","target":["https:\/\/revistaregional.com.br\/site\/2017\/03\/06\/salto-tera-unidade-do-senac\/#respond"]}]},{"@type":"WebPage","@id":"https:\/\/revistaregional.com.br\/site\/2017\/03\/06\/salto-tera-unidade-do-senac\/","url":"https:\/\/revistaregional.com.br\/site\/2017\/03\/06\/salto-tera-unidade-do-senac\/","name":"Salto ter\u00e1 unidade do Senac - Revista Regional","isPartOf":{"@id":"https:\/\/revistaregional.com.br\/site\/#website"},"primaryImageOfPage":{"@id":"https:\/\/revistaregional.com.br\/site\/2017\/03\/06\/salto-tera-unidade-do-senac\/#primaryimage"},"image":{"@id":"https:\/\/revistaregional.com.br\/site\/2017\/03\/06\/salto-tera-unidade-do-senac\/#primaryimage"},"thumbnailUrl":"https:\/\/revistaregional.com.br\/site\/wp-content\/uploads\/2017\/03\/senac_salto.jpg","datePublished":"2017-03-06T12:15:15+00:00","dateModified":"2024-01-26T13:10:08+00:00","author":{"@id":"https:\/\/revistaregional.com.br\/site\/#\/schema\/person\/382af97c580dc1b18f55107bc316010d"},"breadcrumb":{"@id":"https:\/\/revistaregional.com.br\/site\/2017\/03\/06\/salto-tera-unidade-do-senac\/#breadcrumb"},"inLanguage":"pt-BR","potentialAction":[{"@type":"ReadAction","target":["https:\/\/revistaregional.com.br\/site\/2017\/03\/06\/salto-tera-unidade-do-senac\/"]}]},{"@type":"ImageObject","inLanguage":"pt-BR","@id":"https:\/\/revistaregional.com.br\/site\/2017\/03\/06\/salto-tera-unidade-do-senac\/#primaryimage","url":"https:\/\/revistaregional.com.br\/site\/wp-content\/uploads\/2017\/03\/senac_salto.jpg","contentUrl":"https:\/\/revistaregional.com.br\/site\/wp-content\/uploads\/2017\/03\/senac_salto.jpg","width":160,"height":150},{"@type":"BreadcrumbList","@id":"https:\/\/revistaregional.com.br\/site\/2017\/03\/06\/salto-tera-unidade-do-senac\/#breadcrumb","itemListElement":[{"@type":"ListItem","position":1,"name":"In\u00edcio","item":"https:\/\/revistaregional.com.br\/site\/"},{"@type":"ListItem","position":2,"name":"Salto ter\u00e1 unidade do Senac"}]},{"@type":"WebSite","@id":"https:\/\/revistaregional.com.br\/site\/#website","url":"https:\/\/revistaregional.com.br\/site\/","name":"Revista Regional","description":"Salto - Itu - Indaituba","potentialAction":[{"@type":"SearchAction","target":{"@type":"EntryPoint","urlTemplate":"https:\/\/revistaregional.com.br\/site\/?s={search_term_string}"},"query-input":{"@type":"PropertyValueSpecification","valueRequired":true,"valueName":"search_term_string"}}],"inLanguage":"pt-BR"},{"@type":"Person","@id":"https:\/\/revistaregional.com.br\/site\/#\/schema\/person\/382af97c580dc1b18f55107bc316010d","name":"contato@revistaregional.com.br","image":{"@type":"ImageObject","inLanguage":"pt-BR","@id":"https:\/\/secure.gravatar.com\/avatar\/869822917e96b2e292d5827e4635855396934485e7c4a0af84e9a214e32ca0cd?s=96&d=mm&r=g","url":"https:\/\/secure.gravatar.com\/avatar\/869822917e96b2e292d5827e4635855396934485e7c4a0af84e9a214e32ca0cd?s=96&d=mm&r=g","contentUrl":"https:\/\/secure.gravatar.com\/avatar\/869822917e96b2e292d5827e4635855396934485e7c4a0af84e9a214e32ca0cd?s=96&d=mm&r=g","caption":"contato@revistaregional.com.br"},"url":"https:\/\/revistaregional.com.br\/site\/author\/contato@revistaregional.com.br\/"}]}},"views":67,"_links":{"self":[{"href":"https:\/\/revistaregional.com.br\/site\/wp-json\/wp\/v2\/posts\/8978","targetHints":{"allow":["GET"]}}],"collection":[{"href":"https:\/\/revistaregional.com.br\/site\/wp-json\/wp\/v2\/posts"}],"about":[{"href":"https:\/\/revistaregional.com.br\/site\/wp-json\/wp\/v2\/types\/post"}],"author":[{"embeddable":true,"href":"https:\/\/revistaregional.com.br\/site\/wp-json\/wp\/v2\/users\/1"}],"replies":[{"embeddable":true,"href":"https:\/\/revistaregional.com.br\/site\/wp-json\/wp\/v2\/comments?post=8978"}],"version-history":[{"count":1,"href":"https:\/\/revistaregional.com.br\/site\/wp-json\/wp\/v2\/posts\/8978\/revisions"}],"predecessor-version":[{"id":11486,"href":"https:\/\/revistaregional.com.br\/site\/wp-json\/wp\/v2\/posts\/8978\/revisions\/11486"}],"wp:featuredmedia":[{"embeddable":true,"href":"https:\/\/revistaregional.com.br\/site\/wp-json\/wp\/v2\/media\/11480"}],"wp:attachment":[{"href":"https:\/\/revistaregional.com.br\/site\/wp-json\/wp\/v2\/media?parent=8978"}],"wp:term":[{"taxonomy":"category","embeddable":true,"href":"https:\/\/revistaregional.com.br\/site\/wp-json\/wp\/v2\/categories?post=8978"},{"taxonomy":"post_tag","embeddable":true,"href":"https:\/\/revistaregional.com.br\/site\/wp-json\/wp\/v2\/tags?post=8978"}],"curies":[{"name":"wp","href":"https:\/\/api.w.org\/{rel}","templated":true}]}}