{"id":8943,"date":"2016-05-13T11:03:27","date_gmt":"2016-05-13T14:03:27","guid":{"rendered":"http:\/\/revistaregional.com.br\/site\/?p=8017"},"modified":"2024-01-26T10:10:54","modified_gmt":"2024-01-26T13:10:54","slug":"indaiatuba-clube-tera-festa-junina","status":"publish","type":"post","link":"https:\/\/revistaregional.com.br\/site\/2016\/05\/13\/indaiatuba-clube-tera-festa-junina\/","title":{"rendered":"Indaiatuba Clube ter\u00e1 Festa Junina"},"content":{"rendered":"<figure id=\"attachment_8018\" aria-describedby=\"caption-attachment-8018\" style=\"width: 346px\" class=\"wp-caption aligncenter\"><a href=\"http:\/\/revistaregional.com.br\/site\/wp-content\/uploads\/2016\/05\/site-e-FACE-festa-junina-no-IC.jpg\" rel=\"attachment wp-att-8018\"><img fetchpriority=\"high\" decoding=\"async\" class=\" wp-image-8018 \" src=\"http:\/\/revistaregional.com.br\/site\/wp-content\/uploads\/2016\/05\/site-e-FACE-festa-junina-no-IC.jpg\" alt=\"\" width=\"346\" height=\"229\"><\/a><figcaption id=\"caption-attachment-8018\" class=\"wp-caption-text\">Quadrilha na festa junina do ano passado<\/figcaption><\/figure>\n<p>A Festa Junina mais tradicional da cidade de Indaiatuba j\u00e1 tem data para acontecer. No dia 03 de junho, a partir das 18h30, o Sal\u00e3o Social do Indaiatuba Clube vai se transformar no palco da alegria e divers\u00e3o do melhor \u2018arrai\u00e1\u2019 da cidade.<\/p>\n<p>Como acontece em todos os anos, o evento de 2016 ter\u00e1 toda a sua renda revertida para entidades assistenciais do munic\u00edpio. Neste ano ser\u00e3o beneficiadas a Casa da Mulher, Educand\u00e1rios Deus e a Natureza, Irm\u00e3 Dulce, Lar de Velhos Emmanuel, Volacc, Lions Club e Rotary Clube.<\/p>\n<p>E ser\u00e3o as pr\u00f3prias entidades que v\u00e3o levar ao p\u00fablico as tradicionais barracas com as bebidas e comidas t\u00edpicas dessa que \u00e9 uma das maiores festas popular do Brasil, com milho verde, pipoca, cachorro quente, espetos, past\u00e9is, lanches de lingui\u00e7a, cuscuz, doces variados, vinho quente, quent\u00e3o e outras bebidas e comidas.<\/p>\n<p>A anima\u00e7\u00e3o do evento, que ter\u00e1 as quadrilhas feitas pelos alunos da Escola de Educa\u00e7\u00e3o Infantil Bal\u00e3o M\u00e1gico, ser\u00e1 feita pelo cantor Fritz e Seus Teclados e o VJ Ronaldo Ambiel.<\/p>\n<p>Os ingressos para a festa j\u00e1 podem ser adquiridos junto \u00e0 Secretaria Social do Indaiatuba Clube, na Escola Bal\u00e3o M\u00e1gicos e nas entidades participantes. Associados n\u00e3o pagam.<\/p>\n<p><strong>&nbsp;<\/strong><em>foto: Imprensa &#8211; IC<\/em><\/p>\n","protected":false},"excerpt":{"rendered":"<p>A Festa Junina mais tradicional da cidade de Indaiatuba j\u00e1 tem data para acontecer. No dia 03 de junho, a partir das 18h30, o Sal\u00e3o Social do Indaiatuba Clube vai se transformar no palco da alegria e divers\u00e3o do melhor \u2018arrai\u00e1\u2019 da cidade. Como acontece em todos os anos, o evento de 2016 ter\u00e1 toda [&hellip;]<\/p>\n","protected":false},"author":1,"featured_media":11550,"comment_status":"open","ping_status":"open","sticky":false,"template":"","format":"standard","meta":{"_acf_changed":false,"ngg_post_thumbnail":0,"_joinchat":[],"footnotes":""},"categories":[12],"tags":[527],"class_list":["post-8943","post","type-post","status-publish","format-standard","has-post-thumbnail","hentry","category-regionais","tag-regionais"],"acf":[],"yoast_head":"<!-- This site is optimized with the Yoast SEO plugin v27.4 - https:\/\/yoast.com\/product\/yoast-seo-wordpress\/ -->\n<title>Indaiatuba Clube ter\u00e1 Festa Junina - Revista Regional<\/title>\n<meta name=\"robots\" content=\"index, follow, max-snippet:-1, max-image-preview:large, max-video-preview:-1\" \/>\n<link rel=\"canonical\" href=\"https:\/\/revistaregional.com.br\/site\/2016\/05\/13\/indaiatuba-clube-tera-festa-junina\/\" \/>\n<meta property=\"og:locale\" content=\"pt_BR\" \/>\n<meta property=\"og:type\" content=\"article\" \/>\n<meta property=\"og:title\" content=\"Indaiatuba Clube ter\u00e1 Festa Junina - Revista Regional\" \/>\n<meta property=\"og:description\" content=\"A Festa Junina mais tradicional da cidade de Indaiatuba j\u00e1 tem data para acontecer. No dia 03 de junho, a partir das 18h30, o Sal\u00e3o Social do Indaiatuba Clube vai se transformar no palco da alegria e divers\u00e3o do melhor \u2018arrai\u00e1\u2019 da cidade. Como acontece em todos os anos, o evento de 2016 ter\u00e1 toda [&hellip;]\" \/>\n<meta property=\"og:url\" content=\"https:\/\/revistaregional.com.br\/site\/2016\/05\/13\/indaiatuba-clube-tera-festa-junina\/\" \/>\n<meta property=\"og:site_name\" content=\"Revista Regional\" \/>\n<meta property=\"article:published_time\" content=\"2016-05-13T14:03:27+00:00\" \/>\n<meta property=\"article:modified_time\" content=\"2024-01-26T13:10:54+00:00\" \/>\n<meta property=\"og:image\" content=\"https:\/\/revistaregional.com.br\/site\/wp-content\/uploads\/2016\/06\/indaiatuba_cluve.jpg\" \/>\n\t<meta property=\"og:image:width\" content=\"160\" \/>\n\t<meta property=\"og:image:height\" content=\"150\" \/>\n\t<meta property=\"og:image:type\" content=\"image\/jpeg\" \/>\n<meta name=\"author\" content=\"contato@revistaregional.com.br\" \/>\n<meta name=\"twitter:card\" content=\"summary_large_image\" \/>\n<meta name=\"twitter:label1\" content=\"Escrito por\" \/>\n\t<meta name=\"twitter:data1\" content=\"contato@revistaregional.com.br\" \/>\n\t<meta name=\"twitter:label2\" content=\"Est. tempo de leitura\" \/>\n\t<meta name=\"twitter:data2\" content=\"1 minuto\" \/>\n<script type=\"application\/ld+json\" class=\"yoast-schema-graph\">{\"@context\":\"https:\\\/\\\/schema.org\",\"@graph\":[{\"@type\":\"Article\",\"@id\":\"https:\\\/\\\/revistaregional.com.br\\\/site\\\/2016\\\/05\\\/13\\\/indaiatuba-clube-tera-festa-junina\\\/#article\",\"isPartOf\":{\"@id\":\"https:\\\/\\\/revistaregional.com.br\\\/site\\\/2016\\\/05\\\/13\\\/indaiatuba-clube-tera-festa-junina\\\/\"},\"author\":{\"name\":\"contato@revistaregional.com.br\",\"@id\":\"https:\\\/\\\/revistaregional.com.br\\\/site\\\/#\\\/schema\\\/person\\\/382af97c580dc1b18f55107bc316010d\"},\"headline\":\"Indaiatuba Clube ter\u00e1 Festa Junina\",\"datePublished\":\"2016-05-13T14:03:27+00:00\",\"dateModified\":\"2024-01-26T13:10:54+00:00\",\"mainEntityOfPage\":{\"@id\":\"https:\\\/\\\/revistaregional.com.br\\\/site\\\/2016\\\/05\\\/13\\\/indaiatuba-clube-tera-festa-junina\\\/\"},\"wordCount\":238,\"commentCount\":0,\"image\":{\"@id\":\"https:\\\/\\\/revistaregional.com.br\\\/site\\\/2016\\\/05\\\/13\\\/indaiatuba-clube-tera-festa-junina\\\/#primaryimage\"},\"thumbnailUrl\":\"https:\\\/\\\/revistaregional.com.br\\\/site\\\/wp-content\\\/uploads\\\/2016\\\/06\\\/indaiatuba_cluve.jpg\",\"keywords\":[\"Regionais\"],\"articleSection\":[\"Regionais\"],\"inLanguage\":\"pt-BR\",\"potentialAction\":[{\"@type\":\"CommentAction\",\"name\":\"Comment\",\"target\":[\"https:\\\/\\\/revistaregional.com.br\\\/site\\\/2016\\\/05\\\/13\\\/indaiatuba-clube-tera-festa-junina\\\/#respond\"]}]},{\"@type\":\"WebPage\",\"@id\":\"https:\\\/\\\/revistaregional.com.br\\\/site\\\/2016\\\/05\\\/13\\\/indaiatuba-clube-tera-festa-junina\\\/\",\"url\":\"https:\\\/\\\/revistaregional.com.br\\\/site\\\/2016\\\/05\\\/13\\\/indaiatuba-clube-tera-festa-junina\\\/\",\"name\":\"Indaiatuba Clube ter\u00e1 Festa Junina - Revista Regional\",\"isPartOf\":{\"@id\":\"https:\\\/\\\/revistaregional.com.br\\\/site\\\/#website\"},\"primaryImageOfPage\":{\"@id\":\"https:\\\/\\\/revistaregional.com.br\\\/site\\\/2016\\\/05\\\/13\\\/indaiatuba-clube-tera-festa-junina\\\/#primaryimage\"},\"image\":{\"@id\":\"https:\\\/\\\/revistaregional.com.br\\\/site\\\/2016\\\/05\\\/13\\\/indaiatuba-clube-tera-festa-junina\\\/#primaryimage\"},\"thumbnailUrl\":\"https:\\\/\\\/revistaregional.com.br\\\/site\\\/wp-content\\\/uploads\\\/2016\\\/06\\\/indaiatuba_cluve.jpg\",\"datePublished\":\"2016-05-13T14:03:27+00:00\",\"dateModified\":\"2024-01-26T13:10:54+00:00\",\"author\":{\"@id\":\"https:\\\/\\\/revistaregional.com.br\\\/site\\\/#\\\/schema\\\/person\\\/382af97c580dc1b18f55107bc316010d\"},\"breadcrumb\":{\"@id\":\"https:\\\/\\\/revistaregional.com.br\\\/site\\\/2016\\\/05\\\/13\\\/indaiatuba-clube-tera-festa-junina\\\/#breadcrumb\"},\"inLanguage\":\"pt-BR\",\"potentialAction\":[{\"@type\":\"ReadAction\",\"target\":[\"https:\\\/\\\/revistaregional.com.br\\\/site\\\/2016\\\/05\\\/13\\\/indaiatuba-clube-tera-festa-junina\\\/\"]}]},{\"@type\":\"ImageObject\",\"inLanguage\":\"pt-BR\",\"@id\":\"https:\\\/\\\/revistaregional.com.br\\\/site\\\/2016\\\/05\\\/13\\\/indaiatuba-clube-tera-festa-junina\\\/#primaryimage\",\"url\":\"https:\\\/\\\/revistaregional.com.br\\\/site\\\/wp-content\\\/uploads\\\/2016\\\/06\\\/indaiatuba_cluve.jpg\",\"contentUrl\":\"https:\\\/\\\/revistaregional.com.br\\\/site\\\/wp-content\\\/uploads\\\/2016\\\/06\\\/indaiatuba_cluve.jpg\",\"width\":160,\"height\":150},{\"@type\":\"BreadcrumbList\",\"@id\":\"https:\\\/\\\/revistaregional.com.br\\\/site\\\/2016\\\/05\\\/13\\\/indaiatuba-clube-tera-festa-junina\\\/#breadcrumb\",\"itemListElement\":[{\"@type\":\"ListItem\",\"position\":1,\"name\":\"In\u00edcio\",\"item\":\"https:\\\/\\\/revistaregional.com.br\\\/site\\\/\"},{\"@type\":\"ListItem\",\"position\":2,\"name\":\"Indaiatuba Clube ter\u00e1 Festa Junina\"}]},{\"@type\":\"WebSite\",\"@id\":\"https:\\\/\\\/revistaregional.com.br\\\/site\\\/#website\",\"url\":\"https:\\\/\\\/revistaregional.com.br\\\/site\\\/\",\"name\":\"Revista Regional\",\"description\":\"Salto - Itu - Indaituba\",\"potentialAction\":[{\"@type\":\"SearchAction\",\"target\":{\"@type\":\"EntryPoint\",\"urlTemplate\":\"https:\\\/\\\/revistaregional.com.br\\\/site\\\/?s={search_term_string}\"},\"query-input\":{\"@type\":\"PropertyValueSpecification\",\"valueRequired\":true,\"valueName\":\"search_term_string\"}}],\"inLanguage\":\"pt-BR\"},{\"@type\":\"Person\",\"@id\":\"https:\\\/\\\/revistaregional.com.br\\\/site\\\/#\\\/schema\\\/person\\\/382af97c580dc1b18f55107bc316010d\",\"name\":\"contato@revistaregional.com.br\",\"image\":{\"@type\":\"ImageObject\",\"inLanguage\":\"pt-BR\",\"@id\":\"https:\\\/\\\/secure.gravatar.com\\\/avatar\\\/869822917e96b2e292d5827e4635855396934485e7c4a0af84e9a214e32ca0cd?s=96&d=mm&r=g\",\"url\":\"https:\\\/\\\/secure.gravatar.com\\\/avatar\\\/869822917e96b2e292d5827e4635855396934485e7c4a0af84e9a214e32ca0cd?s=96&d=mm&r=g\",\"contentUrl\":\"https:\\\/\\\/secure.gravatar.com\\\/avatar\\\/869822917e96b2e292d5827e4635855396934485e7c4a0af84e9a214e32ca0cd?s=96&d=mm&r=g\",\"caption\":\"contato@revistaregional.com.br\"},\"url\":\"https:\\\/\\\/revistaregional.com.br\\\/site\\\/author\\\/contato@revistaregional.com.br\\\/\"}]}<\/script>\n<!-- \/ Yoast SEO plugin. -->","yoast_head_json":{"title":"Indaiatuba Clube ter\u00e1 Festa Junina - Revista Regional","robots":{"index":"index","follow":"follow","max-snippet":"max-snippet:-1","max-image-preview":"max-image-preview:large","max-video-preview":"max-video-preview:-1"},"canonical":"https:\/\/revistaregional.com.br\/site\/2016\/05\/13\/indaiatuba-clube-tera-festa-junina\/","og_locale":"pt_BR","og_type":"article","og_title":"Indaiatuba Clube ter\u00e1 Festa Junina - Revista Regional","og_description":"A Festa Junina mais tradicional da cidade de Indaiatuba j\u00e1 tem data para acontecer. No dia 03 de junho, a partir das 18h30, o Sal\u00e3o Social do Indaiatuba Clube vai se transformar no palco da alegria e divers\u00e3o do melhor \u2018arrai\u00e1\u2019 da cidade. Como acontece em todos os anos, o evento de 2016 ter\u00e1 toda [&hellip;]","og_url":"https:\/\/revistaregional.com.br\/site\/2016\/05\/13\/indaiatuba-clube-tera-festa-junina\/","og_site_name":"Revista Regional","article_published_time":"2016-05-13T14:03:27+00:00","article_modified_time":"2024-01-26T13:10:54+00:00","og_image":[{"width":160,"height":150,"url":"https:\/\/revistaregional.com.br\/site\/wp-content\/uploads\/2016\/06\/indaiatuba_cluve.jpg","type":"image\/jpeg"}],"author":"contato@revistaregional.com.br","twitter_card":"summary_large_image","twitter_misc":{"Escrito por":"contato@revistaregional.com.br","Est. tempo de leitura":"1 minuto"},"schema":{"@context":"https:\/\/schema.org","@graph":[{"@type":"Article","@id":"https:\/\/revistaregional.com.br\/site\/2016\/05\/13\/indaiatuba-clube-tera-festa-junina\/#article","isPartOf":{"@id":"https:\/\/revistaregional.com.br\/site\/2016\/05\/13\/indaiatuba-clube-tera-festa-junina\/"},"author":{"name":"contato@revistaregional.com.br","@id":"https:\/\/revistaregional.com.br\/site\/#\/schema\/person\/382af97c580dc1b18f55107bc316010d"},"headline":"Indaiatuba Clube ter\u00e1 Festa Junina","datePublished":"2016-05-13T14:03:27+00:00","dateModified":"2024-01-26T13:10:54+00:00","mainEntityOfPage":{"@id":"https:\/\/revistaregional.com.br\/site\/2016\/05\/13\/indaiatuba-clube-tera-festa-junina\/"},"wordCount":238,"commentCount":0,"image":{"@id":"https:\/\/revistaregional.com.br\/site\/2016\/05\/13\/indaiatuba-clube-tera-festa-junina\/#primaryimage"},"thumbnailUrl":"https:\/\/revistaregional.com.br\/site\/wp-content\/uploads\/2016\/06\/indaiatuba_cluve.jpg","keywords":["Regionais"],"articleSection":["Regionais"],"inLanguage":"pt-BR","potentialAction":[{"@type":"CommentAction","name":"Comment","target":["https:\/\/revistaregional.com.br\/site\/2016\/05\/13\/indaiatuba-clube-tera-festa-junina\/#respond"]}]},{"@type":"WebPage","@id":"https:\/\/revistaregional.com.br\/site\/2016\/05\/13\/indaiatuba-clube-tera-festa-junina\/","url":"https:\/\/revistaregional.com.br\/site\/2016\/05\/13\/indaiatuba-clube-tera-festa-junina\/","name":"Indaiatuba Clube ter\u00e1 Festa Junina - Revista Regional","isPartOf":{"@id":"https:\/\/revistaregional.com.br\/site\/#website"},"primaryImageOfPage":{"@id":"https:\/\/revistaregional.com.br\/site\/2016\/05\/13\/indaiatuba-clube-tera-festa-junina\/#primaryimage"},"image":{"@id":"https:\/\/revistaregional.com.br\/site\/2016\/05\/13\/indaiatuba-clube-tera-festa-junina\/#primaryimage"},"thumbnailUrl":"https:\/\/revistaregional.com.br\/site\/wp-content\/uploads\/2016\/06\/indaiatuba_cluve.jpg","datePublished":"2016-05-13T14:03:27+00:00","dateModified":"2024-01-26T13:10:54+00:00","author":{"@id":"https:\/\/revistaregional.com.br\/site\/#\/schema\/person\/382af97c580dc1b18f55107bc316010d"},"breadcrumb":{"@id":"https:\/\/revistaregional.com.br\/site\/2016\/05\/13\/indaiatuba-clube-tera-festa-junina\/#breadcrumb"},"inLanguage":"pt-BR","potentialAction":[{"@type":"ReadAction","target":["https:\/\/revistaregional.com.br\/site\/2016\/05\/13\/indaiatuba-clube-tera-festa-junina\/"]}]},{"@type":"ImageObject","inLanguage":"pt-BR","@id":"https:\/\/revistaregional.com.br\/site\/2016\/05\/13\/indaiatuba-clube-tera-festa-junina\/#primaryimage","url":"https:\/\/revistaregional.com.br\/site\/wp-content\/uploads\/2016\/06\/indaiatuba_cluve.jpg","contentUrl":"https:\/\/revistaregional.com.br\/site\/wp-content\/uploads\/2016\/06\/indaiatuba_cluve.jpg","width":160,"height":150},{"@type":"BreadcrumbList","@id":"https:\/\/revistaregional.com.br\/site\/2016\/05\/13\/indaiatuba-clube-tera-festa-junina\/#breadcrumb","itemListElement":[{"@type":"ListItem","position":1,"name":"In\u00edcio","item":"https:\/\/revistaregional.com.br\/site\/"},{"@type":"ListItem","position":2,"name":"Indaiatuba Clube ter\u00e1 Festa Junina"}]},{"@type":"WebSite","@id":"https:\/\/revistaregional.com.br\/site\/#website","url":"https:\/\/revistaregional.com.br\/site\/","name":"Revista Regional","description":"Salto - Itu - Indaituba","potentialAction":[{"@type":"SearchAction","target":{"@type":"EntryPoint","urlTemplate":"https:\/\/revistaregional.com.br\/site\/?s={search_term_string}"},"query-input":{"@type":"PropertyValueSpecification","valueRequired":true,"valueName":"search_term_string"}}],"inLanguage":"pt-BR"},{"@type":"Person","@id":"https:\/\/revistaregional.com.br\/site\/#\/schema\/person\/382af97c580dc1b18f55107bc316010d","name":"contato@revistaregional.com.br","image":{"@type":"ImageObject","inLanguage":"pt-BR","@id":"https:\/\/secure.gravatar.com\/avatar\/869822917e96b2e292d5827e4635855396934485e7c4a0af84e9a214e32ca0cd?s=96&d=mm&r=g","url":"https:\/\/secure.gravatar.com\/avatar\/869822917e96b2e292d5827e4635855396934485e7c4a0af84e9a214e32ca0cd?s=96&d=mm&r=g","contentUrl":"https:\/\/secure.gravatar.com\/avatar\/869822917e96b2e292d5827e4635855396934485e7c4a0af84e9a214e32ca0cd?s=96&d=mm&r=g","caption":"contato@revistaregional.com.br"},"url":"https:\/\/revistaregional.com.br\/site\/author\/contato@revistaregional.com.br\/"}]}},"views":115,"_links":{"self":[{"href":"https:\/\/revistaregional.com.br\/site\/wp-json\/wp\/v2\/posts\/8943","targetHints":{"allow":["GET"]}}],"collection":[{"href":"https:\/\/revistaregional.com.br\/site\/wp-json\/wp\/v2\/posts"}],"about":[{"href":"https:\/\/revistaregional.com.br\/site\/wp-json\/wp\/v2\/types\/post"}],"author":[{"embeddable":true,"href":"https:\/\/revistaregional.com.br\/site\/wp-json\/wp\/v2\/users\/1"}],"replies":[{"embeddable":true,"href":"https:\/\/revistaregional.com.br\/site\/wp-json\/wp\/v2\/comments?post=8943"}],"version-history":[{"count":1,"href":"https:\/\/revistaregional.com.br\/site\/wp-json\/wp\/v2\/posts\/8943\/revisions"}],"predecessor-version":[{"id":11556,"href":"https:\/\/revistaregional.com.br\/site\/wp-json\/wp\/v2\/posts\/8943\/revisions\/11556"}],"wp:featuredmedia":[{"embeddable":true,"href":"https:\/\/revistaregional.com.br\/site\/wp-json\/wp\/v2\/media\/11550"}],"wp:attachment":[{"href":"https:\/\/revistaregional.com.br\/site\/wp-json\/wp\/v2\/media?parent=8943"}],"wp:term":[{"taxonomy":"category","embeddable":true,"href":"https:\/\/revistaregional.com.br\/site\/wp-json\/wp\/v2\/categories?post=8943"},{"taxonomy":"post_tag","embeddable":true,"href":"https:\/\/revistaregional.com.br\/site\/wp-json\/wp\/v2\/tags?post=8943"}],"curies":[{"name":"wp","href":"https:\/\/api.w.org\/{rel}","templated":true}]}}