{"id":886,"date":"2011-03-16T15:15:23","date_gmt":"2011-03-16T18:15:23","guid":{"rendered":"http:\/\/revistaregional.com.br\/site\/?p=886"},"modified":"2024-01-26T09:50:59","modified_gmt":"2024-01-26T12:50:59","slug":"conheca-os-ganhadores-dos-ingressos","status":"publish","type":"post","link":"https:\/\/revistaregional.com.br\/site\/2011\/03\/16\/conheca-os-ganhadores-dos-ingressos\/","title":{"rendered":"Conhe\u00e7a os ganhadores dos ingressos"},"content":{"rendered":"<figure id=\"attachment_887\" aria-describedby=\"caption-attachment-887\" style=\"width: 384px\" class=\"wp-caption alignleft\"><a rel=\"attachment wp-att-887\" href=\"http:\/\/revistaregional.com.br\/site\/wp-content\/uploads\/2011\/03\/site-peca-2.jpg\"><img fetchpriority=\"high\" decoding=\"async\" class=\"size-full wp-image-887 \" src=\"http:\/\/revistaregional.com.br\/site\/wp-content\/uploads\/2011\/03\/site-peca-2.jpg\" alt=\"\" width=\"384\" height=\"255\" srcset=\"https:\/\/revistaregional.com.br\/site\/wp-content\/uploads\/2011\/03\/site-peca-2.jpg 640w, https:\/\/revistaregional.com.br\/site\/wp-content\/uploads\/2011\/03\/site-peca-2-300x199.jpg 300w\" sizes=\"(max-width: 384px) 100vw, 384px\" \/><\/a><figcaption id=\"caption-attachment-887\" class=\"wp-caption-text\">Angela Vieira \u00e9 o destaque da pe\u00e7a deste fim de semana, em Salto<\/figcaption><\/figure>\n<p>Os ganhadores dos ingressos para assistir ao espet\u00e1culo &#8220;O Matador de Santas&#8221;, neste domingo, dia 20, na Sala Palma de Ouro, em Salto foram:<\/p>\n<p><strong>Elisete Lucas, de Salto<\/strong><\/p>\n<p><strong>Ildely Marques de Oliveira, de Itu<\/strong><\/p>\n<p><strong>Osmar Vieira Cascaes Filho, de Salto<\/strong><\/p>\n<p>Eles t\u00eam at\u00e9 sexta-feira para passar na Reda\u00e7\u00e3o da revista, em Salto, portando RG, para retirar os convites.<\/p>\n<p><strong>A pe\u00e7a<\/strong><\/p>\n<h3><strong>\u201cO Matador de Santas\u201d, com a atriz global \u00c2ngela Vieira, tem apresenta\u00e7\u00e3o local da Revista Regional e patroc\u00ednio exclusivo da Kia Motors, com produ\u00e7\u00e3o da GT Produ\u00e7\u00f5es Teatrais.<\/strong><\/h3>\n<p>A hist\u00f3ria do espet\u00e1culo gira em torno de Jorgina, uma mulher de meia idade, \u00e1cida como uma ave de rapina. Vive com\u00a0o marido e a filha\u00a0num pequeno apartamento em um bairro de classe m\u00e9dia de uma cidade qualquer. Mulher\u00a0extravagante, repleta de\u00a0certezas a respeito de tudo que a cerca, suspeita que seu vizinho seja um assassino, conhecido como o matador de santas. Casada com Baltazar, um velho que vive arrastando os chinelos, e m\u00e3e de Queridinha, mo\u00e7a de uma beleza f\u00fanebre, Jorgina controla a vida da fam\u00edlia e tamb\u00e9m do noivo da filha, um jovem m\u00e9dico chamado Diego, belo como um anjo.<\/p>\n<p><em>\u201cO Matador de Santas\u201d<\/em> \u00e9 a trajet\u00f3ria desta anti-hero\u00edna que usa seu humor peculiar como v\u00e1lvula de escape de uma sociedade contempor\u00e2nea devorada pela solid\u00e3o. J\u00f4 Bilac, o autor, \u00e9 um dos jovens dramaturgos\u00a0de maior destaque no novo cen\u00e1rio teatral da cidade, respons\u00e1vel por \u00eaxitos teatrais recentes de cr\u00edtica e p\u00fablico, como \u201cCachorro\u201d, \u201cO Rebu\u201d e \u201cSavana Glacial\u201d.<\/p>\n<p>Estabelecendo um paralelo com alguns filmes de Pedro Almod\u00f3var,\u00a0pe\u00e7as de Nelson Rodrigues e a est\u00e9tica de\u00a0Pierre et Gilles, David Lachapelle e Philippe Starck, o diretor Guilherme Leme conta com um elenco de atores consagrados no cen\u00e1rio art\u00edstico brasileiro. Angela Vieira, atriz de renome no teatro, cinema e televis\u00e3o; Izabella Bicalho, jovem atriz veterana nos palcos e na tela, aclamada por sua recente performance como Joana, do musical \u201cGota D\u2019\u00c1gua\u201d e\u00a0 Rafael Sieg, ator de expressiva participa\u00e7\u00e3o no cinema ga\u00facho. Para completar o time, o experiente ator Tonico Pereira.<\/p>\n<p><strong>MAIS:<\/strong> <em>A apresenta\u00e7\u00e3o em Salto ser\u00e1 no domingo, 20 de mar\u00e7o, \u00e0s 20h, na Sala Palma de Ouro (rua Prudente de Moraes, 580, Centro). Tel.: (11) 4602-8694. Os ingressos podem ser comprados pelo site <a href=\"http:\/\/www.bilheteria.com\/\">www.bilheteria.com<\/a> ou na bilheteria do pr\u00f3prio teatro (aberta de segunda a sexta das 8h \u00e0s 21h \/ s\u00e1bados e domingo a partir das 14h at\u00e9 in\u00edcio dos espet\u00e1culos).<\/em><\/p>\n<p>&nbsp;<\/p>\n<p><strong>foto: Divulga\u00e7\u00e3o<\/strong><\/p>\n<p><strong><br \/>\n<\/strong><\/p>\n","protected":false},"excerpt":{"rendered":"<p>Os ganhadores dos ingressos para assistir ao espet\u00e1culo &#8220;O Matador de Santas&#8221;, neste domingo, dia 20, na Sala Palma de Ouro, em Salto foram: Elisete Lucas, de Salto Ildely Marques de Oliveira, de Itu Osmar Vieira Cascaes Filho, de Salto Eles t\u00eam at\u00e9 sexta-feira para passar na Reda\u00e7\u00e3o da revista, em Salto, portando RG, para [&hellip;]<\/p>\n","protected":false},"author":1,"featured_media":887,"comment_status":"open","ping_status":"open","sticky":false,"template":"","format":"standard","meta":{"_acf_changed":false,"ngg_post_thumbnail":0,"_joinchat":[],"footnotes":""},"categories":[12],"tags":[527],"class_list":["post-886","post","type-post","status-publish","format-standard","has-post-thumbnail","hentry","category-regionais","tag-regionais"],"acf":[],"yoast_head":"<!-- This site is optimized with the Yoast SEO plugin v27.4 - https:\/\/yoast.com\/product\/yoast-seo-wordpress\/ -->\n<title>Conhe\u00e7a os ganhadores dos ingressos - Revista Regional<\/title>\n<meta name=\"robots\" content=\"index, follow, max-snippet:-1, max-image-preview:large, max-video-preview:-1\" \/>\n<link rel=\"canonical\" href=\"https:\/\/revistaregional.com.br\/site\/2011\/03\/16\/conheca-os-ganhadores-dos-ingressos\/\" \/>\n<meta property=\"og:locale\" content=\"pt_BR\" \/>\n<meta property=\"og:type\" content=\"article\" \/>\n<meta property=\"og:title\" content=\"Conhe\u00e7a os ganhadores dos ingressos - Revista Regional\" \/>\n<meta property=\"og:description\" content=\"Os ganhadores dos ingressos para assistir ao espet\u00e1culo &#8220;O Matador de Santas&#8221;, neste domingo, dia 20, na Sala Palma de Ouro, em Salto foram: Elisete Lucas, de Salto Ildely Marques de Oliveira, de Itu Osmar Vieira Cascaes Filho, de Salto Eles t\u00eam at\u00e9 sexta-feira para passar na Reda\u00e7\u00e3o da revista, em Salto, portando RG, para [&hellip;]\" \/>\n<meta property=\"og:url\" content=\"https:\/\/revistaregional.com.br\/site\/2011\/03\/16\/conheca-os-ganhadores-dos-ingressos\/\" \/>\n<meta property=\"og:site_name\" content=\"Revista Regional\" \/>\n<meta property=\"article:published_time\" content=\"2011-03-16T18:15:23+00:00\" \/>\n<meta property=\"article:modified_time\" content=\"2024-01-26T12:50:59+00:00\" \/>\n<meta property=\"og:image\" content=\"https:\/\/revistaregional.com.br\/site\/wp-content\/uploads\/2011\/03\/site-peca-2.jpg\" \/>\n\t<meta property=\"og:image:width\" content=\"640\" \/>\n\t<meta property=\"og:image:height\" content=\"425\" \/>\n\t<meta property=\"og:image:type\" content=\"image\/jpeg\" \/>\n<meta name=\"author\" content=\"contato@revistaregional.com.br\" \/>\n<meta name=\"twitter:card\" content=\"summary_large_image\" \/>\n<meta name=\"twitter:label1\" content=\"Escrito por\" \/>\n\t<meta name=\"twitter:data1\" content=\"contato@revistaregional.com.br\" \/>\n\t<meta name=\"twitter:label2\" content=\"Est. tempo de leitura\" \/>\n\t<meta name=\"twitter:data2\" content=\"2 minutos\" \/>\n<script type=\"application\/ld+json\" class=\"yoast-schema-graph\">{\"@context\":\"https:\\\/\\\/schema.org\",\"@graph\":[{\"@type\":\"Article\",\"@id\":\"https:\\\/\\\/revistaregional.com.br\\\/site\\\/2011\\\/03\\\/16\\\/conheca-os-ganhadores-dos-ingressos\\\/#article\",\"isPartOf\":{\"@id\":\"https:\\\/\\\/revistaregional.com.br\\\/site\\\/2011\\\/03\\\/16\\\/conheca-os-ganhadores-dos-ingressos\\\/\"},\"author\":{\"name\":\"contato@revistaregional.com.br\",\"@id\":\"https:\\\/\\\/revistaregional.com.br\\\/site\\\/#\\\/schema\\\/person\\\/382af97c580dc1b18f55107bc316010d\"},\"headline\":\"Conhe\u00e7a os ganhadores dos ingressos\",\"datePublished\":\"2011-03-16T18:15:23+00:00\",\"dateModified\":\"2024-01-26T12:50:59+00:00\",\"mainEntityOfPage\":{\"@id\":\"https:\\\/\\\/revistaregional.com.br\\\/site\\\/2011\\\/03\\\/16\\\/conheca-os-ganhadores-dos-ingressos\\\/\"},\"wordCount\":471,\"commentCount\":0,\"image\":{\"@id\":\"https:\\\/\\\/revistaregional.com.br\\\/site\\\/2011\\\/03\\\/16\\\/conheca-os-ganhadores-dos-ingressos\\\/#primaryimage\"},\"thumbnailUrl\":\"https:\\\/\\\/revistaregional.com.br\\\/site\\\/wp-content\\\/uploads\\\/2011\\\/03\\\/site-peca-2.jpg\",\"keywords\":[\"Regionais\"],\"articleSection\":[\"Regionais\"],\"inLanguage\":\"pt-BR\",\"potentialAction\":[{\"@type\":\"CommentAction\",\"name\":\"Comment\",\"target\":[\"https:\\\/\\\/revistaregional.com.br\\\/site\\\/2011\\\/03\\\/16\\\/conheca-os-ganhadores-dos-ingressos\\\/#respond\"]}]},{\"@type\":\"WebPage\",\"@id\":\"https:\\\/\\\/revistaregional.com.br\\\/site\\\/2011\\\/03\\\/16\\\/conheca-os-ganhadores-dos-ingressos\\\/\",\"url\":\"https:\\\/\\\/revistaregional.com.br\\\/site\\\/2011\\\/03\\\/16\\\/conheca-os-ganhadores-dos-ingressos\\\/\",\"name\":\"Conhe\u00e7a os ganhadores dos ingressos - Revista Regional\",\"isPartOf\":{\"@id\":\"https:\\\/\\\/revistaregional.com.br\\\/site\\\/#website\"},\"primaryImageOfPage\":{\"@id\":\"https:\\\/\\\/revistaregional.com.br\\\/site\\\/2011\\\/03\\\/16\\\/conheca-os-ganhadores-dos-ingressos\\\/#primaryimage\"},\"image\":{\"@id\":\"https:\\\/\\\/revistaregional.com.br\\\/site\\\/2011\\\/03\\\/16\\\/conheca-os-ganhadores-dos-ingressos\\\/#primaryimage\"},\"thumbnailUrl\":\"https:\\\/\\\/revistaregional.com.br\\\/site\\\/wp-content\\\/uploads\\\/2011\\\/03\\\/site-peca-2.jpg\",\"datePublished\":\"2011-03-16T18:15:23+00:00\",\"dateModified\":\"2024-01-26T12:50:59+00:00\",\"author\":{\"@id\":\"https:\\\/\\\/revistaregional.com.br\\\/site\\\/#\\\/schema\\\/person\\\/382af97c580dc1b18f55107bc316010d\"},\"breadcrumb\":{\"@id\":\"https:\\\/\\\/revistaregional.com.br\\\/site\\\/2011\\\/03\\\/16\\\/conheca-os-ganhadores-dos-ingressos\\\/#breadcrumb\"},\"inLanguage\":\"pt-BR\",\"potentialAction\":[{\"@type\":\"ReadAction\",\"target\":[\"https:\\\/\\\/revistaregional.com.br\\\/site\\\/2011\\\/03\\\/16\\\/conheca-os-ganhadores-dos-ingressos\\\/\"]}]},{\"@type\":\"ImageObject\",\"inLanguage\":\"pt-BR\",\"@id\":\"https:\\\/\\\/revistaregional.com.br\\\/site\\\/2011\\\/03\\\/16\\\/conheca-os-ganhadores-dos-ingressos\\\/#primaryimage\",\"url\":\"https:\\\/\\\/revistaregional.com.br\\\/site\\\/wp-content\\\/uploads\\\/2011\\\/03\\\/site-peca-2.jpg\",\"contentUrl\":\"https:\\\/\\\/revistaregional.com.br\\\/site\\\/wp-content\\\/uploads\\\/2011\\\/03\\\/site-peca-2.jpg\",\"width\":\"640\",\"height\":\"425\",\"caption\":\"Angela Vieira \u00e9 o destaque da pe\u00e7a deste fim de semana, em Salto\"},{\"@type\":\"BreadcrumbList\",\"@id\":\"https:\\\/\\\/revistaregional.com.br\\\/site\\\/2011\\\/03\\\/16\\\/conheca-os-ganhadores-dos-ingressos\\\/#breadcrumb\",\"itemListElement\":[{\"@type\":\"ListItem\",\"position\":1,\"name\":\"In\u00edcio\",\"item\":\"https:\\\/\\\/revistaregional.com.br\\\/site\\\/\"},{\"@type\":\"ListItem\",\"position\":2,\"name\":\"Conhe\u00e7a os ganhadores dos ingressos\"}]},{\"@type\":\"WebSite\",\"@id\":\"https:\\\/\\\/revistaregional.com.br\\\/site\\\/#website\",\"url\":\"https:\\\/\\\/revistaregional.com.br\\\/site\\\/\",\"name\":\"Revista Regional\",\"description\":\"Salto - Itu - Indaituba\",\"potentialAction\":[{\"@type\":\"SearchAction\",\"target\":{\"@type\":\"EntryPoint\",\"urlTemplate\":\"https:\\\/\\\/revistaregional.com.br\\\/site\\\/?s={search_term_string}\"},\"query-input\":{\"@type\":\"PropertyValueSpecification\",\"valueRequired\":true,\"valueName\":\"search_term_string\"}}],\"inLanguage\":\"pt-BR\"},{\"@type\":\"Person\",\"@id\":\"https:\\\/\\\/revistaregional.com.br\\\/site\\\/#\\\/schema\\\/person\\\/382af97c580dc1b18f55107bc316010d\",\"name\":\"contato@revistaregional.com.br\",\"image\":{\"@type\":\"ImageObject\",\"inLanguage\":\"pt-BR\",\"@id\":\"https:\\\/\\\/secure.gravatar.com\\\/avatar\\\/869822917e96b2e292d5827e4635855396934485e7c4a0af84e9a214e32ca0cd?s=96&d=mm&r=g\",\"url\":\"https:\\\/\\\/secure.gravatar.com\\\/avatar\\\/869822917e96b2e292d5827e4635855396934485e7c4a0af84e9a214e32ca0cd?s=96&d=mm&r=g\",\"contentUrl\":\"https:\\\/\\\/secure.gravatar.com\\\/avatar\\\/869822917e96b2e292d5827e4635855396934485e7c4a0af84e9a214e32ca0cd?s=96&d=mm&r=g\",\"caption\":\"contato@revistaregional.com.br\"},\"url\":\"https:\\\/\\\/revistaregional.com.br\\\/site\\\/author\\\/contato@revistaregional.com.br\\\/\"}]}<\/script>\n<!-- \/ Yoast SEO plugin. -->","yoast_head_json":{"title":"Conhe\u00e7a os ganhadores dos ingressos - Revista Regional","robots":{"index":"index","follow":"follow","max-snippet":"max-snippet:-1","max-image-preview":"max-image-preview:large","max-video-preview":"max-video-preview:-1"},"canonical":"https:\/\/revistaregional.com.br\/site\/2011\/03\/16\/conheca-os-ganhadores-dos-ingressos\/","og_locale":"pt_BR","og_type":"article","og_title":"Conhe\u00e7a os ganhadores dos ingressos - Revista Regional","og_description":"Os ganhadores dos ingressos para assistir ao espet\u00e1culo &#8220;O Matador de Santas&#8221;, neste domingo, dia 20, na Sala Palma de Ouro, em Salto foram: Elisete Lucas, de Salto Ildely Marques de Oliveira, de Itu Osmar Vieira Cascaes Filho, de Salto Eles t\u00eam at\u00e9 sexta-feira para passar na Reda\u00e7\u00e3o da revista, em Salto, portando RG, para [&hellip;]","og_url":"https:\/\/revistaregional.com.br\/site\/2011\/03\/16\/conheca-os-ganhadores-dos-ingressos\/","og_site_name":"Revista Regional","article_published_time":"2011-03-16T18:15:23+00:00","article_modified_time":"2024-01-26T12:50:59+00:00","og_image":[{"width":640,"height":425,"url":"https:\/\/revistaregional.com.br\/site\/wp-content\/uploads\/2011\/03\/site-peca-2.jpg","type":"image\/jpeg"}],"author":"contato@revistaregional.com.br","twitter_card":"summary_large_image","twitter_misc":{"Escrito por":"contato@revistaregional.com.br","Est. tempo de leitura":"2 minutos"},"schema":{"@context":"https:\/\/schema.org","@graph":[{"@type":"Article","@id":"https:\/\/revistaregional.com.br\/site\/2011\/03\/16\/conheca-os-ganhadores-dos-ingressos\/#article","isPartOf":{"@id":"https:\/\/revistaregional.com.br\/site\/2011\/03\/16\/conheca-os-ganhadores-dos-ingressos\/"},"author":{"name":"contato@revistaregional.com.br","@id":"https:\/\/revistaregional.com.br\/site\/#\/schema\/person\/382af97c580dc1b18f55107bc316010d"},"headline":"Conhe\u00e7a os ganhadores dos ingressos","datePublished":"2011-03-16T18:15:23+00:00","dateModified":"2024-01-26T12:50:59+00:00","mainEntityOfPage":{"@id":"https:\/\/revistaregional.com.br\/site\/2011\/03\/16\/conheca-os-ganhadores-dos-ingressos\/"},"wordCount":471,"commentCount":0,"image":{"@id":"https:\/\/revistaregional.com.br\/site\/2011\/03\/16\/conheca-os-ganhadores-dos-ingressos\/#primaryimage"},"thumbnailUrl":"https:\/\/revistaregional.com.br\/site\/wp-content\/uploads\/2011\/03\/site-peca-2.jpg","keywords":["Regionais"],"articleSection":["Regionais"],"inLanguage":"pt-BR","potentialAction":[{"@type":"CommentAction","name":"Comment","target":["https:\/\/revistaregional.com.br\/site\/2011\/03\/16\/conheca-os-ganhadores-dos-ingressos\/#respond"]}]},{"@type":"WebPage","@id":"https:\/\/revistaregional.com.br\/site\/2011\/03\/16\/conheca-os-ganhadores-dos-ingressos\/","url":"https:\/\/revistaregional.com.br\/site\/2011\/03\/16\/conheca-os-ganhadores-dos-ingressos\/","name":"Conhe\u00e7a os ganhadores dos ingressos - Revista Regional","isPartOf":{"@id":"https:\/\/revistaregional.com.br\/site\/#website"},"primaryImageOfPage":{"@id":"https:\/\/revistaregional.com.br\/site\/2011\/03\/16\/conheca-os-ganhadores-dos-ingressos\/#primaryimage"},"image":{"@id":"https:\/\/revistaregional.com.br\/site\/2011\/03\/16\/conheca-os-ganhadores-dos-ingressos\/#primaryimage"},"thumbnailUrl":"https:\/\/revistaregional.com.br\/site\/wp-content\/uploads\/2011\/03\/site-peca-2.jpg","datePublished":"2011-03-16T18:15:23+00:00","dateModified":"2024-01-26T12:50:59+00:00","author":{"@id":"https:\/\/revistaregional.com.br\/site\/#\/schema\/person\/382af97c580dc1b18f55107bc316010d"},"breadcrumb":{"@id":"https:\/\/revistaregional.com.br\/site\/2011\/03\/16\/conheca-os-ganhadores-dos-ingressos\/#breadcrumb"},"inLanguage":"pt-BR","potentialAction":[{"@type":"ReadAction","target":["https:\/\/revistaregional.com.br\/site\/2011\/03\/16\/conheca-os-ganhadores-dos-ingressos\/"]}]},{"@type":"ImageObject","inLanguage":"pt-BR","@id":"https:\/\/revistaregional.com.br\/site\/2011\/03\/16\/conheca-os-ganhadores-dos-ingressos\/#primaryimage","url":"https:\/\/revistaregional.com.br\/site\/wp-content\/uploads\/2011\/03\/site-peca-2.jpg","contentUrl":"https:\/\/revistaregional.com.br\/site\/wp-content\/uploads\/2011\/03\/site-peca-2.jpg","width":"640","height":"425","caption":"Angela Vieira \u00e9 o destaque da pe\u00e7a deste fim de semana, em Salto"},{"@type":"BreadcrumbList","@id":"https:\/\/revistaregional.com.br\/site\/2011\/03\/16\/conheca-os-ganhadores-dos-ingressos\/#breadcrumb","itemListElement":[{"@type":"ListItem","position":1,"name":"In\u00edcio","item":"https:\/\/revistaregional.com.br\/site\/"},{"@type":"ListItem","position":2,"name":"Conhe\u00e7a os ganhadores dos ingressos"}]},{"@type":"WebSite","@id":"https:\/\/revistaregional.com.br\/site\/#website","url":"https:\/\/revistaregional.com.br\/site\/","name":"Revista Regional","description":"Salto - Itu - Indaituba","potentialAction":[{"@type":"SearchAction","target":{"@type":"EntryPoint","urlTemplate":"https:\/\/revistaregional.com.br\/site\/?s={search_term_string}"},"query-input":{"@type":"PropertyValueSpecification","valueRequired":true,"valueName":"search_term_string"}}],"inLanguage":"pt-BR"},{"@type":"Person","@id":"https:\/\/revistaregional.com.br\/site\/#\/schema\/person\/382af97c580dc1b18f55107bc316010d","name":"contato@revistaregional.com.br","image":{"@type":"ImageObject","inLanguage":"pt-BR","@id":"https:\/\/secure.gravatar.com\/avatar\/869822917e96b2e292d5827e4635855396934485e7c4a0af84e9a214e32ca0cd?s=96&d=mm&r=g","url":"https:\/\/secure.gravatar.com\/avatar\/869822917e96b2e292d5827e4635855396934485e7c4a0af84e9a214e32ca0cd?s=96&d=mm&r=g","contentUrl":"https:\/\/secure.gravatar.com\/avatar\/869822917e96b2e292d5827e4635855396934485e7c4a0af84e9a214e32ca0cd?s=96&d=mm&r=g","caption":"contato@revistaregional.com.br"},"url":"https:\/\/revistaregional.com.br\/site\/author\/contato@revistaregional.com.br\/"}]}},"views":97,"_links":{"self":[{"href":"https:\/\/revistaregional.com.br\/site\/wp-json\/wp\/v2\/posts\/886","targetHints":{"allow":["GET"]}}],"collection":[{"href":"https:\/\/revistaregional.com.br\/site\/wp-json\/wp\/v2\/posts"}],"about":[{"href":"https:\/\/revistaregional.com.br\/site\/wp-json\/wp\/v2\/types\/post"}],"author":[{"embeddable":true,"href":"https:\/\/revistaregional.com.br\/site\/wp-json\/wp\/v2\/users\/1"}],"replies":[{"embeddable":true,"href":"https:\/\/revistaregional.com.br\/site\/wp-json\/wp\/v2\/comments?post=886"}],"version-history":[{"count":5,"href":"https:\/\/revistaregional.com.br\/site\/wp-json\/wp\/v2\/posts\/886\/revisions"}],"predecessor-version":[{"id":892,"href":"https:\/\/revistaregional.com.br\/site\/wp-json\/wp\/v2\/posts\/886\/revisions\/892"}],"wp:featuredmedia":[{"embeddable":true,"href":"https:\/\/revistaregional.com.br\/site\/wp-json\/wp\/v2\/media\/887"}],"wp:attachment":[{"href":"https:\/\/revistaregional.com.br\/site\/wp-json\/wp\/v2\/media?parent=886"}],"wp:term":[{"taxonomy":"category","embeddable":true,"href":"https:\/\/revistaregional.com.br\/site\/wp-json\/wp\/v2\/categories?post=886"},{"taxonomy":"post_tag","embeddable":true,"href":"https:\/\/revistaregional.com.br\/site\/wp-json\/wp\/v2\/tags?post=886"}],"curies":[{"name":"wp","href":"https:\/\/api.w.org\/{rel}","templated":true}]}}