{"id":8787,"date":"2017-01-13T10:27:24","date_gmt":"2017-01-13T13:27:24","guid":{"rendered":"http:\/\/revistaregional.com.br\/site\/?p=8787"},"modified":"2024-01-26T10:10:20","modified_gmt":"2024-01-26T13:10:20","slug":"patrulha-canina-no-plaza-shopping","status":"publish","type":"post","link":"https:\/\/revistaregional.com.br\/site\/2017\/01\/13\/patrulha-canina-no-plaza-shopping\/","title":{"rendered":"\u2018Patrulha Canina\u2019 no Plaza Shopping"},"content":{"rendered":"<figure id=\"attachment_8788\" aria-describedby=\"caption-attachment-8788\" style=\"width: 384px\" class=\"wp-caption aligncenter\"><a href=\"http:\/\/revistaregional.com.br\/site\/wp-content\/uploads\/2017\/01\/clips-fevereiro-plaza.jpg\" rel=\"attachment wp-att-8788\"><img fetchpriority=\"high\" decoding=\"async\" class=\" wp-image-8788 \" src=\"http:\/\/revistaregional.com.br\/site\/wp-content\/uploads\/2017\/01\/clips-fevereiro-plaza.jpg\" alt=\"\" width=\"384\" height=\"288\"><\/a><figcaption id=\"caption-attachment-8788\" class=\"wp-caption-text\">Patrulha Canina \u00e9 uma s\u00e9rie animada de a\u00e7\u00e3o e aventura do canal Nickelodeon; a arena no Plaza continua at\u00e9 05 de fevereiro<\/figcaption><\/figure>\n<p>O universo da&nbsp;\u2018Patrulha Canina\u2019&nbsp;est\u00e1 chegando ao Plaza Shopping Itu! Para deixar as f\u00e9rias de ver\u00e3o ainda mais animadas, as crian\u00e7as v\u00e3o se&nbsp;divertir com os filhotes mais corajosos da Nickelodeon em um evento in\u00e9dito no Interior de S\u00e3o Paulo, a Arena da \u2018Patrulha Canina\u2019, que conta com atra\u00e7\u00f5es e brincadeiras exclusivas e gratuitas, al\u00e9m de uma cenografia rica em cores e imagens, envolvendo ainda mais as crian\u00e7as com o universo l\u00fadico da anima\u00e7\u00e3o.<\/p>\n<p>De&nbsp;13 de janeiro a 05 de fevereiro,&nbsp;as crian\u00e7as de tr\u00eas a 12 anos&nbsp;poder\u00e3o participar das brincadeiras no espa\u00e7o que reproduz o que os pequenos acompanham na anima\u00e7\u00e3o, em um cen\u00e1rio que inclui a grande Torre de Comando do quartel general da \u2018Patrulha Canina\u2019. No circuito de miss\u00f5es a serem cumpridas est\u00e3o gincanas como ajudar Zuma e Rocky a retirar todo o lixo da piscina de bolinhas e separ\u00e1-lo corretamente nos recipientes de recicl\u00e1veis; apagar o inc\u00eandio do pr\u00e9dio com a ajuda do personagem Marshall no \u201cacerte o alvo\u201d; montar blocos para ajudar Rubble a consertar seu ve\u00edculo; resgatar os filhotes presos e perdidos junto aos companheiros Ryder e Chase na \u201ccama de gato\u201d; e, ap\u00f3s superarem todos os desafios, a personagem Skye faz com que a crian\u00e7ada sinta a experi\u00eancia de sobrevoar a cidade de Adventure Bay para contemplar toda a paisagem.<\/p>\n<p>Com entrada gratuita, a&nbsp;Arena \u2018Patrulha Canina\u2019&nbsp;conta com a presen\u00e7a de monitores e estar\u00e1 dispon\u00edvel todos os dias, das 14h \u00e0s 20h, na&nbsp;Pra\u00e7a de Eventos do Plaza Shopping Itu. As turmas ser\u00e3o montadas com dez crian\u00e7as em sess\u00f5es de 30 minutos cada, mediante autoriza\u00e7\u00e3o e acompanhamento dos pais. &nbsp;Acompanhe as novidades das f\u00e9rias de ver\u00e3o do Plaza Shopping Itu no site: <a href=\"http:\/\/www.plazashoppingitu.com.br\/\">www.plazashoppingitu.com.br<\/a>.<\/p>\n<p><em>&nbsp;foto: Divulga\u00e7\u00e3o<\/em><\/p>\n","protected":false},"excerpt":{"rendered":"<p>O universo da&nbsp;\u2018Patrulha Canina\u2019&nbsp;est\u00e1 chegando ao Plaza Shopping Itu! Para deixar as f\u00e9rias de ver\u00e3o ainda mais animadas, as crian\u00e7as v\u00e3o se&nbsp;divertir com os filhotes mais corajosos da Nickelodeon em um evento in\u00e9dito no Interior de S\u00e3o Paulo, a Arena da \u2018Patrulha Canina\u2019, que conta com atra\u00e7\u00f5es e brincadeiras exclusivas e gratuitas, al\u00e9m de uma [&hellip;]<\/p>\n","protected":false},"author":1,"featured_media":11494,"comment_status":"open","ping_status":"open","sticky":false,"template":"","format":"standard","meta":{"_acf_changed":false,"ngg_post_thumbnail":0,"_joinchat":[],"footnotes":""},"categories":[12],"tags":[527],"class_list":["post-8787","post","type-post","status-publish","format-standard","has-post-thumbnail","hentry","category-regionais","tag-regionais"],"acf":[],"yoast_head":"<!-- This site is optimized with the Yoast SEO plugin v27.4 - https:\/\/yoast.com\/product\/yoast-seo-wordpress\/ -->\n<title>\u2018Patrulha Canina\u2019 no Plaza Shopping - Revista Regional<\/title>\n<meta name=\"robots\" content=\"index, follow, max-snippet:-1, max-image-preview:large, max-video-preview:-1\" \/>\n<link rel=\"canonical\" href=\"https:\/\/revistaregional.com.br\/site\/2017\/01\/13\/patrulha-canina-no-plaza-shopping\/\" \/>\n<meta property=\"og:locale\" content=\"pt_BR\" \/>\n<meta property=\"og:type\" content=\"article\" \/>\n<meta property=\"og:title\" content=\"\u2018Patrulha Canina\u2019 no Plaza Shopping - Revista Regional\" \/>\n<meta property=\"og:description\" content=\"O universo da&nbsp;\u2018Patrulha Canina\u2019&nbsp;est\u00e1 chegando ao Plaza Shopping Itu! Para deixar as f\u00e9rias de ver\u00e3o ainda mais animadas, as crian\u00e7as v\u00e3o se&nbsp;divertir com os filhotes mais corajosos da Nickelodeon em um evento in\u00e9dito no Interior de S\u00e3o Paulo, a Arena da \u2018Patrulha Canina\u2019, que conta com atra\u00e7\u00f5es e brincadeiras exclusivas e gratuitas, al\u00e9m de uma [&hellip;]\" \/>\n<meta property=\"og:url\" content=\"https:\/\/revistaregional.com.br\/site\/2017\/01\/13\/patrulha-canina-no-plaza-shopping\/\" \/>\n<meta property=\"og:site_name\" content=\"Revista Regional\" \/>\n<meta property=\"article:published_time\" content=\"2017-01-13T13:27:24+00:00\" \/>\n<meta property=\"article:modified_time\" content=\"2024-01-26T13:10:20+00:00\" \/>\n<meta property=\"og:image\" content=\"https:\/\/revistaregional.com.br\/site\/wp-content\/uploads\/2017\/01\/patrulha_shopping.jpg\" \/>\n\t<meta property=\"og:image:width\" content=\"160\" \/>\n\t<meta property=\"og:image:height\" content=\"150\" \/>\n\t<meta property=\"og:image:type\" content=\"image\/jpeg\" \/>\n<meta name=\"author\" content=\"contato@revistaregional.com.br\" \/>\n<meta name=\"twitter:card\" content=\"summary_large_image\" \/>\n<meta name=\"twitter:label1\" content=\"Escrito por\" \/>\n\t<meta name=\"twitter:data1\" content=\"contato@revistaregional.com.br\" \/>\n\t<meta name=\"twitter:label2\" content=\"Est. tempo de leitura\" \/>\n\t<meta name=\"twitter:data2\" content=\"2 minutos\" \/>\n<script type=\"application\/ld+json\" class=\"yoast-schema-graph\">{\"@context\":\"https:\\\/\\\/schema.org\",\"@graph\":[{\"@type\":\"Article\",\"@id\":\"https:\\\/\\\/revistaregional.com.br\\\/site\\\/2017\\\/01\\\/13\\\/patrulha-canina-no-plaza-shopping\\\/#article\",\"isPartOf\":{\"@id\":\"https:\\\/\\\/revistaregional.com.br\\\/site\\\/2017\\\/01\\\/13\\\/patrulha-canina-no-plaza-shopping\\\/\"},\"author\":{\"name\":\"contato@revistaregional.com.br\",\"@id\":\"https:\\\/\\\/revistaregional.com.br\\\/site\\\/#\\\/schema\\\/person\\\/382af97c580dc1b18f55107bc316010d\"},\"headline\":\"\u2018Patrulha Canina\u2019 no Plaza Shopping\",\"datePublished\":\"2017-01-13T13:27:24+00:00\",\"dateModified\":\"2024-01-26T13:10:20+00:00\",\"mainEntityOfPage\":{\"@id\":\"https:\\\/\\\/revistaregional.com.br\\\/site\\\/2017\\\/01\\\/13\\\/patrulha-canina-no-plaza-shopping\\\/\"},\"wordCount\":367,\"commentCount\":0,\"image\":{\"@id\":\"https:\\\/\\\/revistaregional.com.br\\\/site\\\/2017\\\/01\\\/13\\\/patrulha-canina-no-plaza-shopping\\\/#primaryimage\"},\"thumbnailUrl\":\"https:\\\/\\\/revistaregional.com.br\\\/site\\\/wp-content\\\/uploads\\\/2017\\\/01\\\/patrulha_shopping.jpg\",\"keywords\":[\"Regionais\"],\"articleSection\":[\"Regionais\"],\"inLanguage\":\"pt-BR\",\"potentialAction\":[{\"@type\":\"CommentAction\",\"name\":\"Comment\",\"target\":[\"https:\\\/\\\/revistaregional.com.br\\\/site\\\/2017\\\/01\\\/13\\\/patrulha-canina-no-plaza-shopping\\\/#respond\"]}]},{\"@type\":\"WebPage\",\"@id\":\"https:\\\/\\\/revistaregional.com.br\\\/site\\\/2017\\\/01\\\/13\\\/patrulha-canina-no-plaza-shopping\\\/\",\"url\":\"https:\\\/\\\/revistaregional.com.br\\\/site\\\/2017\\\/01\\\/13\\\/patrulha-canina-no-plaza-shopping\\\/\",\"name\":\"\u2018Patrulha Canina\u2019 no Plaza Shopping - Revista Regional\",\"isPartOf\":{\"@id\":\"https:\\\/\\\/revistaregional.com.br\\\/site\\\/#website\"},\"primaryImageOfPage\":{\"@id\":\"https:\\\/\\\/revistaregional.com.br\\\/site\\\/2017\\\/01\\\/13\\\/patrulha-canina-no-plaza-shopping\\\/#primaryimage\"},\"image\":{\"@id\":\"https:\\\/\\\/revistaregional.com.br\\\/site\\\/2017\\\/01\\\/13\\\/patrulha-canina-no-plaza-shopping\\\/#primaryimage\"},\"thumbnailUrl\":\"https:\\\/\\\/revistaregional.com.br\\\/site\\\/wp-content\\\/uploads\\\/2017\\\/01\\\/patrulha_shopping.jpg\",\"datePublished\":\"2017-01-13T13:27:24+00:00\",\"dateModified\":\"2024-01-26T13:10:20+00:00\",\"author\":{\"@id\":\"https:\\\/\\\/revistaregional.com.br\\\/site\\\/#\\\/schema\\\/person\\\/382af97c580dc1b18f55107bc316010d\"},\"breadcrumb\":{\"@id\":\"https:\\\/\\\/revistaregional.com.br\\\/site\\\/2017\\\/01\\\/13\\\/patrulha-canina-no-plaza-shopping\\\/#breadcrumb\"},\"inLanguage\":\"pt-BR\",\"potentialAction\":[{\"@type\":\"ReadAction\",\"target\":[\"https:\\\/\\\/revistaregional.com.br\\\/site\\\/2017\\\/01\\\/13\\\/patrulha-canina-no-plaza-shopping\\\/\"]}]},{\"@type\":\"ImageObject\",\"inLanguage\":\"pt-BR\",\"@id\":\"https:\\\/\\\/revistaregional.com.br\\\/site\\\/2017\\\/01\\\/13\\\/patrulha-canina-no-plaza-shopping\\\/#primaryimage\",\"url\":\"https:\\\/\\\/revistaregional.com.br\\\/site\\\/wp-content\\\/uploads\\\/2017\\\/01\\\/patrulha_shopping.jpg\",\"contentUrl\":\"https:\\\/\\\/revistaregional.com.br\\\/site\\\/wp-content\\\/uploads\\\/2017\\\/01\\\/patrulha_shopping.jpg\",\"width\":160,\"height\":150},{\"@type\":\"BreadcrumbList\",\"@id\":\"https:\\\/\\\/revistaregional.com.br\\\/site\\\/2017\\\/01\\\/13\\\/patrulha-canina-no-plaza-shopping\\\/#breadcrumb\",\"itemListElement\":[{\"@type\":\"ListItem\",\"position\":1,\"name\":\"In\u00edcio\",\"item\":\"https:\\\/\\\/revistaregional.com.br\\\/site\\\/\"},{\"@type\":\"ListItem\",\"position\":2,\"name\":\"\u2018Patrulha Canina\u2019 no Plaza Shopping\"}]},{\"@type\":\"WebSite\",\"@id\":\"https:\\\/\\\/revistaregional.com.br\\\/site\\\/#website\",\"url\":\"https:\\\/\\\/revistaregional.com.br\\\/site\\\/\",\"name\":\"Revista Regional\",\"description\":\"Salto - Itu - Indaituba\",\"potentialAction\":[{\"@type\":\"SearchAction\",\"target\":{\"@type\":\"EntryPoint\",\"urlTemplate\":\"https:\\\/\\\/revistaregional.com.br\\\/site\\\/?s={search_term_string}\"},\"query-input\":{\"@type\":\"PropertyValueSpecification\",\"valueRequired\":true,\"valueName\":\"search_term_string\"}}],\"inLanguage\":\"pt-BR\"},{\"@type\":\"Person\",\"@id\":\"https:\\\/\\\/revistaregional.com.br\\\/site\\\/#\\\/schema\\\/person\\\/382af97c580dc1b18f55107bc316010d\",\"name\":\"contato@revistaregional.com.br\",\"image\":{\"@type\":\"ImageObject\",\"inLanguage\":\"pt-BR\",\"@id\":\"https:\\\/\\\/secure.gravatar.com\\\/avatar\\\/869822917e96b2e292d5827e4635855396934485e7c4a0af84e9a214e32ca0cd?s=96&d=mm&r=g\",\"url\":\"https:\\\/\\\/secure.gravatar.com\\\/avatar\\\/869822917e96b2e292d5827e4635855396934485e7c4a0af84e9a214e32ca0cd?s=96&d=mm&r=g\",\"contentUrl\":\"https:\\\/\\\/secure.gravatar.com\\\/avatar\\\/869822917e96b2e292d5827e4635855396934485e7c4a0af84e9a214e32ca0cd?s=96&d=mm&r=g\",\"caption\":\"contato@revistaregional.com.br\"},\"url\":\"https:\\\/\\\/revistaregional.com.br\\\/site\\\/author\\\/contato@revistaregional.com.br\\\/\"}]}<\/script>\n<!-- \/ Yoast SEO plugin. -->","yoast_head_json":{"title":"\u2018Patrulha Canina\u2019 no Plaza Shopping - Revista Regional","robots":{"index":"index","follow":"follow","max-snippet":"max-snippet:-1","max-image-preview":"max-image-preview:large","max-video-preview":"max-video-preview:-1"},"canonical":"https:\/\/revistaregional.com.br\/site\/2017\/01\/13\/patrulha-canina-no-plaza-shopping\/","og_locale":"pt_BR","og_type":"article","og_title":"\u2018Patrulha Canina\u2019 no Plaza Shopping - Revista Regional","og_description":"O universo da&nbsp;\u2018Patrulha Canina\u2019&nbsp;est\u00e1 chegando ao Plaza Shopping Itu! Para deixar as f\u00e9rias de ver\u00e3o ainda mais animadas, as crian\u00e7as v\u00e3o se&nbsp;divertir com os filhotes mais corajosos da Nickelodeon em um evento in\u00e9dito no Interior de S\u00e3o Paulo, a Arena da \u2018Patrulha Canina\u2019, que conta com atra\u00e7\u00f5es e brincadeiras exclusivas e gratuitas, al\u00e9m de uma [&hellip;]","og_url":"https:\/\/revistaregional.com.br\/site\/2017\/01\/13\/patrulha-canina-no-plaza-shopping\/","og_site_name":"Revista Regional","article_published_time":"2017-01-13T13:27:24+00:00","article_modified_time":"2024-01-26T13:10:20+00:00","og_image":[{"width":160,"height":150,"url":"https:\/\/revistaregional.com.br\/site\/wp-content\/uploads\/2017\/01\/patrulha_shopping.jpg","type":"image\/jpeg"}],"author":"contato@revistaregional.com.br","twitter_card":"summary_large_image","twitter_misc":{"Escrito por":"contato@revistaregional.com.br","Est. tempo de leitura":"2 minutos"},"schema":{"@context":"https:\/\/schema.org","@graph":[{"@type":"Article","@id":"https:\/\/revistaregional.com.br\/site\/2017\/01\/13\/patrulha-canina-no-plaza-shopping\/#article","isPartOf":{"@id":"https:\/\/revistaregional.com.br\/site\/2017\/01\/13\/patrulha-canina-no-plaza-shopping\/"},"author":{"name":"contato@revistaregional.com.br","@id":"https:\/\/revistaregional.com.br\/site\/#\/schema\/person\/382af97c580dc1b18f55107bc316010d"},"headline":"\u2018Patrulha Canina\u2019 no Plaza Shopping","datePublished":"2017-01-13T13:27:24+00:00","dateModified":"2024-01-26T13:10:20+00:00","mainEntityOfPage":{"@id":"https:\/\/revistaregional.com.br\/site\/2017\/01\/13\/patrulha-canina-no-plaza-shopping\/"},"wordCount":367,"commentCount":0,"image":{"@id":"https:\/\/revistaregional.com.br\/site\/2017\/01\/13\/patrulha-canina-no-plaza-shopping\/#primaryimage"},"thumbnailUrl":"https:\/\/revistaregional.com.br\/site\/wp-content\/uploads\/2017\/01\/patrulha_shopping.jpg","keywords":["Regionais"],"articleSection":["Regionais"],"inLanguage":"pt-BR","potentialAction":[{"@type":"CommentAction","name":"Comment","target":["https:\/\/revistaregional.com.br\/site\/2017\/01\/13\/patrulha-canina-no-plaza-shopping\/#respond"]}]},{"@type":"WebPage","@id":"https:\/\/revistaregional.com.br\/site\/2017\/01\/13\/patrulha-canina-no-plaza-shopping\/","url":"https:\/\/revistaregional.com.br\/site\/2017\/01\/13\/patrulha-canina-no-plaza-shopping\/","name":"\u2018Patrulha Canina\u2019 no Plaza Shopping - Revista Regional","isPartOf":{"@id":"https:\/\/revistaregional.com.br\/site\/#website"},"primaryImageOfPage":{"@id":"https:\/\/revistaregional.com.br\/site\/2017\/01\/13\/patrulha-canina-no-plaza-shopping\/#primaryimage"},"image":{"@id":"https:\/\/revistaregional.com.br\/site\/2017\/01\/13\/patrulha-canina-no-plaza-shopping\/#primaryimage"},"thumbnailUrl":"https:\/\/revistaregional.com.br\/site\/wp-content\/uploads\/2017\/01\/patrulha_shopping.jpg","datePublished":"2017-01-13T13:27:24+00:00","dateModified":"2024-01-26T13:10:20+00:00","author":{"@id":"https:\/\/revistaregional.com.br\/site\/#\/schema\/person\/382af97c580dc1b18f55107bc316010d"},"breadcrumb":{"@id":"https:\/\/revistaregional.com.br\/site\/2017\/01\/13\/patrulha-canina-no-plaza-shopping\/#breadcrumb"},"inLanguage":"pt-BR","potentialAction":[{"@type":"ReadAction","target":["https:\/\/revistaregional.com.br\/site\/2017\/01\/13\/patrulha-canina-no-plaza-shopping\/"]}]},{"@type":"ImageObject","inLanguage":"pt-BR","@id":"https:\/\/revistaregional.com.br\/site\/2017\/01\/13\/patrulha-canina-no-plaza-shopping\/#primaryimage","url":"https:\/\/revistaregional.com.br\/site\/wp-content\/uploads\/2017\/01\/patrulha_shopping.jpg","contentUrl":"https:\/\/revistaregional.com.br\/site\/wp-content\/uploads\/2017\/01\/patrulha_shopping.jpg","width":160,"height":150},{"@type":"BreadcrumbList","@id":"https:\/\/revistaregional.com.br\/site\/2017\/01\/13\/patrulha-canina-no-plaza-shopping\/#breadcrumb","itemListElement":[{"@type":"ListItem","position":1,"name":"In\u00edcio","item":"https:\/\/revistaregional.com.br\/site\/"},{"@type":"ListItem","position":2,"name":"\u2018Patrulha Canina\u2019 no Plaza Shopping"}]},{"@type":"WebSite","@id":"https:\/\/revistaregional.com.br\/site\/#website","url":"https:\/\/revistaregional.com.br\/site\/","name":"Revista Regional","description":"Salto - Itu - Indaituba","potentialAction":[{"@type":"SearchAction","target":{"@type":"EntryPoint","urlTemplate":"https:\/\/revistaregional.com.br\/site\/?s={search_term_string}"},"query-input":{"@type":"PropertyValueSpecification","valueRequired":true,"valueName":"search_term_string"}}],"inLanguage":"pt-BR"},{"@type":"Person","@id":"https:\/\/revistaregional.com.br\/site\/#\/schema\/person\/382af97c580dc1b18f55107bc316010d","name":"contato@revistaregional.com.br","image":{"@type":"ImageObject","inLanguage":"pt-BR","@id":"https:\/\/secure.gravatar.com\/avatar\/869822917e96b2e292d5827e4635855396934485e7c4a0af84e9a214e32ca0cd?s=96&d=mm&r=g","url":"https:\/\/secure.gravatar.com\/avatar\/869822917e96b2e292d5827e4635855396934485e7c4a0af84e9a214e32ca0cd?s=96&d=mm&r=g","contentUrl":"https:\/\/secure.gravatar.com\/avatar\/869822917e96b2e292d5827e4635855396934485e7c4a0af84e9a214e32ca0cd?s=96&d=mm&r=g","caption":"contato@revistaregional.com.br"},"url":"https:\/\/revistaregional.com.br\/site\/author\/contato@revistaregional.com.br\/"}]}},"views":97,"_links":{"self":[{"href":"https:\/\/revistaregional.com.br\/site\/wp-json\/wp\/v2\/posts\/8787","targetHints":{"allow":["GET"]}}],"collection":[{"href":"https:\/\/revistaregional.com.br\/site\/wp-json\/wp\/v2\/posts"}],"about":[{"href":"https:\/\/revistaregional.com.br\/site\/wp-json\/wp\/v2\/types\/post"}],"author":[{"embeddable":true,"href":"https:\/\/revistaregional.com.br\/site\/wp-json\/wp\/v2\/users\/1"}],"replies":[{"embeddable":true,"href":"https:\/\/revistaregional.com.br\/site\/wp-json\/wp\/v2\/comments?post=8787"}],"version-history":[{"count":1,"href":"https:\/\/revistaregional.com.br\/site\/wp-json\/wp\/v2\/posts\/8787\/revisions"}],"predecessor-version":[{"id":11502,"href":"https:\/\/revistaregional.com.br\/site\/wp-json\/wp\/v2\/posts\/8787\/revisions\/11502"}],"wp:featuredmedia":[{"embeddable":true,"href":"https:\/\/revistaregional.com.br\/site\/wp-json\/wp\/v2\/media\/11494"}],"wp:attachment":[{"href":"https:\/\/revistaregional.com.br\/site\/wp-json\/wp\/v2\/media?parent=8787"}],"wp:term":[{"taxonomy":"category","embeddable":true,"href":"https:\/\/revistaregional.com.br\/site\/wp-json\/wp\/v2\/categories?post=8787"},{"taxonomy":"post_tag","embeddable":true,"href":"https:\/\/revistaregional.com.br\/site\/wp-json\/wp\/v2\/tags?post=8787"}],"curies":[{"name":"wp","href":"https:\/\/api.w.org\/{rel}","templated":true}]}}