{"id":8519,"date":"2016-11-01T13:13:19","date_gmt":"2016-11-01T16:13:19","guid":{"rendered":"http:\/\/revistaregional.com.br\/site\/?p=8519"},"modified":"2024-01-26T10:59:15","modified_gmt":"2024-01-26T13:59:15","slug":"tributo-a-michael-jackson-em-paulinia","status":"publish","type":"post","link":"https:\/\/revistaregional.com.br\/site\/2016\/11\/01\/tributo-a-michael-jackson-em-paulinia\/","title":{"rendered":"Tributo a Michael Jackson em Paul\u00ednia"},"content":{"rendered":"<figure id=\"attachment_8520\" aria-describedby=\"caption-attachment-8520\" style=\"width: 384px\" class=\"wp-caption aligncenter\"><a href=\"http:\/\/revistaregional.com.br\/site\/wp-content\/uploads\/2016\/11\/michael-2.jpg\" rel=\"attachment wp-att-8520\"><img fetchpriority=\"high\" decoding=\"async\" class=\" wp-image-8520\" src=\"http:\/\/revistaregional.com.br\/site\/wp-content\/uploads\/2016\/11\/michael-2.jpg\" alt=\"\" width=\"384\" height=\"256\"><\/a><figcaption id=\"caption-attachment-8520\" class=\"wp-caption-text\">Momento do show apresentado por Rodrigo Teaser em homenagem a Michael Jackson<\/figcaption><\/figure>\n<p style=\"text-align: left;\">A Teatro GT traz para o Interior de S\u00e3o Paulo, Rodrigo Teaser, no espet\u00e1culo \u201cTributo ao Rei do Pop\u201d. Ser\u00e1 neste domingo, 06 de novembro, \u00e0s 19h, no Theatro Municipal de Paul\u00ednia, na regi\u00e3o de Campinas. O show presta uma homenagem inesquec\u00edvel a Michael Jackson, recriando toda a estrutura das principais performances do cantor, falecido em 2009. Neste tributo, grandes cl\u00e1ssicos como \u201cBillie Jean\u201d, \u201cThriller\u201d, \u201cBeat it\u201d, \u201cSmooth Criminal\u201d, \u201cBlack or White\u201d, entre outros, s\u00e3o interpretados na voz de Teaser e acompanhado de uma superbanda ao vivo. O show traz elementos que compunham a produ\u00e7\u00e3o de Michael Jackson com bailarinos, efeitos pirot\u00e9cnicos, efeitos especiais, elevadores de palco, v\u00eddeos produzidos especialmente para o espet\u00e1culo e muito mais. As coreografias, assim como os arranjos e figurinos, seguem o alt\u00edssimo padr\u00e3o que foi apresentado durante anos por todo o mundo em suas turn\u00eas. \u201cSomos o \u00fanico show da Am\u00e9rica Latina com o aval do core\u00f3grafo Lavelle Smith, que coreografou e acompanhou Michael por mais de 20 anos\u201d, explica Teaser, que come\u00e7ou a imitar Michael Jackson aos nove anos em programas de TV infantis como Ang\u00e9lica, Mara Maravilha e outros. Cresceu aperfei\u00e7oando seu trabalho, tornando-se um dos mais respeitados profissionais do ramo com v\u00e1rias apresenta\u00e7\u00f5es em TV e shows por todo Brasil e exterior. Cover reconhecido pela Sony Music, foi convidado em 2003 para representar a Am\u00e9rica Latina no show 30th Years of Magic, em homenagem a Michael Jackson, em Nova York, onde o pr\u00f3prio esteve presente.<\/p>\n<p style=\"text-align: left;\">&nbsp;MAIS: O Theatro Municipal de Paul\u00ednia fica na av. Jos\u00e9 Lozano Ara\u00fajo, 1551 \u2013 Pq. Brasil 500. Informa\u00e7\u00f5es: 0800 735 0550 \u2013 <a href=\"http:\/\/www.teatrogt.com.br\/\">www.teatrogt.com.br<\/a><\/p>\n<p style=\"text-align: left;\"><em>&nbsp;fotos: Divulga\u00e7\u00e3o&nbsp;<\/em><\/p>\n","protected":false},"excerpt":{"rendered":"<p>A Teatro GT traz para o Interior de S\u00e3o Paulo, Rodrigo Teaser, no espet\u00e1culo \u201cTributo ao Rei do Pop\u201d. Ser\u00e1 neste domingo, 06 de novembro, \u00e0s 19h, no Theatro Municipal de Paul\u00ednia, na regi\u00e3o de Campinas. O show presta uma homenagem inesquec\u00edvel a Michael Jackson, recriando toda a estrutura das principais performances do cantor, falecido [&hellip;]<\/p>\n","protected":false},"author":1,"featured_media":11257,"comment_status":"open","ping_status":"open","sticky":false,"template":"","format":"standard","meta":{"_acf_changed":false,"ngg_post_thumbnail":0,"_joinchat":[],"footnotes":""},"categories":[4],"tags":[533],"class_list":["post-8519","post","type-post","status-publish","format-standard","has-post-thumbnail","hentry","category-cultura","tag-cultura"],"acf":[],"yoast_head":"<!-- This site is optimized with the Yoast SEO plugin v27.4 - https:\/\/yoast.com\/product\/yoast-seo-wordpress\/ -->\n<title>Tributo a Michael Jackson em Paul\u00ednia - Revista Regional<\/title>\n<meta name=\"robots\" content=\"index, follow, max-snippet:-1, max-image-preview:large, max-video-preview:-1\" \/>\n<link rel=\"canonical\" href=\"https:\/\/revistaregional.com.br\/site\/2016\/11\/01\/tributo-a-michael-jackson-em-paulinia\/\" \/>\n<meta property=\"og:locale\" content=\"pt_BR\" \/>\n<meta property=\"og:type\" content=\"article\" \/>\n<meta property=\"og:title\" content=\"Tributo a Michael Jackson em Paul\u00ednia - Revista Regional\" \/>\n<meta property=\"og:description\" content=\"A Teatro GT traz para o Interior de S\u00e3o Paulo, Rodrigo Teaser, no espet\u00e1culo \u201cTributo ao Rei do Pop\u201d. Ser\u00e1 neste domingo, 06 de novembro, \u00e0s 19h, no Theatro Municipal de Paul\u00ednia, na regi\u00e3o de Campinas. O show presta uma homenagem inesquec\u00edvel a Michael Jackson, recriando toda a estrutura das principais performances do cantor, falecido [&hellip;]\" \/>\n<meta property=\"og:url\" content=\"https:\/\/revistaregional.com.br\/site\/2016\/11\/01\/tributo-a-michael-jackson-em-paulinia\/\" \/>\n<meta property=\"og:site_name\" content=\"Revista Regional\" \/>\n<meta property=\"article:published_time\" content=\"2016-11-01T16:13:19+00:00\" \/>\n<meta property=\"article:modified_time\" content=\"2024-01-26T13:59:15+00:00\" \/>\n<meta property=\"og:image\" content=\"https:\/\/revistaregional.com.br\/site\/wp-content\/uploads\/2016\/11\/tributo_michael_jackson.jpg\" \/>\n\t<meta property=\"og:image:width\" content=\"160\" \/>\n\t<meta property=\"og:image:height\" content=\"150\" \/>\n\t<meta property=\"og:image:type\" content=\"image\/jpeg\" \/>\n<meta name=\"author\" content=\"contato@revistaregional.com.br\" \/>\n<meta name=\"twitter:card\" content=\"summary_large_image\" \/>\n<meta name=\"twitter:label1\" content=\"Escrito por\" \/>\n\t<meta name=\"twitter:data1\" content=\"contato@revistaregional.com.br\" \/>\n\t<meta name=\"twitter:label2\" content=\"Est. tempo de leitura\" \/>\n\t<meta name=\"twitter:data2\" content=\"2 minutos\" \/>\n<script type=\"application\/ld+json\" class=\"yoast-schema-graph\">{\"@context\":\"https:\\\/\\\/schema.org\",\"@graph\":[{\"@type\":\"Article\",\"@id\":\"https:\\\/\\\/revistaregional.com.br\\\/site\\\/2016\\\/11\\\/01\\\/tributo-a-michael-jackson-em-paulinia\\\/#article\",\"isPartOf\":{\"@id\":\"https:\\\/\\\/revistaregional.com.br\\\/site\\\/2016\\\/11\\\/01\\\/tributo-a-michael-jackson-em-paulinia\\\/\"},\"author\":{\"name\":\"contato@revistaregional.com.br\",\"@id\":\"https:\\\/\\\/revistaregional.com.br\\\/site\\\/#\\\/schema\\\/person\\\/382af97c580dc1b18f55107bc316010d\"},\"headline\":\"Tributo a Michael Jackson em Paul\u00ednia\",\"datePublished\":\"2016-11-01T16:13:19+00:00\",\"dateModified\":\"2024-01-26T13:59:15+00:00\",\"mainEntityOfPage\":{\"@id\":\"https:\\\/\\\/revistaregional.com.br\\\/site\\\/2016\\\/11\\\/01\\\/tributo-a-michael-jackson-em-paulinia\\\/\"},\"wordCount\":316,\"commentCount\":0,\"image\":{\"@id\":\"https:\\\/\\\/revistaregional.com.br\\\/site\\\/2016\\\/11\\\/01\\\/tributo-a-michael-jackson-em-paulinia\\\/#primaryimage\"},\"thumbnailUrl\":\"https:\\\/\\\/revistaregional.com.br\\\/site\\\/wp-content\\\/uploads\\\/2016\\\/11\\\/tributo_michael_jackson.jpg\",\"keywords\":[\"Cultura\"],\"articleSection\":[\"Cultura\"],\"inLanguage\":\"pt-BR\",\"potentialAction\":[{\"@type\":\"CommentAction\",\"name\":\"Comment\",\"target\":[\"https:\\\/\\\/revistaregional.com.br\\\/site\\\/2016\\\/11\\\/01\\\/tributo-a-michael-jackson-em-paulinia\\\/#respond\"]}]},{\"@type\":\"WebPage\",\"@id\":\"https:\\\/\\\/revistaregional.com.br\\\/site\\\/2016\\\/11\\\/01\\\/tributo-a-michael-jackson-em-paulinia\\\/\",\"url\":\"https:\\\/\\\/revistaregional.com.br\\\/site\\\/2016\\\/11\\\/01\\\/tributo-a-michael-jackson-em-paulinia\\\/\",\"name\":\"Tributo a Michael Jackson em Paul\u00ednia - Revista Regional\",\"isPartOf\":{\"@id\":\"https:\\\/\\\/revistaregional.com.br\\\/site\\\/#website\"},\"primaryImageOfPage\":{\"@id\":\"https:\\\/\\\/revistaregional.com.br\\\/site\\\/2016\\\/11\\\/01\\\/tributo-a-michael-jackson-em-paulinia\\\/#primaryimage\"},\"image\":{\"@id\":\"https:\\\/\\\/revistaregional.com.br\\\/site\\\/2016\\\/11\\\/01\\\/tributo-a-michael-jackson-em-paulinia\\\/#primaryimage\"},\"thumbnailUrl\":\"https:\\\/\\\/revistaregional.com.br\\\/site\\\/wp-content\\\/uploads\\\/2016\\\/11\\\/tributo_michael_jackson.jpg\",\"datePublished\":\"2016-11-01T16:13:19+00:00\",\"dateModified\":\"2024-01-26T13:59:15+00:00\",\"author\":{\"@id\":\"https:\\\/\\\/revistaregional.com.br\\\/site\\\/#\\\/schema\\\/person\\\/382af97c580dc1b18f55107bc316010d\"},\"breadcrumb\":{\"@id\":\"https:\\\/\\\/revistaregional.com.br\\\/site\\\/2016\\\/11\\\/01\\\/tributo-a-michael-jackson-em-paulinia\\\/#breadcrumb\"},\"inLanguage\":\"pt-BR\",\"potentialAction\":[{\"@type\":\"ReadAction\",\"target\":[\"https:\\\/\\\/revistaregional.com.br\\\/site\\\/2016\\\/11\\\/01\\\/tributo-a-michael-jackson-em-paulinia\\\/\"]}]},{\"@type\":\"ImageObject\",\"inLanguage\":\"pt-BR\",\"@id\":\"https:\\\/\\\/revistaregional.com.br\\\/site\\\/2016\\\/11\\\/01\\\/tributo-a-michael-jackson-em-paulinia\\\/#primaryimage\",\"url\":\"https:\\\/\\\/revistaregional.com.br\\\/site\\\/wp-content\\\/uploads\\\/2016\\\/11\\\/tributo_michael_jackson.jpg\",\"contentUrl\":\"https:\\\/\\\/revistaregional.com.br\\\/site\\\/wp-content\\\/uploads\\\/2016\\\/11\\\/tributo_michael_jackson.jpg\",\"width\":160,\"height\":150},{\"@type\":\"BreadcrumbList\",\"@id\":\"https:\\\/\\\/revistaregional.com.br\\\/site\\\/2016\\\/11\\\/01\\\/tributo-a-michael-jackson-em-paulinia\\\/#breadcrumb\",\"itemListElement\":[{\"@type\":\"ListItem\",\"position\":1,\"name\":\"In\u00edcio\",\"item\":\"https:\\\/\\\/revistaregional.com.br\\\/site\\\/\"},{\"@type\":\"ListItem\",\"position\":2,\"name\":\"Tributo a Michael Jackson em Paul\u00ednia\"}]},{\"@type\":\"WebSite\",\"@id\":\"https:\\\/\\\/revistaregional.com.br\\\/site\\\/#website\",\"url\":\"https:\\\/\\\/revistaregional.com.br\\\/site\\\/\",\"name\":\"Revista Regional\",\"description\":\"Salto - Itu - Indaituba\",\"potentialAction\":[{\"@type\":\"SearchAction\",\"target\":{\"@type\":\"EntryPoint\",\"urlTemplate\":\"https:\\\/\\\/revistaregional.com.br\\\/site\\\/?s={search_term_string}\"},\"query-input\":{\"@type\":\"PropertyValueSpecification\",\"valueRequired\":true,\"valueName\":\"search_term_string\"}}],\"inLanguage\":\"pt-BR\"},{\"@type\":\"Person\",\"@id\":\"https:\\\/\\\/revistaregional.com.br\\\/site\\\/#\\\/schema\\\/person\\\/382af97c580dc1b18f55107bc316010d\",\"name\":\"contato@revistaregional.com.br\",\"image\":{\"@type\":\"ImageObject\",\"inLanguage\":\"pt-BR\",\"@id\":\"https:\\\/\\\/secure.gravatar.com\\\/avatar\\\/869822917e96b2e292d5827e4635855396934485e7c4a0af84e9a214e32ca0cd?s=96&d=mm&r=g\",\"url\":\"https:\\\/\\\/secure.gravatar.com\\\/avatar\\\/869822917e96b2e292d5827e4635855396934485e7c4a0af84e9a214e32ca0cd?s=96&d=mm&r=g\",\"contentUrl\":\"https:\\\/\\\/secure.gravatar.com\\\/avatar\\\/869822917e96b2e292d5827e4635855396934485e7c4a0af84e9a214e32ca0cd?s=96&d=mm&r=g\",\"caption\":\"contato@revistaregional.com.br\"},\"url\":\"https:\\\/\\\/revistaregional.com.br\\\/site\\\/author\\\/contato@revistaregional.com.br\\\/\"}]}<\/script>\n<!-- \/ Yoast SEO plugin. -->","yoast_head_json":{"title":"Tributo a Michael Jackson em Paul\u00ednia - Revista Regional","robots":{"index":"index","follow":"follow","max-snippet":"max-snippet:-1","max-image-preview":"max-image-preview:large","max-video-preview":"max-video-preview:-1"},"canonical":"https:\/\/revistaregional.com.br\/site\/2016\/11\/01\/tributo-a-michael-jackson-em-paulinia\/","og_locale":"pt_BR","og_type":"article","og_title":"Tributo a Michael Jackson em Paul\u00ednia - Revista Regional","og_description":"A Teatro GT traz para o Interior de S\u00e3o Paulo, Rodrigo Teaser, no espet\u00e1culo \u201cTributo ao Rei do Pop\u201d. Ser\u00e1 neste domingo, 06 de novembro, \u00e0s 19h, no Theatro Municipal de Paul\u00ednia, na regi\u00e3o de Campinas. O show presta uma homenagem inesquec\u00edvel a Michael Jackson, recriando toda a estrutura das principais performances do cantor, falecido [&hellip;]","og_url":"https:\/\/revistaregional.com.br\/site\/2016\/11\/01\/tributo-a-michael-jackson-em-paulinia\/","og_site_name":"Revista Regional","article_published_time":"2016-11-01T16:13:19+00:00","article_modified_time":"2024-01-26T13:59:15+00:00","og_image":[{"width":160,"height":150,"url":"https:\/\/revistaregional.com.br\/site\/wp-content\/uploads\/2016\/11\/tributo_michael_jackson.jpg","type":"image\/jpeg"}],"author":"contato@revistaregional.com.br","twitter_card":"summary_large_image","twitter_misc":{"Escrito por":"contato@revistaregional.com.br","Est. tempo de leitura":"2 minutos"},"schema":{"@context":"https:\/\/schema.org","@graph":[{"@type":"Article","@id":"https:\/\/revistaregional.com.br\/site\/2016\/11\/01\/tributo-a-michael-jackson-em-paulinia\/#article","isPartOf":{"@id":"https:\/\/revistaregional.com.br\/site\/2016\/11\/01\/tributo-a-michael-jackson-em-paulinia\/"},"author":{"name":"contato@revistaregional.com.br","@id":"https:\/\/revistaregional.com.br\/site\/#\/schema\/person\/382af97c580dc1b18f55107bc316010d"},"headline":"Tributo a Michael Jackson em Paul\u00ednia","datePublished":"2016-11-01T16:13:19+00:00","dateModified":"2024-01-26T13:59:15+00:00","mainEntityOfPage":{"@id":"https:\/\/revistaregional.com.br\/site\/2016\/11\/01\/tributo-a-michael-jackson-em-paulinia\/"},"wordCount":316,"commentCount":0,"image":{"@id":"https:\/\/revistaregional.com.br\/site\/2016\/11\/01\/tributo-a-michael-jackson-em-paulinia\/#primaryimage"},"thumbnailUrl":"https:\/\/revistaregional.com.br\/site\/wp-content\/uploads\/2016\/11\/tributo_michael_jackson.jpg","keywords":["Cultura"],"articleSection":["Cultura"],"inLanguage":"pt-BR","potentialAction":[{"@type":"CommentAction","name":"Comment","target":["https:\/\/revistaregional.com.br\/site\/2016\/11\/01\/tributo-a-michael-jackson-em-paulinia\/#respond"]}]},{"@type":"WebPage","@id":"https:\/\/revistaregional.com.br\/site\/2016\/11\/01\/tributo-a-michael-jackson-em-paulinia\/","url":"https:\/\/revistaregional.com.br\/site\/2016\/11\/01\/tributo-a-michael-jackson-em-paulinia\/","name":"Tributo a Michael Jackson em Paul\u00ednia - Revista Regional","isPartOf":{"@id":"https:\/\/revistaregional.com.br\/site\/#website"},"primaryImageOfPage":{"@id":"https:\/\/revistaregional.com.br\/site\/2016\/11\/01\/tributo-a-michael-jackson-em-paulinia\/#primaryimage"},"image":{"@id":"https:\/\/revistaregional.com.br\/site\/2016\/11\/01\/tributo-a-michael-jackson-em-paulinia\/#primaryimage"},"thumbnailUrl":"https:\/\/revistaregional.com.br\/site\/wp-content\/uploads\/2016\/11\/tributo_michael_jackson.jpg","datePublished":"2016-11-01T16:13:19+00:00","dateModified":"2024-01-26T13:59:15+00:00","author":{"@id":"https:\/\/revistaregional.com.br\/site\/#\/schema\/person\/382af97c580dc1b18f55107bc316010d"},"breadcrumb":{"@id":"https:\/\/revistaregional.com.br\/site\/2016\/11\/01\/tributo-a-michael-jackson-em-paulinia\/#breadcrumb"},"inLanguage":"pt-BR","potentialAction":[{"@type":"ReadAction","target":["https:\/\/revistaregional.com.br\/site\/2016\/11\/01\/tributo-a-michael-jackson-em-paulinia\/"]}]},{"@type":"ImageObject","inLanguage":"pt-BR","@id":"https:\/\/revistaregional.com.br\/site\/2016\/11\/01\/tributo-a-michael-jackson-em-paulinia\/#primaryimage","url":"https:\/\/revistaregional.com.br\/site\/wp-content\/uploads\/2016\/11\/tributo_michael_jackson.jpg","contentUrl":"https:\/\/revistaregional.com.br\/site\/wp-content\/uploads\/2016\/11\/tributo_michael_jackson.jpg","width":160,"height":150},{"@type":"BreadcrumbList","@id":"https:\/\/revistaregional.com.br\/site\/2016\/11\/01\/tributo-a-michael-jackson-em-paulinia\/#breadcrumb","itemListElement":[{"@type":"ListItem","position":1,"name":"In\u00edcio","item":"https:\/\/revistaregional.com.br\/site\/"},{"@type":"ListItem","position":2,"name":"Tributo a Michael Jackson em Paul\u00ednia"}]},{"@type":"WebSite","@id":"https:\/\/revistaregional.com.br\/site\/#website","url":"https:\/\/revistaregional.com.br\/site\/","name":"Revista Regional","description":"Salto - Itu - Indaituba","potentialAction":[{"@type":"SearchAction","target":{"@type":"EntryPoint","urlTemplate":"https:\/\/revistaregional.com.br\/site\/?s={search_term_string}"},"query-input":{"@type":"PropertyValueSpecification","valueRequired":true,"valueName":"search_term_string"}}],"inLanguage":"pt-BR"},{"@type":"Person","@id":"https:\/\/revistaregional.com.br\/site\/#\/schema\/person\/382af97c580dc1b18f55107bc316010d","name":"contato@revistaregional.com.br","image":{"@type":"ImageObject","inLanguage":"pt-BR","@id":"https:\/\/secure.gravatar.com\/avatar\/869822917e96b2e292d5827e4635855396934485e7c4a0af84e9a214e32ca0cd?s=96&d=mm&r=g","url":"https:\/\/secure.gravatar.com\/avatar\/869822917e96b2e292d5827e4635855396934485e7c4a0af84e9a214e32ca0cd?s=96&d=mm&r=g","contentUrl":"https:\/\/secure.gravatar.com\/avatar\/869822917e96b2e292d5827e4635855396934485e7c4a0af84e9a214e32ca0cd?s=96&d=mm&r=g","caption":"contato@revistaregional.com.br"},"url":"https:\/\/revistaregional.com.br\/site\/author\/contato@revistaregional.com.br\/"}]}},"views":57,"_links":{"self":[{"href":"https:\/\/revistaregional.com.br\/site\/wp-json\/wp\/v2\/posts\/8519","targetHints":{"allow":["GET"]}}],"collection":[{"href":"https:\/\/revistaregional.com.br\/site\/wp-json\/wp\/v2\/posts"}],"about":[{"href":"https:\/\/revistaregional.com.br\/site\/wp-json\/wp\/v2\/types\/post"}],"author":[{"embeddable":true,"href":"https:\/\/revistaregional.com.br\/site\/wp-json\/wp\/v2\/users\/1"}],"replies":[{"embeddable":true,"href":"https:\/\/revistaregional.com.br\/site\/wp-json\/wp\/v2\/comments?post=8519"}],"version-history":[{"count":1,"href":"https:\/\/revistaregional.com.br\/site\/wp-json\/wp\/v2\/posts\/8519\/revisions"}],"predecessor-version":[{"id":11265,"href":"https:\/\/revistaregional.com.br\/site\/wp-json\/wp\/v2\/posts\/8519\/revisions\/11265"}],"wp:featuredmedia":[{"embeddable":true,"href":"https:\/\/revistaregional.com.br\/site\/wp-json\/wp\/v2\/media\/11257"}],"wp:attachment":[{"href":"https:\/\/revistaregional.com.br\/site\/wp-json\/wp\/v2\/media?parent=8519"}],"wp:term":[{"taxonomy":"category","embeddable":true,"href":"https:\/\/revistaregional.com.br\/site\/wp-json\/wp\/v2\/categories?post=8519"},{"taxonomy":"post_tag","embeddable":true,"href":"https:\/\/revistaregional.com.br\/site\/wp-json\/wp\/v2\/tags?post=8519"}],"curies":[{"name":"wp","href":"https:\/\/api.w.org\/{rel}","templated":true}]}}