{"id":8510,"date":"2016-10-31T12:36:11","date_gmt":"2016-10-31T15:36:11","guid":{"rendered":"http:\/\/revistaregional.com.br\/site\/?p=8510"},"modified":"2024-01-26T10:59:16","modified_gmt":"2024-01-26T13:59:16","slug":"indaiatuba-tem-mostra-de-artes-cenicas","status":"publish","type":"post","link":"https:\/\/revistaregional.com.br\/site\/2016\/10\/31\/indaiatuba-tem-mostra-de-artes-cenicas\/","title":{"rendered":"Mostra de Artes C\u00eanicas em Indaiatuba"},"content":{"rendered":"<figure id=\"attachment_8511\" aria-describedby=\"caption-attachment-8511\" style=\"width: 384px\" class=\"wp-caption aligncenter\"><a href=\"http:\/\/revistaregional.com.br\/site\/wp-content\/uploads\/2016\/10\/DSC01656.jpg\" rel=\"attachment wp-att-8511\"><img fetchpriority=\"high\" decoding=\"async\" class=\" wp-image-8511 \" src=\"http:\/\/revistaregional.com.br\/site\/wp-content\/uploads\/2016\/10\/DSC01656.jpg\" alt=\"\" width=\"384\" height=\"216\"><\/a><figcaption id=\"caption-attachment-8511\" class=\"wp-caption-text\">pe\u00e7a Oleanna encerra o festival no dia 27 no Ciaei, com debate com o p\u00fablico ap\u00f3s a apresenta\u00e7\u00e3o<\/figcaption><\/figure>\n<p>A Secretaria Municipal de Cultura de Indaiatuba promove a segunda edi\u00e7\u00e3o da Mostra de Artes C\u00eanicas, evento que comp\u00f5e o festival Novembro em Cena. Ao longo de todo o m\u00eas ser\u00e3o oferecidos 27 espet\u00e1culos teatrais gratuitos, com op\u00e7\u00f5es para todas as faixas et\u00e1rias e garantia de divers\u00e3o para toda a fam\u00edlia. A programa\u00e7\u00e3o come\u00e7a no dia 04 de novembro, \u00e0s 20h, no Novo Centro Cultural Morada do Sol, com a pe\u00e7a \u201cNossos Dias Mais Felizes\u201d, do grupo Cia da Casa Amarela, com dire\u00e7\u00e3o de Drika Vieira e Carlinhos Rodrigos. O encerramento acontece dia 27 \u00e0s 17h no Ciaei com a montagem \u201cOleanna\u201d, com dire\u00e7\u00e3o de Gustavo Paso e Marcos Breda e Luciana F\u00e1vero no elenco, com direito a debate com o p\u00fablico ao final da apresenta\u00e7\u00e3o.<\/p>\n<p>Os espet\u00e1culos participantes da mostra foram definidos a partir da avalia\u00e7\u00e3o de todas as inscri\u00e7\u00f5es realizadas em chamamento aberto da Secretaria de Cultura, mediante an\u00e1lise de uma comiss\u00e3o composta pelos profissionais convidados da \u00e1rea teatral Adbailson Cuba, Camila Damasceno e Edson Gory, com curadoria de Claudio Mendel. Confira abaixo a agenda completa. Informa\u00e7\u00f5es pelo telefone: (19) 3894-1867.<\/p>\n<p><strong>&nbsp;<\/strong><strong>Programa\u00e7\u00e3o<\/strong><\/p>\n<p><strong>Dia 04: \u201cNOSSOS DIAS MAIS FELIZES\u201d<\/strong><\/p>\n<p>Grupo: Cia da Casa Amarela<\/p>\n<p>Dire\u00e7\u00e3o: Drika Vieira e Carlinhos Rodrigues<\/p>\n<p>Texto: Drika Vieira e Carlinhos Rodrigues<\/p>\n<p>Hor\u00e1rio: 20h<\/p>\n<p>Local: Novo Centro Cultural do Jardim Morada do Sol<\/p>\n<p>Sinopse: Nossos Dias Mais Felizes \u00e9&nbsp; um&nbsp; comovente&nbsp; espet\u00e1culo&nbsp; sobre&nbsp; o&nbsp; Amor&nbsp; e&nbsp; a&nbsp; Vida. Simp\u00e1tico e apaixonante casal de velhinhos: Charl\u00f4t e Edith vivem a terceira idade entre recorda\u00e7\u00f5es, manias, risos e l\u00e1grimas em torno de uma vida repleta de experi\u00eancias bem vividas. Levando o p\u00fablico ao riso e \u00e0 emo\u00e7\u00e3o, Nossos Dias Mais Felizes \u00e9 uma li\u00e7\u00e3o de Vida para a terceira idade e para todos n\u00f3s, incluindo crian\u00e7as e jovens!<\/p>\n<p><em>&nbsp;<\/em><strong>Dia 05: \u201cCANDIM\u201d<\/strong><\/p>\n<p>Grupo: Cia da Casa Amarela<\/p>\n<p>Dire\u00e7\u00e3o: Drika Vieira e Carlinhos Rodrigues<\/p>\n<p>Texto: Drika Vieira e Carlinhos Rodrigues<\/p>\n<p>Hor\u00e1rio: 20h<\/p>\n<p>Local: Sala Acr\u00edsio de Camargo<\/p>\n<p>Sinopse: \u201cCandim\u201d revela a inf\u00e2ncia do pintor brasileiro C\u00e2ndido Portinari e seu contato com a terra, com o povo brasileiro,dentro de seu crescimento humano e social. Candim \u00e9 o menino simples, sonhador, de p\u00e9s descal\u00e7os e cal\u00e7as&nbsp; curtas&nbsp; que&nbsp; vive&nbsp; intensamente&nbsp; suas&nbsp; aventuras&nbsp; em&nbsp; sua&nbsp; cidade natal: Brodowski.<\/p>\n<p>Ao&nbsp; mesmo&nbsp; tempo,&nbsp; Candim&nbsp; \u00e9&nbsp; o&nbsp; pintor&nbsp; consagrado,&nbsp; premiado,homenageado e que recorda seus tempos de menino do interior com emo\u00e7\u00e3o e lucidez. Ambos permanecem com um desafio: o Espantalho.<\/p>\n<p>O&nbsp; menino&nbsp; Candim&nbsp; morre&nbsp; de&nbsp; medo&nbsp; daquela&nbsp; figura&nbsp; enigm\u00e1tica, que dan\u00e7a ao seu redor nos pesadelos que tem quando dorme. O homem&nbsp; Candim busca a forma de vencer esse medo retratando em seus quadros aquela&nbsp;&nbsp; figura&nbsp; que, segundo o pr\u00f3prio pintor \u00e9 o seu auto-retrato. \u00c9&nbsp; a&nbsp; menina&nbsp; Janelise,&nbsp; uma&nbsp; simples&nbsp; crian\u00e7a&nbsp; de&nbsp; rua, que vem buscar Candim&nbsp; \u2013&nbsp; em suas lembran\u00e7as&nbsp; \u2013 para ajudar a vencer o medo.Medo que todos n\u00f3s&nbsp; temos de alguma&nbsp; coisa,&nbsp; de&nbsp; um sentimento, do passado, do futuro&#8230; Todos temos que enfrentar esse desafio: vencer&nbsp;&nbsp; o&nbsp;&nbsp; medo! Mais de 40pr\u00eamios em festivais! Foi apresentado em dois&nbsp; festivais internacionais em Portugal!<\/p>\n<p><strong>Dia 06: \u201cEU CHAPLIN\u201d<\/strong><\/p>\n<p>Grupo: Cia Imperial do Brasil<\/p>\n<p>Dire\u00e7\u00e3o: Ralph Maizza<\/p>\n<p>Autor: Leandro D\u2019Errico<\/p>\n<p>Hor\u00e1rio: 16h e 18h (2 sess\u00f5es)<\/p>\n<p>Local: Novo Centro Cultural do Jardim Morada do Sol<\/p>\n<p>Sinopse: o espet\u00e1culo, livremente inspirado na autobiografia de Charlie Chaplin, aborda poeticamente a inf\u00e2ncia dif\u00edcil de Chaplin antes da fama. Atrav\u00e9s de um encontro imagin\u00e1rio de Chaplin e o irm\u00e3o Sid, os personagens revivem sua trajet\u00f3ria tr\u00e1gica enquanto discutem o valor da arte, as ang\u00fastias do artista e as mudan\u00e7as constantes ao longo do tempo.<\/p>\n<p><strong>&nbsp;<\/strong><strong>Dia 10: \u201c\u00c9DIPO REI\u201d<\/strong><\/p>\n<p>Grupo: LaminiCAC<\/p>\n<p>Dire\u00e7\u00e3o: Andr\u00e9ia Barros<\/p>\n<p>Autor: S\u00f3focles<\/p>\n<p>Tradu\u00e7\u00e3o e Adapta\u00e7\u00e3o: Edson Gory<\/p>\n<p>Hor\u00e1rio: 20h<\/p>\n<p>Local: Novo Centro Cultural do Jardim Morada do Sol<\/p>\n<p>Sinopse: escrita h\u00e1 mais de dois mil anos, \u00c9dipo Rei, continua atual e ainda utilizada nos estudos sobre o relacionamento e conhecimento da natureza humana, j\u00e1 que os conflitos desencadeados durante a pe\u00e7a originam-se da busca de \u00c9dipo por sua identidade.<\/p>\n<p><strong>Dia 11: \u201cH\u00c9RCULES\u201d<\/strong><\/p>\n<p>Grupo: Barbatti Teatro<\/p>\n<p>Dire\u00e7\u00e3o: Rog\u00e9rio Barbatti<\/p>\n<p>Autor: Baseado no cl\u00e1ssico de Walt Disney<\/p>\n<p>Hor\u00e1rio: 20h30<\/p>\n<p>Local: Sala Acr\u00edsio de Camargo<\/p>\n<p><strong>Dia 12: \u201cCHAMA O POVO 2016\u201d<\/strong><\/p>\n<p>Grupo: Gandai\u00e1<\/p>\n<p>Dire\u00e7\u00e3o: F\u00e1bio Pimenta<\/p>\n<p>Hor\u00e1rio: 9h<\/p>\n<p>Local: Pra\u00e7a Dom Pedro II<\/p>\n<p>Sinopse: uma das coisas boas de ser palha\u00e7o \u00e9 colocar o nariz onde foi chamado e onde n\u00e3o foi!<\/p>\n<p>Onde h\u00e1 um nariz vermelho, a realidade cotidiana abre alas para a concretude do sem nexo!<\/p>\n<p>Machismo? Desigualdade social? Poesia? Os palha\u00e7os do Grupo Gandai\u00e1 circulam por muitos temas com transpar\u00eancia, humildade e acidez! Senhoras e senhores, com voc\u00eas, o esplendoroso, magn\u00e2nimo e saudabil\u00edssimo: Chama o Povo 2016!<\/p>\n<p><strong>&nbsp;<\/strong><strong>Dia 12: \u201cENTREI NA RODA DO FOLCLORE BRASILEIRO\u201d<\/strong><\/p>\n<p>Grupo: Tarto<\/p>\n<p>Dire\u00e7\u00e3o: \u00d3rion Lalli<\/p>\n<p>Autor: \u00d3rion Lalli (baseado na Cultural Popular Brasileira)<\/p>\n<p>Hor\u00e1rio: 10h<\/p>\n<p>Local: Pra\u00e7a Dom Pedro II<\/p>\n<p>Sinopse: \u201cEntrei na roda do folclore brasileiro\u201d tem como proposta a intera\u00e7\u00e3o entre linguagens distintas em di\u00e1logo direto com a comunidade. Dentro desse espectro de aproxima\u00e7\u00e3o, atividades art\u00edsticas abordando algumas manifesta\u00e7\u00f5es e transversalidades culturais do folclore presente no Brasil.<\/p>\n<p><strong>&nbsp;<\/strong><strong>Dia 12: \u201cQUE FESTA \u00c9 ESSA, CRIATURA?\u201d<\/strong><\/p>\n<p>Grupo: Palha\u00e7a Incr\u00edvel Teimosa<\/p>\n<p>Dire\u00e7\u00e3o: Daniele Pezenti<\/p>\n<p>Autor: Daniele Pezenti<\/p>\n<p>Hor\u00e1rio: 11h<\/p>\n<p>Local: Pra\u00e7a Dom Pedro II<\/p>\n<p>Sinopse: no espet\u00e1culo \u201cQue Festa \u00c9 Essa, Criatura?\u201d se desmistifica a ideia de que \u201ca palhacinha\u201d, ou seja, a figura feminina, precisa ser meiga e comportada. Ela gosta de rock, toca guitarra, brinca de guerrinha de almofadas, entre muitas outras atividades que, socialmente, pertenceria ao palha\u00e7o, ou seja, \u00e0 figura masculina.<\/p>\n<p><strong>Dia 12: \u201cO GATO DE BOTAS\u201d<\/strong><\/p>\n<p>Grupo: Cia Teatral Valeu a Pena<\/p>\n<p>Dire\u00e7\u00e3o: Bbeth Forini<\/p>\n<p>Autor: Crispin Junior<\/p>\n<p>Hor\u00e1rio: 20h<\/p>\n<p>Local: Sala Acr\u00edsio de Camargo<\/p>\n<p>Sinopse: esse belo cl\u00e1ssico conta a hist\u00f3ria de Bartolomeu Moleiro, um fazendeiro que antes de falecer deixa para seu filho mais novo um Gato muito esperto, por\u00e9m um certo dia aparece pela regi\u00e3o uma bruxa que invadiu tudo o que velho Moleiro a vida inteira construiu, ela escravizou os camponeses e ningu\u00e9m podia enfrent\u00e1-la pois a bruxa tinho o poder de se transformar em qualquer coisa ou qualquer animal. A esperan\u00e7a estava no ar, estava no Gato, na intelig\u00eancia, na ast\u00facia e na coragem, no plano infal\u00edvel que ia bolar.<\/p>\n<p><strong>Dia 13: \u201cPROCURA-SE M\u00c1GICO\u201d<\/strong><\/p>\n<p>Grupo: F\u00e2ntaso<\/p>\n<p>Dire\u00e7\u00e3o: Tiago Marcon<\/p>\n<p>Autor: Tiago Marcon<\/p>\n<p>Hor\u00e1rio: 16h<\/p>\n<p>Local: Novo Centro Cultural do Jardim Morada do Sol<\/p>\n<p>Sinopse: tr\u00eas palha\u00e7as procuram um m\u00e1gico para nova atra\u00e7\u00e3o, mas o que n\u00e3o esperavam \u00e9 que encontrariam um novo palha\u00e7o. Com a miss\u00e3o de se tornar um m\u00e1gico, o palha\u00e7o fracassa e \u00e9 demitido. Nesse Momento Lilica, apaixonada pelo palha\u00e7o, pega a doen\u00e7a do amor e precisa ser tratada \u00e0s pressas pelo atrapalhado Dr. Pa\u00e7oca. Nessa hist\u00f3ria o que n\u00e3o falta \u00e9 divers\u00e3o e muitas risadas.<\/p>\n<p><strong>Dia 13: \u201cJOIO\u201d<\/strong><\/p>\n<p>Grupo: Cia Cerne<\/p>\n<p>Dire\u00e7\u00e3o: Vin\u00edcius Bai\u00e3o<\/p>\n<p>Autor: Vin\u00edcius Bai\u00e3o<\/p>\n<p>Hor\u00e1rio: 18h<\/p>\n<p>Local: Sala Acr\u00edsio de Camargo<\/p>\n<p>Sinopse: o drama Joio nasceu de um estudo feito pela companhia sobre a tem\u00e1tica da trai\u00e7\u00e3o e uma pesquisa por personagens hist\u00f3ricos, reais e fict\u00edcios cujas vidas foram permeadas pelo assunto.<\/p>\n<p><strong>&nbsp;<\/strong><strong>Dia 14: \u201cA DAMA DE 18\u201d<\/strong><\/p>\n<p>Grupo: Aplaucine<\/p>\n<p>Dire\u00e7\u00e3o: Zileni Costa<\/p>\n<p>Autor: Rennan Metsi<\/p>\n<p>Hor\u00e1rio: 20h<\/p>\n<p>Local: Novo Centro Cultural do Jardim Morada do Sol<\/p>\n<p>Sinopse: bal\u00f5es rosa, vestido de princesa, um anjo, um dem\u00f4nio e a festa de dar pena.<\/p>\n<p>Talvez crescer e ver que a vida n\u00e3o \u00e9 uma festa rosa, pode ser dif\u00edcil.<\/p>\n<p><strong>&nbsp;<\/strong><strong>Dia 15: \u201cIMPROVISA\u00cd\u201d<\/strong><\/p>\n<p>Grupo: Cia Nelson Polin\u00e1rio<\/p>\n<p>Dire\u00e7\u00e3o: Nelson Polin\u00e1rio<\/p>\n<p>Hor\u00e1rio: 20h<\/p>\n<p>Local: Novo Centro Cultural do Jardim Morada do Sol<\/p>\n<p>Sinopse: o p\u00fablico d\u00e1 id\u00e9ias e os atores tem que se virar na hora! As pessoas escrevem suas id\u00e9ias na entrada do teatro ou podem falar durante o espet\u00e1culo. A\u00ed o mestre de cerim\u00f4nias passa as regras e os atores tem que criar uma cena usando as id\u00e9ias do p\u00fablico dentro das regras passadas. Muitas cenas, tudo feito na hora e muitas risadas no espet\u00e1culo IMPROVISA\u00cd.<\/p>\n<p><strong>&nbsp;<\/strong><strong>Dia 16: \u201cDOS CONTOS A VIDA REAL\u201d<\/strong><\/p>\n<p>Grupo: Em Conflito<\/p>\n<p>Dire\u00e7\u00e3o: Lukas Menddes<\/p>\n<p>Autor: Lukas Menddes<\/p>\n<p>Hor\u00e1rio: 20h<\/p>\n<p>Local: Novo Centro Cultural do Jardim Morada do Sol<\/p>\n<p>Sinopse: cansada de viver a bruxa Anest\u00e9sia decide sair do mundo encantado e ir arruinar outro mundo (o que vivemos), mas como n\u00e3o quer ir s\u00f3zinha decide capturar a princesa Bebel e o rei Adones e lev\u00e1-los com ele. Muitas coisa acontecem nesta incr\u00edvel viagem!<\/p>\n<p><strong>&nbsp;<\/strong><strong>Dia 18: \u201cSONHOS ROUBADOS \u2013 Um melodrama Dell\u2019Arte \u201d<\/strong><\/p>\n<p>Grupo: Cia Teatro da Cidade<\/p>\n<p>Texto: Calixto de Inhamuns<\/p>\n<p>Dire\u00e7\u00e3o: Neyde Veneziano<\/p>\n<p>Hor\u00e1rio: 20h<\/p>\n<p>Local: Sala Acr\u00edsio de Camargo<\/p>\n<p>Sinopse: um Melodrama&nbsp;&nbsp; Dell\u2019Arte,&nbsp; que&nbsp;&nbsp; recebeu&nbsp;&nbsp; os&nbsp;&nbsp; olhares&nbsp;&nbsp; sens\u00edveis&nbsp; do dramaturgo&nbsp; Calixto&nbsp; de&nbsp; Inhamuns&nbsp; e&nbsp; da&nbsp; diretora&nbsp; Neyde&nbsp; Veneziano,&nbsp; apresenta&nbsp; tr\u00eas&nbsp; hist\u00f3rias&nbsp; com&nbsp; situa\u00e7\u00f5es melodram\u00e1ticas que ocorreram na cidade, duas diretamente ligadas \u00e0 fase sanatorial de S\u00e3o Jos\u00e9 dos Campos, quando o antigo Sanat\u00f3rio Vicentina Aranha (hoje, patrim\u00f4nio hist\u00f3rico do&nbsp;&nbsp; munic\u00edpio)&nbsp;&nbsp; era&nbsp;&nbsp; considerado&nbsp;&nbsp; um&nbsp;&nbsp; dos&nbsp;&nbsp; mais&nbsp;&nbsp; importantes&nbsp;&nbsp; do&nbsp;&nbsp; pa\u00eds&nbsp;&nbsp; para&nbsp;&nbsp; o&nbsp;&nbsp; tratamento&nbsp;&nbsp; da&nbsp; tuberculose.&nbsp; Foi recriado a partir de pesquisa&nbsp; hist\u00f3rica&nbsp; sobre&nbsp; fatos &nbsp;ver\u00eddicos&nbsp; ocorridos&nbsp; em&nbsp; S\u00e3o Jos\u00e9 dos Campos, principalmente, no tempo do Sanat\u00f3rio Vicentina Aranha. S\u00e3o acontecimentos do passado, agora narrados, cantados e teatralizados por quatro atores que vivem personagens marcantes, sob nomes fict\u00edcios que nublam e fantasiam a realidade de outrora. Hoje, mostrado sob o prisma do melodrama circense, onde o riso e o choro andam juntos, o espet\u00e1culo pretende agradar, divertir e, ao mesmo tempo, emocionar p\u00fablicos de todas as idades.&nbsp; Porque \u00e9 olhando para nossas&nbsp; coisas,&nbsp; nossa&nbsp; cidade,&nbsp; nossa&nbsp; casa,&nbsp; que&nbsp; nos&nbsp; tornamos&nbsp; universais.&nbsp; Pois falamos da alma humana, sob a est\u00e9tica do teatro popular brasileiro.<\/p>\n<p><em>&nbsp;<\/em><strong>Dia 19: \u201cURUBUS NO AR\u201d<\/strong><\/p>\n<p>Grupo: Cia Quase Cinema<\/p>\n<p>Dire\u00e7\u00e3o e dramaturgia: Ronaldo Robles e Silvia Godoy<\/p>\n<p>Autores:&nbsp; Micheliny Verunschk e Luiz Roberto Guedes<\/p>\n<p>Hor\u00e1rio: 17h<\/p>\n<p>Local: Novo Centro Cultural do Jardim Morada do Sol<\/p>\n<p>Sinopse: o r\u00e9u aguarda sua senten\u00e7a, dois mortos e um segredo roubado. Corrup\u00e7\u00e3o, farsa, assassinato e trai\u00e7\u00e3o marcam este espet\u00e1culo que revela a fraqueza do homem que na \u00e2nsia pelo poder manipula tudo &#8211; at\u00e9 mesmo voc\u00ea. Inspirado no movimento cinematogr\u00e1fico Film Noir, apresenta uma est\u00e9tica que utiliza as sombras para revelar a mis\u00e9ria do cora\u00e7\u00e3o humano. Dois escritores contempor\u00e2neos, <strong>Micheliny Verunschk<\/strong> e Luiz Roberto Guedes, foram convidados a escrever sobre um mesmo tema, \u201cRoubaram o Segredo da corpora\u00e7\u00e3o e um homem assassinado\u201d, o cruzamento destas hist\u00f3rias acontece no tribunal do j\u00fari. Numa dramaturgia que mergulha no universo dos filmes Noir, onde elementos da atualidade s\u00e3o o combust\u00edvel que alimenta a imagina\u00e7\u00e3o dos escritores, deste encontro nasce um espet\u00e1culo de sombras que convida o espectador a refletir sobre os \u201curubus\u201d poderosos que pairam NO AR.<\/p>\n<p><strong>&nbsp;<\/strong><strong>Dia 19: \u201cSIMBAD, O NAVEGANTE\u201d<\/strong><\/p>\n<p>Grupo: Circo M\u00ednimo<\/p>\n<p>Dire\u00e7\u00e3o: Carla Candiotto<\/p>\n<p>Autor: Alexandre Roit, Carla Candiotto e Rodrigo Matheus<\/p>\n<p>Hor\u00e1rio: 20h<\/p>\n<p>Local: Sala Acr\u00edsio de Camargo<\/p>\n<p>Sinopse: Simbad coleta grandes riquezas em suas viagens e aventuras, sempre escapando por pouco da morte que chega para quase todos os seus companheiros de viagem, mas essas riquezas, que o fazem mais rico a cada vez que parece ter perdido tudo, na verdade o enriquecem mais como pessoa. Os conhecimentos e experi\u00eancias que agrega s\u00e3o a verdadeira riqueza que acumula. No original, dois Simbads de diferentes profiss\u00f5es representam a dualidade do ser humano, seu lado noturno e fantasioso (dos sonhos), representado pelas aventuras fant\u00e1sticas das quais ele se salva sempre milagrosamente, em oposi\u00e7\u00e3o ao diurno e concreto (da realidade), representado pelo trabalho de cada dia, ma\u00e7ante e cansativo. No espet\u00e1culo, quem conta a hist\u00f3ria de Simbad s\u00e3o dois palha\u00e7os que se confrontam o tempo todo, na cl\u00e1ssica situa\u00e7\u00e3o da dupla de palha\u00e7os \u2013 dois artistas mambembes que v\u00e3o de cidade em cidade, de pra\u00e7a em pra\u00e7a, contando suas hist\u00f3rias e sempre brigando, para ver quem ser\u00e1 o her\u00f3i. Com sua carro\u00e7a de bambus e as t\u00e9cnicas que o circo lhes ensinou, eles usam os bambus para criar animais imensos, barcos, p\u00e1ssaros, serpentes, elefantes, desfiladeiros, tempestades. As aventuras de Simbad s\u00e3o, na verdade, as aventuras da humanidade, e n\u00e3o apenas as de um her\u00f3i. Simbad, o navegante \u00e9 uma hist\u00f3ria de viagens e feitos heroicos, sobre a curiosidade e a coragem de enfrentar o desconhecido. Sua maior riqueza \u00e9 o que aprende nos lugares que visitou.<\/p>\n<p><strong>Dia 20: \u201cO CAIXEIRO DA TAVERNA\u201d<\/strong><\/p>\n<p>Grupo: Anank\u00ea<\/p>\n<p>Dire\u00e7\u00e3o: Chic\u00f3 Ferreira<\/p>\n<p>Autor: Martins Pena<\/p>\n<p>Hor\u00e1rio: 18h<\/p>\n<p>Local: Novo Centro Cultural do Jardim Morada do Sol<\/p>\n<p>Sinopse: o texto, adaptado para os palcos, narra as perip\u00e9cias do ambicioso e trapaceiro Manoel Pacheco, cujo maior sonho \u00e9 se tornar s\u00f3cio de sua ama Ang\u00e9lica Pereira, dona da taverna, que morre de amores por ele. A ambi\u00e7\u00e3o desenfreada deste caixeiro o coloca em situa\u00e7\u00f5es hilariantes, que certamente proporcionar\u00e3o bons motivos para dar muitas risadas.O dramaturgo rom\u00e2ntico Martins Pena notabilizou-se por satirizar a sociedade brasileira do s\u00e9culo 19. Suas obras constituem um retrato bem realista do Brasil daquela \u00e9poca, e ainda trazem reflex\u00f5es para os dias atuais.<\/p>\n<p><strong>Dias 21, 22 e 23: \u201cPALHA\u00c7O DE CORDAS\u201d <\/strong><\/p>\n<p>Projeto Interval\u00e3o<\/p>\n<p>Cria\u00e7\u00e3o: Fernando Milani (ator) e Estev\u00e3o Devides (violinista)<\/p>\n<p>Hor\u00e1rio: 10h \/ 14h \/ 17h<\/p>\n<p>Local: Pra\u00e7a Dom Pedro II<\/p>\n<p>Sinopse: palha\u00e7o de cordas nasce da necessidade de explorar e manipular diferentes formas de express\u00e3o, de transgredir o natural buscando o inexplorado. Compreendemos que o desafio das leis naturais pelo corpo humano est\u00e1 presente tanto no habilidade do palha\u00e7o malabarista como no dedilhar do violonista cl\u00e1ssico. Tanto um como o outro que se habilite a realizar este desafio vive num tempo exclusivo ou no momento \u00fanico da execu\u00e7\u00e3o de seu espet\u00e1culo; no seu pr\u00f3prio tempo, ambos desafiando seus limites. O espectador que v\u00ea \u00e9 o mesmo que ouve. O espectador que delicia seus ouvidos com o som, brinda sua vis\u00e3o com o movimento, a indument\u00e1ria, oscilando entre o sonho e o grotesco, a fantasia e o c\u00f4mico. Os momentos s\u00e3o solenes, mas podem ser tamb\u00e9m de relaxamento, seguidos de outro de surpresa de assombro, de riso ou irrever\u00eancia. Estamos diante de uma sala de concertos ou de um picadeiro mal iluminado?&nbsp; O foco convergente de nossa aten\u00e7\u00e3o \u00e9 o nosso ouvido ou nosso olhar? Ter\u00edamos mais outras formas sensoriais de desfrutar de toda a cena? Estamos diante do rigor de um recital ou da descontra\u00e7\u00e3o de um exerc\u00edcio permanente de express\u00e3o art\u00edstica?<\/p>\n<p><strong>&nbsp;<\/strong><strong>Dia 23: \u201cO ENGANO\u201d<\/strong><\/p>\n<p>Grupo: Cia Teatral Marli Lopes<\/p>\n<p>Dire\u00e7\u00e3o: Rog\u00e9rio Barbatti<\/p>\n<p>Autor: Claudio Damasco<\/p>\n<p>Hor\u00e1rio: 20h<\/p>\n<p>Local: Novo Centro Cultural do Jardim Morada do Sol<\/p>\n<p>Sinopse: O Engano conta a hist\u00f3ria de um casal de idosos que acham entradas para o cinema. Por\u00e9m, at\u00e9 que saiam para o passeio, se envolvem em diversas confus\u00f5es&#8230;.espera parece simples n\u00e3o \u00e9? Mas essa \u00e9 uma das tramas que rondam nosso espet\u00e1culo, a um engano maior, tanto para o publico quanto para osnossos personagens que \u00e9 revelado durante a hist\u00f3ria por quem n\u00e3o se deixar enganar. O bom humor e o companheirismo desse casal n\u00e3o deixa que a doen\u00e7a domine sua mente apagando suas hist\u00f3rias. A verdade ningu\u00e9m sabe, nem sempre da pra sorrir quando n\u00e3o se entende o que acontece, mas para essadupla t\u00e3o comum e absurda ao mesmo tempo tudo pode ser t\u00e3o leve quanto uma pluma ,tr\u00e1gico como um drama de <a title=\"William Shakespeare\" href=\"https:\/\/pt.wikipedia.org\/wiki\/William_Shakespeare\">William Shakespeare<\/a>ou uma com\u00e9dia sat\u00edrica de moli\u00e8re. O Mal de Alzheimer que tanto assombra nossas idosos do mundo chegou para Florisbela e Rodolfo s\u00f3 \u201cesqueceram\u201d de avisa-los! A relut\u00e2ncia e o medo em aceitar esta dem\u00eancia, os envolvem em situa\u00e7\u00f5es extremamente inusitadas e absurdas, onde levar\u00e1 o p\u00fablico a se divertir muito, a se emocionar e a repensar em atitudes e cuidados que tem por si ou por amigos e familiares.<\/p>\n<p><strong>Dia 24: \u201cNA BOL\u00c9IA DO CAMINH\u00c3O\u201d<\/strong><\/p>\n<p>Grupo: Danceatro<\/p>\n<p>Dire\u00e7\u00e3o: Junior Grotto<\/p>\n<p>Autor: Junior Grotto<\/p>\n<p>Hor\u00e1rio: 20h<\/p>\n<p>Local: Novo Centro Cultural do Jardim Morada do Sol<\/p>\n<p><strong>&nbsp;<\/strong><strong>Dia 25: \u201cPR\u00c1TICA INCESSANTE\u201d<\/strong><\/p>\n<p>Grupo: Coletivo Fleuma<\/p>\n<p>Dire\u00e7\u00e3o: Marcus Mazieri<\/p>\n<p>Dramaturgia: Pamela Martelli<\/p>\n<p>Hor\u00e1rio: 18h<\/p>\n<p>Local: Novo Centro Cultural do Jardim Morada do Sol<\/p>\n<p>Sinopse: a vida pode ser s\u00f3 uma vida, mas pode tamb\u00e9m ser uma pr\u00e1tica incessante. Com esta pr\u00e1tica incessante \u00e9 que o sol, a lua e as estrelas se deslocam pelo firmamento afora, e a grande terra, o espa\u00e7o sideral, o corpo e mente corretos, os quatro elementos e os cinco agregados t\u00eam sua exist\u00eancia e raz\u00e3o de ser. Partindo do termo \u2018pr\u00e1tica incessante\u2019 do mestre zen-budista Eihei Dogen, do s\u00e9c. XI, e abordando a vida cotidiana e seu incessante desenrolar de pensamentos e sentimentos, os sete atuantes, com movimentos, m\u00fasica, cantos e ch\u00e1, destrincham as rela\u00e7\u00f5es por tr\u00e1s de toda exist\u00eancia, encontrando as sensa\u00e7\u00f5es primordiais que fazem de n\u00f3s seres vivos.<\/p>\n<p><strong>&nbsp;<\/strong><strong>Dia 25: \u201cAUTO DA ANUNCIA\u00c7\u00c3O\u201d<\/strong><\/p>\n<p>Grupo: Cia C\u00eanica<\/p>\n<p>Dramaturgia: Clara Roncati<\/p>\n<p>Dire\u00e7\u00e3o: Fagner Rodrigues<\/p>\n<p>Hor\u00e1rio: 20h<\/p>\n<p>Local: Pra\u00e7a Dom Pedro II<\/p>\n<p>Sinopse: circulando desde&nbsp; 2009,&nbsp; Auto&nbsp; da&nbsp; Anuncia\u00e7\u00e3o&nbsp; \u00e9&nbsp; sucesso&nbsp; de&nbsp; cr\u00edtica&nbsp; e&nbsp; p\u00fablico&nbsp; e&nbsp; foi&nbsp; apresentado para mais de 120.000 pessoas. Ap\u00f3s mais um longo dia de caminhada, uma comitiva&nbsp; de&nbsp; viajantes&nbsp; sertanejos&nbsp; decide&nbsp; descansar.&nbsp; Ao&nbsp; fazer&nbsp; sua&nbsp; ora\u00e7\u00e3o,&nbsp; sob&nbsp; a&nbsp; noite&nbsp; iluminada&nbsp;&nbsp; por&nbsp;&nbsp; uma&nbsp;&nbsp; estrela&nbsp;&nbsp; cadente,&nbsp;&nbsp; relembra&nbsp;&nbsp; o&nbsp;&nbsp; nascimento&nbsp;&nbsp; de&nbsp;&nbsp; Jesus.&nbsp;&nbsp; A&nbsp;&nbsp; narrativa desenrola-se&nbsp; em&nbsp; canto,&nbsp; prosa&nbsp; e&nbsp; verso.&nbsp; Com&nbsp; estrutura&nbsp; de&nbsp; musical&nbsp; e&nbsp; utilizando-se&nbsp; da linguagem&nbsp; melodram\u00e1tica,&nbsp; o&nbsp; espet\u00e1culo&nbsp; \u00e9&nbsp; ambientado&nbsp; em&nbsp; um&nbsp; universo&nbsp; regionalista, apresentando, ao vivo,&nbsp; can\u00e7\u00f5es que comp\u00f5em a mem\u00f3ria da cultura paulista, como Meu primeiro amor , Ave Maria do Sert\u00e3o , Sertaneja, Cuitelinho&nbsp; e Flor do Cafezal, entre outras.<\/p>\n<p><strong>&nbsp;<\/strong><strong>Dia 26: \u201cCINCO SEMANAS EM UM BAL\u00c3O\u201d<\/strong><\/p>\n<p>Grupo: Sabre de Luz Teatro<\/p>\n<p>Dire\u00e7\u00e3o: Joyce Salom\u00e3o<\/p>\n<p>Autor: J\u00falio Verne<\/p>\n<p>Hor\u00e1rio: 20h<\/p>\n<p>Local: Sala Acr\u00edsio de Camargo<\/p>\n<p>Sinopse: a pe\u00e7a \u00e9 inspirada no primeiro livro de J\u00falio Verne um dos mais fant\u00e1sticos escritores de aventuras e fic\u00e7\u00e3o cient\u00edfica de todos os tempos, traz a id\u00e9ia de dedicar-se ao que de fato tem import\u00e2ncia explorar sua verdadeira voca\u00e7\u00e3o, nesta embarca\u00e7\u00e3o somos levados a aventura de acreditar que nossos sonhos s\u00e3o poss\u00edveis.<\/p>\n<p><strong>Dia 27: \u201cPLUFT, O FANTASMINHA\u201d<\/strong><\/p>\n<p>Grupo: Grupo de Teatro da Secretaria de Cultura<\/p>\n<p>Dire\u00e7\u00e3o: Ger\u00ea Canova<\/p>\n<p>Autora: Maria Clara Machado<\/p>\n<p>Hor\u00e1rio: 16h<\/p>\n<p>Local: Novo Centro Cultural do Jardim Morada do Sol<\/p>\n<p>Sinopse: Pluft \u00e9 uma fantasminha muito esperto que vive com a sua m\u00e3e no s\u00f3t\u00e3o de uma velha casa \u00e0 beira-mar. Tudo iria bem se n\u00e3o fosse a chegada inesperada do terr\u00edvel pirata Perna-de-Pau, que aparece \u00e0 ca\u00e7a de um tesouro escondido naquela velha casa. Numa aventura repleta de emo\u00e7\u00e3o e suspense, nossa fantasminha defender\u00e1 o seu territ\u00f3rio, com a ajuda da doce Maribel. Mas para isso, os dois precisar\u00e3o se unir antes, pois Maribel tem medo de fantasmas, enquanto Pluft tem medo de gente.<\/p>\n<p>De forma l\u00edrica e envolvente a hist\u00f3ria fala da busca da identidade e dos medos infantis, propondo uma reflex\u00e3o frente ao temor do desconhecido.<\/p>\n<p><strong>&nbsp;<\/strong><strong>Dia 27: \u201cOLEANNA\u201d com Marcos Breda e Luciana F\u00e1vero<\/strong><\/p>\n<p>Dire\u00e7\u00e3o: Gustavo Paso<\/p>\n<p>Texto: David Mamet<\/p>\n<p>Hor\u00e1rio: 17h<\/p>\n<p>Local: Sala Acr\u00edsio de Camargo<\/p>\n<p>Sinopse: prestes a ser reprovada, uma aluna procura seu professor e lhe cobra maior empenho na arte de ensinar. Este \u00e9 o ponto de partida de tr\u00eas encontros entre os dois personagens que o espet\u00e1culo \u2018Oleanna\u2019 traz, mostrando a rela\u00e7\u00e3o de poder que se estabelece entre um professor e sua aluna. Em meio a diversos desentendimentos e desencontros que se estabelecem, e diante da impossibilidade de comunica\u00e7\u00e3o, a rela\u00e7\u00e3o perde o controle, com um desfecho surpreendente. \u2018Oleanna\u2019 \u00e9 uma trag\u00e9dia da incomunicabilidade, segundo o autor norte-americano David Mamet sobre sua pr\u00f3pria pe\u00e7a. <strong>AP\u00d3S A PE\u00c7A HAVER\u00c1 UMA CONVERSA COM OS ATORES E O P\u00daBLICO DEBATENDO A TEM\u00c1TICA.<\/strong><\/p>\n<p><strong>&nbsp;<\/strong><strong>Servi\u00e7o: &nbsp; &nbsp; &nbsp; &nbsp; &nbsp; &nbsp; &nbsp; &nbsp; &nbsp; &nbsp; &nbsp; &nbsp;<\/strong><\/p>\n<p><strong>&nbsp;<\/strong>Novo Centro Cultural do Jardim Morada do Sol &#8211; Av. Engenheiro F\u00e1bio Roberto Barnab\u00e9, 5924 &#8211; Jardim Morada do Sol<\/p>\n<p>Sala Acr\u00edsio de Camargo \u2013 Ciaei &#8211; Av. Engenheiro F\u00e1bio Roberto Barnab\u00e9, 3665 &#8211; Jardim Regina<\/p>\n<p><strong>&nbsp;<\/strong><em>Foto: Divulga\u00e7\u00e3o<\/em><\/p>\n","protected":false},"excerpt":{"rendered":"<p>A Secretaria Municipal de Cultura de Indaiatuba promove a segunda edi\u00e7\u00e3o da Mostra de Artes C\u00eanicas, evento que comp\u00f5e o festival Novembro em Cena. Ao longo de todo o m\u00eas ser\u00e3o oferecidos 27 espet\u00e1culos teatrais gratuitos, com op\u00e7\u00f5es para todas as faixas et\u00e1rias e garantia de divers\u00e3o para toda a fam\u00edlia. A programa\u00e7\u00e3o come\u00e7a no [&hellip;]<\/p>\n","protected":false},"author":1,"featured_media":11246,"comment_status":"open","ping_status":"open","sticky":false,"template":"","format":"standard","meta":{"_acf_changed":false,"ngg_post_thumbnail":0,"_joinchat":[],"footnotes":""},"categories":[4],"tags":[533],"class_list":["post-8510","post","type-post","status-publish","format-standard","has-post-thumbnail","hentry","category-cultura","tag-cultura"],"acf":[],"yoast_head":"<!-- This site is optimized with the Yoast SEO plugin v27.4 - https:\/\/yoast.com\/product\/yoast-seo-wordpress\/ -->\n<title>Mostra de Artes C\u00eanicas em Indaiatuba - Revista Regional<\/title>\n<meta name=\"robots\" content=\"index, follow, max-snippet:-1, max-image-preview:large, max-video-preview:-1\" \/>\n<link rel=\"canonical\" href=\"https:\/\/revistaregional.com.br\/site\/2016\/10\/31\/indaiatuba-tem-mostra-de-artes-cenicas\/\" \/>\n<meta property=\"og:locale\" content=\"pt_BR\" \/>\n<meta property=\"og:type\" content=\"article\" \/>\n<meta property=\"og:title\" content=\"Mostra de Artes C\u00eanicas em Indaiatuba - Revista Regional\" \/>\n<meta property=\"og:description\" content=\"A Secretaria Municipal de Cultura de Indaiatuba promove a segunda edi\u00e7\u00e3o da Mostra de Artes C\u00eanicas, evento que comp\u00f5e o festival Novembro em Cena. Ao longo de todo o m\u00eas ser\u00e3o oferecidos 27 espet\u00e1culos teatrais gratuitos, com op\u00e7\u00f5es para todas as faixas et\u00e1rias e garantia de divers\u00e3o para toda a fam\u00edlia. A programa\u00e7\u00e3o come\u00e7a no [&hellip;]\" \/>\n<meta property=\"og:url\" content=\"https:\/\/revistaregional.com.br\/site\/2016\/10\/31\/indaiatuba-tem-mostra-de-artes-cenicas\/\" \/>\n<meta property=\"og:site_name\" content=\"Revista Regional\" \/>\n<meta property=\"article:published_time\" content=\"2016-10-31T15:36:11+00:00\" \/>\n<meta property=\"article:modified_time\" content=\"2024-01-26T13:59:16+00:00\" \/>\n<meta property=\"og:image\" content=\"https:\/\/revistaregional.com.br\/site\/wp-content\/uploads\/2016\/11\/mostra_arte_e_ciencias.jpg\" \/>\n\t<meta property=\"og:image:width\" content=\"160\" \/>\n\t<meta property=\"og:image:height\" content=\"150\" \/>\n\t<meta property=\"og:image:type\" content=\"image\/jpeg\" \/>\n<meta name=\"author\" content=\"contato@revistaregional.com.br\" \/>\n<meta name=\"twitter:card\" content=\"summary_large_image\" \/>\n<meta name=\"twitter:label1\" content=\"Escrito por\" \/>\n\t<meta name=\"twitter:data1\" content=\"contato@revistaregional.com.br\" \/>\n\t<meta name=\"twitter:label2\" content=\"Est. tempo de leitura\" \/>\n\t<meta name=\"twitter:data2\" content=\"19 minutos\" \/>\n<script type=\"application\/ld+json\" class=\"yoast-schema-graph\">{\"@context\":\"https:\\\/\\\/schema.org\",\"@graph\":[{\"@type\":\"Article\",\"@id\":\"https:\\\/\\\/revistaregional.com.br\\\/site\\\/2016\\\/10\\\/31\\\/indaiatuba-tem-mostra-de-artes-cenicas\\\/#article\",\"isPartOf\":{\"@id\":\"https:\\\/\\\/revistaregional.com.br\\\/site\\\/2016\\\/10\\\/31\\\/indaiatuba-tem-mostra-de-artes-cenicas\\\/\"},\"author\":{\"name\":\"contato@revistaregional.com.br\",\"@id\":\"https:\\\/\\\/revistaregional.com.br\\\/site\\\/#\\\/schema\\\/person\\\/382af97c580dc1b18f55107bc316010d\"},\"headline\":\"Mostra de Artes C\u00eanicas em Indaiatuba\",\"datePublished\":\"2016-10-31T15:36:11+00:00\",\"dateModified\":\"2024-01-26T13:59:16+00:00\",\"mainEntityOfPage\":{\"@id\":\"https:\\\/\\\/revistaregional.com.br\\\/site\\\/2016\\\/10\\\/31\\\/indaiatuba-tem-mostra-de-artes-cenicas\\\/\"},\"wordCount\":3820,\"commentCount\":0,\"image\":{\"@id\":\"https:\\\/\\\/revistaregional.com.br\\\/site\\\/2016\\\/10\\\/31\\\/indaiatuba-tem-mostra-de-artes-cenicas\\\/#primaryimage\"},\"thumbnailUrl\":\"https:\\\/\\\/revistaregional.com.br\\\/site\\\/wp-content\\\/uploads\\\/2016\\\/11\\\/mostra_arte_e_ciencias.jpg\",\"keywords\":[\"Cultura\"],\"articleSection\":[\"Cultura\"],\"inLanguage\":\"pt-BR\",\"potentialAction\":[{\"@type\":\"CommentAction\",\"name\":\"Comment\",\"target\":[\"https:\\\/\\\/revistaregional.com.br\\\/site\\\/2016\\\/10\\\/31\\\/indaiatuba-tem-mostra-de-artes-cenicas\\\/#respond\"]}]},{\"@type\":\"WebPage\",\"@id\":\"https:\\\/\\\/revistaregional.com.br\\\/site\\\/2016\\\/10\\\/31\\\/indaiatuba-tem-mostra-de-artes-cenicas\\\/\",\"url\":\"https:\\\/\\\/revistaregional.com.br\\\/site\\\/2016\\\/10\\\/31\\\/indaiatuba-tem-mostra-de-artes-cenicas\\\/\",\"name\":\"Mostra de Artes C\u00eanicas em Indaiatuba - Revista Regional\",\"isPartOf\":{\"@id\":\"https:\\\/\\\/revistaregional.com.br\\\/site\\\/#website\"},\"primaryImageOfPage\":{\"@id\":\"https:\\\/\\\/revistaregional.com.br\\\/site\\\/2016\\\/10\\\/31\\\/indaiatuba-tem-mostra-de-artes-cenicas\\\/#primaryimage\"},\"image\":{\"@id\":\"https:\\\/\\\/revistaregional.com.br\\\/site\\\/2016\\\/10\\\/31\\\/indaiatuba-tem-mostra-de-artes-cenicas\\\/#primaryimage\"},\"thumbnailUrl\":\"https:\\\/\\\/revistaregional.com.br\\\/site\\\/wp-content\\\/uploads\\\/2016\\\/11\\\/mostra_arte_e_ciencias.jpg\",\"datePublished\":\"2016-10-31T15:36:11+00:00\",\"dateModified\":\"2024-01-26T13:59:16+00:00\",\"author\":{\"@id\":\"https:\\\/\\\/revistaregional.com.br\\\/site\\\/#\\\/schema\\\/person\\\/382af97c580dc1b18f55107bc316010d\"},\"breadcrumb\":{\"@id\":\"https:\\\/\\\/revistaregional.com.br\\\/site\\\/2016\\\/10\\\/31\\\/indaiatuba-tem-mostra-de-artes-cenicas\\\/#breadcrumb\"},\"inLanguage\":\"pt-BR\",\"potentialAction\":[{\"@type\":\"ReadAction\",\"target\":[\"https:\\\/\\\/revistaregional.com.br\\\/site\\\/2016\\\/10\\\/31\\\/indaiatuba-tem-mostra-de-artes-cenicas\\\/\"]}]},{\"@type\":\"ImageObject\",\"inLanguage\":\"pt-BR\",\"@id\":\"https:\\\/\\\/revistaregional.com.br\\\/site\\\/2016\\\/10\\\/31\\\/indaiatuba-tem-mostra-de-artes-cenicas\\\/#primaryimage\",\"url\":\"https:\\\/\\\/revistaregional.com.br\\\/site\\\/wp-content\\\/uploads\\\/2016\\\/11\\\/mostra_arte_e_ciencias.jpg\",\"contentUrl\":\"https:\\\/\\\/revistaregional.com.br\\\/site\\\/wp-content\\\/uploads\\\/2016\\\/11\\\/mostra_arte_e_ciencias.jpg\",\"width\":160,\"height\":150},{\"@type\":\"BreadcrumbList\",\"@id\":\"https:\\\/\\\/revistaregional.com.br\\\/site\\\/2016\\\/10\\\/31\\\/indaiatuba-tem-mostra-de-artes-cenicas\\\/#breadcrumb\",\"itemListElement\":[{\"@type\":\"ListItem\",\"position\":1,\"name\":\"In\u00edcio\",\"item\":\"https:\\\/\\\/revistaregional.com.br\\\/site\\\/\"},{\"@type\":\"ListItem\",\"position\":2,\"name\":\"Mostra de Artes C\u00eanicas em Indaiatuba\"}]},{\"@type\":\"WebSite\",\"@id\":\"https:\\\/\\\/revistaregional.com.br\\\/site\\\/#website\",\"url\":\"https:\\\/\\\/revistaregional.com.br\\\/site\\\/\",\"name\":\"Revista Regional\",\"description\":\"Salto - Itu - Indaituba\",\"potentialAction\":[{\"@type\":\"SearchAction\",\"target\":{\"@type\":\"EntryPoint\",\"urlTemplate\":\"https:\\\/\\\/revistaregional.com.br\\\/site\\\/?s={search_term_string}\"},\"query-input\":{\"@type\":\"PropertyValueSpecification\",\"valueRequired\":true,\"valueName\":\"search_term_string\"}}],\"inLanguage\":\"pt-BR\"},{\"@type\":\"Person\",\"@id\":\"https:\\\/\\\/revistaregional.com.br\\\/site\\\/#\\\/schema\\\/person\\\/382af97c580dc1b18f55107bc316010d\",\"name\":\"contato@revistaregional.com.br\",\"image\":{\"@type\":\"ImageObject\",\"inLanguage\":\"pt-BR\",\"@id\":\"https:\\\/\\\/secure.gravatar.com\\\/avatar\\\/869822917e96b2e292d5827e4635855396934485e7c4a0af84e9a214e32ca0cd?s=96&d=mm&r=g\",\"url\":\"https:\\\/\\\/secure.gravatar.com\\\/avatar\\\/869822917e96b2e292d5827e4635855396934485e7c4a0af84e9a214e32ca0cd?s=96&d=mm&r=g\",\"contentUrl\":\"https:\\\/\\\/secure.gravatar.com\\\/avatar\\\/869822917e96b2e292d5827e4635855396934485e7c4a0af84e9a214e32ca0cd?s=96&d=mm&r=g\",\"caption\":\"contato@revistaregional.com.br\"},\"url\":\"https:\\\/\\\/revistaregional.com.br\\\/site\\\/author\\\/contato@revistaregional.com.br\\\/\"}]}<\/script>\n<!-- \/ Yoast SEO plugin. -->","yoast_head_json":{"title":"Mostra de Artes C\u00eanicas em Indaiatuba - Revista Regional","robots":{"index":"index","follow":"follow","max-snippet":"max-snippet:-1","max-image-preview":"max-image-preview:large","max-video-preview":"max-video-preview:-1"},"canonical":"https:\/\/revistaregional.com.br\/site\/2016\/10\/31\/indaiatuba-tem-mostra-de-artes-cenicas\/","og_locale":"pt_BR","og_type":"article","og_title":"Mostra de Artes C\u00eanicas em Indaiatuba - Revista Regional","og_description":"A Secretaria Municipal de Cultura de Indaiatuba promove a segunda edi\u00e7\u00e3o da Mostra de Artes C\u00eanicas, evento que comp\u00f5e o festival Novembro em Cena. Ao longo de todo o m\u00eas ser\u00e3o oferecidos 27 espet\u00e1culos teatrais gratuitos, com op\u00e7\u00f5es para todas as faixas et\u00e1rias e garantia de divers\u00e3o para toda a fam\u00edlia. A programa\u00e7\u00e3o come\u00e7a no [&hellip;]","og_url":"https:\/\/revistaregional.com.br\/site\/2016\/10\/31\/indaiatuba-tem-mostra-de-artes-cenicas\/","og_site_name":"Revista Regional","article_published_time":"2016-10-31T15:36:11+00:00","article_modified_time":"2024-01-26T13:59:16+00:00","og_image":[{"width":160,"height":150,"url":"https:\/\/revistaregional.com.br\/site\/wp-content\/uploads\/2016\/11\/mostra_arte_e_ciencias.jpg","type":"image\/jpeg"}],"author":"contato@revistaregional.com.br","twitter_card":"summary_large_image","twitter_misc":{"Escrito por":"contato@revistaregional.com.br","Est. tempo de leitura":"19 minutos"},"schema":{"@context":"https:\/\/schema.org","@graph":[{"@type":"Article","@id":"https:\/\/revistaregional.com.br\/site\/2016\/10\/31\/indaiatuba-tem-mostra-de-artes-cenicas\/#article","isPartOf":{"@id":"https:\/\/revistaregional.com.br\/site\/2016\/10\/31\/indaiatuba-tem-mostra-de-artes-cenicas\/"},"author":{"name":"contato@revistaregional.com.br","@id":"https:\/\/revistaregional.com.br\/site\/#\/schema\/person\/382af97c580dc1b18f55107bc316010d"},"headline":"Mostra de Artes C\u00eanicas em Indaiatuba","datePublished":"2016-10-31T15:36:11+00:00","dateModified":"2024-01-26T13:59:16+00:00","mainEntityOfPage":{"@id":"https:\/\/revistaregional.com.br\/site\/2016\/10\/31\/indaiatuba-tem-mostra-de-artes-cenicas\/"},"wordCount":3820,"commentCount":0,"image":{"@id":"https:\/\/revistaregional.com.br\/site\/2016\/10\/31\/indaiatuba-tem-mostra-de-artes-cenicas\/#primaryimage"},"thumbnailUrl":"https:\/\/revistaregional.com.br\/site\/wp-content\/uploads\/2016\/11\/mostra_arte_e_ciencias.jpg","keywords":["Cultura"],"articleSection":["Cultura"],"inLanguage":"pt-BR","potentialAction":[{"@type":"CommentAction","name":"Comment","target":["https:\/\/revistaregional.com.br\/site\/2016\/10\/31\/indaiatuba-tem-mostra-de-artes-cenicas\/#respond"]}]},{"@type":"WebPage","@id":"https:\/\/revistaregional.com.br\/site\/2016\/10\/31\/indaiatuba-tem-mostra-de-artes-cenicas\/","url":"https:\/\/revistaregional.com.br\/site\/2016\/10\/31\/indaiatuba-tem-mostra-de-artes-cenicas\/","name":"Mostra de Artes C\u00eanicas em Indaiatuba - Revista Regional","isPartOf":{"@id":"https:\/\/revistaregional.com.br\/site\/#website"},"primaryImageOfPage":{"@id":"https:\/\/revistaregional.com.br\/site\/2016\/10\/31\/indaiatuba-tem-mostra-de-artes-cenicas\/#primaryimage"},"image":{"@id":"https:\/\/revistaregional.com.br\/site\/2016\/10\/31\/indaiatuba-tem-mostra-de-artes-cenicas\/#primaryimage"},"thumbnailUrl":"https:\/\/revistaregional.com.br\/site\/wp-content\/uploads\/2016\/11\/mostra_arte_e_ciencias.jpg","datePublished":"2016-10-31T15:36:11+00:00","dateModified":"2024-01-26T13:59:16+00:00","author":{"@id":"https:\/\/revistaregional.com.br\/site\/#\/schema\/person\/382af97c580dc1b18f55107bc316010d"},"breadcrumb":{"@id":"https:\/\/revistaregional.com.br\/site\/2016\/10\/31\/indaiatuba-tem-mostra-de-artes-cenicas\/#breadcrumb"},"inLanguage":"pt-BR","potentialAction":[{"@type":"ReadAction","target":["https:\/\/revistaregional.com.br\/site\/2016\/10\/31\/indaiatuba-tem-mostra-de-artes-cenicas\/"]}]},{"@type":"ImageObject","inLanguage":"pt-BR","@id":"https:\/\/revistaregional.com.br\/site\/2016\/10\/31\/indaiatuba-tem-mostra-de-artes-cenicas\/#primaryimage","url":"https:\/\/revistaregional.com.br\/site\/wp-content\/uploads\/2016\/11\/mostra_arte_e_ciencias.jpg","contentUrl":"https:\/\/revistaregional.com.br\/site\/wp-content\/uploads\/2016\/11\/mostra_arte_e_ciencias.jpg","width":160,"height":150},{"@type":"BreadcrumbList","@id":"https:\/\/revistaregional.com.br\/site\/2016\/10\/31\/indaiatuba-tem-mostra-de-artes-cenicas\/#breadcrumb","itemListElement":[{"@type":"ListItem","position":1,"name":"In\u00edcio","item":"https:\/\/revistaregional.com.br\/site\/"},{"@type":"ListItem","position":2,"name":"Mostra de Artes C\u00eanicas em Indaiatuba"}]},{"@type":"WebSite","@id":"https:\/\/revistaregional.com.br\/site\/#website","url":"https:\/\/revistaregional.com.br\/site\/","name":"Revista Regional","description":"Salto - Itu - Indaituba","potentialAction":[{"@type":"SearchAction","target":{"@type":"EntryPoint","urlTemplate":"https:\/\/revistaregional.com.br\/site\/?s={search_term_string}"},"query-input":{"@type":"PropertyValueSpecification","valueRequired":true,"valueName":"search_term_string"}}],"inLanguage":"pt-BR"},{"@type":"Person","@id":"https:\/\/revistaregional.com.br\/site\/#\/schema\/person\/382af97c580dc1b18f55107bc316010d","name":"contato@revistaregional.com.br","image":{"@type":"ImageObject","inLanguage":"pt-BR","@id":"https:\/\/secure.gravatar.com\/avatar\/869822917e96b2e292d5827e4635855396934485e7c4a0af84e9a214e32ca0cd?s=96&d=mm&r=g","url":"https:\/\/secure.gravatar.com\/avatar\/869822917e96b2e292d5827e4635855396934485e7c4a0af84e9a214e32ca0cd?s=96&d=mm&r=g","contentUrl":"https:\/\/secure.gravatar.com\/avatar\/869822917e96b2e292d5827e4635855396934485e7c4a0af84e9a214e32ca0cd?s=96&d=mm&r=g","caption":"contato@revistaregional.com.br"},"url":"https:\/\/revistaregional.com.br\/site\/author\/contato@revistaregional.com.br\/"}]}},"views":110,"_links":{"self":[{"href":"https:\/\/revistaregional.com.br\/site\/wp-json\/wp\/v2\/posts\/8510","targetHints":{"allow":["GET"]}}],"collection":[{"href":"https:\/\/revistaregional.com.br\/site\/wp-json\/wp\/v2\/posts"}],"about":[{"href":"https:\/\/revistaregional.com.br\/site\/wp-json\/wp\/v2\/types\/post"}],"author":[{"embeddable":true,"href":"https:\/\/revistaregional.com.br\/site\/wp-json\/wp\/v2\/users\/1"}],"replies":[{"embeddable":true,"href":"https:\/\/revistaregional.com.br\/site\/wp-json\/wp\/v2\/comments?post=8510"}],"version-history":[{"count":1,"href":"https:\/\/revistaregional.com.br\/site\/wp-json\/wp\/v2\/posts\/8510\/revisions"}],"predecessor-version":[{"id":11266,"href":"https:\/\/revistaregional.com.br\/site\/wp-json\/wp\/v2\/posts\/8510\/revisions\/11266"}],"wp:featuredmedia":[{"embeddable":true,"href":"https:\/\/revistaregional.com.br\/site\/wp-json\/wp\/v2\/media\/11246"}],"wp:attachment":[{"href":"https:\/\/revistaregional.com.br\/site\/wp-json\/wp\/v2\/media?parent=8510"}],"wp:term":[{"taxonomy":"category","embeddable":true,"href":"https:\/\/revistaregional.com.br\/site\/wp-json\/wp\/v2\/categories?post=8510"},{"taxonomy":"post_tag","embeddable":true,"href":"https:\/\/revistaregional.com.br\/site\/wp-json\/wp\/v2\/tags?post=8510"}],"curies":[{"name":"wp","href":"https:\/\/api.w.org\/{rel}","templated":true}]}}