{"id":8499,"date":"2016-10-06T11:02:19","date_gmt":"2016-10-06T14:02:19","guid":{"rendered":"http:\/\/revistaregional.com.br\/site\/?p=8499"},"modified":"2024-01-26T10:10:37","modified_gmt":"2024-01-26T13:10:37","slug":"colegio-almeida-jr-e-primeiro-no-enem","status":"publish","type":"post","link":"https:\/\/revistaregional.com.br\/site\/2016\/10\/06\/colegio-almeida-jr-e-primeiro-no-enem\/","title":{"rendered":"Col\u00e9gio Almeida Jr. \u00e9 primeiro no Enem"},"content":{"rendered":"<figure id=\"attachment_8500\" aria-describedby=\"caption-attachment-8500\" style=\"width: 384px\" class=\"wp-caption aligncenter\"><a href=\"http:\/\/revistaregional.com.br\/site\/wp-content\/uploads\/2016\/10\/colegio-almeida-junior.jpg\" rel=\"attachment wp-att-8500\"><img fetchpriority=\"high\" decoding=\"async\" class=\" wp-image-8500 \" src=\"http:\/\/revistaregional.com.br\/site\/wp-content\/uploads\/2016\/10\/colegio-almeida-junior.jpg\" alt=\"\" width=\"384\" height=\"256\"><\/a><figcaption id=\"caption-attachment-8500\" class=\"wp-caption-text\">Publieditorial \/ Fachada do Col\u00e9gio Almeida Junior, em Itu<\/figcaption><\/figure>\n<p>Pelo segundo ano consecutivo, o Col\u00e9gio Almeida J\u00fanior conquistou o primeiro lugar no ranking geral do Enem (Exame Nacional do Ensino M\u00e9dio), entre as escolas de Itu. A novidade deste ano \u00e9 que o Almeida J\u00fanior tamb\u00e9m foi avaliado no ranking do Enem de 2015, com o melhor resultado entre as institui\u00e7\u00f5es de ensino de Itu e Salto.<\/p>\n<p>Al\u00e9m de conquistar o 1\u00ba lugar entre as institui\u00e7\u00f5es de ensino de Itu e Salto, o col\u00e9gio foi classificado em 482\u00ba lugar no ranking nacional, que registrou a participa\u00e7\u00e3o de 14.998 escolas p\u00fablicas e particulares de todo o pa\u00eds. Al\u00e9m disso, o aluno do Ensino M\u00e9dio Vladimir Adolfo Italiani obteve a nota 980 em reda\u00e7\u00e3o do Enem de 2015,&nbsp;como trainee, quando ainda cursava o segundo ano.<\/p>\n<p>Esse resultado obtido no Enem pelos alunos do Col\u00e9gio Almeida J\u00fanior comprova, mais uma vez, a qualidade do ensino e o excelente n\u00edvel do trabalho pedag\u00f3gico desenvolvido pela escola.<\/p>\n<p>A dire\u00e7\u00e3o do Col\u00e9gio Almeida J\u00fanior parabeniza a todos pelo excelente resultado e tamb\u00e9m explica que a conquista de estar em 1\u00ba lugar entre as escolas de Itu e Salto reflete a confian\u00e7a dos pais dos alunos na proposta pedag\u00f3gica e o desempenho dos coordenadores, professores, funcion\u00e1rios e dos pr\u00f3prios estudantes, que valorizam o aprendizado que recebem com dedica\u00e7\u00e3o e responsabilidade.<\/p>\n<p>O diretor Claudio Pascale lembrou que \u00e9 a terceira vez que o col\u00e9gio se classifica em primeiro lugar no ranking da cidade, mas a felicidade \u00e9 ainda maior por ser o primeiro colocado pela segunda vez consecutiva. \u201cFicamos muito felizes, mas temos que agradecer aos professores, \u00e0 coordena\u00e7\u00e3o e principalmente aos alunos pelo excelente desempenho\u201d.<\/p>\n<p><em>foto: Divulga\u00e7\u00e3o<\/em><\/p>\n","protected":false},"excerpt":{"rendered":"<p>Pelo segundo ano consecutivo, o Col\u00e9gio Almeida J\u00fanior conquistou o primeiro lugar no ranking geral do Enem (Exame Nacional do Ensino M\u00e9dio), entre as escolas de Itu. A novidade deste ano \u00e9 que o Almeida J\u00fanior tamb\u00e9m foi avaliado no ranking do Enem de 2015, com o melhor resultado entre as institui\u00e7\u00f5es de ensino de [&hellip;]<\/p>\n","protected":false},"author":1,"featured_media":11516,"comment_status":"open","ping_status":"open","sticky":false,"template":"","format":"standard","meta":{"_acf_changed":false,"ngg_post_thumbnail":0,"_joinchat":[],"footnotes":""},"categories":[12],"tags":[527],"class_list":["post-8499","post","type-post","status-publish","format-standard","has-post-thumbnail","hentry","category-regionais","tag-regionais"],"acf":[],"yoast_head":"<!-- This site is optimized with the Yoast SEO plugin v27.4 - https:\/\/yoast.com\/product\/yoast-seo-wordpress\/ -->\n<title>Col\u00e9gio Almeida Jr. \u00e9 primeiro no Enem - Revista Regional<\/title>\n<meta name=\"robots\" content=\"index, follow, max-snippet:-1, max-image-preview:large, max-video-preview:-1\" \/>\n<link rel=\"canonical\" href=\"https:\/\/revistaregional.com.br\/site\/2016\/10\/06\/colegio-almeida-jr-e-primeiro-no-enem\/\" \/>\n<meta property=\"og:locale\" content=\"pt_BR\" \/>\n<meta property=\"og:type\" content=\"article\" \/>\n<meta property=\"og:title\" content=\"Col\u00e9gio Almeida Jr. \u00e9 primeiro no Enem - Revista Regional\" \/>\n<meta property=\"og:description\" content=\"Pelo segundo ano consecutivo, o Col\u00e9gio Almeida J\u00fanior conquistou o primeiro lugar no ranking geral do Enem (Exame Nacional do Ensino M\u00e9dio), entre as escolas de Itu. A novidade deste ano \u00e9 que o Almeida J\u00fanior tamb\u00e9m foi avaliado no ranking do Enem de 2015, com o melhor resultado entre as institui\u00e7\u00f5es de ensino de [&hellip;]\" \/>\n<meta property=\"og:url\" content=\"https:\/\/revistaregional.com.br\/site\/2016\/10\/06\/colegio-almeida-jr-e-primeiro-no-enem\/\" \/>\n<meta property=\"og:site_name\" content=\"Revista Regional\" \/>\n<meta property=\"article:published_time\" content=\"2016-10-06T14:02:19+00:00\" \/>\n<meta property=\"article:modified_time\" content=\"2024-01-26T13:10:37+00:00\" \/>\n<meta property=\"og:image\" content=\"https:\/\/revistaregional.com.br\/site\/wp-content\/uploads\/2016\/11\/colegio_almeida_junior.jpg\" \/>\n\t<meta property=\"og:image:width\" content=\"160\" \/>\n\t<meta property=\"og:image:height\" content=\"150\" \/>\n\t<meta property=\"og:image:type\" content=\"image\/jpeg\" \/>\n<meta name=\"author\" content=\"contato@revistaregional.com.br\" \/>\n<meta name=\"twitter:card\" content=\"summary_large_image\" \/>\n<meta name=\"twitter:label1\" content=\"Escrito por\" \/>\n\t<meta name=\"twitter:data1\" content=\"contato@revistaregional.com.br\" \/>\n\t<meta name=\"twitter:label2\" content=\"Est. tempo de leitura\" \/>\n\t<meta name=\"twitter:data2\" content=\"2 minutos\" \/>\n<script type=\"application\/ld+json\" class=\"yoast-schema-graph\">{\"@context\":\"https:\\\/\\\/schema.org\",\"@graph\":[{\"@type\":\"Article\",\"@id\":\"https:\\\/\\\/revistaregional.com.br\\\/site\\\/2016\\\/10\\\/06\\\/colegio-almeida-jr-e-primeiro-no-enem\\\/#article\",\"isPartOf\":{\"@id\":\"https:\\\/\\\/revistaregional.com.br\\\/site\\\/2016\\\/10\\\/06\\\/colegio-almeida-jr-e-primeiro-no-enem\\\/\"},\"author\":{\"name\":\"contato@revistaregional.com.br\",\"@id\":\"https:\\\/\\\/revistaregional.com.br\\\/site\\\/#\\\/schema\\\/person\\\/382af97c580dc1b18f55107bc316010d\"},\"headline\":\"Col\u00e9gio Almeida Jr. \u00e9 primeiro no Enem\",\"datePublished\":\"2016-10-06T14:02:19+00:00\",\"dateModified\":\"2024-01-26T13:10:37+00:00\",\"mainEntityOfPage\":{\"@id\":\"https:\\\/\\\/revistaregional.com.br\\\/site\\\/2016\\\/10\\\/06\\\/colegio-almeida-jr-e-primeiro-no-enem\\\/\"},\"wordCount\":316,\"commentCount\":0,\"image\":{\"@id\":\"https:\\\/\\\/revistaregional.com.br\\\/site\\\/2016\\\/10\\\/06\\\/colegio-almeida-jr-e-primeiro-no-enem\\\/#primaryimage\"},\"thumbnailUrl\":\"https:\\\/\\\/revistaregional.com.br\\\/site\\\/wp-content\\\/uploads\\\/2016\\\/11\\\/colegio_almeida_junior.jpg\",\"keywords\":[\"Regionais\"],\"articleSection\":[\"Regionais\"],\"inLanguage\":\"pt-BR\",\"potentialAction\":[{\"@type\":\"CommentAction\",\"name\":\"Comment\",\"target\":[\"https:\\\/\\\/revistaregional.com.br\\\/site\\\/2016\\\/10\\\/06\\\/colegio-almeida-jr-e-primeiro-no-enem\\\/#respond\"]}]},{\"@type\":\"WebPage\",\"@id\":\"https:\\\/\\\/revistaregional.com.br\\\/site\\\/2016\\\/10\\\/06\\\/colegio-almeida-jr-e-primeiro-no-enem\\\/\",\"url\":\"https:\\\/\\\/revistaregional.com.br\\\/site\\\/2016\\\/10\\\/06\\\/colegio-almeida-jr-e-primeiro-no-enem\\\/\",\"name\":\"Col\u00e9gio Almeida Jr. \u00e9 primeiro no Enem - Revista Regional\",\"isPartOf\":{\"@id\":\"https:\\\/\\\/revistaregional.com.br\\\/site\\\/#website\"},\"primaryImageOfPage\":{\"@id\":\"https:\\\/\\\/revistaregional.com.br\\\/site\\\/2016\\\/10\\\/06\\\/colegio-almeida-jr-e-primeiro-no-enem\\\/#primaryimage\"},\"image\":{\"@id\":\"https:\\\/\\\/revistaregional.com.br\\\/site\\\/2016\\\/10\\\/06\\\/colegio-almeida-jr-e-primeiro-no-enem\\\/#primaryimage\"},\"thumbnailUrl\":\"https:\\\/\\\/revistaregional.com.br\\\/site\\\/wp-content\\\/uploads\\\/2016\\\/11\\\/colegio_almeida_junior.jpg\",\"datePublished\":\"2016-10-06T14:02:19+00:00\",\"dateModified\":\"2024-01-26T13:10:37+00:00\",\"author\":{\"@id\":\"https:\\\/\\\/revistaregional.com.br\\\/site\\\/#\\\/schema\\\/person\\\/382af97c580dc1b18f55107bc316010d\"},\"breadcrumb\":{\"@id\":\"https:\\\/\\\/revistaregional.com.br\\\/site\\\/2016\\\/10\\\/06\\\/colegio-almeida-jr-e-primeiro-no-enem\\\/#breadcrumb\"},\"inLanguage\":\"pt-BR\",\"potentialAction\":[{\"@type\":\"ReadAction\",\"target\":[\"https:\\\/\\\/revistaregional.com.br\\\/site\\\/2016\\\/10\\\/06\\\/colegio-almeida-jr-e-primeiro-no-enem\\\/\"]}]},{\"@type\":\"ImageObject\",\"inLanguage\":\"pt-BR\",\"@id\":\"https:\\\/\\\/revistaregional.com.br\\\/site\\\/2016\\\/10\\\/06\\\/colegio-almeida-jr-e-primeiro-no-enem\\\/#primaryimage\",\"url\":\"https:\\\/\\\/revistaregional.com.br\\\/site\\\/wp-content\\\/uploads\\\/2016\\\/11\\\/colegio_almeida_junior.jpg\",\"contentUrl\":\"https:\\\/\\\/revistaregional.com.br\\\/site\\\/wp-content\\\/uploads\\\/2016\\\/11\\\/colegio_almeida_junior.jpg\",\"width\":160,\"height\":150},{\"@type\":\"BreadcrumbList\",\"@id\":\"https:\\\/\\\/revistaregional.com.br\\\/site\\\/2016\\\/10\\\/06\\\/colegio-almeida-jr-e-primeiro-no-enem\\\/#breadcrumb\",\"itemListElement\":[{\"@type\":\"ListItem\",\"position\":1,\"name\":\"In\u00edcio\",\"item\":\"https:\\\/\\\/revistaregional.com.br\\\/site\\\/\"},{\"@type\":\"ListItem\",\"position\":2,\"name\":\"Col\u00e9gio Almeida Jr. \u00e9 primeiro no Enem\"}]},{\"@type\":\"WebSite\",\"@id\":\"https:\\\/\\\/revistaregional.com.br\\\/site\\\/#website\",\"url\":\"https:\\\/\\\/revistaregional.com.br\\\/site\\\/\",\"name\":\"Revista Regional\",\"description\":\"Salto - Itu - Indaituba\",\"potentialAction\":[{\"@type\":\"SearchAction\",\"target\":{\"@type\":\"EntryPoint\",\"urlTemplate\":\"https:\\\/\\\/revistaregional.com.br\\\/site\\\/?s={search_term_string}\"},\"query-input\":{\"@type\":\"PropertyValueSpecification\",\"valueRequired\":true,\"valueName\":\"search_term_string\"}}],\"inLanguage\":\"pt-BR\"},{\"@type\":\"Person\",\"@id\":\"https:\\\/\\\/revistaregional.com.br\\\/site\\\/#\\\/schema\\\/person\\\/382af97c580dc1b18f55107bc316010d\",\"name\":\"contato@revistaregional.com.br\",\"image\":{\"@type\":\"ImageObject\",\"inLanguage\":\"pt-BR\",\"@id\":\"https:\\\/\\\/secure.gravatar.com\\\/avatar\\\/869822917e96b2e292d5827e4635855396934485e7c4a0af84e9a214e32ca0cd?s=96&d=mm&r=g\",\"url\":\"https:\\\/\\\/secure.gravatar.com\\\/avatar\\\/869822917e96b2e292d5827e4635855396934485e7c4a0af84e9a214e32ca0cd?s=96&d=mm&r=g\",\"contentUrl\":\"https:\\\/\\\/secure.gravatar.com\\\/avatar\\\/869822917e96b2e292d5827e4635855396934485e7c4a0af84e9a214e32ca0cd?s=96&d=mm&r=g\",\"caption\":\"contato@revistaregional.com.br\"},\"url\":\"https:\\\/\\\/revistaregional.com.br\\\/site\\\/author\\\/contato@revistaregional.com.br\\\/\"}]}<\/script>\n<!-- \/ Yoast SEO plugin. -->","yoast_head_json":{"title":"Col\u00e9gio Almeida Jr. \u00e9 primeiro no Enem - Revista Regional","robots":{"index":"index","follow":"follow","max-snippet":"max-snippet:-1","max-image-preview":"max-image-preview:large","max-video-preview":"max-video-preview:-1"},"canonical":"https:\/\/revistaregional.com.br\/site\/2016\/10\/06\/colegio-almeida-jr-e-primeiro-no-enem\/","og_locale":"pt_BR","og_type":"article","og_title":"Col\u00e9gio Almeida Jr. \u00e9 primeiro no Enem - Revista Regional","og_description":"Pelo segundo ano consecutivo, o Col\u00e9gio Almeida J\u00fanior conquistou o primeiro lugar no ranking geral do Enem (Exame Nacional do Ensino M\u00e9dio), entre as escolas de Itu. A novidade deste ano \u00e9 que o Almeida J\u00fanior tamb\u00e9m foi avaliado no ranking do Enem de 2015, com o melhor resultado entre as institui\u00e7\u00f5es de ensino de [&hellip;]","og_url":"https:\/\/revistaregional.com.br\/site\/2016\/10\/06\/colegio-almeida-jr-e-primeiro-no-enem\/","og_site_name":"Revista Regional","article_published_time":"2016-10-06T14:02:19+00:00","article_modified_time":"2024-01-26T13:10:37+00:00","og_image":[{"width":160,"height":150,"url":"https:\/\/revistaregional.com.br\/site\/wp-content\/uploads\/2016\/11\/colegio_almeida_junior.jpg","type":"image\/jpeg"}],"author":"contato@revistaregional.com.br","twitter_card":"summary_large_image","twitter_misc":{"Escrito por":"contato@revistaregional.com.br","Est. tempo de leitura":"2 minutos"},"schema":{"@context":"https:\/\/schema.org","@graph":[{"@type":"Article","@id":"https:\/\/revistaregional.com.br\/site\/2016\/10\/06\/colegio-almeida-jr-e-primeiro-no-enem\/#article","isPartOf":{"@id":"https:\/\/revistaregional.com.br\/site\/2016\/10\/06\/colegio-almeida-jr-e-primeiro-no-enem\/"},"author":{"name":"contato@revistaregional.com.br","@id":"https:\/\/revistaregional.com.br\/site\/#\/schema\/person\/382af97c580dc1b18f55107bc316010d"},"headline":"Col\u00e9gio Almeida Jr. \u00e9 primeiro no Enem","datePublished":"2016-10-06T14:02:19+00:00","dateModified":"2024-01-26T13:10:37+00:00","mainEntityOfPage":{"@id":"https:\/\/revistaregional.com.br\/site\/2016\/10\/06\/colegio-almeida-jr-e-primeiro-no-enem\/"},"wordCount":316,"commentCount":0,"image":{"@id":"https:\/\/revistaregional.com.br\/site\/2016\/10\/06\/colegio-almeida-jr-e-primeiro-no-enem\/#primaryimage"},"thumbnailUrl":"https:\/\/revistaregional.com.br\/site\/wp-content\/uploads\/2016\/11\/colegio_almeida_junior.jpg","keywords":["Regionais"],"articleSection":["Regionais"],"inLanguage":"pt-BR","potentialAction":[{"@type":"CommentAction","name":"Comment","target":["https:\/\/revistaregional.com.br\/site\/2016\/10\/06\/colegio-almeida-jr-e-primeiro-no-enem\/#respond"]}]},{"@type":"WebPage","@id":"https:\/\/revistaregional.com.br\/site\/2016\/10\/06\/colegio-almeida-jr-e-primeiro-no-enem\/","url":"https:\/\/revistaregional.com.br\/site\/2016\/10\/06\/colegio-almeida-jr-e-primeiro-no-enem\/","name":"Col\u00e9gio Almeida Jr. \u00e9 primeiro no Enem - Revista Regional","isPartOf":{"@id":"https:\/\/revistaregional.com.br\/site\/#website"},"primaryImageOfPage":{"@id":"https:\/\/revistaregional.com.br\/site\/2016\/10\/06\/colegio-almeida-jr-e-primeiro-no-enem\/#primaryimage"},"image":{"@id":"https:\/\/revistaregional.com.br\/site\/2016\/10\/06\/colegio-almeida-jr-e-primeiro-no-enem\/#primaryimage"},"thumbnailUrl":"https:\/\/revistaregional.com.br\/site\/wp-content\/uploads\/2016\/11\/colegio_almeida_junior.jpg","datePublished":"2016-10-06T14:02:19+00:00","dateModified":"2024-01-26T13:10:37+00:00","author":{"@id":"https:\/\/revistaregional.com.br\/site\/#\/schema\/person\/382af97c580dc1b18f55107bc316010d"},"breadcrumb":{"@id":"https:\/\/revistaregional.com.br\/site\/2016\/10\/06\/colegio-almeida-jr-e-primeiro-no-enem\/#breadcrumb"},"inLanguage":"pt-BR","potentialAction":[{"@type":"ReadAction","target":["https:\/\/revistaregional.com.br\/site\/2016\/10\/06\/colegio-almeida-jr-e-primeiro-no-enem\/"]}]},{"@type":"ImageObject","inLanguage":"pt-BR","@id":"https:\/\/revistaregional.com.br\/site\/2016\/10\/06\/colegio-almeida-jr-e-primeiro-no-enem\/#primaryimage","url":"https:\/\/revistaregional.com.br\/site\/wp-content\/uploads\/2016\/11\/colegio_almeida_junior.jpg","contentUrl":"https:\/\/revistaregional.com.br\/site\/wp-content\/uploads\/2016\/11\/colegio_almeida_junior.jpg","width":160,"height":150},{"@type":"BreadcrumbList","@id":"https:\/\/revistaregional.com.br\/site\/2016\/10\/06\/colegio-almeida-jr-e-primeiro-no-enem\/#breadcrumb","itemListElement":[{"@type":"ListItem","position":1,"name":"In\u00edcio","item":"https:\/\/revistaregional.com.br\/site\/"},{"@type":"ListItem","position":2,"name":"Col\u00e9gio Almeida Jr. \u00e9 primeiro no Enem"}]},{"@type":"WebSite","@id":"https:\/\/revistaregional.com.br\/site\/#website","url":"https:\/\/revistaregional.com.br\/site\/","name":"Revista Regional","description":"Salto - Itu - Indaituba","potentialAction":[{"@type":"SearchAction","target":{"@type":"EntryPoint","urlTemplate":"https:\/\/revistaregional.com.br\/site\/?s={search_term_string}"},"query-input":{"@type":"PropertyValueSpecification","valueRequired":true,"valueName":"search_term_string"}}],"inLanguage":"pt-BR"},{"@type":"Person","@id":"https:\/\/revistaregional.com.br\/site\/#\/schema\/person\/382af97c580dc1b18f55107bc316010d","name":"contato@revistaregional.com.br","image":{"@type":"ImageObject","inLanguage":"pt-BR","@id":"https:\/\/secure.gravatar.com\/avatar\/869822917e96b2e292d5827e4635855396934485e7c4a0af84e9a214e32ca0cd?s=96&d=mm&r=g","url":"https:\/\/secure.gravatar.com\/avatar\/869822917e96b2e292d5827e4635855396934485e7c4a0af84e9a214e32ca0cd?s=96&d=mm&r=g","contentUrl":"https:\/\/secure.gravatar.com\/avatar\/869822917e96b2e292d5827e4635855396934485e7c4a0af84e9a214e32ca0cd?s=96&d=mm&r=g","caption":"contato@revistaregional.com.br"},"url":"https:\/\/revistaregional.com.br\/site\/author\/contato@revistaregional.com.br\/"}]}},"views":126,"_links":{"self":[{"href":"https:\/\/revistaregional.com.br\/site\/wp-json\/wp\/v2\/posts\/8499","targetHints":{"allow":["GET"]}}],"collection":[{"href":"https:\/\/revistaregional.com.br\/site\/wp-json\/wp\/v2\/posts"}],"about":[{"href":"https:\/\/revistaregional.com.br\/site\/wp-json\/wp\/v2\/types\/post"}],"author":[{"embeddable":true,"href":"https:\/\/revistaregional.com.br\/site\/wp-json\/wp\/v2\/users\/1"}],"replies":[{"embeddable":true,"href":"https:\/\/revistaregional.com.br\/site\/wp-json\/wp\/v2\/comments?post=8499"}],"version-history":[{"count":1,"href":"https:\/\/revistaregional.com.br\/site\/wp-json\/wp\/v2\/posts\/8499\/revisions"}],"predecessor-version":[{"id":11523,"href":"https:\/\/revistaregional.com.br\/site\/wp-json\/wp\/v2\/posts\/8499\/revisions\/11523"}],"wp:featuredmedia":[{"embeddable":true,"href":"https:\/\/revistaregional.com.br\/site\/wp-json\/wp\/v2\/media\/11516"}],"wp:attachment":[{"href":"https:\/\/revistaregional.com.br\/site\/wp-json\/wp\/v2\/media?parent=8499"}],"wp:term":[{"taxonomy":"category","embeddable":true,"href":"https:\/\/revistaregional.com.br\/site\/wp-json\/wp\/v2\/categories?post=8499"},{"taxonomy":"post_tag","embeddable":true,"href":"https:\/\/revistaregional.com.br\/site\/wp-json\/wp\/v2\/tags?post=8499"}],"curies":[{"name":"wp","href":"https:\/\/api.w.org\/{rel}","templated":true}]}}