{"id":8395,"date":"2016-10-04T16:39:26","date_gmt":"2016-10-04T19:39:26","guid":{"rendered":"http:\/\/revistaregional.com.br\/site\/?p=8395"},"modified":"2024-01-26T10:59:19","modified_gmt":"2024-01-26T13:59:19","slug":"salto-promove-uma-noite-no-museu","status":"publish","type":"post","link":"https:\/\/revistaregional.com.br\/site\/2016\/10\/04\/salto-promove-uma-noite-no-museu\/","title":{"rendered":"Salto promove \u2018Uma Noite no Museu\u2019"},"content":{"rendered":"<figure id=\"attachment_8396\" aria-describedby=\"caption-attachment-8396\" style=\"width: 369px\" class=\"wp-caption aligncenter\"><a href=\"http:\/\/revistaregional.com.br\/site\/wp-content\/uploads\/2016\/10\/agenda-noite-museu.jpg\" rel=\"attachment wp-att-8396\"><img fetchpriority=\"high\" decoding=\"async\" class=\" wp-image-8396 \" src=\"http:\/\/revistaregional.com.br\/site\/wp-content\/uploads\/2016\/10\/agenda-noite-museu.jpg\" alt=\"\" width=\"369\" height=\"246\"><\/a><figcaption id=\"caption-attachment-8396\" class=\"wp-caption-text\">Edi\u00e7\u00e3o de \u201cUma Noite no Museu\u201d j\u00e1 realizada na cidade<\/figcaption><\/figure>\n<p>Nos pr\u00f3ximos dias 15 e 16 de outubro, ser\u00e1 realizado no Museu Cidade de Salto \u201cEttore Liberalesso\u201d, a quinta edi\u00e7\u00e3o do projeto \u201cUma Noite no Museu\u201d. A atividade, voltada para crian\u00e7as e jovens at\u00e9 17 anos, ter\u00e1 ca\u00e7a ao tesouro, visita pelo espa\u00e7o museol\u00f3gico, a\u00e7\u00f5es educativas, lanche comunit\u00e1rio, exibi\u00e7\u00e3o de filme, caf\u00e9 da manh\u00e3 comunit\u00e1rio e encerramento. O projeto tem como objetivo ensinar a hist\u00f3ria da cidade e transformar as rela\u00e7\u00f5es das pessoas com o Museu de uma forma l\u00fadica e descontra\u00edda atrav\u00e9s de uma s\u00e9rie de atividades. Podem participar desta edi\u00e7\u00e3o 35 crian\u00e7as\/jovens, que devem ser acompanhados por pais ou respons\u00e1veis.<\/p>\n<p>MAIS: Para participar, os interessados devem se inscrever at\u00e9 o dia 10 de outubro ou at\u00e9 preencher todas as vagas no seguinte link: <a href=\"https:\/\/goo.gl\/forms\/zt6qrAkuqBS2sqrT2\" target=\"_blank\" rel=\"noopener\">https:\/\/goo.gl\/forms\/zt6qrAkuqBS2sqrT2<\/a>. Mais informa\u00e7\u00f5es atrav\u00e9s do telefone (11) 4029-3473.<\/p>\n<p>foto: Divulga\u00e7\u00e3o<\/p>\n","protected":false},"excerpt":{"rendered":"<p>Nos pr\u00f3ximos dias 15 e 16 de outubro, ser\u00e1 realizado no Museu Cidade de Salto \u201cEttore Liberalesso\u201d, a quinta edi\u00e7\u00e3o do projeto \u201cUma Noite no Museu\u201d. A atividade, voltada para crian\u00e7as e jovens at\u00e9 17 anos, ter\u00e1 ca\u00e7a ao tesouro, visita pelo espa\u00e7o museol\u00f3gico, a\u00e7\u00f5es educativas, lanche comunit\u00e1rio, exibi\u00e7\u00e3o de filme, caf\u00e9 da manh\u00e3 comunit\u00e1rio [&hellip;]<\/p>\n","protected":false},"author":1,"featured_media":11258,"comment_status":"open","ping_status":"open","sticky":false,"template":"","format":"standard","meta":{"_acf_changed":false,"ngg_post_thumbnail":0,"_joinchat":[],"footnotes":""},"categories":[4],"tags":[533],"class_list":["post-8395","post","type-post","status-publish","format-standard","has-post-thumbnail","hentry","category-cultura","tag-cultura"],"acf":[],"yoast_head":"<!-- This site is optimized with the Yoast SEO plugin v27.4 - https:\/\/yoast.com\/product\/yoast-seo-wordpress\/ -->\n<title>Salto promove \u2018Uma Noite no Museu\u2019 - Revista Regional<\/title>\n<meta name=\"robots\" content=\"index, follow, max-snippet:-1, max-image-preview:large, max-video-preview:-1\" \/>\n<link rel=\"canonical\" href=\"https:\/\/revistaregional.com.br\/site\/2016\/10\/04\/salto-promove-uma-noite-no-museu\/\" \/>\n<meta property=\"og:locale\" content=\"pt_BR\" \/>\n<meta property=\"og:type\" content=\"article\" \/>\n<meta property=\"og:title\" content=\"Salto promove \u2018Uma Noite no Museu\u2019 - Revista Regional\" \/>\n<meta property=\"og:description\" content=\"Nos pr\u00f3ximos dias 15 e 16 de outubro, ser\u00e1 realizado no Museu Cidade de Salto \u201cEttore Liberalesso\u201d, a quinta edi\u00e7\u00e3o do projeto \u201cUma Noite no Museu\u201d. A atividade, voltada para crian\u00e7as e jovens at\u00e9 17 anos, ter\u00e1 ca\u00e7a ao tesouro, visita pelo espa\u00e7o museol\u00f3gico, a\u00e7\u00f5es educativas, lanche comunit\u00e1rio, exibi\u00e7\u00e3o de filme, caf\u00e9 da manh\u00e3 comunit\u00e1rio [&hellip;]\" \/>\n<meta property=\"og:url\" content=\"https:\/\/revistaregional.com.br\/site\/2016\/10\/04\/salto-promove-uma-noite-no-museu\/\" \/>\n<meta property=\"og:site_name\" content=\"Revista Regional\" \/>\n<meta property=\"article:published_time\" content=\"2016-10-04T19:39:26+00:00\" \/>\n<meta property=\"article:modified_time\" content=\"2024-01-26T13:59:19+00:00\" \/>\n<meta property=\"og:image\" content=\"https:\/\/revistaregional.com.br\/site\/wp-content\/uploads\/2016\/11\/uma_noite_no_museu.jpg\" \/>\n\t<meta property=\"og:image:width\" content=\"160\" \/>\n\t<meta property=\"og:image:height\" content=\"150\" \/>\n\t<meta property=\"og:image:type\" content=\"image\/jpeg\" \/>\n<meta name=\"author\" content=\"contato@revistaregional.com.br\" \/>\n<meta name=\"twitter:card\" content=\"summary_large_image\" \/>\n<meta name=\"twitter:label1\" content=\"Escrito por\" \/>\n\t<meta name=\"twitter:data1\" content=\"contato@revistaregional.com.br\" \/>\n\t<meta name=\"twitter:label2\" content=\"Est. tempo de leitura\" \/>\n\t<meta name=\"twitter:data2\" content=\"1 minuto\" \/>\n<script type=\"application\/ld+json\" class=\"yoast-schema-graph\">{\"@context\":\"https:\\\/\\\/schema.org\",\"@graph\":[{\"@type\":\"Article\",\"@id\":\"https:\\\/\\\/revistaregional.com.br\\\/site\\\/2016\\\/10\\\/04\\\/salto-promove-uma-noite-no-museu\\\/#article\",\"isPartOf\":{\"@id\":\"https:\\\/\\\/revistaregional.com.br\\\/site\\\/2016\\\/10\\\/04\\\/salto-promove-uma-noite-no-museu\\\/\"},\"author\":{\"name\":\"contato@revistaregional.com.br\",\"@id\":\"https:\\\/\\\/revistaregional.com.br\\\/site\\\/#\\\/schema\\\/person\\\/382af97c580dc1b18f55107bc316010d\"},\"headline\":\"Salto promove \u2018Uma Noite no Museu\u2019\",\"datePublished\":\"2016-10-04T19:39:26+00:00\",\"dateModified\":\"2024-01-26T13:59:19+00:00\",\"mainEntityOfPage\":{\"@id\":\"https:\\\/\\\/revistaregional.com.br\\\/site\\\/2016\\\/10\\\/04\\\/salto-promove-uma-noite-no-museu\\\/\"},\"wordCount\":182,\"commentCount\":0,\"image\":{\"@id\":\"https:\\\/\\\/revistaregional.com.br\\\/site\\\/2016\\\/10\\\/04\\\/salto-promove-uma-noite-no-museu\\\/#primaryimage\"},\"thumbnailUrl\":\"https:\\\/\\\/revistaregional.com.br\\\/site\\\/wp-content\\\/uploads\\\/2016\\\/11\\\/uma_noite_no_museu.jpg\",\"keywords\":[\"Cultura\"],\"articleSection\":[\"Cultura\"],\"inLanguage\":\"pt-BR\",\"potentialAction\":[{\"@type\":\"CommentAction\",\"name\":\"Comment\",\"target\":[\"https:\\\/\\\/revistaregional.com.br\\\/site\\\/2016\\\/10\\\/04\\\/salto-promove-uma-noite-no-museu\\\/#respond\"]}]},{\"@type\":\"WebPage\",\"@id\":\"https:\\\/\\\/revistaregional.com.br\\\/site\\\/2016\\\/10\\\/04\\\/salto-promove-uma-noite-no-museu\\\/\",\"url\":\"https:\\\/\\\/revistaregional.com.br\\\/site\\\/2016\\\/10\\\/04\\\/salto-promove-uma-noite-no-museu\\\/\",\"name\":\"Salto promove \u2018Uma Noite no Museu\u2019 - Revista Regional\",\"isPartOf\":{\"@id\":\"https:\\\/\\\/revistaregional.com.br\\\/site\\\/#website\"},\"primaryImageOfPage\":{\"@id\":\"https:\\\/\\\/revistaregional.com.br\\\/site\\\/2016\\\/10\\\/04\\\/salto-promove-uma-noite-no-museu\\\/#primaryimage\"},\"image\":{\"@id\":\"https:\\\/\\\/revistaregional.com.br\\\/site\\\/2016\\\/10\\\/04\\\/salto-promove-uma-noite-no-museu\\\/#primaryimage\"},\"thumbnailUrl\":\"https:\\\/\\\/revistaregional.com.br\\\/site\\\/wp-content\\\/uploads\\\/2016\\\/11\\\/uma_noite_no_museu.jpg\",\"datePublished\":\"2016-10-04T19:39:26+00:00\",\"dateModified\":\"2024-01-26T13:59:19+00:00\",\"author\":{\"@id\":\"https:\\\/\\\/revistaregional.com.br\\\/site\\\/#\\\/schema\\\/person\\\/382af97c580dc1b18f55107bc316010d\"},\"breadcrumb\":{\"@id\":\"https:\\\/\\\/revistaregional.com.br\\\/site\\\/2016\\\/10\\\/04\\\/salto-promove-uma-noite-no-museu\\\/#breadcrumb\"},\"inLanguage\":\"pt-BR\",\"potentialAction\":[{\"@type\":\"ReadAction\",\"target\":[\"https:\\\/\\\/revistaregional.com.br\\\/site\\\/2016\\\/10\\\/04\\\/salto-promove-uma-noite-no-museu\\\/\"]}]},{\"@type\":\"ImageObject\",\"inLanguage\":\"pt-BR\",\"@id\":\"https:\\\/\\\/revistaregional.com.br\\\/site\\\/2016\\\/10\\\/04\\\/salto-promove-uma-noite-no-museu\\\/#primaryimage\",\"url\":\"https:\\\/\\\/revistaregional.com.br\\\/site\\\/wp-content\\\/uploads\\\/2016\\\/11\\\/uma_noite_no_museu.jpg\",\"contentUrl\":\"https:\\\/\\\/revistaregional.com.br\\\/site\\\/wp-content\\\/uploads\\\/2016\\\/11\\\/uma_noite_no_museu.jpg\",\"width\":160,\"height\":150},{\"@type\":\"BreadcrumbList\",\"@id\":\"https:\\\/\\\/revistaregional.com.br\\\/site\\\/2016\\\/10\\\/04\\\/salto-promove-uma-noite-no-museu\\\/#breadcrumb\",\"itemListElement\":[{\"@type\":\"ListItem\",\"position\":1,\"name\":\"In\u00edcio\",\"item\":\"https:\\\/\\\/revistaregional.com.br\\\/site\\\/\"},{\"@type\":\"ListItem\",\"position\":2,\"name\":\"Salto promove \u2018Uma Noite no Museu\u2019\"}]},{\"@type\":\"WebSite\",\"@id\":\"https:\\\/\\\/revistaregional.com.br\\\/site\\\/#website\",\"url\":\"https:\\\/\\\/revistaregional.com.br\\\/site\\\/\",\"name\":\"Revista Regional\",\"description\":\"Salto - Itu - Indaituba\",\"potentialAction\":[{\"@type\":\"SearchAction\",\"target\":{\"@type\":\"EntryPoint\",\"urlTemplate\":\"https:\\\/\\\/revistaregional.com.br\\\/site\\\/?s={search_term_string}\"},\"query-input\":{\"@type\":\"PropertyValueSpecification\",\"valueRequired\":true,\"valueName\":\"search_term_string\"}}],\"inLanguage\":\"pt-BR\"},{\"@type\":\"Person\",\"@id\":\"https:\\\/\\\/revistaregional.com.br\\\/site\\\/#\\\/schema\\\/person\\\/382af97c580dc1b18f55107bc316010d\",\"name\":\"contato@revistaregional.com.br\",\"image\":{\"@type\":\"ImageObject\",\"inLanguage\":\"pt-BR\",\"@id\":\"https:\\\/\\\/secure.gravatar.com\\\/avatar\\\/869822917e96b2e292d5827e4635855396934485e7c4a0af84e9a214e32ca0cd?s=96&d=mm&r=g\",\"url\":\"https:\\\/\\\/secure.gravatar.com\\\/avatar\\\/869822917e96b2e292d5827e4635855396934485e7c4a0af84e9a214e32ca0cd?s=96&d=mm&r=g\",\"contentUrl\":\"https:\\\/\\\/secure.gravatar.com\\\/avatar\\\/869822917e96b2e292d5827e4635855396934485e7c4a0af84e9a214e32ca0cd?s=96&d=mm&r=g\",\"caption\":\"contato@revistaregional.com.br\"},\"url\":\"https:\\\/\\\/revistaregional.com.br\\\/site\\\/author\\\/contato@revistaregional.com.br\\\/\"}]}<\/script>\n<!-- \/ Yoast SEO plugin. -->","yoast_head_json":{"title":"Salto promove \u2018Uma Noite no Museu\u2019 - Revista Regional","robots":{"index":"index","follow":"follow","max-snippet":"max-snippet:-1","max-image-preview":"max-image-preview:large","max-video-preview":"max-video-preview:-1"},"canonical":"https:\/\/revistaregional.com.br\/site\/2016\/10\/04\/salto-promove-uma-noite-no-museu\/","og_locale":"pt_BR","og_type":"article","og_title":"Salto promove \u2018Uma Noite no Museu\u2019 - Revista Regional","og_description":"Nos pr\u00f3ximos dias 15 e 16 de outubro, ser\u00e1 realizado no Museu Cidade de Salto \u201cEttore Liberalesso\u201d, a quinta edi\u00e7\u00e3o do projeto \u201cUma Noite no Museu\u201d. A atividade, voltada para crian\u00e7as e jovens at\u00e9 17 anos, ter\u00e1 ca\u00e7a ao tesouro, visita pelo espa\u00e7o museol\u00f3gico, a\u00e7\u00f5es educativas, lanche comunit\u00e1rio, exibi\u00e7\u00e3o de filme, caf\u00e9 da manh\u00e3 comunit\u00e1rio [&hellip;]","og_url":"https:\/\/revistaregional.com.br\/site\/2016\/10\/04\/salto-promove-uma-noite-no-museu\/","og_site_name":"Revista Regional","article_published_time":"2016-10-04T19:39:26+00:00","article_modified_time":"2024-01-26T13:59:19+00:00","og_image":[{"width":160,"height":150,"url":"https:\/\/revistaregional.com.br\/site\/wp-content\/uploads\/2016\/11\/uma_noite_no_museu.jpg","type":"image\/jpeg"}],"author":"contato@revistaregional.com.br","twitter_card":"summary_large_image","twitter_misc":{"Escrito por":"contato@revistaregional.com.br","Est. tempo de leitura":"1 minuto"},"schema":{"@context":"https:\/\/schema.org","@graph":[{"@type":"Article","@id":"https:\/\/revistaregional.com.br\/site\/2016\/10\/04\/salto-promove-uma-noite-no-museu\/#article","isPartOf":{"@id":"https:\/\/revistaregional.com.br\/site\/2016\/10\/04\/salto-promove-uma-noite-no-museu\/"},"author":{"name":"contato@revistaregional.com.br","@id":"https:\/\/revistaregional.com.br\/site\/#\/schema\/person\/382af97c580dc1b18f55107bc316010d"},"headline":"Salto promove \u2018Uma Noite no Museu\u2019","datePublished":"2016-10-04T19:39:26+00:00","dateModified":"2024-01-26T13:59:19+00:00","mainEntityOfPage":{"@id":"https:\/\/revistaregional.com.br\/site\/2016\/10\/04\/salto-promove-uma-noite-no-museu\/"},"wordCount":182,"commentCount":0,"image":{"@id":"https:\/\/revistaregional.com.br\/site\/2016\/10\/04\/salto-promove-uma-noite-no-museu\/#primaryimage"},"thumbnailUrl":"https:\/\/revistaregional.com.br\/site\/wp-content\/uploads\/2016\/11\/uma_noite_no_museu.jpg","keywords":["Cultura"],"articleSection":["Cultura"],"inLanguage":"pt-BR","potentialAction":[{"@type":"CommentAction","name":"Comment","target":["https:\/\/revistaregional.com.br\/site\/2016\/10\/04\/salto-promove-uma-noite-no-museu\/#respond"]}]},{"@type":"WebPage","@id":"https:\/\/revistaregional.com.br\/site\/2016\/10\/04\/salto-promove-uma-noite-no-museu\/","url":"https:\/\/revistaregional.com.br\/site\/2016\/10\/04\/salto-promove-uma-noite-no-museu\/","name":"Salto promove \u2018Uma Noite no Museu\u2019 - Revista Regional","isPartOf":{"@id":"https:\/\/revistaregional.com.br\/site\/#website"},"primaryImageOfPage":{"@id":"https:\/\/revistaregional.com.br\/site\/2016\/10\/04\/salto-promove-uma-noite-no-museu\/#primaryimage"},"image":{"@id":"https:\/\/revistaregional.com.br\/site\/2016\/10\/04\/salto-promove-uma-noite-no-museu\/#primaryimage"},"thumbnailUrl":"https:\/\/revistaregional.com.br\/site\/wp-content\/uploads\/2016\/11\/uma_noite_no_museu.jpg","datePublished":"2016-10-04T19:39:26+00:00","dateModified":"2024-01-26T13:59:19+00:00","author":{"@id":"https:\/\/revistaregional.com.br\/site\/#\/schema\/person\/382af97c580dc1b18f55107bc316010d"},"breadcrumb":{"@id":"https:\/\/revistaregional.com.br\/site\/2016\/10\/04\/salto-promove-uma-noite-no-museu\/#breadcrumb"},"inLanguage":"pt-BR","potentialAction":[{"@type":"ReadAction","target":["https:\/\/revistaregional.com.br\/site\/2016\/10\/04\/salto-promove-uma-noite-no-museu\/"]}]},{"@type":"ImageObject","inLanguage":"pt-BR","@id":"https:\/\/revistaregional.com.br\/site\/2016\/10\/04\/salto-promove-uma-noite-no-museu\/#primaryimage","url":"https:\/\/revistaregional.com.br\/site\/wp-content\/uploads\/2016\/11\/uma_noite_no_museu.jpg","contentUrl":"https:\/\/revistaregional.com.br\/site\/wp-content\/uploads\/2016\/11\/uma_noite_no_museu.jpg","width":160,"height":150},{"@type":"BreadcrumbList","@id":"https:\/\/revistaregional.com.br\/site\/2016\/10\/04\/salto-promove-uma-noite-no-museu\/#breadcrumb","itemListElement":[{"@type":"ListItem","position":1,"name":"In\u00edcio","item":"https:\/\/revistaregional.com.br\/site\/"},{"@type":"ListItem","position":2,"name":"Salto promove \u2018Uma Noite no Museu\u2019"}]},{"@type":"WebSite","@id":"https:\/\/revistaregional.com.br\/site\/#website","url":"https:\/\/revistaregional.com.br\/site\/","name":"Revista Regional","description":"Salto - Itu - Indaituba","potentialAction":[{"@type":"SearchAction","target":{"@type":"EntryPoint","urlTemplate":"https:\/\/revistaregional.com.br\/site\/?s={search_term_string}"},"query-input":{"@type":"PropertyValueSpecification","valueRequired":true,"valueName":"search_term_string"}}],"inLanguage":"pt-BR"},{"@type":"Person","@id":"https:\/\/revistaregional.com.br\/site\/#\/schema\/person\/382af97c580dc1b18f55107bc316010d","name":"contato@revistaregional.com.br","image":{"@type":"ImageObject","inLanguage":"pt-BR","@id":"https:\/\/secure.gravatar.com\/avatar\/869822917e96b2e292d5827e4635855396934485e7c4a0af84e9a214e32ca0cd?s=96&d=mm&r=g","url":"https:\/\/secure.gravatar.com\/avatar\/869822917e96b2e292d5827e4635855396934485e7c4a0af84e9a214e32ca0cd?s=96&d=mm&r=g","contentUrl":"https:\/\/secure.gravatar.com\/avatar\/869822917e96b2e292d5827e4635855396934485e7c4a0af84e9a214e32ca0cd?s=96&d=mm&r=g","caption":"contato@revistaregional.com.br"},"url":"https:\/\/revistaregional.com.br\/site\/author\/contato@revistaregional.com.br\/"}]}},"views":58,"_links":{"self":[{"href":"https:\/\/revistaregional.com.br\/site\/wp-json\/wp\/v2\/posts\/8395","targetHints":{"allow":["GET"]}}],"collection":[{"href":"https:\/\/revistaregional.com.br\/site\/wp-json\/wp\/v2\/posts"}],"about":[{"href":"https:\/\/revistaregional.com.br\/site\/wp-json\/wp\/v2\/types\/post"}],"author":[{"embeddable":true,"href":"https:\/\/revistaregional.com.br\/site\/wp-json\/wp\/v2\/users\/1"}],"replies":[{"embeddable":true,"href":"https:\/\/revistaregional.com.br\/site\/wp-json\/wp\/v2\/comments?post=8395"}],"version-history":[{"count":1,"href":"https:\/\/revistaregional.com.br\/site\/wp-json\/wp\/v2\/posts\/8395\/revisions"}],"predecessor-version":[{"id":11269,"href":"https:\/\/revistaregional.com.br\/site\/wp-json\/wp\/v2\/posts\/8395\/revisions\/11269"}],"wp:featuredmedia":[{"embeddable":true,"href":"https:\/\/revistaregional.com.br\/site\/wp-json\/wp\/v2\/media\/11258"}],"wp:attachment":[{"href":"https:\/\/revistaregional.com.br\/site\/wp-json\/wp\/v2\/media?parent=8395"}],"wp:term":[{"taxonomy":"category","embeddable":true,"href":"https:\/\/revistaregional.com.br\/site\/wp-json\/wp\/v2\/categories?post=8395"},{"taxonomy":"post_tag","embeddable":true,"href":"https:\/\/revistaregional.com.br\/site\/wp-json\/wp\/v2\/tags?post=8395"}],"curies":[{"name":"wp","href":"https:\/\/api.w.org\/{rel}","templated":true}]}}