{"id":8275,"date":"2016-08-05T14:45:53","date_gmt":"2016-08-05T17:45:53","guid":{"rendered":"http:\/\/revistaregional.com.br\/site\/?p=8275"},"modified":"2024-01-26T10:10:44","modified_gmt":"2024-01-26T13:10:44","slug":"polo-shopping-tem-oficinas-esportivas","status":"publish","type":"post","link":"https:\/\/revistaregional.com.br\/site\/2016\/08\/05\/polo-shopping-tem-oficinas-esportivas\/","title":{"rendered":"Polo Shopping tem oficinas esportivas"},"content":{"rendered":"<figure id=\"attachment_8277\" aria-describedby=\"caption-attachment-8277\" style=\"width: 384px\" class=\"wp-caption aligncenter\"><a href=\"http:\/\/revistaregional.com.br\/site\/wp-content\/uploads\/2016\/08\/SITE-POLO.jpg\" rel=\"attachment wp-att-8277\"><img fetchpriority=\"high\" decoding=\"async\" class=\" wp-image-8277\" src=\"http:\/\/revistaregional.com.br\/site\/wp-content\/uploads\/2016\/08\/SITE-POLO.jpg\" alt=\"\" width=\"384\" height=\"257\"><\/a><figcaption id=\"caption-attachment-8277\" class=\"wp-caption-text\">Oficina de jud\u00f4 que ser\u00e1 promovida pelo Polo em parceria com o Sesi-Indaiatuba<\/figcaption><\/figure>\n<p style=\"text-align: center;\">O Polo Shopping Indaiatuba firmou uma parceria com o Sesi da cidade para a realiza\u00e7\u00e3o de atividades esportivas no per\u00edodo das Olimp\u00edadas. A partir da pr\u00f3xima segunda-feira (dia 08) at\u00e9 19 de agosto, o shopping oferecer\u00e1 oficinas de jud\u00f4 e badminton, al\u00e9m de ser palco de aulas de alunos e atletas do Sesi Indaiatuba. Toda a programa\u00e7\u00e3o \u00e9 gratuita. Nos corredores do shopping haver\u00e1 tamb\u00e9m totens com curiosidades sobre as modalidades ol\u00edmpicas que fazem parte da grande de aulas do Sesi, como jud\u00f4, badminton, rugby e atletismo, basquete, futebol, nata\u00e7\u00e3o e v\u00f4lei.<\/p>\n<p>\u201cNosso objetivo \u00e9 trazer o clima dos jogos ol\u00edmpicos para o shopping, contagiar as pessoas e, ao mesmo tempo, mostrar o trabalho que o Sesi realiza no munic\u00edpio, com o projeto Atleta do Futuro, que prepara v\u00e1rios jovens para competi\u00e7\u00f5es de auto n\u00edvel\u201d, afirmou Andrea Fernandes, gerente de Marketing do Polo Shopping Indaiatuba.<\/p>\n<p>Confira, abaixo, a programa\u00e7\u00e3o das atividades:<\/p>\n<p><strong>Jud\u00f4&nbsp;<\/strong><\/p>\n<p>Quando: 08 a 11 de agosto<\/p>\n<p>Atividade: um tatame de jud\u00f4 ser\u00e1 montado na Pra\u00e7a Central, onde ser\u00e3o realizadas as aulas dos alunos do Sesi, oficinas abertas para interessados e demonstra\u00e7\u00f5es de atletas.<\/p>\n<p><em>Segunda e quarta: <\/em><\/p>\n<p><em>17h \u00e0s 18h: alunos de 09 e 10 anos<\/em><\/p>\n<p><em>18h \u00e0s 19h:&nbsp;oficina de Jud\u00f4 livre<\/em><\/p>\n<p><em>19h \u00e0s 20h: alunos de 13 a 17 anos<\/em><\/p>\n<p><em>20h \u00e0s 21h: alunos do competitivo<\/em><\/p>\n<p><em>Ter\u00e7a e quinta:<\/em><\/p>\n<p><em>17h \u00e0s 18h:&nbsp;oficina de jud\u00f4 livre&nbsp;<\/em><\/p>\n<p><em>18h \u00e0s 19h: alunos de 09 e 10 anos<\/em><\/p>\n<p><em>19h \u00e0s 20h: alunos de 11 a 12 anos<\/em><\/p>\n<p><em>20h \u00e0s 21h: alunos do competitivo<\/em><\/p>\n<p><strong>Badminton<\/strong><\/p>\n<p>Quando: 16 a 19 de agosto<\/p>\n<p>Atividade: uma quadra de badminton ser\u00e1 instala na Pra\u00e7a Central, onde tamb\u00e9m ser\u00e3o realizadas as aulas dos alunos do Sesi e oficinas abertas ao p\u00fablico.<\/p>\n<p><em>Ter\u00e7a e quinta:&nbsp;<\/em><\/p>\n<p><em>16h \u00e0s 17h: alunos de 09 e 17 anos<\/em><\/p>\n<p><em>17h \u00e0s 18h: alunos de 11 e 12 anos<\/em><\/p>\n<p><em>18h \u00e0s 19h:&nbsp;oficinas de badminton livre<\/em><\/p>\n<p><em>19h \u00e0s 20h: oficinas de badminton livre<\/em><\/p>\n<p><em>Quarta e sexta:<\/em><\/p>\n<p><em>17h \u00e0s 18h: alunos de 09 e 17 anos<\/em><\/p>\n<p><em>18h \u00e0s 19h:&nbsp;oficinas badminton livre<\/em><\/p>\n<p><em>19h \u00e0s 20h:&nbsp;oficinas de badminton livre<\/em><\/p>\n<p><em>&nbsp;foto: Divulga\u00e7\u00e3o<\/em><\/p>\n","protected":false},"excerpt":{"rendered":"<p>O Polo Shopping Indaiatuba firmou uma parceria com o Sesi da cidade para a realiza\u00e7\u00e3o de atividades esportivas no per\u00edodo das Olimp\u00edadas. A partir da pr\u00f3xima segunda-feira (dia 08) at\u00e9 19 de agosto, o shopping oferecer\u00e1 oficinas de jud\u00f4 e badminton, al\u00e9m de ser palco de aulas de alunos e atletas do Sesi Indaiatuba. Toda [&hellip;]<\/p>\n","protected":false},"author":1,"featured_media":11533,"comment_status":"open","ping_status":"open","sticky":false,"template":"","format":"standard","meta":{"_acf_changed":false,"ngg_post_thumbnail":0,"_joinchat":[],"footnotes":""},"categories":[12],"tags":[527],"class_list":["post-8275","post","type-post","status-publish","format-standard","has-post-thumbnail","hentry","category-regionais","tag-regionais"],"acf":[],"yoast_head":"<!-- This site is optimized with the Yoast SEO plugin v27.4 - https:\/\/yoast.com\/product\/yoast-seo-wordpress\/ -->\n<title>Polo Shopping tem oficinas esportivas - Revista Regional<\/title>\n<meta name=\"robots\" content=\"index, follow, max-snippet:-1, max-image-preview:large, max-video-preview:-1\" \/>\n<link rel=\"canonical\" href=\"https:\/\/revistaregional.com.br\/site\/2016\/08\/05\/polo-shopping-tem-oficinas-esportivas\/\" \/>\n<meta property=\"og:locale\" content=\"pt_BR\" \/>\n<meta property=\"og:type\" content=\"article\" \/>\n<meta property=\"og:title\" content=\"Polo Shopping tem oficinas esportivas - Revista Regional\" \/>\n<meta property=\"og:description\" content=\"O Polo Shopping Indaiatuba firmou uma parceria com o Sesi da cidade para a realiza\u00e7\u00e3o de atividades esportivas no per\u00edodo das Olimp\u00edadas. A partir da pr\u00f3xima segunda-feira (dia 08) at\u00e9 19 de agosto, o shopping oferecer\u00e1 oficinas de jud\u00f4 e badminton, al\u00e9m de ser palco de aulas de alunos e atletas do Sesi Indaiatuba. Toda [&hellip;]\" \/>\n<meta property=\"og:url\" content=\"https:\/\/revistaregional.com.br\/site\/2016\/08\/05\/polo-shopping-tem-oficinas-esportivas\/\" \/>\n<meta property=\"og:site_name\" content=\"Revista Regional\" \/>\n<meta property=\"article:published_time\" content=\"2016-08-05T17:45:53+00:00\" \/>\n<meta property=\"article:modified_time\" content=\"2024-01-26T13:10:44+00:00\" \/>\n<meta property=\"og:image\" content=\"https:\/\/revistaregional.com.br\/site\/wp-content\/uploads\/2016\/09\/plaza_shopping.jpg\" \/>\n\t<meta property=\"og:image:width\" content=\"160\" \/>\n\t<meta property=\"og:image:height\" content=\"150\" \/>\n\t<meta property=\"og:image:type\" content=\"image\/jpeg\" \/>\n<meta name=\"author\" content=\"contato@revistaregional.com.br\" \/>\n<meta name=\"twitter:card\" content=\"summary_large_image\" \/>\n<meta name=\"twitter:label1\" content=\"Escrito por\" \/>\n\t<meta name=\"twitter:data1\" content=\"contato@revistaregional.com.br\" \/>\n\t<meta name=\"twitter:label2\" content=\"Est. tempo de leitura\" \/>\n\t<meta name=\"twitter:data2\" content=\"2 minutos\" \/>\n<script type=\"application\/ld+json\" class=\"yoast-schema-graph\">{\"@context\":\"https:\\\/\\\/schema.org\",\"@graph\":[{\"@type\":\"Article\",\"@id\":\"https:\\\/\\\/revistaregional.com.br\\\/site\\\/2016\\\/08\\\/05\\\/polo-shopping-tem-oficinas-esportivas\\\/#article\",\"isPartOf\":{\"@id\":\"https:\\\/\\\/revistaregional.com.br\\\/site\\\/2016\\\/08\\\/05\\\/polo-shopping-tem-oficinas-esportivas\\\/\"},\"author\":{\"name\":\"contato@revistaregional.com.br\",\"@id\":\"https:\\\/\\\/revistaregional.com.br\\\/site\\\/#\\\/schema\\\/person\\\/382af97c580dc1b18f55107bc316010d\"},\"headline\":\"Polo Shopping tem oficinas esportivas\",\"datePublished\":\"2016-08-05T17:45:53+00:00\",\"dateModified\":\"2024-01-26T13:10:44+00:00\",\"mainEntityOfPage\":{\"@id\":\"https:\\\/\\\/revistaregional.com.br\\\/site\\\/2016\\\/08\\\/05\\\/polo-shopping-tem-oficinas-esportivas\\\/\"},\"wordCount\":385,\"commentCount\":0,\"image\":{\"@id\":\"https:\\\/\\\/revistaregional.com.br\\\/site\\\/2016\\\/08\\\/05\\\/polo-shopping-tem-oficinas-esportivas\\\/#primaryimage\"},\"thumbnailUrl\":\"https:\\\/\\\/revistaregional.com.br\\\/site\\\/wp-content\\\/uploads\\\/2016\\\/09\\\/plaza_shopping.jpg\",\"keywords\":[\"Regionais\"],\"articleSection\":[\"Regionais\"],\"inLanguage\":\"pt-BR\",\"potentialAction\":[{\"@type\":\"CommentAction\",\"name\":\"Comment\",\"target\":[\"https:\\\/\\\/revistaregional.com.br\\\/site\\\/2016\\\/08\\\/05\\\/polo-shopping-tem-oficinas-esportivas\\\/#respond\"]}]},{\"@type\":\"WebPage\",\"@id\":\"https:\\\/\\\/revistaregional.com.br\\\/site\\\/2016\\\/08\\\/05\\\/polo-shopping-tem-oficinas-esportivas\\\/\",\"url\":\"https:\\\/\\\/revistaregional.com.br\\\/site\\\/2016\\\/08\\\/05\\\/polo-shopping-tem-oficinas-esportivas\\\/\",\"name\":\"Polo Shopping tem oficinas esportivas - Revista Regional\",\"isPartOf\":{\"@id\":\"https:\\\/\\\/revistaregional.com.br\\\/site\\\/#website\"},\"primaryImageOfPage\":{\"@id\":\"https:\\\/\\\/revistaregional.com.br\\\/site\\\/2016\\\/08\\\/05\\\/polo-shopping-tem-oficinas-esportivas\\\/#primaryimage\"},\"image\":{\"@id\":\"https:\\\/\\\/revistaregional.com.br\\\/site\\\/2016\\\/08\\\/05\\\/polo-shopping-tem-oficinas-esportivas\\\/#primaryimage\"},\"thumbnailUrl\":\"https:\\\/\\\/revistaregional.com.br\\\/site\\\/wp-content\\\/uploads\\\/2016\\\/09\\\/plaza_shopping.jpg\",\"datePublished\":\"2016-08-05T17:45:53+00:00\",\"dateModified\":\"2024-01-26T13:10:44+00:00\",\"author\":{\"@id\":\"https:\\\/\\\/revistaregional.com.br\\\/site\\\/#\\\/schema\\\/person\\\/382af97c580dc1b18f55107bc316010d\"},\"breadcrumb\":{\"@id\":\"https:\\\/\\\/revistaregional.com.br\\\/site\\\/2016\\\/08\\\/05\\\/polo-shopping-tem-oficinas-esportivas\\\/#breadcrumb\"},\"inLanguage\":\"pt-BR\",\"potentialAction\":[{\"@type\":\"ReadAction\",\"target\":[\"https:\\\/\\\/revistaregional.com.br\\\/site\\\/2016\\\/08\\\/05\\\/polo-shopping-tem-oficinas-esportivas\\\/\"]}]},{\"@type\":\"ImageObject\",\"inLanguage\":\"pt-BR\",\"@id\":\"https:\\\/\\\/revistaregional.com.br\\\/site\\\/2016\\\/08\\\/05\\\/polo-shopping-tem-oficinas-esportivas\\\/#primaryimage\",\"url\":\"https:\\\/\\\/revistaregional.com.br\\\/site\\\/wp-content\\\/uploads\\\/2016\\\/09\\\/plaza_shopping.jpg\",\"contentUrl\":\"https:\\\/\\\/revistaregional.com.br\\\/site\\\/wp-content\\\/uploads\\\/2016\\\/09\\\/plaza_shopping.jpg\",\"width\":160,\"height\":150},{\"@type\":\"BreadcrumbList\",\"@id\":\"https:\\\/\\\/revistaregional.com.br\\\/site\\\/2016\\\/08\\\/05\\\/polo-shopping-tem-oficinas-esportivas\\\/#breadcrumb\",\"itemListElement\":[{\"@type\":\"ListItem\",\"position\":1,\"name\":\"In\u00edcio\",\"item\":\"https:\\\/\\\/revistaregional.com.br\\\/site\\\/\"},{\"@type\":\"ListItem\",\"position\":2,\"name\":\"Polo Shopping tem oficinas esportivas\"}]},{\"@type\":\"WebSite\",\"@id\":\"https:\\\/\\\/revistaregional.com.br\\\/site\\\/#website\",\"url\":\"https:\\\/\\\/revistaregional.com.br\\\/site\\\/\",\"name\":\"Revista Regional\",\"description\":\"Salto - Itu - Indaituba\",\"potentialAction\":[{\"@type\":\"SearchAction\",\"target\":{\"@type\":\"EntryPoint\",\"urlTemplate\":\"https:\\\/\\\/revistaregional.com.br\\\/site\\\/?s={search_term_string}\"},\"query-input\":{\"@type\":\"PropertyValueSpecification\",\"valueRequired\":true,\"valueName\":\"search_term_string\"}}],\"inLanguage\":\"pt-BR\"},{\"@type\":\"Person\",\"@id\":\"https:\\\/\\\/revistaregional.com.br\\\/site\\\/#\\\/schema\\\/person\\\/382af97c580dc1b18f55107bc316010d\",\"name\":\"contato@revistaregional.com.br\",\"image\":{\"@type\":\"ImageObject\",\"inLanguage\":\"pt-BR\",\"@id\":\"https:\\\/\\\/secure.gravatar.com\\\/avatar\\\/869822917e96b2e292d5827e4635855396934485e7c4a0af84e9a214e32ca0cd?s=96&d=mm&r=g\",\"url\":\"https:\\\/\\\/secure.gravatar.com\\\/avatar\\\/869822917e96b2e292d5827e4635855396934485e7c4a0af84e9a214e32ca0cd?s=96&d=mm&r=g\",\"contentUrl\":\"https:\\\/\\\/secure.gravatar.com\\\/avatar\\\/869822917e96b2e292d5827e4635855396934485e7c4a0af84e9a214e32ca0cd?s=96&d=mm&r=g\",\"caption\":\"contato@revistaregional.com.br\"},\"url\":\"https:\\\/\\\/revistaregional.com.br\\\/site\\\/author\\\/contato@revistaregional.com.br\\\/\"}]}<\/script>\n<!-- \/ Yoast SEO plugin. -->","yoast_head_json":{"title":"Polo Shopping tem oficinas esportivas - Revista Regional","robots":{"index":"index","follow":"follow","max-snippet":"max-snippet:-1","max-image-preview":"max-image-preview:large","max-video-preview":"max-video-preview:-1"},"canonical":"https:\/\/revistaregional.com.br\/site\/2016\/08\/05\/polo-shopping-tem-oficinas-esportivas\/","og_locale":"pt_BR","og_type":"article","og_title":"Polo Shopping tem oficinas esportivas - Revista Regional","og_description":"O Polo Shopping Indaiatuba firmou uma parceria com o Sesi da cidade para a realiza\u00e7\u00e3o de atividades esportivas no per\u00edodo das Olimp\u00edadas. A partir da pr\u00f3xima segunda-feira (dia 08) at\u00e9 19 de agosto, o shopping oferecer\u00e1 oficinas de jud\u00f4 e badminton, al\u00e9m de ser palco de aulas de alunos e atletas do Sesi Indaiatuba. Toda [&hellip;]","og_url":"https:\/\/revistaregional.com.br\/site\/2016\/08\/05\/polo-shopping-tem-oficinas-esportivas\/","og_site_name":"Revista Regional","article_published_time":"2016-08-05T17:45:53+00:00","article_modified_time":"2024-01-26T13:10:44+00:00","og_image":[{"width":160,"height":150,"url":"https:\/\/revistaregional.com.br\/site\/wp-content\/uploads\/2016\/09\/plaza_shopping.jpg","type":"image\/jpeg"}],"author":"contato@revistaregional.com.br","twitter_card":"summary_large_image","twitter_misc":{"Escrito por":"contato@revistaregional.com.br","Est. tempo de leitura":"2 minutos"},"schema":{"@context":"https:\/\/schema.org","@graph":[{"@type":"Article","@id":"https:\/\/revistaregional.com.br\/site\/2016\/08\/05\/polo-shopping-tem-oficinas-esportivas\/#article","isPartOf":{"@id":"https:\/\/revistaregional.com.br\/site\/2016\/08\/05\/polo-shopping-tem-oficinas-esportivas\/"},"author":{"name":"contato@revistaregional.com.br","@id":"https:\/\/revistaregional.com.br\/site\/#\/schema\/person\/382af97c580dc1b18f55107bc316010d"},"headline":"Polo Shopping tem oficinas esportivas","datePublished":"2016-08-05T17:45:53+00:00","dateModified":"2024-01-26T13:10:44+00:00","mainEntityOfPage":{"@id":"https:\/\/revistaregional.com.br\/site\/2016\/08\/05\/polo-shopping-tem-oficinas-esportivas\/"},"wordCount":385,"commentCount":0,"image":{"@id":"https:\/\/revistaregional.com.br\/site\/2016\/08\/05\/polo-shopping-tem-oficinas-esportivas\/#primaryimage"},"thumbnailUrl":"https:\/\/revistaregional.com.br\/site\/wp-content\/uploads\/2016\/09\/plaza_shopping.jpg","keywords":["Regionais"],"articleSection":["Regionais"],"inLanguage":"pt-BR","potentialAction":[{"@type":"CommentAction","name":"Comment","target":["https:\/\/revistaregional.com.br\/site\/2016\/08\/05\/polo-shopping-tem-oficinas-esportivas\/#respond"]}]},{"@type":"WebPage","@id":"https:\/\/revistaregional.com.br\/site\/2016\/08\/05\/polo-shopping-tem-oficinas-esportivas\/","url":"https:\/\/revistaregional.com.br\/site\/2016\/08\/05\/polo-shopping-tem-oficinas-esportivas\/","name":"Polo Shopping tem oficinas esportivas - Revista Regional","isPartOf":{"@id":"https:\/\/revistaregional.com.br\/site\/#website"},"primaryImageOfPage":{"@id":"https:\/\/revistaregional.com.br\/site\/2016\/08\/05\/polo-shopping-tem-oficinas-esportivas\/#primaryimage"},"image":{"@id":"https:\/\/revistaregional.com.br\/site\/2016\/08\/05\/polo-shopping-tem-oficinas-esportivas\/#primaryimage"},"thumbnailUrl":"https:\/\/revistaregional.com.br\/site\/wp-content\/uploads\/2016\/09\/plaza_shopping.jpg","datePublished":"2016-08-05T17:45:53+00:00","dateModified":"2024-01-26T13:10:44+00:00","author":{"@id":"https:\/\/revistaregional.com.br\/site\/#\/schema\/person\/382af97c580dc1b18f55107bc316010d"},"breadcrumb":{"@id":"https:\/\/revistaregional.com.br\/site\/2016\/08\/05\/polo-shopping-tem-oficinas-esportivas\/#breadcrumb"},"inLanguage":"pt-BR","potentialAction":[{"@type":"ReadAction","target":["https:\/\/revistaregional.com.br\/site\/2016\/08\/05\/polo-shopping-tem-oficinas-esportivas\/"]}]},{"@type":"ImageObject","inLanguage":"pt-BR","@id":"https:\/\/revistaregional.com.br\/site\/2016\/08\/05\/polo-shopping-tem-oficinas-esportivas\/#primaryimage","url":"https:\/\/revistaregional.com.br\/site\/wp-content\/uploads\/2016\/09\/plaza_shopping.jpg","contentUrl":"https:\/\/revistaregional.com.br\/site\/wp-content\/uploads\/2016\/09\/plaza_shopping.jpg","width":160,"height":150},{"@type":"BreadcrumbList","@id":"https:\/\/revistaregional.com.br\/site\/2016\/08\/05\/polo-shopping-tem-oficinas-esportivas\/#breadcrumb","itemListElement":[{"@type":"ListItem","position":1,"name":"In\u00edcio","item":"https:\/\/revistaregional.com.br\/site\/"},{"@type":"ListItem","position":2,"name":"Polo Shopping tem oficinas esportivas"}]},{"@type":"WebSite","@id":"https:\/\/revistaregional.com.br\/site\/#website","url":"https:\/\/revistaregional.com.br\/site\/","name":"Revista Regional","description":"Salto - Itu - Indaituba","potentialAction":[{"@type":"SearchAction","target":{"@type":"EntryPoint","urlTemplate":"https:\/\/revistaregional.com.br\/site\/?s={search_term_string}"},"query-input":{"@type":"PropertyValueSpecification","valueRequired":true,"valueName":"search_term_string"}}],"inLanguage":"pt-BR"},{"@type":"Person","@id":"https:\/\/revistaregional.com.br\/site\/#\/schema\/person\/382af97c580dc1b18f55107bc316010d","name":"contato@revistaregional.com.br","image":{"@type":"ImageObject","inLanguage":"pt-BR","@id":"https:\/\/secure.gravatar.com\/avatar\/869822917e96b2e292d5827e4635855396934485e7c4a0af84e9a214e32ca0cd?s=96&d=mm&r=g","url":"https:\/\/secure.gravatar.com\/avatar\/869822917e96b2e292d5827e4635855396934485e7c4a0af84e9a214e32ca0cd?s=96&d=mm&r=g","contentUrl":"https:\/\/secure.gravatar.com\/avatar\/869822917e96b2e292d5827e4635855396934485e7c4a0af84e9a214e32ca0cd?s=96&d=mm&r=g","caption":"contato@revistaregional.com.br"},"url":"https:\/\/revistaregional.com.br\/site\/author\/contato@revistaregional.com.br\/"}]}},"views":57,"_links":{"self":[{"href":"https:\/\/revistaregional.com.br\/site\/wp-json\/wp\/v2\/posts\/8275","targetHints":{"allow":["GET"]}}],"collection":[{"href":"https:\/\/revistaregional.com.br\/site\/wp-json\/wp\/v2\/posts"}],"about":[{"href":"https:\/\/revistaregional.com.br\/site\/wp-json\/wp\/v2\/types\/post"}],"author":[{"embeddable":true,"href":"https:\/\/revistaregional.com.br\/site\/wp-json\/wp\/v2\/users\/1"}],"replies":[{"embeddable":true,"href":"https:\/\/revistaregional.com.br\/site\/wp-json\/wp\/v2\/comments?post=8275"}],"version-history":[{"count":1,"href":"https:\/\/revistaregional.com.br\/site\/wp-json\/wp\/v2\/posts\/8275\/revisions"}],"predecessor-version":[{"id":11538,"href":"https:\/\/revistaregional.com.br\/site\/wp-json\/wp\/v2\/posts\/8275\/revisions\/11538"}],"wp:featuredmedia":[{"embeddable":true,"href":"https:\/\/revistaregional.com.br\/site\/wp-json\/wp\/v2\/media\/11533"}],"wp:attachment":[{"href":"https:\/\/revistaregional.com.br\/site\/wp-json\/wp\/v2\/media?parent=8275"}],"wp:term":[{"taxonomy":"category","embeddable":true,"href":"https:\/\/revistaregional.com.br\/site\/wp-json\/wp\/v2\/categories?post=8275"},{"taxonomy":"post_tag","embeddable":true,"href":"https:\/\/revistaregional.com.br\/site\/wp-json\/wp\/v2\/tags?post=8275"}],"curies":[{"name":"wp","href":"https:\/\/api.w.org\/{rel}","templated":true}]}}