{"id":8271,"date":"2016-08-05T09:31:43","date_gmt":"2016-08-05T12:31:43","guid":{"rendered":"http:\/\/revistaregional.com.br\/site\/?p=8271"},"modified":"2024-01-26T10:10:45","modified_gmt":"2024-01-26T13:10:45","slug":"plaza-ganha-arena-esportiva-para-criancas","status":"publish","type":"post","link":"https:\/\/revistaregional.com.br\/site\/2016\/08\/05\/plaza-ganha-arena-esportiva-para-criancas\/","title":{"rendered":"Plaza ganha \u2018Arena Esportiva\u2019 para crian\u00e7as"},"content":{"rendered":"<figure id=\"attachment_8272\" aria-describedby=\"caption-attachment-8272\" style=\"width: 384px\" class=\"wp-caption aligncenter\"><a href=\"http:\/\/revistaregional.com.br\/site\/wp-content\/uploads\/2016\/08\/site-plaza.jpg\" rel=\"attachment wp-att-8272\"><img fetchpriority=\"high\" decoding=\"async\" class=\" wp-image-8272 \" src=\"http:\/\/revistaregional.com.br\/site\/wp-content\/uploads\/2016\/08\/site-plaza.jpg\" alt=\"\" width=\"384\" height=\"288\"><\/a><figcaption id=\"caption-attachment-8272\" class=\"wp-caption-text\">Arena Esportiva para crian\u00e7as no shopping de Itu<\/figcaption><\/figure>\n<p>Para entrar no clima das Olimp\u00edadas 2016, o Plaza Shopping Itu conta com uma a\u00e7\u00e3o exclusiva e in\u00e9dita na regi\u00e3o voltada \u00e0s modalidades esportivas. At\u00e9 21 de agosto, a Pra\u00e7a de Eventos sedia a \u201cArena Plaza Shopping Itu\u201d, que conta com um circuito de atividades para as crian\u00e7as de quatro a 12 anos. O evento \u00e9 gratuito e tem sess\u00f5es di\u00e1rias, das 14h \u00e0s 20h.<\/p>\n<p>No circuito da \u201cArena Plaza Shopping Itu\u201d, os participantes podem se arriscar no chute a gol no espa\u00e7o do Futebol, disputar partidas no campo de mini Golf, praticar e aprender sobre o Badminton, fazer arremessos nas mini tabelas de Basquete, participar e conhecer mais sobre Gin\u00e1stica R\u00edtmica, al\u00e9m de registrar a participa\u00e7\u00e3o no circuito especial.<\/p>\n<p>\u201cConvidamos os pais a trazerem as crian\u00e7as ao Plaza Shopping Itu e participarem desse evento in\u00e9dito, cada detalhe da Arena foi pensado para encantar e envolver as crian\u00e7as com o clima de esporte\u201d, explica o gerente de marketing do Plaza Shopping Itu, Edgar Silveira.<\/p>\n<p>Acompanhe a agenda de atividades do Plaza Shopping Itu no site:&nbsp;<a href=\"http:\/\/www.plazashoppingitu.com.br\/\">www.plazashoppingitu.com.br<\/a>.<\/p>\n<p><em>foto: Divulga\u00e7\u00e3o<\/em><\/p>\n<p>&nbsp;<\/p>\n","protected":false},"excerpt":{"rendered":"<p>Para entrar no clima das Olimp\u00edadas 2016, o Plaza Shopping Itu conta com uma a\u00e7\u00e3o exclusiva e in\u00e9dita na regi\u00e3o voltada \u00e0s modalidades esportivas. At\u00e9 21 de agosto, a Pra\u00e7a de Eventos sedia a \u201cArena Plaza Shopping Itu\u201d, que conta com um circuito de atividades para as crian\u00e7as de quatro a 12 anos. O evento [&hellip;]<\/p>\n","protected":false},"author":1,"featured_media":11528,"comment_status":"open","ping_status":"open","sticky":false,"template":"","format":"standard","meta":{"_acf_changed":false,"ngg_post_thumbnail":0,"_joinchat":[],"footnotes":""},"categories":[12],"tags":[527],"class_list":["post-8271","post","type-post","status-publish","format-standard","has-post-thumbnail","hentry","category-regionais","tag-regionais"],"acf":[],"yoast_head":"<!-- This site is optimized with the Yoast SEO plugin v27.4 - https:\/\/yoast.com\/product\/yoast-seo-wordpress\/ -->\n<title>Plaza ganha \u2018Arena Esportiva\u2019 para crian\u00e7as - Revista Regional<\/title>\n<meta name=\"robots\" content=\"index, follow, max-snippet:-1, max-image-preview:large, max-video-preview:-1\" \/>\n<link rel=\"canonical\" href=\"https:\/\/revistaregional.com.br\/site\/2016\/08\/05\/plaza-ganha-arena-esportiva-para-criancas\/\" \/>\n<meta property=\"og:locale\" content=\"pt_BR\" \/>\n<meta property=\"og:type\" content=\"article\" \/>\n<meta property=\"og:title\" content=\"Plaza ganha \u2018Arena Esportiva\u2019 para crian\u00e7as - Revista Regional\" \/>\n<meta property=\"og:description\" content=\"Para entrar no clima das Olimp\u00edadas 2016, o Plaza Shopping Itu conta com uma a\u00e7\u00e3o exclusiva e in\u00e9dita na regi\u00e3o voltada \u00e0s modalidades esportivas. At\u00e9 21 de agosto, a Pra\u00e7a de Eventos sedia a \u201cArena Plaza Shopping Itu\u201d, que conta com um circuito de atividades para as crian\u00e7as de quatro a 12 anos. O evento [&hellip;]\" \/>\n<meta property=\"og:url\" content=\"https:\/\/revistaregional.com.br\/site\/2016\/08\/05\/plaza-ganha-arena-esportiva-para-criancas\/\" \/>\n<meta property=\"og:site_name\" content=\"Revista Regional\" \/>\n<meta property=\"article:published_time\" content=\"2016-08-05T12:31:43+00:00\" \/>\n<meta property=\"article:modified_time\" content=\"2024-01-26T13:10:45+00:00\" \/>\n<meta property=\"og:image\" content=\"https:\/\/revistaregional.com.br\/site\/wp-content\/uploads\/2016\/09\/arena_esportivaz.jpg\" \/>\n\t<meta property=\"og:image:width\" content=\"160\" \/>\n\t<meta property=\"og:image:height\" content=\"150\" \/>\n\t<meta property=\"og:image:type\" content=\"image\/jpeg\" \/>\n<meta name=\"author\" content=\"contato@revistaregional.com.br\" \/>\n<meta name=\"twitter:card\" content=\"summary_large_image\" \/>\n<meta name=\"twitter:label1\" content=\"Escrito por\" \/>\n\t<meta name=\"twitter:data1\" content=\"contato@revistaregional.com.br\" \/>\n\t<meta name=\"twitter:label2\" content=\"Est. tempo de leitura\" \/>\n\t<meta name=\"twitter:data2\" content=\"1 minuto\" \/>\n<script type=\"application\/ld+json\" class=\"yoast-schema-graph\">{\"@context\":\"https:\\\/\\\/schema.org\",\"@graph\":[{\"@type\":\"Article\",\"@id\":\"https:\\\/\\\/revistaregional.com.br\\\/site\\\/2016\\\/08\\\/05\\\/plaza-ganha-arena-esportiva-para-criancas\\\/#article\",\"isPartOf\":{\"@id\":\"https:\\\/\\\/revistaregional.com.br\\\/site\\\/2016\\\/08\\\/05\\\/plaza-ganha-arena-esportiva-para-criancas\\\/\"},\"author\":{\"name\":\"contato@revistaregional.com.br\",\"@id\":\"https:\\\/\\\/revistaregional.com.br\\\/site\\\/#\\\/schema\\\/person\\\/382af97c580dc1b18f55107bc316010d\"},\"headline\":\"Plaza ganha \u2018Arena Esportiva\u2019 para crian\u00e7as\",\"datePublished\":\"2016-08-05T12:31:43+00:00\",\"dateModified\":\"2024-01-26T13:10:45+00:00\",\"mainEntityOfPage\":{\"@id\":\"https:\\\/\\\/revistaregional.com.br\\\/site\\\/2016\\\/08\\\/05\\\/plaza-ganha-arena-esportiva-para-criancas\\\/\"},\"wordCount\":219,\"commentCount\":0,\"image\":{\"@id\":\"https:\\\/\\\/revistaregional.com.br\\\/site\\\/2016\\\/08\\\/05\\\/plaza-ganha-arena-esportiva-para-criancas\\\/#primaryimage\"},\"thumbnailUrl\":\"https:\\\/\\\/revistaregional.com.br\\\/site\\\/wp-content\\\/uploads\\\/2016\\\/09\\\/arena_esportivaz.jpg\",\"keywords\":[\"Regionais\"],\"articleSection\":[\"Regionais\"],\"inLanguage\":\"pt-BR\",\"potentialAction\":[{\"@type\":\"CommentAction\",\"name\":\"Comment\",\"target\":[\"https:\\\/\\\/revistaregional.com.br\\\/site\\\/2016\\\/08\\\/05\\\/plaza-ganha-arena-esportiva-para-criancas\\\/#respond\"]}]},{\"@type\":\"WebPage\",\"@id\":\"https:\\\/\\\/revistaregional.com.br\\\/site\\\/2016\\\/08\\\/05\\\/plaza-ganha-arena-esportiva-para-criancas\\\/\",\"url\":\"https:\\\/\\\/revistaregional.com.br\\\/site\\\/2016\\\/08\\\/05\\\/plaza-ganha-arena-esportiva-para-criancas\\\/\",\"name\":\"Plaza ganha \u2018Arena Esportiva\u2019 para crian\u00e7as - Revista Regional\",\"isPartOf\":{\"@id\":\"https:\\\/\\\/revistaregional.com.br\\\/site\\\/#website\"},\"primaryImageOfPage\":{\"@id\":\"https:\\\/\\\/revistaregional.com.br\\\/site\\\/2016\\\/08\\\/05\\\/plaza-ganha-arena-esportiva-para-criancas\\\/#primaryimage\"},\"image\":{\"@id\":\"https:\\\/\\\/revistaregional.com.br\\\/site\\\/2016\\\/08\\\/05\\\/plaza-ganha-arena-esportiva-para-criancas\\\/#primaryimage\"},\"thumbnailUrl\":\"https:\\\/\\\/revistaregional.com.br\\\/site\\\/wp-content\\\/uploads\\\/2016\\\/09\\\/arena_esportivaz.jpg\",\"datePublished\":\"2016-08-05T12:31:43+00:00\",\"dateModified\":\"2024-01-26T13:10:45+00:00\",\"author\":{\"@id\":\"https:\\\/\\\/revistaregional.com.br\\\/site\\\/#\\\/schema\\\/person\\\/382af97c580dc1b18f55107bc316010d\"},\"breadcrumb\":{\"@id\":\"https:\\\/\\\/revistaregional.com.br\\\/site\\\/2016\\\/08\\\/05\\\/plaza-ganha-arena-esportiva-para-criancas\\\/#breadcrumb\"},\"inLanguage\":\"pt-BR\",\"potentialAction\":[{\"@type\":\"ReadAction\",\"target\":[\"https:\\\/\\\/revistaregional.com.br\\\/site\\\/2016\\\/08\\\/05\\\/plaza-ganha-arena-esportiva-para-criancas\\\/\"]}]},{\"@type\":\"ImageObject\",\"inLanguage\":\"pt-BR\",\"@id\":\"https:\\\/\\\/revistaregional.com.br\\\/site\\\/2016\\\/08\\\/05\\\/plaza-ganha-arena-esportiva-para-criancas\\\/#primaryimage\",\"url\":\"https:\\\/\\\/revistaregional.com.br\\\/site\\\/wp-content\\\/uploads\\\/2016\\\/09\\\/arena_esportivaz.jpg\",\"contentUrl\":\"https:\\\/\\\/revistaregional.com.br\\\/site\\\/wp-content\\\/uploads\\\/2016\\\/09\\\/arena_esportivaz.jpg\",\"width\":160,\"height\":150},{\"@type\":\"BreadcrumbList\",\"@id\":\"https:\\\/\\\/revistaregional.com.br\\\/site\\\/2016\\\/08\\\/05\\\/plaza-ganha-arena-esportiva-para-criancas\\\/#breadcrumb\",\"itemListElement\":[{\"@type\":\"ListItem\",\"position\":1,\"name\":\"In\u00edcio\",\"item\":\"https:\\\/\\\/revistaregional.com.br\\\/site\\\/\"},{\"@type\":\"ListItem\",\"position\":2,\"name\":\"Plaza ganha \u2018Arena Esportiva\u2019 para crian\u00e7as\"}]},{\"@type\":\"WebSite\",\"@id\":\"https:\\\/\\\/revistaregional.com.br\\\/site\\\/#website\",\"url\":\"https:\\\/\\\/revistaregional.com.br\\\/site\\\/\",\"name\":\"Revista Regional\",\"description\":\"Salto - Itu - Indaituba\",\"potentialAction\":[{\"@type\":\"SearchAction\",\"target\":{\"@type\":\"EntryPoint\",\"urlTemplate\":\"https:\\\/\\\/revistaregional.com.br\\\/site\\\/?s={search_term_string}\"},\"query-input\":{\"@type\":\"PropertyValueSpecification\",\"valueRequired\":true,\"valueName\":\"search_term_string\"}}],\"inLanguage\":\"pt-BR\"},{\"@type\":\"Person\",\"@id\":\"https:\\\/\\\/revistaregional.com.br\\\/site\\\/#\\\/schema\\\/person\\\/382af97c580dc1b18f55107bc316010d\",\"name\":\"contato@revistaregional.com.br\",\"image\":{\"@type\":\"ImageObject\",\"inLanguage\":\"pt-BR\",\"@id\":\"https:\\\/\\\/secure.gravatar.com\\\/avatar\\\/869822917e96b2e292d5827e4635855396934485e7c4a0af84e9a214e32ca0cd?s=96&d=mm&r=g\",\"url\":\"https:\\\/\\\/secure.gravatar.com\\\/avatar\\\/869822917e96b2e292d5827e4635855396934485e7c4a0af84e9a214e32ca0cd?s=96&d=mm&r=g\",\"contentUrl\":\"https:\\\/\\\/secure.gravatar.com\\\/avatar\\\/869822917e96b2e292d5827e4635855396934485e7c4a0af84e9a214e32ca0cd?s=96&d=mm&r=g\",\"caption\":\"contato@revistaregional.com.br\"},\"url\":\"https:\\\/\\\/revistaregional.com.br\\\/site\\\/author\\\/contato@revistaregional.com.br\\\/\"}]}<\/script>\n<!-- \/ Yoast SEO plugin. -->","yoast_head_json":{"title":"Plaza ganha \u2018Arena Esportiva\u2019 para crian\u00e7as - Revista Regional","robots":{"index":"index","follow":"follow","max-snippet":"max-snippet:-1","max-image-preview":"max-image-preview:large","max-video-preview":"max-video-preview:-1"},"canonical":"https:\/\/revistaregional.com.br\/site\/2016\/08\/05\/plaza-ganha-arena-esportiva-para-criancas\/","og_locale":"pt_BR","og_type":"article","og_title":"Plaza ganha \u2018Arena Esportiva\u2019 para crian\u00e7as - Revista Regional","og_description":"Para entrar no clima das Olimp\u00edadas 2016, o Plaza Shopping Itu conta com uma a\u00e7\u00e3o exclusiva e in\u00e9dita na regi\u00e3o voltada \u00e0s modalidades esportivas. At\u00e9 21 de agosto, a Pra\u00e7a de Eventos sedia a \u201cArena Plaza Shopping Itu\u201d, que conta com um circuito de atividades para as crian\u00e7as de quatro a 12 anos. O evento [&hellip;]","og_url":"https:\/\/revistaregional.com.br\/site\/2016\/08\/05\/plaza-ganha-arena-esportiva-para-criancas\/","og_site_name":"Revista Regional","article_published_time":"2016-08-05T12:31:43+00:00","article_modified_time":"2024-01-26T13:10:45+00:00","og_image":[{"width":160,"height":150,"url":"https:\/\/revistaregional.com.br\/site\/wp-content\/uploads\/2016\/09\/arena_esportivaz.jpg","type":"image\/jpeg"}],"author":"contato@revistaregional.com.br","twitter_card":"summary_large_image","twitter_misc":{"Escrito por":"contato@revistaregional.com.br","Est. tempo de leitura":"1 minuto"},"schema":{"@context":"https:\/\/schema.org","@graph":[{"@type":"Article","@id":"https:\/\/revistaregional.com.br\/site\/2016\/08\/05\/plaza-ganha-arena-esportiva-para-criancas\/#article","isPartOf":{"@id":"https:\/\/revistaregional.com.br\/site\/2016\/08\/05\/plaza-ganha-arena-esportiva-para-criancas\/"},"author":{"name":"contato@revistaregional.com.br","@id":"https:\/\/revistaregional.com.br\/site\/#\/schema\/person\/382af97c580dc1b18f55107bc316010d"},"headline":"Plaza ganha \u2018Arena Esportiva\u2019 para crian\u00e7as","datePublished":"2016-08-05T12:31:43+00:00","dateModified":"2024-01-26T13:10:45+00:00","mainEntityOfPage":{"@id":"https:\/\/revistaregional.com.br\/site\/2016\/08\/05\/plaza-ganha-arena-esportiva-para-criancas\/"},"wordCount":219,"commentCount":0,"image":{"@id":"https:\/\/revistaregional.com.br\/site\/2016\/08\/05\/plaza-ganha-arena-esportiva-para-criancas\/#primaryimage"},"thumbnailUrl":"https:\/\/revistaregional.com.br\/site\/wp-content\/uploads\/2016\/09\/arena_esportivaz.jpg","keywords":["Regionais"],"articleSection":["Regionais"],"inLanguage":"pt-BR","potentialAction":[{"@type":"CommentAction","name":"Comment","target":["https:\/\/revistaregional.com.br\/site\/2016\/08\/05\/plaza-ganha-arena-esportiva-para-criancas\/#respond"]}]},{"@type":"WebPage","@id":"https:\/\/revistaregional.com.br\/site\/2016\/08\/05\/plaza-ganha-arena-esportiva-para-criancas\/","url":"https:\/\/revistaregional.com.br\/site\/2016\/08\/05\/plaza-ganha-arena-esportiva-para-criancas\/","name":"Plaza ganha \u2018Arena Esportiva\u2019 para crian\u00e7as - Revista Regional","isPartOf":{"@id":"https:\/\/revistaregional.com.br\/site\/#website"},"primaryImageOfPage":{"@id":"https:\/\/revistaregional.com.br\/site\/2016\/08\/05\/plaza-ganha-arena-esportiva-para-criancas\/#primaryimage"},"image":{"@id":"https:\/\/revistaregional.com.br\/site\/2016\/08\/05\/plaza-ganha-arena-esportiva-para-criancas\/#primaryimage"},"thumbnailUrl":"https:\/\/revistaregional.com.br\/site\/wp-content\/uploads\/2016\/09\/arena_esportivaz.jpg","datePublished":"2016-08-05T12:31:43+00:00","dateModified":"2024-01-26T13:10:45+00:00","author":{"@id":"https:\/\/revistaregional.com.br\/site\/#\/schema\/person\/382af97c580dc1b18f55107bc316010d"},"breadcrumb":{"@id":"https:\/\/revistaregional.com.br\/site\/2016\/08\/05\/plaza-ganha-arena-esportiva-para-criancas\/#breadcrumb"},"inLanguage":"pt-BR","potentialAction":[{"@type":"ReadAction","target":["https:\/\/revistaregional.com.br\/site\/2016\/08\/05\/plaza-ganha-arena-esportiva-para-criancas\/"]}]},{"@type":"ImageObject","inLanguage":"pt-BR","@id":"https:\/\/revistaregional.com.br\/site\/2016\/08\/05\/plaza-ganha-arena-esportiva-para-criancas\/#primaryimage","url":"https:\/\/revistaregional.com.br\/site\/wp-content\/uploads\/2016\/09\/arena_esportivaz.jpg","contentUrl":"https:\/\/revistaregional.com.br\/site\/wp-content\/uploads\/2016\/09\/arena_esportivaz.jpg","width":160,"height":150},{"@type":"BreadcrumbList","@id":"https:\/\/revistaregional.com.br\/site\/2016\/08\/05\/plaza-ganha-arena-esportiva-para-criancas\/#breadcrumb","itemListElement":[{"@type":"ListItem","position":1,"name":"In\u00edcio","item":"https:\/\/revistaregional.com.br\/site\/"},{"@type":"ListItem","position":2,"name":"Plaza ganha \u2018Arena Esportiva\u2019 para crian\u00e7as"}]},{"@type":"WebSite","@id":"https:\/\/revistaregional.com.br\/site\/#website","url":"https:\/\/revistaregional.com.br\/site\/","name":"Revista Regional","description":"Salto - Itu - Indaituba","potentialAction":[{"@type":"SearchAction","target":{"@type":"EntryPoint","urlTemplate":"https:\/\/revistaregional.com.br\/site\/?s={search_term_string}"},"query-input":{"@type":"PropertyValueSpecification","valueRequired":true,"valueName":"search_term_string"}}],"inLanguage":"pt-BR"},{"@type":"Person","@id":"https:\/\/revistaregional.com.br\/site\/#\/schema\/person\/382af97c580dc1b18f55107bc316010d","name":"contato@revistaregional.com.br","image":{"@type":"ImageObject","inLanguage":"pt-BR","@id":"https:\/\/secure.gravatar.com\/avatar\/869822917e96b2e292d5827e4635855396934485e7c4a0af84e9a214e32ca0cd?s=96&d=mm&r=g","url":"https:\/\/secure.gravatar.com\/avatar\/869822917e96b2e292d5827e4635855396934485e7c4a0af84e9a214e32ca0cd?s=96&d=mm&r=g","contentUrl":"https:\/\/secure.gravatar.com\/avatar\/869822917e96b2e292d5827e4635855396934485e7c4a0af84e9a214e32ca0cd?s=96&d=mm&r=g","caption":"contato@revistaregional.com.br"},"url":"https:\/\/revistaregional.com.br\/site\/author\/contato@revistaregional.com.br\/"}]}},"views":54,"_links":{"self":[{"href":"https:\/\/revistaregional.com.br\/site\/wp-json\/wp\/v2\/posts\/8271","targetHints":{"allow":["GET"]}}],"collection":[{"href":"https:\/\/revistaregional.com.br\/site\/wp-json\/wp\/v2\/posts"}],"about":[{"href":"https:\/\/revistaregional.com.br\/site\/wp-json\/wp\/v2\/types\/post"}],"author":[{"embeddable":true,"href":"https:\/\/revistaregional.com.br\/site\/wp-json\/wp\/v2\/users\/1"}],"replies":[{"embeddable":true,"href":"https:\/\/revistaregional.com.br\/site\/wp-json\/wp\/v2\/comments?post=8271"}],"version-history":[{"count":1,"href":"https:\/\/revistaregional.com.br\/site\/wp-json\/wp\/v2\/posts\/8271\/revisions"}],"predecessor-version":[{"id":11539,"href":"https:\/\/revistaregional.com.br\/site\/wp-json\/wp\/v2\/posts\/8271\/revisions\/11539"}],"wp:featuredmedia":[{"embeddable":true,"href":"https:\/\/revistaregional.com.br\/site\/wp-json\/wp\/v2\/media\/11528"}],"wp:attachment":[{"href":"https:\/\/revistaregional.com.br\/site\/wp-json\/wp\/v2\/media?parent=8271"}],"wp:term":[{"taxonomy":"category","embeddable":true,"href":"https:\/\/revistaregional.com.br\/site\/wp-json\/wp\/v2\/categories?post=8271"},{"taxonomy":"post_tag","embeddable":true,"href":"https:\/\/revistaregional.com.br\/site\/wp-json\/wp\/v2\/tags?post=8271"}],"curies":[{"name":"wp","href":"https:\/\/api.w.org\/{rel}","templated":true}]}}