{"id":8212,"date":"2016-07-26T09:48:58","date_gmt":"2016-07-26T12:48:58","guid":{"rendered":"http:\/\/revistaregional.com.br\/site\/?p=8212"},"modified":"2024-01-26T10:59:27","modified_gmt":"2024-01-26T13:59:27","slug":"caruso-e-studart-se-apresentam-em-salto","status":"publish","type":"post","link":"https:\/\/revistaregional.com.br\/site\/2016\/07\/26\/caruso-e-studart-se-apresentam-em-salto\/","title":{"rendered":"Caruso e Studart se apresentam em Salto"},"content":{"rendered":"<figure id=\"attachment_8213\" aria-describedby=\"caption-attachment-8213\" style=\"width: 384px\" class=\"wp-caption aligncenter\"><a href=\"http:\/\/revistaregional.com.br\/site\/wp-content\/uploads\/2016\/07\/agenda-fernando-caruso.jpg\" rel=\"attachment wp-att-8213\"><img fetchpriority=\"high\" decoding=\"async\" class=\" wp-image-8213 \" src=\"http:\/\/revistaregional.com.br\/site\/wp-content\/uploads\/2016\/07\/agenda-fernando-caruso.jpg\" alt=\"\" width=\"384\" height=\"216\"><\/a><figcaption id=\"caption-attachment-8213\" class=\"wp-caption-text\">Os humoristas estar\u00e3o na Sala Palma de Ouro<\/figcaption><\/figure>\n<p>A Teatro GT traz para a regi\u00e3o o espet\u00e1culo de com\u00e9dia \u201cSolo Junto\u201d, com Fernando Caruso e Rafael Studart. Ser\u00e1 uma \u00fanica apresenta\u00e7\u00e3o, no dia 31 de julho, domingo, \u00e0s 19h, na Sala Palma de Ouro, em Salto. Caruso, al\u00e9m de grande sucesso em espet\u00e1culos de improvisa\u00e7\u00e3o no teatro, faz parte dos elencos A Teatro GT traz para a regi\u00e3o o espet\u00e1culo de com\u00e9dia \u201cSolo Junto\u201d, com Fernando Caruso e Rafael Studart. Ser\u00e1 uma \u00fanica apresenta\u00e7\u00e3o, no dia 31 de julho, domingo, \u00e0s 19h, na Sala Palma de Ouro, em Salto. Caruso, al\u00e9m de grande sucesso em espet\u00e1culos de improvisa\u00e7\u00e3o no teatro, faz parte dos elencos dos programas \u201cVai que cola\u201d (Multishow) e \u201cZorra\u201d (Globo). J\u00e1 Studart integrou o Esta\u00e7\u00e3o Stand-up e participou de programas de humor na TV, como \u201cOs Buchas\u201d e \u201cOs Gozadores\u201d (Multishow), al\u00e9m do Pr\u00eamio Multishow de Humor. Para a apresenta\u00e7\u00e3o em Salto, os leitores da Revista Regional t\u00eam desconto na compra de ingressos; \u00e9 preciso apresentar o b\u00f4nus publicado na edi\u00e7\u00e3o deste m\u00eas. MAIS: A Sala Palma de Ouro fica na rua Prudente de Moraes, 580, Centro de Salto. Informa\u00e7\u00f5es: (11) 4602-8693 -www.teatrogt.com.br foto: Divulga\u00e7\u00e3o dos programas \u201cVai que cola\u201d (Multishow) e \u201cZorra\u201d (Globo). J\u00e1 Studart integrou o Esta\u00e7\u00e3o Stand-up e participou de programas de humor na TV, como \u201cOs Buchas\u201d e \u201cOs Gozadores\u201d (Multishow), al\u00e9m do Pr\u00eamio Multishow de Humor. Para a apresenta\u00e7\u00e3o em Salto, os leitores da Revista Regional t\u00eam desconto na compra de ingressos; \u00e9 preciso apresentar o b\u00f4nus publicado na edi\u00e7\u00e3o deste m\u00eas.<\/p>\n<p><strong>MAIS<\/strong>: A Sala Palma de Ouro fica na rua Prudente de Moraes, 580, Centro de Salto. Informa\u00e7\u00f5es: (11) 4602-8693 -www.teatrogt.com.br<\/p>\n<p><em>foto: Divulga\u00e7\u00e3o <\/em><\/p>\n","protected":false},"excerpt":{"rendered":"<p>A Teatro GT traz para a regi\u00e3o o espet\u00e1culo de com\u00e9dia \u201cSolo Junto\u201d, com Fernando Caruso e Rafael Studart. Ser\u00e1 uma \u00fanica apresenta\u00e7\u00e3o, no dia 31 de julho, domingo, \u00e0s 19h, na Sala Palma de Ouro, em Salto. Caruso, al\u00e9m de grande sucesso em espet\u00e1culos de improvisa\u00e7\u00e3o no teatro, faz parte dos elencos A Teatro [&hellip;]<\/p>\n","protected":false},"author":1,"featured_media":11243,"comment_status":"open","ping_status":"open","sticky":false,"template":"","format":"standard","meta":{"_acf_changed":false,"ngg_post_thumbnail":0,"_joinchat":[],"footnotes":""},"categories":[4],"tags":[533],"class_list":["post-8212","post","type-post","status-publish","format-standard","has-post-thumbnail","hentry","category-cultura","tag-cultura"],"acf":[],"yoast_head":"<!-- This site is optimized with the Yoast SEO plugin v27.4 - https:\/\/yoast.com\/product\/yoast-seo-wordpress\/ -->\n<title>Caruso e Studart se apresentam em Salto - Revista Regional<\/title>\n<meta name=\"robots\" content=\"index, follow, max-snippet:-1, max-image-preview:large, max-video-preview:-1\" \/>\n<link rel=\"canonical\" href=\"https:\/\/revistaregional.com.br\/site\/2016\/07\/26\/caruso-e-studart-se-apresentam-em-salto\/\" \/>\n<meta property=\"og:locale\" content=\"pt_BR\" \/>\n<meta property=\"og:type\" content=\"article\" \/>\n<meta property=\"og:title\" content=\"Caruso e Studart se apresentam em Salto - Revista Regional\" \/>\n<meta property=\"og:description\" content=\"A Teatro GT traz para a regi\u00e3o o espet\u00e1culo de com\u00e9dia \u201cSolo Junto\u201d, com Fernando Caruso e Rafael Studart. Ser\u00e1 uma \u00fanica apresenta\u00e7\u00e3o, no dia 31 de julho, domingo, \u00e0s 19h, na Sala Palma de Ouro, em Salto. Caruso, al\u00e9m de grande sucesso em espet\u00e1culos de improvisa\u00e7\u00e3o no teatro, faz parte dos elencos A Teatro [&hellip;]\" \/>\n<meta property=\"og:url\" content=\"https:\/\/revistaregional.com.br\/site\/2016\/07\/26\/caruso-e-studart-se-apresentam-em-salto\/\" \/>\n<meta property=\"og:site_name\" content=\"Revista Regional\" \/>\n<meta property=\"article:published_time\" content=\"2016-07-26T12:48:58+00:00\" \/>\n<meta property=\"article:modified_time\" content=\"2024-01-26T13:59:27+00:00\" \/>\n<meta property=\"og:image\" content=\"https:\/\/revistaregional.com.br\/site\/wp-content\/uploads\/2016\/11\/caruso_e_stuardt.jpg\" \/>\n\t<meta property=\"og:image:width\" content=\"160\" \/>\n\t<meta property=\"og:image:height\" content=\"150\" \/>\n\t<meta property=\"og:image:type\" content=\"image\/jpeg\" \/>\n<meta name=\"author\" content=\"contato@revistaregional.com.br\" \/>\n<meta name=\"twitter:card\" content=\"summary_large_image\" \/>\n<meta name=\"twitter:label1\" content=\"Escrito por\" \/>\n\t<meta name=\"twitter:data1\" content=\"contato@revistaregional.com.br\" \/>\n\t<meta name=\"twitter:label2\" content=\"Est. tempo de leitura\" \/>\n\t<meta name=\"twitter:data2\" content=\"2 minutos\" \/>\n<script type=\"application\/ld+json\" class=\"yoast-schema-graph\">{\"@context\":\"https:\\\/\\\/schema.org\",\"@graph\":[{\"@type\":\"Article\",\"@id\":\"https:\\\/\\\/revistaregional.com.br\\\/site\\\/2016\\\/07\\\/26\\\/caruso-e-studart-se-apresentam-em-salto\\\/#article\",\"isPartOf\":{\"@id\":\"https:\\\/\\\/revistaregional.com.br\\\/site\\\/2016\\\/07\\\/26\\\/caruso-e-studart-se-apresentam-em-salto\\\/\"},\"author\":{\"name\":\"contato@revistaregional.com.br\",\"@id\":\"https:\\\/\\\/revistaregional.com.br\\\/site\\\/#\\\/schema\\\/person\\\/382af97c580dc1b18f55107bc316010d\"},\"headline\":\"Caruso e Studart se apresentam em Salto\",\"datePublished\":\"2016-07-26T12:48:58+00:00\",\"dateModified\":\"2024-01-26T13:59:27+00:00\",\"mainEntityOfPage\":{\"@id\":\"https:\\\/\\\/revistaregional.com.br\\\/site\\\/2016\\\/07\\\/26\\\/caruso-e-studart-se-apresentam-em-salto\\\/\"},\"wordCount\":329,\"commentCount\":0,\"image\":{\"@id\":\"https:\\\/\\\/revistaregional.com.br\\\/site\\\/2016\\\/07\\\/26\\\/caruso-e-studart-se-apresentam-em-salto\\\/#primaryimage\"},\"thumbnailUrl\":\"https:\\\/\\\/revistaregional.com.br\\\/site\\\/wp-content\\\/uploads\\\/2016\\\/11\\\/caruso_e_stuardt.jpg\",\"keywords\":[\"Cultura\"],\"articleSection\":[\"Cultura\"],\"inLanguage\":\"pt-BR\",\"potentialAction\":[{\"@type\":\"CommentAction\",\"name\":\"Comment\",\"target\":[\"https:\\\/\\\/revistaregional.com.br\\\/site\\\/2016\\\/07\\\/26\\\/caruso-e-studart-se-apresentam-em-salto\\\/#respond\"]}]},{\"@type\":\"WebPage\",\"@id\":\"https:\\\/\\\/revistaregional.com.br\\\/site\\\/2016\\\/07\\\/26\\\/caruso-e-studart-se-apresentam-em-salto\\\/\",\"url\":\"https:\\\/\\\/revistaregional.com.br\\\/site\\\/2016\\\/07\\\/26\\\/caruso-e-studart-se-apresentam-em-salto\\\/\",\"name\":\"Caruso e Studart se apresentam em Salto - Revista Regional\",\"isPartOf\":{\"@id\":\"https:\\\/\\\/revistaregional.com.br\\\/site\\\/#website\"},\"primaryImageOfPage\":{\"@id\":\"https:\\\/\\\/revistaregional.com.br\\\/site\\\/2016\\\/07\\\/26\\\/caruso-e-studart-se-apresentam-em-salto\\\/#primaryimage\"},\"image\":{\"@id\":\"https:\\\/\\\/revistaregional.com.br\\\/site\\\/2016\\\/07\\\/26\\\/caruso-e-studart-se-apresentam-em-salto\\\/#primaryimage\"},\"thumbnailUrl\":\"https:\\\/\\\/revistaregional.com.br\\\/site\\\/wp-content\\\/uploads\\\/2016\\\/11\\\/caruso_e_stuardt.jpg\",\"datePublished\":\"2016-07-26T12:48:58+00:00\",\"dateModified\":\"2024-01-26T13:59:27+00:00\",\"author\":{\"@id\":\"https:\\\/\\\/revistaregional.com.br\\\/site\\\/#\\\/schema\\\/person\\\/382af97c580dc1b18f55107bc316010d\"},\"breadcrumb\":{\"@id\":\"https:\\\/\\\/revistaregional.com.br\\\/site\\\/2016\\\/07\\\/26\\\/caruso-e-studart-se-apresentam-em-salto\\\/#breadcrumb\"},\"inLanguage\":\"pt-BR\",\"potentialAction\":[{\"@type\":\"ReadAction\",\"target\":[\"https:\\\/\\\/revistaregional.com.br\\\/site\\\/2016\\\/07\\\/26\\\/caruso-e-studart-se-apresentam-em-salto\\\/\"]}]},{\"@type\":\"ImageObject\",\"inLanguage\":\"pt-BR\",\"@id\":\"https:\\\/\\\/revistaregional.com.br\\\/site\\\/2016\\\/07\\\/26\\\/caruso-e-studart-se-apresentam-em-salto\\\/#primaryimage\",\"url\":\"https:\\\/\\\/revistaregional.com.br\\\/site\\\/wp-content\\\/uploads\\\/2016\\\/11\\\/caruso_e_stuardt.jpg\",\"contentUrl\":\"https:\\\/\\\/revistaregional.com.br\\\/site\\\/wp-content\\\/uploads\\\/2016\\\/11\\\/caruso_e_stuardt.jpg\",\"width\":160,\"height\":150},{\"@type\":\"BreadcrumbList\",\"@id\":\"https:\\\/\\\/revistaregional.com.br\\\/site\\\/2016\\\/07\\\/26\\\/caruso-e-studart-se-apresentam-em-salto\\\/#breadcrumb\",\"itemListElement\":[{\"@type\":\"ListItem\",\"position\":1,\"name\":\"In\u00edcio\",\"item\":\"https:\\\/\\\/revistaregional.com.br\\\/site\\\/\"},{\"@type\":\"ListItem\",\"position\":2,\"name\":\"Caruso e Studart se apresentam em Salto\"}]},{\"@type\":\"WebSite\",\"@id\":\"https:\\\/\\\/revistaregional.com.br\\\/site\\\/#website\",\"url\":\"https:\\\/\\\/revistaregional.com.br\\\/site\\\/\",\"name\":\"Revista Regional\",\"description\":\"Salto - Itu - Indaituba\",\"potentialAction\":[{\"@type\":\"SearchAction\",\"target\":{\"@type\":\"EntryPoint\",\"urlTemplate\":\"https:\\\/\\\/revistaregional.com.br\\\/site\\\/?s={search_term_string}\"},\"query-input\":{\"@type\":\"PropertyValueSpecification\",\"valueRequired\":true,\"valueName\":\"search_term_string\"}}],\"inLanguage\":\"pt-BR\"},{\"@type\":\"Person\",\"@id\":\"https:\\\/\\\/revistaregional.com.br\\\/site\\\/#\\\/schema\\\/person\\\/382af97c580dc1b18f55107bc316010d\",\"name\":\"contato@revistaregional.com.br\",\"image\":{\"@type\":\"ImageObject\",\"inLanguage\":\"pt-BR\",\"@id\":\"https:\\\/\\\/secure.gravatar.com\\\/avatar\\\/869822917e96b2e292d5827e4635855396934485e7c4a0af84e9a214e32ca0cd?s=96&d=mm&r=g\",\"url\":\"https:\\\/\\\/secure.gravatar.com\\\/avatar\\\/869822917e96b2e292d5827e4635855396934485e7c4a0af84e9a214e32ca0cd?s=96&d=mm&r=g\",\"contentUrl\":\"https:\\\/\\\/secure.gravatar.com\\\/avatar\\\/869822917e96b2e292d5827e4635855396934485e7c4a0af84e9a214e32ca0cd?s=96&d=mm&r=g\",\"caption\":\"contato@revistaregional.com.br\"},\"url\":\"https:\\\/\\\/revistaregional.com.br\\\/site\\\/author\\\/contato@revistaregional.com.br\\\/\"}]}<\/script>\n<!-- \/ Yoast SEO plugin. -->","yoast_head_json":{"title":"Caruso e Studart se apresentam em Salto - Revista Regional","robots":{"index":"index","follow":"follow","max-snippet":"max-snippet:-1","max-image-preview":"max-image-preview:large","max-video-preview":"max-video-preview:-1"},"canonical":"https:\/\/revistaregional.com.br\/site\/2016\/07\/26\/caruso-e-studart-se-apresentam-em-salto\/","og_locale":"pt_BR","og_type":"article","og_title":"Caruso e Studart se apresentam em Salto - Revista Regional","og_description":"A Teatro GT traz para a regi\u00e3o o espet\u00e1culo de com\u00e9dia \u201cSolo Junto\u201d, com Fernando Caruso e Rafael Studart. Ser\u00e1 uma \u00fanica apresenta\u00e7\u00e3o, no dia 31 de julho, domingo, \u00e0s 19h, na Sala Palma de Ouro, em Salto. Caruso, al\u00e9m de grande sucesso em espet\u00e1culos de improvisa\u00e7\u00e3o no teatro, faz parte dos elencos A Teatro [&hellip;]","og_url":"https:\/\/revistaregional.com.br\/site\/2016\/07\/26\/caruso-e-studart-se-apresentam-em-salto\/","og_site_name":"Revista Regional","article_published_time":"2016-07-26T12:48:58+00:00","article_modified_time":"2024-01-26T13:59:27+00:00","og_image":[{"width":160,"height":150,"url":"https:\/\/revistaregional.com.br\/site\/wp-content\/uploads\/2016\/11\/caruso_e_stuardt.jpg","type":"image\/jpeg"}],"author":"contato@revistaregional.com.br","twitter_card":"summary_large_image","twitter_misc":{"Escrito por":"contato@revistaregional.com.br","Est. tempo de leitura":"2 minutos"},"schema":{"@context":"https:\/\/schema.org","@graph":[{"@type":"Article","@id":"https:\/\/revistaregional.com.br\/site\/2016\/07\/26\/caruso-e-studart-se-apresentam-em-salto\/#article","isPartOf":{"@id":"https:\/\/revistaregional.com.br\/site\/2016\/07\/26\/caruso-e-studart-se-apresentam-em-salto\/"},"author":{"name":"contato@revistaregional.com.br","@id":"https:\/\/revistaregional.com.br\/site\/#\/schema\/person\/382af97c580dc1b18f55107bc316010d"},"headline":"Caruso e Studart se apresentam em Salto","datePublished":"2016-07-26T12:48:58+00:00","dateModified":"2024-01-26T13:59:27+00:00","mainEntityOfPage":{"@id":"https:\/\/revistaregional.com.br\/site\/2016\/07\/26\/caruso-e-studart-se-apresentam-em-salto\/"},"wordCount":329,"commentCount":0,"image":{"@id":"https:\/\/revistaregional.com.br\/site\/2016\/07\/26\/caruso-e-studart-se-apresentam-em-salto\/#primaryimage"},"thumbnailUrl":"https:\/\/revistaregional.com.br\/site\/wp-content\/uploads\/2016\/11\/caruso_e_stuardt.jpg","keywords":["Cultura"],"articleSection":["Cultura"],"inLanguage":"pt-BR","potentialAction":[{"@type":"CommentAction","name":"Comment","target":["https:\/\/revistaregional.com.br\/site\/2016\/07\/26\/caruso-e-studart-se-apresentam-em-salto\/#respond"]}]},{"@type":"WebPage","@id":"https:\/\/revistaregional.com.br\/site\/2016\/07\/26\/caruso-e-studart-se-apresentam-em-salto\/","url":"https:\/\/revistaregional.com.br\/site\/2016\/07\/26\/caruso-e-studart-se-apresentam-em-salto\/","name":"Caruso e Studart se apresentam em Salto - Revista Regional","isPartOf":{"@id":"https:\/\/revistaregional.com.br\/site\/#website"},"primaryImageOfPage":{"@id":"https:\/\/revistaregional.com.br\/site\/2016\/07\/26\/caruso-e-studart-se-apresentam-em-salto\/#primaryimage"},"image":{"@id":"https:\/\/revistaregional.com.br\/site\/2016\/07\/26\/caruso-e-studart-se-apresentam-em-salto\/#primaryimage"},"thumbnailUrl":"https:\/\/revistaregional.com.br\/site\/wp-content\/uploads\/2016\/11\/caruso_e_stuardt.jpg","datePublished":"2016-07-26T12:48:58+00:00","dateModified":"2024-01-26T13:59:27+00:00","author":{"@id":"https:\/\/revistaregional.com.br\/site\/#\/schema\/person\/382af97c580dc1b18f55107bc316010d"},"breadcrumb":{"@id":"https:\/\/revistaregional.com.br\/site\/2016\/07\/26\/caruso-e-studart-se-apresentam-em-salto\/#breadcrumb"},"inLanguage":"pt-BR","potentialAction":[{"@type":"ReadAction","target":["https:\/\/revistaregional.com.br\/site\/2016\/07\/26\/caruso-e-studart-se-apresentam-em-salto\/"]}]},{"@type":"ImageObject","inLanguage":"pt-BR","@id":"https:\/\/revistaregional.com.br\/site\/2016\/07\/26\/caruso-e-studart-se-apresentam-em-salto\/#primaryimage","url":"https:\/\/revistaregional.com.br\/site\/wp-content\/uploads\/2016\/11\/caruso_e_stuardt.jpg","contentUrl":"https:\/\/revistaregional.com.br\/site\/wp-content\/uploads\/2016\/11\/caruso_e_stuardt.jpg","width":160,"height":150},{"@type":"BreadcrumbList","@id":"https:\/\/revistaregional.com.br\/site\/2016\/07\/26\/caruso-e-studart-se-apresentam-em-salto\/#breadcrumb","itemListElement":[{"@type":"ListItem","position":1,"name":"In\u00edcio","item":"https:\/\/revistaregional.com.br\/site\/"},{"@type":"ListItem","position":2,"name":"Caruso e Studart se apresentam em Salto"}]},{"@type":"WebSite","@id":"https:\/\/revistaregional.com.br\/site\/#website","url":"https:\/\/revistaregional.com.br\/site\/","name":"Revista Regional","description":"Salto - Itu - Indaituba","potentialAction":[{"@type":"SearchAction","target":{"@type":"EntryPoint","urlTemplate":"https:\/\/revistaregional.com.br\/site\/?s={search_term_string}"},"query-input":{"@type":"PropertyValueSpecification","valueRequired":true,"valueName":"search_term_string"}}],"inLanguage":"pt-BR"},{"@type":"Person","@id":"https:\/\/revistaregional.com.br\/site\/#\/schema\/person\/382af97c580dc1b18f55107bc316010d","name":"contato@revistaregional.com.br","image":{"@type":"ImageObject","inLanguage":"pt-BR","@id":"https:\/\/secure.gravatar.com\/avatar\/869822917e96b2e292d5827e4635855396934485e7c4a0af84e9a214e32ca0cd?s=96&d=mm&r=g","url":"https:\/\/secure.gravatar.com\/avatar\/869822917e96b2e292d5827e4635855396934485e7c4a0af84e9a214e32ca0cd?s=96&d=mm&r=g","contentUrl":"https:\/\/secure.gravatar.com\/avatar\/869822917e96b2e292d5827e4635855396934485e7c4a0af84e9a214e32ca0cd?s=96&d=mm&r=g","caption":"contato@revistaregional.com.br"},"url":"https:\/\/revistaregional.com.br\/site\/author\/contato@revistaregional.com.br\/"}]}},"views":59,"_links":{"self":[{"href":"https:\/\/revistaregional.com.br\/site\/wp-json\/wp\/v2\/posts\/8212","targetHints":{"allow":["GET"]}}],"collection":[{"href":"https:\/\/revistaregional.com.br\/site\/wp-json\/wp\/v2\/posts"}],"about":[{"href":"https:\/\/revistaregional.com.br\/site\/wp-json\/wp\/v2\/types\/post"}],"author":[{"embeddable":true,"href":"https:\/\/revistaregional.com.br\/site\/wp-json\/wp\/v2\/users\/1"}],"replies":[{"embeddable":true,"href":"https:\/\/revistaregional.com.br\/site\/wp-json\/wp\/v2\/comments?post=8212"}],"version-history":[{"count":1,"href":"https:\/\/revistaregional.com.br\/site\/wp-json\/wp\/v2\/posts\/8212\/revisions"}],"predecessor-version":[{"id":11278,"href":"https:\/\/revistaregional.com.br\/site\/wp-json\/wp\/v2\/posts\/8212\/revisions\/11278"}],"wp:featuredmedia":[{"embeddable":true,"href":"https:\/\/revistaregional.com.br\/site\/wp-json\/wp\/v2\/media\/11243"}],"wp:attachment":[{"href":"https:\/\/revistaregional.com.br\/site\/wp-json\/wp\/v2\/media?parent=8212"}],"wp:term":[{"taxonomy":"category","embeddable":true,"href":"https:\/\/revistaregional.com.br\/site\/wp-json\/wp\/v2\/categories?post=8212"},{"taxonomy":"post_tag","embeddable":true,"href":"https:\/\/revistaregional.com.br\/site\/wp-json\/wp\/v2\/tags?post=8212"}],"curies":[{"name":"wp","href":"https:\/\/api.w.org\/{rel}","templated":true}]}}