{"id":8202,"date":"2016-07-12T13:11:38","date_gmt":"2016-07-12T16:11:38","guid":{"rendered":"http:\/\/revistaregional.com.br\/site\/?p=8202"},"modified":"2024-01-26T10:59:29","modified_gmt":"2024-01-26T13:59:29","slug":"whindersson-nunes-estara-na-regiao","status":"publish","type":"post","link":"https:\/\/revistaregional.com.br\/site\/2016\/07\/12\/whindersson-nunes-estara-na-regiao\/","title":{"rendered":"Whindersson Nunes estar\u00e1 na regi\u00e3o"},"content":{"rendered":"<figure id=\"attachment_8203\" aria-describedby=\"caption-attachment-8203\" style=\"width: 288px\" class=\"wp-caption alignright\"><a href=\"http:\/\/revistaregional.com.br\/site\/wp-content\/uploads\/2016\/07\/agenda-Whindersson3.png\" rel=\"attachment wp-att-8203\"><img fetchpriority=\"high\" decoding=\"async\" class=\" wp-image-8203 \" src=\"http:\/\/revistaregional.com.br\/site\/wp-content\/uploads\/2016\/07\/agenda-Whindersson3.png\" alt=\"\" width=\"288\" height=\"298\"><\/a><figcaption id=\"caption-attachment-8203\" class=\"wp-caption-text\">Fen\u00f4meno da internet estar\u00e1 se apresentando em Salto<\/figcaption><\/figure>\n<p><em>Espet\u00e1culo \u00e9 recomendado para maiores de 14 anos; stand-up tem 70 minutos de dura\u00e7\u00e3o<\/em><\/p>\n<p>O fen\u00f4meno da internet Whindersson Nunes apresentar\u00e1 nesta sexta-feira, 15 de julho, \u00e0s 18h e 20h, na Sala Palma de Ouro, o stand-up \u201cMarmininu\u201d.<\/p>\n<p>O espet\u00e1culo intercala as can\u00e7\u00f5es de sucesso bombadas na internet como \u201cT\u00e3o linda\u201d e \u201cM\u00fasica sem nome\u201d com esquetes de stand up comedy em que falam sobre a sua inf\u00e2ncia, aborda conflitos com a m\u00e3e de forma hil\u00e1ria e os medos de um menino do Interior ganhando a liberdade. Whindersson faz refer\u00eancia aos grandes humoristas do Norte e Nordeste que trouxeram divers\u00e3o a muitas gera\u00e7\u00f5es.<\/p>\n<p>Nascido em Teresina, no Piau\u00ed, o humorista surgiu no cen\u00e1rio do humor nacional bem cedo, com 18 anos de idade e em pouco tempo conquistou mais de 3 milh\u00f5es de seguidores em seu canal do Youtube e a soma de visualiza\u00e7\u00f5es dos seus v\u00eddeos j\u00e1 passam de 300 milh\u00f5es. Sua ideia inicial era fazer v\u00eddeos para postar em seu canal no Youtube. Sua esperan\u00e7a era conseguir apenas algumas curtidas e o que aconteceu foi uma avalanche, o sucesso foi tanto, que explodiu. N\u00e3o parou mais. Em algumas semanas, o comediante se transformou em um nome incontest\u00e1vel da internet, partindo para os palcos com um stand up t\u00e3o fenomenal quanto sua ascens\u00e3o.<\/p>\n<p>Com um pouco mais de seis meses na estrada, o comediante j\u00e1 possui n\u00fameros expressivos com seu espet\u00e1culo \u201cMarmininu\u201d, atingindo o surpreendente n\u00famero de mais de 30 mil espectadores.<\/p>\n<p>Whindersson Nunes \u00e9 um fen\u00f4meno que surgiu na internet e transcendeu do virtual para o real. O artista \u00e9 um sucesso de p\u00fablico e cr\u00edtica, em todas as cidades que se apresentou os ingressos se esgotaram, fazendo, inclusive, in\u00fameras sess\u00f5es extras.<\/p>\n<p><strong>&nbsp;<\/strong><strong>Ingressos <\/strong>\u2013 Os ingressos do espet\u00e1culo est\u00e3o \u00e0 venda na bilheteria do teatro ou no site <a href=\"http:\/\/www.bilheteriarapida.com.br\/teatrogt\">www.bilheteriarapida.com.br\/teatrogt<\/a> . Os valores s\u00e3o: R$ 70,00 (inteira) e R$ 35,00 (meia e b\u00f4nus). Restam dispon\u00edveis apenas os da sess\u00e3o das 18h.<\/p>\n<p><strong><em>MAIS: <\/em><\/strong>A Sala Palma de Ouro fica na rua Prudente de Moraes, 580 \u2013 Centro \u2013 Salto. Telefone: (11) 4602-8693.<\/p>\n<p><em>foto: Divulga\u00e7\u00e3o<\/em><\/p>\n","protected":false},"excerpt":{"rendered":"<p>Espet\u00e1culo \u00e9 recomendado para maiores de 14 anos; stand-up tem 70 minutos de dura\u00e7\u00e3o O fen\u00f4meno da internet Whindersson Nunes apresentar\u00e1 nesta sexta-feira, 15 de julho, \u00e0s 18h e 20h, na Sala Palma de Ouro, o stand-up \u201cMarmininu\u201d. O espet\u00e1culo intercala as can\u00e7\u00f5es de sucesso bombadas na internet como \u201cT\u00e3o linda\u201d e \u201cM\u00fasica sem nome\u201d [&hellip;]<\/p>\n","protected":false},"author":1,"featured_media":11260,"comment_status":"open","ping_status":"open","sticky":false,"template":"","format":"standard","meta":{"_acf_changed":false,"ngg_post_thumbnail":0,"_joinchat":[],"footnotes":""},"categories":[4],"tags":[533],"class_list":["post-8202","post","type-post","status-publish","format-standard","has-post-thumbnail","hentry","category-cultura","tag-cultura"],"acf":[],"yoast_head":"<!-- This site is optimized with the Yoast SEO plugin v27.4 - https:\/\/yoast.com\/product\/yoast-seo-wordpress\/ -->\n<title>Whindersson Nunes estar\u00e1 na regi\u00e3o - Revista Regional<\/title>\n<meta name=\"robots\" content=\"index, follow, max-snippet:-1, max-image-preview:large, max-video-preview:-1\" \/>\n<link rel=\"canonical\" href=\"https:\/\/revistaregional.com.br\/site\/2016\/07\/12\/whindersson-nunes-estara-na-regiao\/\" \/>\n<meta property=\"og:locale\" content=\"pt_BR\" \/>\n<meta property=\"og:type\" content=\"article\" \/>\n<meta property=\"og:title\" content=\"Whindersson Nunes estar\u00e1 na regi\u00e3o - Revista Regional\" \/>\n<meta property=\"og:description\" content=\"Espet\u00e1culo \u00e9 recomendado para maiores de 14 anos; stand-up tem 70 minutos de dura\u00e7\u00e3o O fen\u00f4meno da internet Whindersson Nunes apresentar\u00e1 nesta sexta-feira, 15 de julho, \u00e0s 18h e 20h, na Sala Palma de Ouro, o stand-up \u201cMarmininu\u201d. O espet\u00e1culo intercala as can\u00e7\u00f5es de sucesso bombadas na internet como \u201cT\u00e3o linda\u201d e \u201cM\u00fasica sem nome\u201d [&hellip;]\" \/>\n<meta property=\"og:url\" content=\"https:\/\/revistaregional.com.br\/site\/2016\/07\/12\/whindersson-nunes-estara-na-regiao\/\" \/>\n<meta property=\"og:site_name\" content=\"Revista Regional\" \/>\n<meta property=\"article:published_time\" content=\"2016-07-12T16:11:38+00:00\" \/>\n<meta property=\"article:modified_time\" content=\"2024-01-26T13:59:29+00:00\" \/>\n<meta property=\"og:image\" content=\"https:\/\/revistaregional.com.br\/site\/wp-content\/uploads\/2016\/11\/winderson_na_regiao.png\" \/>\n\t<meta property=\"og:image:width\" content=\"160\" \/>\n\t<meta property=\"og:image:height\" content=\"150\" \/>\n\t<meta property=\"og:image:type\" content=\"image\/png\" \/>\n<meta name=\"author\" content=\"contato@revistaregional.com.br\" \/>\n<meta name=\"twitter:card\" content=\"summary_large_image\" \/>\n<meta name=\"twitter:label1\" content=\"Escrito por\" \/>\n\t<meta name=\"twitter:data1\" content=\"contato@revistaregional.com.br\" \/>\n\t<meta name=\"twitter:label2\" content=\"Est. tempo de leitura\" \/>\n\t<meta name=\"twitter:data2\" content=\"2 minutos\" \/>\n<script type=\"application\/ld+json\" class=\"yoast-schema-graph\">{\"@context\":\"https:\\\/\\\/schema.org\",\"@graph\":[{\"@type\":\"Article\",\"@id\":\"https:\\\/\\\/revistaregional.com.br\\\/site\\\/2016\\\/07\\\/12\\\/whindersson-nunes-estara-na-regiao\\\/#article\",\"isPartOf\":{\"@id\":\"https:\\\/\\\/revistaregional.com.br\\\/site\\\/2016\\\/07\\\/12\\\/whindersson-nunes-estara-na-regiao\\\/\"},\"author\":{\"name\":\"contato@revistaregional.com.br\",\"@id\":\"https:\\\/\\\/revistaregional.com.br\\\/site\\\/#\\\/schema\\\/person\\\/382af97c580dc1b18f55107bc316010d\"},\"headline\":\"Whindersson Nunes estar\u00e1 na regi\u00e3o\",\"datePublished\":\"2016-07-12T16:11:38+00:00\",\"dateModified\":\"2024-01-26T13:59:29+00:00\",\"mainEntityOfPage\":{\"@id\":\"https:\\\/\\\/revistaregional.com.br\\\/site\\\/2016\\\/07\\\/12\\\/whindersson-nunes-estara-na-regiao\\\/\"},\"wordCount\":391,\"commentCount\":0,\"image\":{\"@id\":\"https:\\\/\\\/revistaregional.com.br\\\/site\\\/2016\\\/07\\\/12\\\/whindersson-nunes-estara-na-regiao\\\/#primaryimage\"},\"thumbnailUrl\":\"https:\\\/\\\/revistaregional.com.br\\\/site\\\/wp-content\\\/uploads\\\/2016\\\/11\\\/winderson_na_regiao.png\",\"keywords\":[\"Cultura\"],\"articleSection\":[\"Cultura\"],\"inLanguage\":\"pt-BR\",\"potentialAction\":[{\"@type\":\"CommentAction\",\"name\":\"Comment\",\"target\":[\"https:\\\/\\\/revistaregional.com.br\\\/site\\\/2016\\\/07\\\/12\\\/whindersson-nunes-estara-na-regiao\\\/#respond\"]}]},{\"@type\":\"WebPage\",\"@id\":\"https:\\\/\\\/revistaregional.com.br\\\/site\\\/2016\\\/07\\\/12\\\/whindersson-nunes-estara-na-regiao\\\/\",\"url\":\"https:\\\/\\\/revistaregional.com.br\\\/site\\\/2016\\\/07\\\/12\\\/whindersson-nunes-estara-na-regiao\\\/\",\"name\":\"Whindersson Nunes estar\u00e1 na regi\u00e3o - Revista Regional\",\"isPartOf\":{\"@id\":\"https:\\\/\\\/revistaregional.com.br\\\/site\\\/#website\"},\"primaryImageOfPage\":{\"@id\":\"https:\\\/\\\/revistaregional.com.br\\\/site\\\/2016\\\/07\\\/12\\\/whindersson-nunes-estara-na-regiao\\\/#primaryimage\"},\"image\":{\"@id\":\"https:\\\/\\\/revistaregional.com.br\\\/site\\\/2016\\\/07\\\/12\\\/whindersson-nunes-estara-na-regiao\\\/#primaryimage\"},\"thumbnailUrl\":\"https:\\\/\\\/revistaregional.com.br\\\/site\\\/wp-content\\\/uploads\\\/2016\\\/11\\\/winderson_na_regiao.png\",\"datePublished\":\"2016-07-12T16:11:38+00:00\",\"dateModified\":\"2024-01-26T13:59:29+00:00\",\"author\":{\"@id\":\"https:\\\/\\\/revistaregional.com.br\\\/site\\\/#\\\/schema\\\/person\\\/382af97c580dc1b18f55107bc316010d\"},\"breadcrumb\":{\"@id\":\"https:\\\/\\\/revistaregional.com.br\\\/site\\\/2016\\\/07\\\/12\\\/whindersson-nunes-estara-na-regiao\\\/#breadcrumb\"},\"inLanguage\":\"pt-BR\",\"potentialAction\":[{\"@type\":\"ReadAction\",\"target\":[\"https:\\\/\\\/revistaregional.com.br\\\/site\\\/2016\\\/07\\\/12\\\/whindersson-nunes-estara-na-regiao\\\/\"]}]},{\"@type\":\"ImageObject\",\"inLanguage\":\"pt-BR\",\"@id\":\"https:\\\/\\\/revistaregional.com.br\\\/site\\\/2016\\\/07\\\/12\\\/whindersson-nunes-estara-na-regiao\\\/#primaryimage\",\"url\":\"https:\\\/\\\/revistaregional.com.br\\\/site\\\/wp-content\\\/uploads\\\/2016\\\/11\\\/winderson_na_regiao.png\",\"contentUrl\":\"https:\\\/\\\/revistaregional.com.br\\\/site\\\/wp-content\\\/uploads\\\/2016\\\/11\\\/winderson_na_regiao.png\",\"width\":160,\"height\":150},{\"@type\":\"BreadcrumbList\",\"@id\":\"https:\\\/\\\/revistaregional.com.br\\\/site\\\/2016\\\/07\\\/12\\\/whindersson-nunes-estara-na-regiao\\\/#breadcrumb\",\"itemListElement\":[{\"@type\":\"ListItem\",\"position\":1,\"name\":\"In\u00edcio\",\"item\":\"https:\\\/\\\/revistaregional.com.br\\\/site\\\/\"},{\"@type\":\"ListItem\",\"position\":2,\"name\":\"Whindersson Nunes estar\u00e1 na regi\u00e3o\"}]},{\"@type\":\"WebSite\",\"@id\":\"https:\\\/\\\/revistaregional.com.br\\\/site\\\/#website\",\"url\":\"https:\\\/\\\/revistaregional.com.br\\\/site\\\/\",\"name\":\"Revista Regional\",\"description\":\"Salto - Itu - Indaituba\",\"potentialAction\":[{\"@type\":\"SearchAction\",\"target\":{\"@type\":\"EntryPoint\",\"urlTemplate\":\"https:\\\/\\\/revistaregional.com.br\\\/site\\\/?s={search_term_string}\"},\"query-input\":{\"@type\":\"PropertyValueSpecification\",\"valueRequired\":true,\"valueName\":\"search_term_string\"}}],\"inLanguage\":\"pt-BR\"},{\"@type\":\"Person\",\"@id\":\"https:\\\/\\\/revistaregional.com.br\\\/site\\\/#\\\/schema\\\/person\\\/382af97c580dc1b18f55107bc316010d\",\"name\":\"contato@revistaregional.com.br\",\"image\":{\"@type\":\"ImageObject\",\"inLanguage\":\"pt-BR\",\"@id\":\"https:\\\/\\\/secure.gravatar.com\\\/avatar\\\/869822917e96b2e292d5827e4635855396934485e7c4a0af84e9a214e32ca0cd?s=96&d=mm&r=g\",\"url\":\"https:\\\/\\\/secure.gravatar.com\\\/avatar\\\/869822917e96b2e292d5827e4635855396934485e7c4a0af84e9a214e32ca0cd?s=96&d=mm&r=g\",\"contentUrl\":\"https:\\\/\\\/secure.gravatar.com\\\/avatar\\\/869822917e96b2e292d5827e4635855396934485e7c4a0af84e9a214e32ca0cd?s=96&d=mm&r=g\",\"caption\":\"contato@revistaregional.com.br\"},\"url\":\"https:\\\/\\\/revistaregional.com.br\\\/site\\\/author\\\/contato@revistaregional.com.br\\\/\"}]}<\/script>\n<!-- \/ Yoast SEO plugin. -->","yoast_head_json":{"title":"Whindersson Nunes estar\u00e1 na regi\u00e3o - Revista Regional","robots":{"index":"index","follow":"follow","max-snippet":"max-snippet:-1","max-image-preview":"max-image-preview:large","max-video-preview":"max-video-preview:-1"},"canonical":"https:\/\/revistaregional.com.br\/site\/2016\/07\/12\/whindersson-nunes-estara-na-regiao\/","og_locale":"pt_BR","og_type":"article","og_title":"Whindersson Nunes estar\u00e1 na regi\u00e3o - Revista Regional","og_description":"Espet\u00e1culo \u00e9 recomendado para maiores de 14 anos; stand-up tem 70 minutos de dura\u00e7\u00e3o O fen\u00f4meno da internet Whindersson Nunes apresentar\u00e1 nesta sexta-feira, 15 de julho, \u00e0s 18h e 20h, na Sala Palma de Ouro, o stand-up \u201cMarmininu\u201d. O espet\u00e1culo intercala as can\u00e7\u00f5es de sucesso bombadas na internet como \u201cT\u00e3o linda\u201d e \u201cM\u00fasica sem nome\u201d [&hellip;]","og_url":"https:\/\/revistaregional.com.br\/site\/2016\/07\/12\/whindersson-nunes-estara-na-regiao\/","og_site_name":"Revista Regional","article_published_time":"2016-07-12T16:11:38+00:00","article_modified_time":"2024-01-26T13:59:29+00:00","og_image":[{"width":160,"height":150,"url":"https:\/\/revistaregional.com.br\/site\/wp-content\/uploads\/2016\/11\/winderson_na_regiao.png","type":"image\/png"}],"author":"contato@revistaregional.com.br","twitter_card":"summary_large_image","twitter_misc":{"Escrito por":"contato@revistaregional.com.br","Est. tempo de leitura":"2 minutos"},"schema":{"@context":"https:\/\/schema.org","@graph":[{"@type":"Article","@id":"https:\/\/revistaregional.com.br\/site\/2016\/07\/12\/whindersson-nunes-estara-na-regiao\/#article","isPartOf":{"@id":"https:\/\/revistaregional.com.br\/site\/2016\/07\/12\/whindersson-nunes-estara-na-regiao\/"},"author":{"name":"contato@revistaregional.com.br","@id":"https:\/\/revistaregional.com.br\/site\/#\/schema\/person\/382af97c580dc1b18f55107bc316010d"},"headline":"Whindersson Nunes estar\u00e1 na regi\u00e3o","datePublished":"2016-07-12T16:11:38+00:00","dateModified":"2024-01-26T13:59:29+00:00","mainEntityOfPage":{"@id":"https:\/\/revistaregional.com.br\/site\/2016\/07\/12\/whindersson-nunes-estara-na-regiao\/"},"wordCount":391,"commentCount":0,"image":{"@id":"https:\/\/revistaregional.com.br\/site\/2016\/07\/12\/whindersson-nunes-estara-na-regiao\/#primaryimage"},"thumbnailUrl":"https:\/\/revistaregional.com.br\/site\/wp-content\/uploads\/2016\/11\/winderson_na_regiao.png","keywords":["Cultura"],"articleSection":["Cultura"],"inLanguage":"pt-BR","potentialAction":[{"@type":"CommentAction","name":"Comment","target":["https:\/\/revistaregional.com.br\/site\/2016\/07\/12\/whindersson-nunes-estara-na-regiao\/#respond"]}]},{"@type":"WebPage","@id":"https:\/\/revistaregional.com.br\/site\/2016\/07\/12\/whindersson-nunes-estara-na-regiao\/","url":"https:\/\/revistaregional.com.br\/site\/2016\/07\/12\/whindersson-nunes-estara-na-regiao\/","name":"Whindersson Nunes estar\u00e1 na regi\u00e3o - Revista Regional","isPartOf":{"@id":"https:\/\/revistaregional.com.br\/site\/#website"},"primaryImageOfPage":{"@id":"https:\/\/revistaregional.com.br\/site\/2016\/07\/12\/whindersson-nunes-estara-na-regiao\/#primaryimage"},"image":{"@id":"https:\/\/revistaregional.com.br\/site\/2016\/07\/12\/whindersson-nunes-estara-na-regiao\/#primaryimage"},"thumbnailUrl":"https:\/\/revistaregional.com.br\/site\/wp-content\/uploads\/2016\/11\/winderson_na_regiao.png","datePublished":"2016-07-12T16:11:38+00:00","dateModified":"2024-01-26T13:59:29+00:00","author":{"@id":"https:\/\/revistaregional.com.br\/site\/#\/schema\/person\/382af97c580dc1b18f55107bc316010d"},"breadcrumb":{"@id":"https:\/\/revistaregional.com.br\/site\/2016\/07\/12\/whindersson-nunes-estara-na-regiao\/#breadcrumb"},"inLanguage":"pt-BR","potentialAction":[{"@type":"ReadAction","target":["https:\/\/revistaregional.com.br\/site\/2016\/07\/12\/whindersson-nunes-estara-na-regiao\/"]}]},{"@type":"ImageObject","inLanguage":"pt-BR","@id":"https:\/\/revistaregional.com.br\/site\/2016\/07\/12\/whindersson-nunes-estara-na-regiao\/#primaryimage","url":"https:\/\/revistaregional.com.br\/site\/wp-content\/uploads\/2016\/11\/winderson_na_regiao.png","contentUrl":"https:\/\/revistaregional.com.br\/site\/wp-content\/uploads\/2016\/11\/winderson_na_regiao.png","width":160,"height":150},{"@type":"BreadcrumbList","@id":"https:\/\/revistaregional.com.br\/site\/2016\/07\/12\/whindersson-nunes-estara-na-regiao\/#breadcrumb","itemListElement":[{"@type":"ListItem","position":1,"name":"In\u00edcio","item":"https:\/\/revistaregional.com.br\/site\/"},{"@type":"ListItem","position":2,"name":"Whindersson Nunes estar\u00e1 na regi\u00e3o"}]},{"@type":"WebSite","@id":"https:\/\/revistaregional.com.br\/site\/#website","url":"https:\/\/revistaregional.com.br\/site\/","name":"Revista Regional","description":"Salto - Itu - Indaituba","potentialAction":[{"@type":"SearchAction","target":{"@type":"EntryPoint","urlTemplate":"https:\/\/revistaregional.com.br\/site\/?s={search_term_string}"},"query-input":{"@type":"PropertyValueSpecification","valueRequired":true,"valueName":"search_term_string"}}],"inLanguage":"pt-BR"},{"@type":"Person","@id":"https:\/\/revistaregional.com.br\/site\/#\/schema\/person\/382af97c580dc1b18f55107bc316010d","name":"contato@revistaregional.com.br","image":{"@type":"ImageObject","inLanguage":"pt-BR","@id":"https:\/\/secure.gravatar.com\/avatar\/869822917e96b2e292d5827e4635855396934485e7c4a0af84e9a214e32ca0cd?s=96&d=mm&r=g","url":"https:\/\/secure.gravatar.com\/avatar\/869822917e96b2e292d5827e4635855396934485e7c4a0af84e9a214e32ca0cd?s=96&d=mm&r=g","contentUrl":"https:\/\/secure.gravatar.com\/avatar\/869822917e96b2e292d5827e4635855396934485e7c4a0af84e9a214e32ca0cd?s=96&d=mm&r=g","caption":"contato@revistaregional.com.br"},"url":"https:\/\/revistaregional.com.br\/site\/author\/contato@revistaregional.com.br\/"}]}},"views":79,"_links":{"self":[{"href":"https:\/\/revistaregional.com.br\/site\/wp-json\/wp\/v2\/posts\/8202","targetHints":{"allow":["GET"]}}],"collection":[{"href":"https:\/\/revistaregional.com.br\/site\/wp-json\/wp\/v2\/posts"}],"about":[{"href":"https:\/\/revistaregional.com.br\/site\/wp-json\/wp\/v2\/types\/post"}],"author":[{"embeddable":true,"href":"https:\/\/revistaregional.com.br\/site\/wp-json\/wp\/v2\/users\/1"}],"replies":[{"embeddable":true,"href":"https:\/\/revistaregional.com.br\/site\/wp-json\/wp\/v2\/comments?post=8202"}],"version-history":[{"count":1,"href":"https:\/\/revistaregional.com.br\/site\/wp-json\/wp\/v2\/posts\/8202\/revisions"}],"predecessor-version":[{"id":11280,"href":"https:\/\/revistaregional.com.br\/site\/wp-json\/wp\/v2\/posts\/8202\/revisions\/11280"}],"wp:featuredmedia":[{"embeddable":true,"href":"https:\/\/revistaregional.com.br\/site\/wp-json\/wp\/v2\/media\/11260"}],"wp:attachment":[{"href":"https:\/\/revistaregional.com.br\/site\/wp-json\/wp\/v2\/media?parent=8202"}],"wp:term":[{"taxonomy":"category","embeddable":true,"href":"https:\/\/revistaregional.com.br\/site\/wp-json\/wp\/v2\/categories?post=8202"},{"taxonomy":"post_tag","embeddable":true,"href":"https:\/\/revistaregional.com.br\/site\/wp-json\/wp\/v2\/tags?post=8202"}],"curies":[{"name":"wp","href":"https:\/\/api.w.org\/{rel}","templated":true}]}}