{"id":8061,"date":"2016-04-13T10:21:25","date_gmt":"2016-04-13T13:21:25","guid":{"rendered":"http:\/\/revistaregional.com.br\/site\/?p=7915"},"modified":"2024-01-26T10:59:43","modified_gmt":"2024-01-26T13:59:43","slug":"museu-comemora-convencao-de-itu","status":"publish","type":"post","link":"https:\/\/revistaregional.com.br\/site\/2016\/04\/13\/museu-comemora-convencao-de-itu\/","title":{"rendered":"Museu comemora \u2018Conven\u00e7\u00e3o de Itu\u2019"},"content":{"rendered":"<figure id=\"attachment_7916\" aria-describedby=\"caption-attachment-7916\" style=\"width: 384px\" class=\"wp-caption aligncenter\"><a href=\"http:\/\/revistaregional.com.br\/site\/wp-content\/uploads\/2016\/04\/site-museu.jpg\" rel=\"attachment wp-att-7916\"><img fetchpriority=\"high\" decoding=\"async\" class=\" wp-image-7916 \" src=\"http:\/\/revistaregional.com.br\/site\/wp-content\/uploads\/2016\/04\/site-museu.jpg\" alt=\"\" width=\"384\" height=\"254\"><\/a><figcaption id=\"caption-attachment-7916\" class=\"wp-caption-text\">Museu fica no sobrado onde aconteceu a Conven\u00e7\u00e3o Republicana<\/figcaption><\/figure>\n<p>Em comemora\u00e7\u00e3o ao Dia da Conven\u00e7\u00e3o de Itu, o Museu Republicano \u201cConven\u00e7\u00e3o de Itu\u201d promove um evento em homenagem aos 60 anos do romance \u201cGrande Sert\u00e3o: Veredas\u201d. Na ocasi\u00e3o, a artista \u00c9lida Marques e o m\u00fasico Eduardo Contrera realizam leituras p\u00fablicas de trechos do romance com trilha sonora especialmente composta e executada ao vivo. A apresenta\u00e7\u00e3o ocorrer\u00e1 no dia 18 de abril, \u00e0s 19h30, com entrada gratuita no Audit\u00f3rio do Centro de Estudos do Museu, que fica na rua Bar\u00e3o de Itaim, 140, no Centro de Itu.<\/p>\n<p><em>&nbsp;MAIS: Mais informa\u00e7\u00f5es pelo telefone (11) 4023-0240 (ramal 3) ou pelo e-mail <a href=\"mailto:edu.mrci@usp.br\">edu.mrci@usp.br<\/a>.<\/em><\/p>\n<p><em>&nbsp;foto: Gisele Scaravelli<\/em><\/p>\n","protected":false},"excerpt":{"rendered":"<p>Em comemora\u00e7\u00e3o ao Dia da Conven\u00e7\u00e3o de Itu, o Museu Republicano \u201cConven\u00e7\u00e3o de Itu\u201d promove um evento em homenagem aos 60 anos do romance \u201cGrande Sert\u00e3o: Veredas\u201d. Na ocasi\u00e3o, a artista \u00c9lida Marques e o m\u00fasico Eduardo Contrera realizam leituras p\u00fablicas de trechos do romance com trilha sonora especialmente composta e executada ao vivo. A [&hellip;]<\/p>\n","protected":false},"author":1,"featured_media":11294,"comment_status":"open","ping_status":"open","sticky":false,"template":"","format":"standard","meta":{"_acf_changed":false,"ngg_post_thumbnail":0,"_joinchat":[],"footnotes":""},"categories":[4],"tags":[533],"class_list":["post-8061","post","type-post","status-publish","format-standard","has-post-thumbnail","hentry","category-cultura","tag-cultura"],"acf":[],"yoast_head":"<!-- This site is optimized with the Yoast SEO plugin v27.4 - https:\/\/yoast.com\/product\/yoast-seo-wordpress\/ -->\n<title>Museu comemora \u2018Conven\u00e7\u00e3o de Itu\u2019 - Revista Regional<\/title>\n<meta name=\"robots\" content=\"index, follow, max-snippet:-1, max-image-preview:large, max-video-preview:-1\" \/>\n<link rel=\"canonical\" href=\"https:\/\/revistaregional.com.br\/site\/2016\/04\/13\/museu-comemora-convencao-de-itu\/\" \/>\n<meta property=\"og:locale\" content=\"pt_BR\" \/>\n<meta property=\"og:type\" content=\"article\" \/>\n<meta property=\"og:title\" content=\"Museu comemora \u2018Conven\u00e7\u00e3o de Itu\u2019 - Revista Regional\" \/>\n<meta property=\"og:description\" content=\"Em comemora\u00e7\u00e3o ao Dia da Conven\u00e7\u00e3o de Itu, o Museu Republicano \u201cConven\u00e7\u00e3o de Itu\u201d promove um evento em homenagem aos 60 anos do romance \u201cGrande Sert\u00e3o: Veredas\u201d. Na ocasi\u00e3o, a artista \u00c9lida Marques e o m\u00fasico Eduardo Contrera realizam leituras p\u00fablicas de trechos do romance com trilha sonora especialmente composta e executada ao vivo. A [&hellip;]\" \/>\n<meta property=\"og:url\" content=\"https:\/\/revistaregional.com.br\/site\/2016\/04\/13\/museu-comemora-convencao-de-itu\/\" \/>\n<meta property=\"og:site_name\" content=\"Revista Regional\" \/>\n<meta property=\"article:published_time\" content=\"2016-04-13T13:21:25+00:00\" \/>\n<meta property=\"article:modified_time\" content=\"2024-01-26T13:59:43+00:00\" \/>\n<meta property=\"og:image\" content=\"https:\/\/revistaregional.com.br\/site\/wp-content\/uploads\/2016\/07\/museu_comemora_convencao_itu.jpg\" \/>\n\t<meta property=\"og:image:width\" content=\"160\" \/>\n\t<meta property=\"og:image:height\" content=\"150\" \/>\n\t<meta property=\"og:image:type\" content=\"image\/jpeg\" \/>\n<meta name=\"author\" content=\"contato@revistaregional.com.br\" \/>\n<meta name=\"twitter:card\" content=\"summary_large_image\" \/>\n<meta name=\"twitter:label1\" content=\"Escrito por\" \/>\n\t<meta name=\"twitter:data1\" content=\"contato@revistaregional.com.br\" \/>\n\t<meta name=\"twitter:label2\" content=\"Est. tempo de leitura\" \/>\n\t<meta name=\"twitter:data2\" content=\"1 minuto\" \/>\n<script type=\"application\/ld+json\" class=\"yoast-schema-graph\">{\"@context\":\"https:\\\/\\\/schema.org\",\"@graph\":[{\"@type\":\"Article\",\"@id\":\"https:\\\/\\\/revistaregional.com.br\\\/site\\\/2016\\\/04\\\/13\\\/museu-comemora-convencao-de-itu\\\/#article\",\"isPartOf\":{\"@id\":\"https:\\\/\\\/revistaregional.com.br\\\/site\\\/2016\\\/04\\\/13\\\/museu-comemora-convencao-de-itu\\\/\"},\"author\":{\"name\":\"contato@revistaregional.com.br\",\"@id\":\"https:\\\/\\\/revistaregional.com.br\\\/site\\\/#\\\/schema\\\/person\\\/382af97c580dc1b18f55107bc316010d\"},\"headline\":\"Museu comemora \u2018Conven\u00e7\u00e3o de Itu\u2019\",\"datePublished\":\"2016-04-13T13:21:25+00:00\",\"dateModified\":\"2024-01-26T13:59:43+00:00\",\"mainEntityOfPage\":{\"@id\":\"https:\\\/\\\/revistaregional.com.br\\\/site\\\/2016\\\/04\\\/13\\\/museu-comemora-convencao-de-itu\\\/\"},\"wordCount\":137,\"commentCount\":0,\"image\":{\"@id\":\"https:\\\/\\\/revistaregional.com.br\\\/site\\\/2016\\\/04\\\/13\\\/museu-comemora-convencao-de-itu\\\/#primaryimage\"},\"thumbnailUrl\":\"https:\\\/\\\/revistaregional.com.br\\\/site\\\/wp-content\\\/uploads\\\/2016\\\/07\\\/museu_comemora_convencao_itu.jpg\",\"keywords\":[\"Cultura\"],\"articleSection\":[\"Cultura\"],\"inLanguage\":\"pt-BR\",\"potentialAction\":[{\"@type\":\"CommentAction\",\"name\":\"Comment\",\"target\":[\"https:\\\/\\\/revistaregional.com.br\\\/site\\\/2016\\\/04\\\/13\\\/museu-comemora-convencao-de-itu\\\/#respond\"]}]},{\"@type\":\"WebPage\",\"@id\":\"https:\\\/\\\/revistaregional.com.br\\\/site\\\/2016\\\/04\\\/13\\\/museu-comemora-convencao-de-itu\\\/\",\"url\":\"https:\\\/\\\/revistaregional.com.br\\\/site\\\/2016\\\/04\\\/13\\\/museu-comemora-convencao-de-itu\\\/\",\"name\":\"Museu comemora \u2018Conven\u00e7\u00e3o de Itu\u2019 - Revista Regional\",\"isPartOf\":{\"@id\":\"https:\\\/\\\/revistaregional.com.br\\\/site\\\/#website\"},\"primaryImageOfPage\":{\"@id\":\"https:\\\/\\\/revistaregional.com.br\\\/site\\\/2016\\\/04\\\/13\\\/museu-comemora-convencao-de-itu\\\/#primaryimage\"},\"image\":{\"@id\":\"https:\\\/\\\/revistaregional.com.br\\\/site\\\/2016\\\/04\\\/13\\\/museu-comemora-convencao-de-itu\\\/#primaryimage\"},\"thumbnailUrl\":\"https:\\\/\\\/revistaregional.com.br\\\/site\\\/wp-content\\\/uploads\\\/2016\\\/07\\\/museu_comemora_convencao_itu.jpg\",\"datePublished\":\"2016-04-13T13:21:25+00:00\",\"dateModified\":\"2024-01-26T13:59:43+00:00\",\"author\":{\"@id\":\"https:\\\/\\\/revistaregional.com.br\\\/site\\\/#\\\/schema\\\/person\\\/382af97c580dc1b18f55107bc316010d\"},\"breadcrumb\":{\"@id\":\"https:\\\/\\\/revistaregional.com.br\\\/site\\\/2016\\\/04\\\/13\\\/museu-comemora-convencao-de-itu\\\/#breadcrumb\"},\"inLanguage\":\"pt-BR\",\"potentialAction\":[{\"@type\":\"ReadAction\",\"target\":[\"https:\\\/\\\/revistaregional.com.br\\\/site\\\/2016\\\/04\\\/13\\\/museu-comemora-convencao-de-itu\\\/\"]}]},{\"@type\":\"ImageObject\",\"inLanguage\":\"pt-BR\",\"@id\":\"https:\\\/\\\/revistaregional.com.br\\\/site\\\/2016\\\/04\\\/13\\\/museu-comemora-convencao-de-itu\\\/#primaryimage\",\"url\":\"https:\\\/\\\/revistaregional.com.br\\\/site\\\/wp-content\\\/uploads\\\/2016\\\/07\\\/museu_comemora_convencao_itu.jpg\",\"contentUrl\":\"https:\\\/\\\/revistaregional.com.br\\\/site\\\/wp-content\\\/uploads\\\/2016\\\/07\\\/museu_comemora_convencao_itu.jpg\",\"width\":160,\"height\":150},{\"@type\":\"BreadcrumbList\",\"@id\":\"https:\\\/\\\/revistaregional.com.br\\\/site\\\/2016\\\/04\\\/13\\\/museu-comemora-convencao-de-itu\\\/#breadcrumb\",\"itemListElement\":[{\"@type\":\"ListItem\",\"position\":1,\"name\":\"In\u00edcio\",\"item\":\"https:\\\/\\\/revistaregional.com.br\\\/site\\\/\"},{\"@type\":\"ListItem\",\"position\":2,\"name\":\"Museu comemora \u2018Conven\u00e7\u00e3o de Itu\u2019\"}]},{\"@type\":\"WebSite\",\"@id\":\"https:\\\/\\\/revistaregional.com.br\\\/site\\\/#website\",\"url\":\"https:\\\/\\\/revistaregional.com.br\\\/site\\\/\",\"name\":\"Revista Regional\",\"description\":\"Salto - Itu - Indaituba\",\"potentialAction\":[{\"@type\":\"SearchAction\",\"target\":{\"@type\":\"EntryPoint\",\"urlTemplate\":\"https:\\\/\\\/revistaregional.com.br\\\/site\\\/?s={search_term_string}\"},\"query-input\":{\"@type\":\"PropertyValueSpecification\",\"valueRequired\":true,\"valueName\":\"search_term_string\"}}],\"inLanguage\":\"pt-BR\"},{\"@type\":\"Person\",\"@id\":\"https:\\\/\\\/revistaregional.com.br\\\/site\\\/#\\\/schema\\\/person\\\/382af97c580dc1b18f55107bc316010d\",\"name\":\"contato@revistaregional.com.br\",\"image\":{\"@type\":\"ImageObject\",\"inLanguage\":\"pt-BR\",\"@id\":\"https:\\\/\\\/secure.gravatar.com\\\/avatar\\\/869822917e96b2e292d5827e4635855396934485e7c4a0af84e9a214e32ca0cd?s=96&d=mm&r=g\",\"url\":\"https:\\\/\\\/secure.gravatar.com\\\/avatar\\\/869822917e96b2e292d5827e4635855396934485e7c4a0af84e9a214e32ca0cd?s=96&d=mm&r=g\",\"contentUrl\":\"https:\\\/\\\/secure.gravatar.com\\\/avatar\\\/869822917e96b2e292d5827e4635855396934485e7c4a0af84e9a214e32ca0cd?s=96&d=mm&r=g\",\"caption\":\"contato@revistaregional.com.br\"},\"url\":\"https:\\\/\\\/revistaregional.com.br\\\/site\\\/author\\\/contato@revistaregional.com.br\\\/\"}]}<\/script>\n<!-- \/ Yoast SEO plugin. -->","yoast_head_json":{"title":"Museu comemora \u2018Conven\u00e7\u00e3o de Itu\u2019 - Revista Regional","robots":{"index":"index","follow":"follow","max-snippet":"max-snippet:-1","max-image-preview":"max-image-preview:large","max-video-preview":"max-video-preview:-1"},"canonical":"https:\/\/revistaregional.com.br\/site\/2016\/04\/13\/museu-comemora-convencao-de-itu\/","og_locale":"pt_BR","og_type":"article","og_title":"Museu comemora \u2018Conven\u00e7\u00e3o de Itu\u2019 - Revista Regional","og_description":"Em comemora\u00e7\u00e3o ao Dia da Conven\u00e7\u00e3o de Itu, o Museu Republicano \u201cConven\u00e7\u00e3o de Itu\u201d promove um evento em homenagem aos 60 anos do romance \u201cGrande Sert\u00e3o: Veredas\u201d. Na ocasi\u00e3o, a artista \u00c9lida Marques e o m\u00fasico Eduardo Contrera realizam leituras p\u00fablicas de trechos do romance com trilha sonora especialmente composta e executada ao vivo. A [&hellip;]","og_url":"https:\/\/revistaregional.com.br\/site\/2016\/04\/13\/museu-comemora-convencao-de-itu\/","og_site_name":"Revista Regional","article_published_time":"2016-04-13T13:21:25+00:00","article_modified_time":"2024-01-26T13:59:43+00:00","og_image":[{"width":160,"height":150,"url":"https:\/\/revistaregional.com.br\/site\/wp-content\/uploads\/2016\/07\/museu_comemora_convencao_itu.jpg","type":"image\/jpeg"}],"author":"contato@revistaregional.com.br","twitter_card":"summary_large_image","twitter_misc":{"Escrito por":"contato@revistaregional.com.br","Est. tempo de leitura":"1 minuto"},"schema":{"@context":"https:\/\/schema.org","@graph":[{"@type":"Article","@id":"https:\/\/revistaregional.com.br\/site\/2016\/04\/13\/museu-comemora-convencao-de-itu\/#article","isPartOf":{"@id":"https:\/\/revistaregional.com.br\/site\/2016\/04\/13\/museu-comemora-convencao-de-itu\/"},"author":{"name":"contato@revistaregional.com.br","@id":"https:\/\/revistaregional.com.br\/site\/#\/schema\/person\/382af97c580dc1b18f55107bc316010d"},"headline":"Museu comemora \u2018Conven\u00e7\u00e3o de Itu\u2019","datePublished":"2016-04-13T13:21:25+00:00","dateModified":"2024-01-26T13:59:43+00:00","mainEntityOfPage":{"@id":"https:\/\/revistaregional.com.br\/site\/2016\/04\/13\/museu-comemora-convencao-de-itu\/"},"wordCount":137,"commentCount":0,"image":{"@id":"https:\/\/revistaregional.com.br\/site\/2016\/04\/13\/museu-comemora-convencao-de-itu\/#primaryimage"},"thumbnailUrl":"https:\/\/revistaregional.com.br\/site\/wp-content\/uploads\/2016\/07\/museu_comemora_convencao_itu.jpg","keywords":["Cultura"],"articleSection":["Cultura"],"inLanguage":"pt-BR","potentialAction":[{"@type":"CommentAction","name":"Comment","target":["https:\/\/revistaregional.com.br\/site\/2016\/04\/13\/museu-comemora-convencao-de-itu\/#respond"]}]},{"@type":"WebPage","@id":"https:\/\/revistaregional.com.br\/site\/2016\/04\/13\/museu-comemora-convencao-de-itu\/","url":"https:\/\/revistaregional.com.br\/site\/2016\/04\/13\/museu-comemora-convencao-de-itu\/","name":"Museu comemora \u2018Conven\u00e7\u00e3o de Itu\u2019 - Revista Regional","isPartOf":{"@id":"https:\/\/revistaregional.com.br\/site\/#website"},"primaryImageOfPage":{"@id":"https:\/\/revistaregional.com.br\/site\/2016\/04\/13\/museu-comemora-convencao-de-itu\/#primaryimage"},"image":{"@id":"https:\/\/revistaregional.com.br\/site\/2016\/04\/13\/museu-comemora-convencao-de-itu\/#primaryimage"},"thumbnailUrl":"https:\/\/revistaregional.com.br\/site\/wp-content\/uploads\/2016\/07\/museu_comemora_convencao_itu.jpg","datePublished":"2016-04-13T13:21:25+00:00","dateModified":"2024-01-26T13:59:43+00:00","author":{"@id":"https:\/\/revistaregional.com.br\/site\/#\/schema\/person\/382af97c580dc1b18f55107bc316010d"},"breadcrumb":{"@id":"https:\/\/revistaregional.com.br\/site\/2016\/04\/13\/museu-comemora-convencao-de-itu\/#breadcrumb"},"inLanguage":"pt-BR","potentialAction":[{"@type":"ReadAction","target":["https:\/\/revistaregional.com.br\/site\/2016\/04\/13\/museu-comemora-convencao-de-itu\/"]}]},{"@type":"ImageObject","inLanguage":"pt-BR","@id":"https:\/\/revistaregional.com.br\/site\/2016\/04\/13\/museu-comemora-convencao-de-itu\/#primaryimage","url":"https:\/\/revistaregional.com.br\/site\/wp-content\/uploads\/2016\/07\/museu_comemora_convencao_itu.jpg","contentUrl":"https:\/\/revistaregional.com.br\/site\/wp-content\/uploads\/2016\/07\/museu_comemora_convencao_itu.jpg","width":160,"height":150},{"@type":"BreadcrumbList","@id":"https:\/\/revistaregional.com.br\/site\/2016\/04\/13\/museu-comemora-convencao-de-itu\/#breadcrumb","itemListElement":[{"@type":"ListItem","position":1,"name":"In\u00edcio","item":"https:\/\/revistaregional.com.br\/site\/"},{"@type":"ListItem","position":2,"name":"Museu comemora \u2018Conven\u00e7\u00e3o de Itu\u2019"}]},{"@type":"WebSite","@id":"https:\/\/revistaregional.com.br\/site\/#website","url":"https:\/\/revistaregional.com.br\/site\/","name":"Revista Regional","description":"Salto - Itu - Indaituba","potentialAction":[{"@type":"SearchAction","target":{"@type":"EntryPoint","urlTemplate":"https:\/\/revistaregional.com.br\/site\/?s={search_term_string}"},"query-input":{"@type":"PropertyValueSpecification","valueRequired":true,"valueName":"search_term_string"}}],"inLanguage":"pt-BR"},{"@type":"Person","@id":"https:\/\/revistaregional.com.br\/site\/#\/schema\/person\/382af97c580dc1b18f55107bc316010d","name":"contato@revistaregional.com.br","image":{"@type":"ImageObject","inLanguage":"pt-BR","@id":"https:\/\/secure.gravatar.com\/avatar\/869822917e96b2e292d5827e4635855396934485e7c4a0af84e9a214e32ca0cd?s=96&d=mm&r=g","url":"https:\/\/secure.gravatar.com\/avatar\/869822917e96b2e292d5827e4635855396934485e7c4a0af84e9a214e32ca0cd?s=96&d=mm&r=g","contentUrl":"https:\/\/secure.gravatar.com\/avatar\/869822917e96b2e292d5827e4635855396934485e7c4a0af84e9a214e32ca0cd?s=96&d=mm&r=g","caption":"contato@revistaregional.com.br"},"url":"https:\/\/revistaregional.com.br\/site\/author\/contato@revistaregional.com.br\/"}]}},"views":45,"_links":{"self":[{"href":"https:\/\/revistaregional.com.br\/site\/wp-json\/wp\/v2\/posts\/8061","targetHints":{"allow":["GET"]}}],"collection":[{"href":"https:\/\/revistaregional.com.br\/site\/wp-json\/wp\/v2\/posts"}],"about":[{"href":"https:\/\/revistaregional.com.br\/site\/wp-json\/wp\/v2\/types\/post"}],"author":[{"embeddable":true,"href":"https:\/\/revistaregional.com.br\/site\/wp-json\/wp\/v2\/users\/1"}],"replies":[{"embeddable":true,"href":"https:\/\/revistaregional.com.br\/site\/wp-json\/wp\/v2\/comments?post=8061"}],"version-history":[{"count":1,"href":"https:\/\/revistaregional.com.br\/site\/wp-json\/wp\/v2\/posts\/8061\/revisions"}],"predecessor-version":[{"id":11313,"href":"https:\/\/revistaregional.com.br\/site\/wp-json\/wp\/v2\/posts\/8061\/revisions\/11313"}],"wp:featuredmedia":[{"embeddable":true,"href":"https:\/\/revistaregional.com.br\/site\/wp-json\/wp\/v2\/media\/11294"}],"wp:attachment":[{"href":"https:\/\/revistaregional.com.br\/site\/wp-json\/wp\/v2\/media?parent=8061"}],"wp:term":[{"taxonomy":"category","embeddable":true,"href":"https:\/\/revistaregional.com.br\/site\/wp-json\/wp\/v2\/categories?post=8061"},{"taxonomy":"post_tag","embeddable":true,"href":"https:\/\/revistaregional.com.br\/site\/wp-json\/wp\/v2\/tags?post=8061"}],"curies":[{"name":"wp","href":"https:\/\/api.w.org\/{rel}","templated":true}]}}