{"id":8051,"date":"2016-04-06T15:13:06","date_gmt":"2016-04-06T18:13:06","guid":{"rendered":"http:\/\/revistaregional.com.br\/site\/?p=7848"},"modified":"2024-01-26T10:59:45","modified_gmt":"2024-01-26T13:59:45","slug":"tom-cavalcante-estreia-show-em-salto","status":"publish","type":"post","link":"https:\/\/revistaregional.com.br\/site\/2016\/04\/06\/tom-cavalcante-estreia-show-em-salto\/","title":{"rendered":"Tom Cavalcante estreia show em Salto"},"content":{"rendered":"<figure id=\"attachment_7854\" aria-describedby=\"caption-attachment-7854\" style=\"width: 307px\" class=\"wp-caption aligncenter\"><a href=\"http:\/\/revistaregional.com.br\/site\/wp-content\/uploads\/2016\/04\/agenda-tom-cavalcante3.jpg\" rel=\"attachment wp-att-7854\"><img fetchpriority=\"high\" decoding=\"async\" class=\" wp-image-7854 \" src=\"http:\/\/revistaregional.com.br\/site\/wp-content\/uploads\/2016\/04\/agenda-tom-cavalcante3.jpg\" alt=\"\" width=\"307\" height=\"230\"><\/a><figcaption id=\"caption-attachment-7854\" class=\"wp-caption-text\">Tom Cavalcante se apresentar\u00e1 no dia 09 na Sala Palma de Ouro<\/figcaption><\/figure>\n<p>A Teatro GT traz para a regi\u00e3o, Tom Cavalcante em seu espet\u00e1culo \u201cStomd Up\u201d, com apresenta\u00e7\u00e3o dia 09 de abril, \u00e0s 21h, na Sala Palma de Ouro, em Salto. Sucesso de p\u00fablico, com plateia lotada em todas as suas apresenta\u00e7\u00f5es, Tom trabalha suas cr\u00f4nicas e piadas em cima das atualidades do Brasil e do mundo, com uma boa dose de improviso, que ele domina t\u00e3o bem. As observa\u00e7\u00f5es do comportamento humano e o olhar atento sobre a pol\u00edtica do pa\u00eds somam-se \u00e0s hilariantes imita\u00e7\u00f5es de personalidades da televis\u00e3o e aos personagens originais do humorista, como o hil\u00e1rio Jo\u00e3o Canabrava, o velho contador de causos Sr. Ven\u00e2ncio e a petulante dom\u00e9stica Jarilene. O espet\u00e1culo em Salto tem apoio da Revista Regional. Os leitores ter\u00e3o desconto de 50% na compra de ingressos, bastando recortar o cupom de b\u00f4nus publicado nesta edi\u00e7\u00e3o.<\/p>\n<p>MAIS: A Sala Palma de Ouro fica na rua Prudente de Moraes, 580 \u2013 Salto. Informa\u00e7\u00f5es: (11) 4602-8693\u2013 <a href=\"http:\/\/www.teatrogt.com.br\/\">www.teatrogt.com.br<\/a><\/p>\n<p><em>&nbsp;foto: Divulga\u00e7\u00e3o<\/em><\/p>\n","protected":false},"excerpt":{"rendered":"<p>A Teatro GT traz para a regi\u00e3o, Tom Cavalcante em seu espet\u00e1culo \u201cStomd Up\u201d, com apresenta\u00e7\u00e3o dia 09 de abril, \u00e0s 21h, na Sala Palma de Ouro, em Salto. Sucesso de p\u00fablico, com plateia lotada em todas as suas apresenta\u00e7\u00f5es, Tom trabalha suas cr\u00f4nicas e piadas em cima das atualidades do Brasil e do mundo, [&hellip;]<\/p>\n","protected":false},"author":1,"featured_media":11299,"comment_status":"open","ping_status":"open","sticky":false,"template":"","format":"standard","meta":{"_acf_changed":false,"ngg_post_thumbnail":0,"_joinchat":[],"footnotes":""},"categories":[4],"tags":[533],"class_list":["post-8051","post","type-post","status-publish","format-standard","has-post-thumbnail","hentry","category-cultura","tag-cultura"],"acf":[],"yoast_head":"<!-- This site is optimized with the Yoast SEO plugin v27.4 - https:\/\/yoast.com\/product\/yoast-seo-wordpress\/ -->\n<title>Tom Cavalcante estreia show em Salto - Revista Regional<\/title>\n<meta name=\"robots\" content=\"index, follow, max-snippet:-1, max-image-preview:large, max-video-preview:-1\" \/>\n<link rel=\"canonical\" href=\"https:\/\/revistaregional.com.br\/site\/2016\/04\/06\/tom-cavalcante-estreia-show-em-salto\/\" \/>\n<meta property=\"og:locale\" content=\"pt_BR\" \/>\n<meta property=\"og:type\" content=\"article\" \/>\n<meta property=\"og:title\" content=\"Tom Cavalcante estreia show em Salto - Revista Regional\" \/>\n<meta property=\"og:description\" content=\"A Teatro GT traz para a regi\u00e3o, Tom Cavalcante em seu espet\u00e1culo \u201cStomd Up\u201d, com apresenta\u00e7\u00e3o dia 09 de abril, \u00e0s 21h, na Sala Palma de Ouro, em Salto. Sucesso de p\u00fablico, com plateia lotada em todas as suas apresenta\u00e7\u00f5es, Tom trabalha suas cr\u00f4nicas e piadas em cima das atualidades do Brasil e do mundo, [&hellip;]\" \/>\n<meta property=\"og:url\" content=\"https:\/\/revistaregional.com.br\/site\/2016\/04\/06\/tom-cavalcante-estreia-show-em-salto\/\" \/>\n<meta property=\"og:site_name\" content=\"Revista Regional\" \/>\n<meta property=\"article:published_time\" content=\"2016-04-06T18:13:06+00:00\" \/>\n<meta property=\"article:modified_time\" content=\"2024-01-26T13:59:45+00:00\" \/>\n<meta property=\"og:image\" content=\"https:\/\/revistaregional.com.br\/site\/wp-content\/uploads\/2016\/07\/tom_cavalcante.jpg\" \/>\n\t<meta property=\"og:image:width\" content=\"160\" \/>\n\t<meta property=\"og:image:height\" content=\"150\" \/>\n\t<meta property=\"og:image:type\" content=\"image\/jpeg\" \/>\n<meta name=\"author\" content=\"contato@revistaregional.com.br\" \/>\n<meta name=\"twitter:card\" content=\"summary_large_image\" \/>\n<meta name=\"twitter:label1\" content=\"Escrito por\" \/>\n\t<meta name=\"twitter:data1\" content=\"contato@revistaregional.com.br\" \/>\n\t<meta name=\"twitter:label2\" content=\"Est. tempo de leitura\" \/>\n\t<meta name=\"twitter:data2\" content=\"1 minuto\" \/>\n<script type=\"application\/ld+json\" class=\"yoast-schema-graph\">{\"@context\":\"https:\\\/\\\/schema.org\",\"@graph\":[{\"@type\":\"Article\",\"@id\":\"https:\\\/\\\/revistaregional.com.br\\\/site\\\/2016\\\/04\\\/06\\\/tom-cavalcante-estreia-show-em-salto\\\/#article\",\"isPartOf\":{\"@id\":\"https:\\\/\\\/revistaregional.com.br\\\/site\\\/2016\\\/04\\\/06\\\/tom-cavalcante-estreia-show-em-salto\\\/\"},\"author\":{\"name\":\"contato@revistaregional.com.br\",\"@id\":\"https:\\\/\\\/revistaregional.com.br\\\/site\\\/#\\\/schema\\\/person\\\/382af97c580dc1b18f55107bc316010d\"},\"headline\":\"Tom Cavalcante estreia show em Salto\",\"datePublished\":\"2016-04-06T18:13:06+00:00\",\"dateModified\":\"2024-01-26T13:59:45+00:00\",\"mainEntityOfPage\":{\"@id\":\"https:\\\/\\\/revistaregional.com.br\\\/site\\\/2016\\\/04\\\/06\\\/tom-cavalcante-estreia-show-em-salto\\\/\"},\"wordCount\":205,\"commentCount\":0,\"image\":{\"@id\":\"https:\\\/\\\/revistaregional.com.br\\\/site\\\/2016\\\/04\\\/06\\\/tom-cavalcante-estreia-show-em-salto\\\/#primaryimage\"},\"thumbnailUrl\":\"https:\\\/\\\/revistaregional.com.br\\\/site\\\/wp-content\\\/uploads\\\/2016\\\/07\\\/tom_cavalcante.jpg\",\"keywords\":[\"Cultura\"],\"articleSection\":[\"Cultura\"],\"inLanguage\":\"pt-BR\",\"potentialAction\":[{\"@type\":\"CommentAction\",\"name\":\"Comment\",\"target\":[\"https:\\\/\\\/revistaregional.com.br\\\/site\\\/2016\\\/04\\\/06\\\/tom-cavalcante-estreia-show-em-salto\\\/#respond\"]}]},{\"@type\":\"WebPage\",\"@id\":\"https:\\\/\\\/revistaregional.com.br\\\/site\\\/2016\\\/04\\\/06\\\/tom-cavalcante-estreia-show-em-salto\\\/\",\"url\":\"https:\\\/\\\/revistaregional.com.br\\\/site\\\/2016\\\/04\\\/06\\\/tom-cavalcante-estreia-show-em-salto\\\/\",\"name\":\"Tom Cavalcante estreia show em Salto - Revista Regional\",\"isPartOf\":{\"@id\":\"https:\\\/\\\/revistaregional.com.br\\\/site\\\/#website\"},\"primaryImageOfPage\":{\"@id\":\"https:\\\/\\\/revistaregional.com.br\\\/site\\\/2016\\\/04\\\/06\\\/tom-cavalcante-estreia-show-em-salto\\\/#primaryimage\"},\"image\":{\"@id\":\"https:\\\/\\\/revistaregional.com.br\\\/site\\\/2016\\\/04\\\/06\\\/tom-cavalcante-estreia-show-em-salto\\\/#primaryimage\"},\"thumbnailUrl\":\"https:\\\/\\\/revistaregional.com.br\\\/site\\\/wp-content\\\/uploads\\\/2016\\\/07\\\/tom_cavalcante.jpg\",\"datePublished\":\"2016-04-06T18:13:06+00:00\",\"dateModified\":\"2024-01-26T13:59:45+00:00\",\"author\":{\"@id\":\"https:\\\/\\\/revistaregional.com.br\\\/site\\\/#\\\/schema\\\/person\\\/382af97c580dc1b18f55107bc316010d\"},\"breadcrumb\":{\"@id\":\"https:\\\/\\\/revistaregional.com.br\\\/site\\\/2016\\\/04\\\/06\\\/tom-cavalcante-estreia-show-em-salto\\\/#breadcrumb\"},\"inLanguage\":\"pt-BR\",\"potentialAction\":[{\"@type\":\"ReadAction\",\"target\":[\"https:\\\/\\\/revistaregional.com.br\\\/site\\\/2016\\\/04\\\/06\\\/tom-cavalcante-estreia-show-em-salto\\\/\"]}]},{\"@type\":\"ImageObject\",\"inLanguage\":\"pt-BR\",\"@id\":\"https:\\\/\\\/revistaregional.com.br\\\/site\\\/2016\\\/04\\\/06\\\/tom-cavalcante-estreia-show-em-salto\\\/#primaryimage\",\"url\":\"https:\\\/\\\/revistaregional.com.br\\\/site\\\/wp-content\\\/uploads\\\/2016\\\/07\\\/tom_cavalcante.jpg\",\"contentUrl\":\"https:\\\/\\\/revistaregional.com.br\\\/site\\\/wp-content\\\/uploads\\\/2016\\\/07\\\/tom_cavalcante.jpg\",\"width\":160,\"height\":150},{\"@type\":\"BreadcrumbList\",\"@id\":\"https:\\\/\\\/revistaregional.com.br\\\/site\\\/2016\\\/04\\\/06\\\/tom-cavalcante-estreia-show-em-salto\\\/#breadcrumb\",\"itemListElement\":[{\"@type\":\"ListItem\",\"position\":1,\"name\":\"In\u00edcio\",\"item\":\"https:\\\/\\\/revistaregional.com.br\\\/site\\\/\"},{\"@type\":\"ListItem\",\"position\":2,\"name\":\"Tom Cavalcante estreia show em Salto\"}]},{\"@type\":\"WebSite\",\"@id\":\"https:\\\/\\\/revistaregional.com.br\\\/site\\\/#website\",\"url\":\"https:\\\/\\\/revistaregional.com.br\\\/site\\\/\",\"name\":\"Revista Regional\",\"description\":\"Salto - Itu - Indaituba\",\"potentialAction\":[{\"@type\":\"SearchAction\",\"target\":{\"@type\":\"EntryPoint\",\"urlTemplate\":\"https:\\\/\\\/revistaregional.com.br\\\/site\\\/?s={search_term_string}\"},\"query-input\":{\"@type\":\"PropertyValueSpecification\",\"valueRequired\":true,\"valueName\":\"search_term_string\"}}],\"inLanguage\":\"pt-BR\"},{\"@type\":\"Person\",\"@id\":\"https:\\\/\\\/revistaregional.com.br\\\/site\\\/#\\\/schema\\\/person\\\/382af97c580dc1b18f55107bc316010d\",\"name\":\"contato@revistaregional.com.br\",\"image\":{\"@type\":\"ImageObject\",\"inLanguage\":\"pt-BR\",\"@id\":\"https:\\\/\\\/secure.gravatar.com\\\/avatar\\\/869822917e96b2e292d5827e4635855396934485e7c4a0af84e9a214e32ca0cd?s=96&d=mm&r=g\",\"url\":\"https:\\\/\\\/secure.gravatar.com\\\/avatar\\\/869822917e96b2e292d5827e4635855396934485e7c4a0af84e9a214e32ca0cd?s=96&d=mm&r=g\",\"contentUrl\":\"https:\\\/\\\/secure.gravatar.com\\\/avatar\\\/869822917e96b2e292d5827e4635855396934485e7c4a0af84e9a214e32ca0cd?s=96&d=mm&r=g\",\"caption\":\"contato@revistaregional.com.br\"},\"url\":\"https:\\\/\\\/revistaregional.com.br\\\/site\\\/author\\\/contato@revistaregional.com.br\\\/\"}]}<\/script>\n<!-- \/ Yoast SEO plugin. -->","yoast_head_json":{"title":"Tom Cavalcante estreia show em Salto - Revista Regional","robots":{"index":"index","follow":"follow","max-snippet":"max-snippet:-1","max-image-preview":"max-image-preview:large","max-video-preview":"max-video-preview:-1"},"canonical":"https:\/\/revistaregional.com.br\/site\/2016\/04\/06\/tom-cavalcante-estreia-show-em-salto\/","og_locale":"pt_BR","og_type":"article","og_title":"Tom Cavalcante estreia show em Salto - Revista Regional","og_description":"A Teatro GT traz para a regi\u00e3o, Tom Cavalcante em seu espet\u00e1culo \u201cStomd Up\u201d, com apresenta\u00e7\u00e3o dia 09 de abril, \u00e0s 21h, na Sala Palma de Ouro, em Salto. Sucesso de p\u00fablico, com plateia lotada em todas as suas apresenta\u00e7\u00f5es, Tom trabalha suas cr\u00f4nicas e piadas em cima das atualidades do Brasil e do mundo, [&hellip;]","og_url":"https:\/\/revistaregional.com.br\/site\/2016\/04\/06\/tom-cavalcante-estreia-show-em-salto\/","og_site_name":"Revista Regional","article_published_time":"2016-04-06T18:13:06+00:00","article_modified_time":"2024-01-26T13:59:45+00:00","og_image":[{"width":160,"height":150,"url":"https:\/\/revistaregional.com.br\/site\/wp-content\/uploads\/2016\/07\/tom_cavalcante.jpg","type":"image\/jpeg"}],"author":"contato@revistaregional.com.br","twitter_card":"summary_large_image","twitter_misc":{"Escrito por":"contato@revistaregional.com.br","Est. tempo de leitura":"1 minuto"},"schema":{"@context":"https:\/\/schema.org","@graph":[{"@type":"Article","@id":"https:\/\/revistaregional.com.br\/site\/2016\/04\/06\/tom-cavalcante-estreia-show-em-salto\/#article","isPartOf":{"@id":"https:\/\/revistaregional.com.br\/site\/2016\/04\/06\/tom-cavalcante-estreia-show-em-salto\/"},"author":{"name":"contato@revistaregional.com.br","@id":"https:\/\/revistaregional.com.br\/site\/#\/schema\/person\/382af97c580dc1b18f55107bc316010d"},"headline":"Tom Cavalcante estreia show em Salto","datePublished":"2016-04-06T18:13:06+00:00","dateModified":"2024-01-26T13:59:45+00:00","mainEntityOfPage":{"@id":"https:\/\/revistaregional.com.br\/site\/2016\/04\/06\/tom-cavalcante-estreia-show-em-salto\/"},"wordCount":205,"commentCount":0,"image":{"@id":"https:\/\/revistaregional.com.br\/site\/2016\/04\/06\/tom-cavalcante-estreia-show-em-salto\/#primaryimage"},"thumbnailUrl":"https:\/\/revistaregional.com.br\/site\/wp-content\/uploads\/2016\/07\/tom_cavalcante.jpg","keywords":["Cultura"],"articleSection":["Cultura"],"inLanguage":"pt-BR","potentialAction":[{"@type":"CommentAction","name":"Comment","target":["https:\/\/revistaregional.com.br\/site\/2016\/04\/06\/tom-cavalcante-estreia-show-em-salto\/#respond"]}]},{"@type":"WebPage","@id":"https:\/\/revistaregional.com.br\/site\/2016\/04\/06\/tom-cavalcante-estreia-show-em-salto\/","url":"https:\/\/revistaregional.com.br\/site\/2016\/04\/06\/tom-cavalcante-estreia-show-em-salto\/","name":"Tom Cavalcante estreia show em Salto - Revista Regional","isPartOf":{"@id":"https:\/\/revistaregional.com.br\/site\/#website"},"primaryImageOfPage":{"@id":"https:\/\/revistaregional.com.br\/site\/2016\/04\/06\/tom-cavalcante-estreia-show-em-salto\/#primaryimage"},"image":{"@id":"https:\/\/revistaregional.com.br\/site\/2016\/04\/06\/tom-cavalcante-estreia-show-em-salto\/#primaryimage"},"thumbnailUrl":"https:\/\/revistaregional.com.br\/site\/wp-content\/uploads\/2016\/07\/tom_cavalcante.jpg","datePublished":"2016-04-06T18:13:06+00:00","dateModified":"2024-01-26T13:59:45+00:00","author":{"@id":"https:\/\/revistaregional.com.br\/site\/#\/schema\/person\/382af97c580dc1b18f55107bc316010d"},"breadcrumb":{"@id":"https:\/\/revistaregional.com.br\/site\/2016\/04\/06\/tom-cavalcante-estreia-show-em-salto\/#breadcrumb"},"inLanguage":"pt-BR","potentialAction":[{"@type":"ReadAction","target":["https:\/\/revistaregional.com.br\/site\/2016\/04\/06\/tom-cavalcante-estreia-show-em-salto\/"]}]},{"@type":"ImageObject","inLanguage":"pt-BR","@id":"https:\/\/revistaregional.com.br\/site\/2016\/04\/06\/tom-cavalcante-estreia-show-em-salto\/#primaryimage","url":"https:\/\/revistaregional.com.br\/site\/wp-content\/uploads\/2016\/07\/tom_cavalcante.jpg","contentUrl":"https:\/\/revistaregional.com.br\/site\/wp-content\/uploads\/2016\/07\/tom_cavalcante.jpg","width":160,"height":150},{"@type":"BreadcrumbList","@id":"https:\/\/revistaregional.com.br\/site\/2016\/04\/06\/tom-cavalcante-estreia-show-em-salto\/#breadcrumb","itemListElement":[{"@type":"ListItem","position":1,"name":"In\u00edcio","item":"https:\/\/revistaregional.com.br\/site\/"},{"@type":"ListItem","position":2,"name":"Tom Cavalcante estreia show em Salto"}]},{"@type":"WebSite","@id":"https:\/\/revistaregional.com.br\/site\/#website","url":"https:\/\/revistaregional.com.br\/site\/","name":"Revista Regional","description":"Salto - Itu - Indaituba","potentialAction":[{"@type":"SearchAction","target":{"@type":"EntryPoint","urlTemplate":"https:\/\/revistaregional.com.br\/site\/?s={search_term_string}"},"query-input":{"@type":"PropertyValueSpecification","valueRequired":true,"valueName":"search_term_string"}}],"inLanguage":"pt-BR"},{"@type":"Person","@id":"https:\/\/revistaregional.com.br\/site\/#\/schema\/person\/382af97c580dc1b18f55107bc316010d","name":"contato@revistaregional.com.br","image":{"@type":"ImageObject","inLanguage":"pt-BR","@id":"https:\/\/secure.gravatar.com\/avatar\/869822917e96b2e292d5827e4635855396934485e7c4a0af84e9a214e32ca0cd?s=96&d=mm&r=g","url":"https:\/\/secure.gravatar.com\/avatar\/869822917e96b2e292d5827e4635855396934485e7c4a0af84e9a214e32ca0cd?s=96&d=mm&r=g","contentUrl":"https:\/\/secure.gravatar.com\/avatar\/869822917e96b2e292d5827e4635855396934485e7c4a0af84e9a214e32ca0cd?s=96&d=mm&r=g","caption":"contato@revistaregional.com.br"},"url":"https:\/\/revistaregional.com.br\/site\/author\/contato@revistaregional.com.br\/"}]}},"views":58,"_links":{"self":[{"href":"https:\/\/revistaregional.com.br\/site\/wp-json\/wp\/v2\/posts\/8051","targetHints":{"allow":["GET"]}}],"collection":[{"href":"https:\/\/revistaregional.com.br\/site\/wp-json\/wp\/v2\/posts"}],"about":[{"href":"https:\/\/revistaregional.com.br\/site\/wp-json\/wp\/v2\/types\/post"}],"author":[{"embeddable":true,"href":"https:\/\/revistaregional.com.br\/site\/wp-json\/wp\/v2\/users\/1"}],"replies":[{"embeddable":true,"href":"https:\/\/revistaregional.com.br\/site\/wp-json\/wp\/v2\/comments?post=8051"}],"version-history":[{"count":1,"href":"https:\/\/revistaregional.com.br\/site\/wp-json\/wp\/v2\/posts\/8051\/revisions"}],"predecessor-version":[{"id":11316,"href":"https:\/\/revistaregional.com.br\/site\/wp-json\/wp\/v2\/posts\/8051\/revisions\/11316"}],"wp:featuredmedia":[{"embeddable":true,"href":"https:\/\/revistaregional.com.br\/site\/wp-json\/wp\/v2\/media\/11299"}],"wp:attachment":[{"href":"https:\/\/revistaregional.com.br\/site\/wp-json\/wp\/v2\/media?parent=8051"}],"wp:term":[{"taxonomy":"category","embeddable":true,"href":"https:\/\/revistaregional.com.br\/site\/wp-json\/wp\/v2\/categories?post=8051"},{"taxonomy":"post_tag","embeddable":true,"href":"https:\/\/revistaregional.com.br\/site\/wp-json\/wp\/v2\/tags?post=8051"}],"curies":[{"name":"wp","href":"https:\/\/api.w.org\/{rel}","templated":true}]}}