{"id":7686,"date":"2016-02-12T09:12:18","date_gmt":"2016-02-12T12:12:18","guid":{"rendered":"http:\/\/revistaregional.com.br\/site\/?p=7686"},"modified":"2024-01-26T10:59:54","modified_gmt":"2024-01-26T13:59:54","slug":"teatro-de-salto-tera-show-gratuito","status":"publish","type":"post","link":"https:\/\/revistaregional.com.br\/site\/2016\/02\/12\/teatro-de-salto-tera-show-gratuito\/","title":{"rendered":"Teatro de Salto ter\u00e1 show gratuito"},"content":{"rendered":"<figure id=\"attachment_7687\" aria-describedby=\"caption-attachment-7687\" style=\"width: 384px\" class=\"wp-caption aligncenter\"><a href=\"http:\/\/revistaregional.com.br\/site\/wp-content\/uploads\/2016\/02\/Em-Salto-Sala-Palma-de-Ouro-ter\u00e1-show-gratuito-dia-26.jpg\" rel=\"attachment wp-att-7687\"><img fetchpriority=\"high\" decoding=\"async\" class=\" wp-image-7687 \" src=\"http:\/\/revistaregional.com.br\/site\/wp-content\/uploads\/2016\/02\/Em-Salto-Sala-Palma-de-Ouro-ter\u00e1-show-gratuito-dia-26.jpg\" alt=\"\" width=\"384\" height=\"256\" srcset=\"https:\/\/revistaregional.com.br\/site\/wp-content\/uploads\/2016\/02\/Em-Salto-Sala-Palma-de-Ouro-ter\u00e1-show-gratuito-dia-26.jpg 640w, https:\/\/revistaregional.com.br\/site\/wp-content\/uploads\/2016\/02\/Em-Salto-Sala-Palma-de-Ouro-ter\u00e1-show-gratuito-dia-26-300x200.jpg 300w\" sizes=\"(max-width: 384px) 100vw, 384px\" \/><\/a><figcaption id=\"caption-attachment-7687\" class=\"wp-caption-text\">Grupo que far\u00e1 apresenta\u00e7\u00e3o em homenagem a Elis Regina<\/figcaption><\/figure>\n<p>A Sala Palma de Ouro ter\u00e1 como atra\u00e7\u00e3o no pr\u00f3ximo dia 26 de fevereiro, \u00e0s 20h, o show \u201cSaudade do Brasil\u201d, com entrada gratuita. Apresentado pelo grupo Eliz e Trio, o show leva este nome em homenagem ao disco que Elis Regina lan\u00e7ou no ano de 1980 com m\u00fasicas de diversos compositores brasileiros que marcaram as d\u00e9cadas anteriores. Can\u00e7\u00f5es consagradas s\u00e3o mescladas com a narra\u00e7\u00e3o de breves curiosidades sobre os artistas e a forma apaixonada de ver a vida e a arte, eternizadas na cultura musical brasileira.<\/p>\n<p>O projeto \u201cSaudade do Brasil\u201d \u00e9 produzido atrav\u00e9s do ProAC (Programa de A\u00e7\u00e3o Cultural do Estado de S\u00e3o Paulo) com patroc\u00ednio da Honda e apoio da Prefeitura da Est\u00e2ncia Tur\u00edstica de Salto (por interm\u00e9dio da Secretaria de Cultura).<\/p>\n<p>Al\u00e9m do show, o grupo far\u00e1 tamb\u00e9m na sexta-feira, das 14h \u00e0s 16h, no Audit\u00f3rio Maestro Ga\u00f3, um bate papo com alunos e professores do Conservat\u00f3rio Municipal \u201cMaestro Henrique Castellari\u201d sobre m\u00fasica instrumental brasileira. Deste participar\u00e3o os m\u00fasicos Davi Salgado, Wilian Alberti e Danilo Barbosa.<\/p>\n<p><strong>O grupo<\/strong><\/p>\n<p>Eliz e Trio \u00e9 um grupo musical sumareense composto por Eliz Esmeraldo (vocal), Danilo Barbosa (bateria), Davi Salgado (baixo) e Willian Alberti (piano). No repert\u00f3rio, consagrados compositores como Tom Jobim, Milton Nascimento, Marcos Valle, Gonzaguinha, Baden Powell e Rita Lee embalam a viagem ao que se vivia musicalmente nos grandes centros do Brasil naquela \u00e9poca culturalmente marcante. <strong><\/strong><\/p>\n<p><strong>\u00a0<\/strong><strong>MAIS:\u00a0 <\/strong>O espet\u00e1culo tem entrada gratuita. Assim que a capacidade de lota\u00e7\u00e3o for atingida, n\u00e3o ser permitida a entrada de mais nenhuma pessoa.<strong><em> <\/em><\/strong>A Sala Palma de Ouro \u2013 CEC fica na rua Prudente de Moraes, 580 \u2013 Centro \u2013 Salto. Telefone: (11) 4602-8693<\/p>\n<p><em>foto: Divulga\u00e7\u00e3o<\/em><\/p>\n","protected":false},"excerpt":{"rendered":"<p>A Sala Palma de Ouro ter\u00e1 como atra\u00e7\u00e3o no pr\u00f3ximo dia 26 de fevereiro, \u00e0s 20h, o show \u201cSaudade do Brasil\u201d, com entrada gratuita. Apresentado pelo grupo Eliz e Trio, o show leva este nome em homenagem ao disco que Elis Regina lan\u00e7ou no ano de 1980 com m\u00fasicas de diversos compositores brasileiros que marcaram [&hellip;]<\/p>\n","protected":false},"author":1,"featured_media":7687,"comment_status":"open","ping_status":"open","sticky":false,"template":"","format":"standard","meta":{"_acf_changed":false,"ngg_post_thumbnail":0,"_joinchat":[],"footnotes":""},"categories":[4],"tags":[533],"class_list":["post-7686","post","type-post","status-publish","format-standard","has-post-thumbnail","hentry","category-cultura","tag-cultura"],"acf":[],"yoast_head":"<!-- This site is optimized with the Yoast SEO plugin v27.4 - https:\/\/yoast.com\/product\/yoast-seo-wordpress\/ -->\n<title>Teatro de Salto ter\u00e1 show gratuito - Revista Regional<\/title>\n<meta name=\"robots\" content=\"index, follow, max-snippet:-1, max-image-preview:large, max-video-preview:-1\" \/>\n<link rel=\"canonical\" href=\"https:\/\/revistaregional.com.br\/site\/2016\/02\/12\/teatro-de-salto-tera-show-gratuito\/\" \/>\n<meta property=\"og:locale\" content=\"pt_BR\" \/>\n<meta property=\"og:type\" content=\"article\" \/>\n<meta property=\"og:title\" content=\"Teatro de Salto ter\u00e1 show gratuito - Revista Regional\" \/>\n<meta property=\"og:description\" content=\"A Sala Palma de Ouro ter\u00e1 como atra\u00e7\u00e3o no pr\u00f3ximo dia 26 de fevereiro, \u00e0s 20h, o show \u201cSaudade do Brasil\u201d, com entrada gratuita. Apresentado pelo grupo Eliz e Trio, o show leva este nome em homenagem ao disco que Elis Regina lan\u00e7ou no ano de 1980 com m\u00fasicas de diversos compositores brasileiros que marcaram [&hellip;]\" \/>\n<meta property=\"og:url\" content=\"https:\/\/revistaregional.com.br\/site\/2016\/02\/12\/teatro-de-salto-tera-show-gratuito\/\" \/>\n<meta property=\"og:site_name\" content=\"Revista Regional\" \/>\n<meta property=\"article:published_time\" content=\"2016-02-12T12:12:18+00:00\" \/>\n<meta property=\"article:modified_time\" content=\"2024-01-26T13:59:54+00:00\" \/>\n<meta property=\"og:image\" content=\"https:\/\/revistaregional.com.br\/site\/wp-content\/uploads\/2016\/02\/Em-Salto-Sala-Palma-de-Ouro-ter\u00e1-show-gratuito-dia-26.jpg\" \/>\n\t<meta property=\"og:image:width\" content=\"640\" \/>\n\t<meta property=\"og:image:height\" content=\"427\" \/>\n\t<meta property=\"og:image:type\" content=\"image\/jpeg\" \/>\n<meta name=\"author\" content=\"contato@revistaregional.com.br\" \/>\n<meta name=\"twitter:card\" content=\"summary_large_image\" \/>\n<meta name=\"twitter:label1\" content=\"Escrito por\" \/>\n\t<meta name=\"twitter:data1\" content=\"contato@revistaregional.com.br\" \/>\n\t<meta name=\"twitter:label2\" content=\"Est. tempo de leitura\" \/>\n\t<meta name=\"twitter:data2\" content=\"2 minutos\" \/>\n<script type=\"application\/ld+json\" class=\"yoast-schema-graph\">{\"@context\":\"https:\\\/\\\/schema.org\",\"@graph\":[{\"@type\":\"Article\",\"@id\":\"https:\\\/\\\/revistaregional.com.br\\\/site\\\/2016\\\/02\\\/12\\\/teatro-de-salto-tera-show-gratuito\\\/#article\",\"isPartOf\":{\"@id\":\"https:\\\/\\\/revistaregional.com.br\\\/site\\\/2016\\\/02\\\/12\\\/teatro-de-salto-tera-show-gratuito\\\/\"},\"author\":{\"name\":\"contato@revistaregional.com.br\",\"@id\":\"https:\\\/\\\/revistaregional.com.br\\\/site\\\/#\\\/schema\\\/person\\\/382af97c580dc1b18f55107bc316010d\"},\"headline\":\"Teatro de Salto ter\u00e1 show gratuito\",\"datePublished\":\"2016-02-12T12:12:18+00:00\",\"dateModified\":\"2024-01-26T13:59:54+00:00\",\"mainEntityOfPage\":{\"@id\":\"https:\\\/\\\/revistaregional.com.br\\\/site\\\/2016\\\/02\\\/12\\\/teatro-de-salto-tera-show-gratuito\\\/\"},\"wordCount\":316,\"commentCount\":0,\"image\":{\"@id\":\"https:\\\/\\\/revistaregional.com.br\\\/site\\\/2016\\\/02\\\/12\\\/teatro-de-salto-tera-show-gratuito\\\/#primaryimage\"},\"thumbnailUrl\":\"https:\\\/\\\/revistaregional.com.br\\\/site\\\/wp-content\\\/uploads\\\/2016\\\/02\\\/Em-Salto-Sala-Palma-de-Ouro-ter\u00e1-show-gratuito-dia-26.jpg\",\"keywords\":[\"Cultura\"],\"articleSection\":[\"Cultura\"],\"inLanguage\":\"pt-BR\",\"potentialAction\":[{\"@type\":\"CommentAction\",\"name\":\"Comment\",\"target\":[\"https:\\\/\\\/revistaregional.com.br\\\/site\\\/2016\\\/02\\\/12\\\/teatro-de-salto-tera-show-gratuito\\\/#respond\"]}]},{\"@type\":\"WebPage\",\"@id\":\"https:\\\/\\\/revistaregional.com.br\\\/site\\\/2016\\\/02\\\/12\\\/teatro-de-salto-tera-show-gratuito\\\/\",\"url\":\"https:\\\/\\\/revistaregional.com.br\\\/site\\\/2016\\\/02\\\/12\\\/teatro-de-salto-tera-show-gratuito\\\/\",\"name\":\"Teatro de Salto ter\u00e1 show gratuito - Revista Regional\",\"isPartOf\":{\"@id\":\"https:\\\/\\\/revistaregional.com.br\\\/site\\\/#website\"},\"primaryImageOfPage\":{\"@id\":\"https:\\\/\\\/revistaregional.com.br\\\/site\\\/2016\\\/02\\\/12\\\/teatro-de-salto-tera-show-gratuito\\\/#primaryimage\"},\"image\":{\"@id\":\"https:\\\/\\\/revistaregional.com.br\\\/site\\\/2016\\\/02\\\/12\\\/teatro-de-salto-tera-show-gratuito\\\/#primaryimage\"},\"thumbnailUrl\":\"https:\\\/\\\/revistaregional.com.br\\\/site\\\/wp-content\\\/uploads\\\/2016\\\/02\\\/Em-Salto-Sala-Palma-de-Ouro-ter\u00e1-show-gratuito-dia-26.jpg\",\"datePublished\":\"2016-02-12T12:12:18+00:00\",\"dateModified\":\"2024-01-26T13:59:54+00:00\",\"author\":{\"@id\":\"https:\\\/\\\/revistaregional.com.br\\\/site\\\/#\\\/schema\\\/person\\\/382af97c580dc1b18f55107bc316010d\"},\"breadcrumb\":{\"@id\":\"https:\\\/\\\/revistaregional.com.br\\\/site\\\/2016\\\/02\\\/12\\\/teatro-de-salto-tera-show-gratuito\\\/#breadcrumb\"},\"inLanguage\":\"pt-BR\",\"potentialAction\":[{\"@type\":\"ReadAction\",\"target\":[\"https:\\\/\\\/revistaregional.com.br\\\/site\\\/2016\\\/02\\\/12\\\/teatro-de-salto-tera-show-gratuito\\\/\"]}]},{\"@type\":\"ImageObject\",\"inLanguage\":\"pt-BR\",\"@id\":\"https:\\\/\\\/revistaregional.com.br\\\/site\\\/2016\\\/02\\\/12\\\/teatro-de-salto-tera-show-gratuito\\\/#primaryimage\",\"url\":\"https:\\\/\\\/revistaregional.com.br\\\/site\\\/wp-content\\\/uploads\\\/2016\\\/02\\\/Em-Salto-Sala-Palma-de-Ouro-ter\u00e1-show-gratuito-dia-26.jpg\",\"contentUrl\":\"https:\\\/\\\/revistaregional.com.br\\\/site\\\/wp-content\\\/uploads\\\/2016\\\/02\\\/Em-Salto-Sala-Palma-de-Ouro-ter\u00e1-show-gratuito-dia-26.jpg\",\"width\":\"640\",\"height\":\"427\",\"caption\":\"Grupo que far\u00e1 apresenta\u00e7\u00e3o em homenagem a Elis Regina\"},{\"@type\":\"BreadcrumbList\",\"@id\":\"https:\\\/\\\/revistaregional.com.br\\\/site\\\/2016\\\/02\\\/12\\\/teatro-de-salto-tera-show-gratuito\\\/#breadcrumb\",\"itemListElement\":[{\"@type\":\"ListItem\",\"position\":1,\"name\":\"In\u00edcio\",\"item\":\"https:\\\/\\\/revistaregional.com.br\\\/site\\\/\"},{\"@type\":\"ListItem\",\"position\":2,\"name\":\"Teatro de Salto ter\u00e1 show gratuito\"}]},{\"@type\":\"WebSite\",\"@id\":\"https:\\\/\\\/revistaregional.com.br\\\/site\\\/#website\",\"url\":\"https:\\\/\\\/revistaregional.com.br\\\/site\\\/\",\"name\":\"Revista Regional\",\"description\":\"Salto - Itu - Indaituba\",\"potentialAction\":[{\"@type\":\"SearchAction\",\"target\":{\"@type\":\"EntryPoint\",\"urlTemplate\":\"https:\\\/\\\/revistaregional.com.br\\\/site\\\/?s={search_term_string}\"},\"query-input\":{\"@type\":\"PropertyValueSpecification\",\"valueRequired\":true,\"valueName\":\"search_term_string\"}}],\"inLanguage\":\"pt-BR\"},{\"@type\":\"Person\",\"@id\":\"https:\\\/\\\/revistaregional.com.br\\\/site\\\/#\\\/schema\\\/person\\\/382af97c580dc1b18f55107bc316010d\",\"name\":\"contato@revistaregional.com.br\",\"image\":{\"@type\":\"ImageObject\",\"inLanguage\":\"pt-BR\",\"@id\":\"https:\\\/\\\/secure.gravatar.com\\\/avatar\\\/869822917e96b2e292d5827e4635855396934485e7c4a0af84e9a214e32ca0cd?s=96&d=mm&r=g\",\"url\":\"https:\\\/\\\/secure.gravatar.com\\\/avatar\\\/869822917e96b2e292d5827e4635855396934485e7c4a0af84e9a214e32ca0cd?s=96&d=mm&r=g\",\"contentUrl\":\"https:\\\/\\\/secure.gravatar.com\\\/avatar\\\/869822917e96b2e292d5827e4635855396934485e7c4a0af84e9a214e32ca0cd?s=96&d=mm&r=g\",\"caption\":\"contato@revistaregional.com.br\"},\"url\":\"https:\\\/\\\/revistaregional.com.br\\\/site\\\/author\\\/contato@revistaregional.com.br\\\/\"}]}<\/script>\n<!-- \/ Yoast SEO plugin. -->","yoast_head_json":{"title":"Teatro de Salto ter\u00e1 show gratuito - Revista Regional","robots":{"index":"index","follow":"follow","max-snippet":"max-snippet:-1","max-image-preview":"max-image-preview:large","max-video-preview":"max-video-preview:-1"},"canonical":"https:\/\/revistaregional.com.br\/site\/2016\/02\/12\/teatro-de-salto-tera-show-gratuito\/","og_locale":"pt_BR","og_type":"article","og_title":"Teatro de Salto ter\u00e1 show gratuito - Revista Regional","og_description":"A Sala Palma de Ouro ter\u00e1 como atra\u00e7\u00e3o no pr\u00f3ximo dia 26 de fevereiro, \u00e0s 20h, o show \u201cSaudade do Brasil\u201d, com entrada gratuita. Apresentado pelo grupo Eliz e Trio, o show leva este nome em homenagem ao disco que Elis Regina lan\u00e7ou no ano de 1980 com m\u00fasicas de diversos compositores brasileiros que marcaram [&hellip;]","og_url":"https:\/\/revistaregional.com.br\/site\/2016\/02\/12\/teatro-de-salto-tera-show-gratuito\/","og_site_name":"Revista Regional","article_published_time":"2016-02-12T12:12:18+00:00","article_modified_time":"2024-01-26T13:59:54+00:00","og_image":[{"width":640,"height":427,"url":"https:\/\/revistaregional.com.br\/site\/wp-content\/uploads\/2016\/02\/Em-Salto-Sala-Palma-de-Ouro-ter\u00e1-show-gratuito-dia-26.jpg","type":"image\/jpeg"}],"author":"contato@revistaregional.com.br","twitter_card":"summary_large_image","twitter_misc":{"Escrito por":"contato@revistaregional.com.br","Est. tempo de leitura":"2 minutos"},"schema":{"@context":"https:\/\/schema.org","@graph":[{"@type":"Article","@id":"https:\/\/revistaregional.com.br\/site\/2016\/02\/12\/teatro-de-salto-tera-show-gratuito\/#article","isPartOf":{"@id":"https:\/\/revistaregional.com.br\/site\/2016\/02\/12\/teatro-de-salto-tera-show-gratuito\/"},"author":{"name":"contato@revistaregional.com.br","@id":"https:\/\/revistaregional.com.br\/site\/#\/schema\/person\/382af97c580dc1b18f55107bc316010d"},"headline":"Teatro de Salto ter\u00e1 show gratuito","datePublished":"2016-02-12T12:12:18+00:00","dateModified":"2024-01-26T13:59:54+00:00","mainEntityOfPage":{"@id":"https:\/\/revistaregional.com.br\/site\/2016\/02\/12\/teatro-de-salto-tera-show-gratuito\/"},"wordCount":316,"commentCount":0,"image":{"@id":"https:\/\/revistaregional.com.br\/site\/2016\/02\/12\/teatro-de-salto-tera-show-gratuito\/#primaryimage"},"thumbnailUrl":"https:\/\/revistaregional.com.br\/site\/wp-content\/uploads\/2016\/02\/Em-Salto-Sala-Palma-de-Ouro-ter\u00e1-show-gratuito-dia-26.jpg","keywords":["Cultura"],"articleSection":["Cultura"],"inLanguage":"pt-BR","potentialAction":[{"@type":"CommentAction","name":"Comment","target":["https:\/\/revistaregional.com.br\/site\/2016\/02\/12\/teatro-de-salto-tera-show-gratuito\/#respond"]}]},{"@type":"WebPage","@id":"https:\/\/revistaregional.com.br\/site\/2016\/02\/12\/teatro-de-salto-tera-show-gratuito\/","url":"https:\/\/revistaregional.com.br\/site\/2016\/02\/12\/teatro-de-salto-tera-show-gratuito\/","name":"Teatro de Salto ter\u00e1 show gratuito - Revista Regional","isPartOf":{"@id":"https:\/\/revistaregional.com.br\/site\/#website"},"primaryImageOfPage":{"@id":"https:\/\/revistaregional.com.br\/site\/2016\/02\/12\/teatro-de-salto-tera-show-gratuito\/#primaryimage"},"image":{"@id":"https:\/\/revistaregional.com.br\/site\/2016\/02\/12\/teatro-de-salto-tera-show-gratuito\/#primaryimage"},"thumbnailUrl":"https:\/\/revistaregional.com.br\/site\/wp-content\/uploads\/2016\/02\/Em-Salto-Sala-Palma-de-Ouro-ter\u00e1-show-gratuito-dia-26.jpg","datePublished":"2016-02-12T12:12:18+00:00","dateModified":"2024-01-26T13:59:54+00:00","author":{"@id":"https:\/\/revistaregional.com.br\/site\/#\/schema\/person\/382af97c580dc1b18f55107bc316010d"},"breadcrumb":{"@id":"https:\/\/revistaregional.com.br\/site\/2016\/02\/12\/teatro-de-salto-tera-show-gratuito\/#breadcrumb"},"inLanguage":"pt-BR","potentialAction":[{"@type":"ReadAction","target":["https:\/\/revistaregional.com.br\/site\/2016\/02\/12\/teatro-de-salto-tera-show-gratuito\/"]}]},{"@type":"ImageObject","inLanguage":"pt-BR","@id":"https:\/\/revistaregional.com.br\/site\/2016\/02\/12\/teatro-de-salto-tera-show-gratuito\/#primaryimage","url":"https:\/\/revistaregional.com.br\/site\/wp-content\/uploads\/2016\/02\/Em-Salto-Sala-Palma-de-Ouro-ter\u00e1-show-gratuito-dia-26.jpg","contentUrl":"https:\/\/revistaregional.com.br\/site\/wp-content\/uploads\/2016\/02\/Em-Salto-Sala-Palma-de-Ouro-ter\u00e1-show-gratuito-dia-26.jpg","width":"640","height":"427","caption":"Grupo que far\u00e1 apresenta\u00e7\u00e3o em homenagem a Elis Regina"},{"@type":"BreadcrumbList","@id":"https:\/\/revistaregional.com.br\/site\/2016\/02\/12\/teatro-de-salto-tera-show-gratuito\/#breadcrumb","itemListElement":[{"@type":"ListItem","position":1,"name":"In\u00edcio","item":"https:\/\/revistaregional.com.br\/site\/"},{"@type":"ListItem","position":2,"name":"Teatro de Salto ter\u00e1 show gratuito"}]},{"@type":"WebSite","@id":"https:\/\/revistaregional.com.br\/site\/#website","url":"https:\/\/revistaregional.com.br\/site\/","name":"Revista Regional","description":"Salto - Itu - Indaituba","potentialAction":[{"@type":"SearchAction","target":{"@type":"EntryPoint","urlTemplate":"https:\/\/revistaregional.com.br\/site\/?s={search_term_string}"},"query-input":{"@type":"PropertyValueSpecification","valueRequired":true,"valueName":"search_term_string"}}],"inLanguage":"pt-BR"},{"@type":"Person","@id":"https:\/\/revistaregional.com.br\/site\/#\/schema\/person\/382af97c580dc1b18f55107bc316010d","name":"contato@revistaregional.com.br","image":{"@type":"ImageObject","inLanguage":"pt-BR","@id":"https:\/\/secure.gravatar.com\/avatar\/869822917e96b2e292d5827e4635855396934485e7c4a0af84e9a214e32ca0cd?s=96&d=mm&r=g","url":"https:\/\/secure.gravatar.com\/avatar\/869822917e96b2e292d5827e4635855396934485e7c4a0af84e9a214e32ca0cd?s=96&d=mm&r=g","contentUrl":"https:\/\/secure.gravatar.com\/avatar\/869822917e96b2e292d5827e4635855396934485e7c4a0af84e9a214e32ca0cd?s=96&d=mm&r=g","caption":"contato@revistaregional.com.br"},"url":"https:\/\/revistaregional.com.br\/site\/author\/contato@revistaregional.com.br\/"}]}},"views":31,"_links":{"self":[{"href":"https:\/\/revistaregional.com.br\/site\/wp-json\/wp\/v2\/posts\/7686","targetHints":{"allow":["GET"]}}],"collection":[{"href":"https:\/\/revistaregional.com.br\/site\/wp-json\/wp\/v2\/posts"}],"about":[{"href":"https:\/\/revistaregional.com.br\/site\/wp-json\/wp\/v2\/types\/post"}],"author":[{"embeddable":true,"href":"https:\/\/revistaregional.com.br\/site\/wp-json\/wp\/v2\/users\/1"}],"replies":[{"embeddable":true,"href":"https:\/\/revistaregional.com.br\/site\/wp-json\/wp\/v2\/comments?post=7686"}],"version-history":[{"count":3,"href":"https:\/\/revistaregional.com.br\/site\/wp-json\/wp\/v2\/posts\/7686\/revisions"}],"predecessor-version":[{"id":32500,"href":"https:\/\/revistaregional.com.br\/site\/wp-json\/wp\/v2\/posts\/7686\/revisions\/32500"}],"wp:featuredmedia":[{"embeddable":true,"href":"https:\/\/revistaregional.com.br\/site\/wp-json\/wp\/v2\/media\/7687"}],"wp:attachment":[{"href":"https:\/\/revistaregional.com.br\/site\/wp-json\/wp\/v2\/media?parent=7686"}],"wp:term":[{"taxonomy":"category","embeddable":true,"href":"https:\/\/revistaregional.com.br\/site\/wp-json\/wp\/v2\/categories?post=7686"},{"taxonomy":"post_tag","embeddable":true,"href":"https:\/\/revistaregional.com.br\/site\/wp-json\/wp\/v2\/tags?post=7686"}],"curies":[{"name":"wp","href":"https:\/\/api.w.org\/{rel}","templated":true}]}}