{"id":7681,"date":"2016-02-11T14:55:21","date_gmt":"2016-02-11T17:55:21","guid":{"rendered":"http:\/\/revistaregional.com.br\/site\/?p=7681"},"modified":"2024-01-26T10:59:55","modified_gmt":"2024-01-26T13:59:55","slug":"matheus-ceara-faz-show-em-salto","status":"publish","type":"post","link":"https:\/\/revistaregional.com.br\/site\/2016\/02\/11\/matheus-ceara-faz-show-em-salto\/","title":{"rendered":"Matheus Cear\u00e1 faz show em Salto"},"content":{"rendered":"<figure id=\"attachment_7682\" aria-describedby=\"caption-attachment-7682\" style=\"width: 384px\" class=\"wp-caption aligncenter\"><a href=\"http:\/\/revistaregional.com.br\/site\/wp-content\/uploads\/2016\/02\/Matheus-Cear\u00e1-apresentar\u00e1-show-de-piadas-na-Sala-Palma-de-Ouro.jpg\" rel=\"attachment wp-att-7682\"><img fetchpriority=\"high\" decoding=\"async\" class=\" wp-image-7682 \" src=\"http:\/\/revistaregional.com.br\/site\/wp-content\/uploads\/2016\/02\/Matheus-Cear\u00e1-apresentar\u00e1-show-de-piadas-na-Sala-Palma-de-Ouro.jpg\" alt=\"\" width=\"384\" height=\"256\" srcset=\"https:\/\/revistaregional.com.br\/site\/wp-content\/uploads\/2016\/02\/Matheus-Cear\u00e1-apresentar\u00e1-show-de-piadas-na-Sala-Palma-de-Ouro.jpg 640w, https:\/\/revistaregional.com.br\/site\/wp-content\/uploads\/2016\/02\/Matheus-Cear\u00e1-apresentar\u00e1-show-de-piadas-na-Sala-Palma-de-Ouro-300x200.jpg 300w\" sizes=\"(max-width: 384px) 100vw, 384px\" \/><\/a><figcaption id=\"caption-attachment-7682\" class=\"wp-caption-text\">Matheus Cear\u00e1 estar\u00e1 na regi\u00e3o para um \u201cshow de piadas\u201d<\/figcaption><\/figure>\n<p>No pr\u00f3ximo dia 27 de fevereiro, s\u00e1bado, \u00e0s 21h, o humorista Matheus Cear\u00e1, sucesso da \u201cA Pra\u00e7a \u00c9 Nossa\u201d, apresentar\u00e1 na Sala Palma de Ouro de Salto, seu novo show de piadas: \u201cMatheus Cear\u00e1, in\u00e9dito para quem nunca viu!\u201d.<\/p>\n<p>No espet\u00e1culo, Matheus, o t\u00edpico matuto do nordeste que conquistou a simpatia dos brasileiros com o bom humor que encara os causos e desgra\u00e7as de seu cotidiano, contar\u00e1 tamb\u00e9m as hist\u00f3rias que viveu e ouviu nas muitas viagens que tem feito pelo Brasil.<\/p>\n<p>Matheus Martone nasceu em Fortaleza, no Cear\u00e1, da\u00ed o apelido de inf\u00e2ncia. Aos oito anos, mudou-se para o Interior de S\u00e3o Paulo, onde come\u00e7ou a imitar os amigos e professores da escola. Percebendo o seu potencial para a carreira art\u00edstica, Matheus lan\u00e7ou, aos 14 anos, seu primeiro show de piadas, &#8220;A Boca do Riso&#8221;. Como tinha vergonha de subir ao palco de cara limpa, adotou a indument\u00e1ria comum do caipira nordestino, surgindo, assim, o personagem Matheus Cear\u00e1. Com ele, venceu, em 2010, o quadro &#8220;Quem chega l\u00e1&#8221;, do &#8220;Doming\u00e3o do Faust\u00e3o&#8221;, na Rede Globo, onde foi tamb\u00e9m homenageado no quadro &#8220;Arquivo Confidencial&#8221;. H\u00e1 quatro anos ele \u00e9 um dos personagens mais queridos do programa &#8220;A Pra\u00e7a \u00e9 Nossa&#8221;, do SBT, onde \u00e9 respons\u00e1vel por alguns dos picos de audi\u00eancia do semanal.<\/p>\n<p><strong>\u00a0<\/strong><strong>MAIS: <\/strong>Os ingressos do espet\u00e1culo est\u00e3o \u00e0 venda na bilheteria do teatro por R$ 60,00 (inteira) e R$ 30,00 (meia e promocional \u2013 b\u00f4nus). A Sala Palma de Ouro \u2013 CEC fica na rua Prudente de Moraes, 580 \u2013 Centro \u2013 Salto. Telefone: (11) 4602-8693.<\/p>\n<p><em>\u00a0foto: Divulga\u00e7\u00e3o<\/em><\/p>\n","protected":false},"excerpt":{"rendered":"<p>No pr\u00f3ximo dia 27 de fevereiro, s\u00e1bado, \u00e0s 21h, o humorista Matheus Cear\u00e1, sucesso da \u201cA Pra\u00e7a \u00c9 Nossa\u201d, apresentar\u00e1 na Sala Palma de Ouro de Salto, seu novo show de piadas: \u201cMatheus Cear\u00e1, in\u00e9dito para quem nunca viu!\u201d. No espet\u00e1culo, Matheus, o t\u00edpico matuto do nordeste que conquistou a simpatia dos brasileiros com o [&hellip;]<\/p>\n","protected":false},"author":1,"featured_media":7682,"comment_status":"open","ping_status":"open","sticky":false,"template":"","format":"standard","meta":{"_acf_changed":false,"ngg_post_thumbnail":0,"_joinchat":[],"footnotes":""},"categories":[4],"tags":[533],"class_list":["post-7681","post","type-post","status-publish","format-standard","has-post-thumbnail","hentry","category-cultura","tag-cultura"],"acf":[],"yoast_head":"<!-- This site is optimized with the Yoast SEO plugin v27.4 - https:\/\/yoast.com\/product\/yoast-seo-wordpress\/ -->\n<title>Matheus Cear\u00e1 faz show em Salto - Revista Regional<\/title>\n<meta name=\"robots\" content=\"index, follow, max-snippet:-1, max-image-preview:large, max-video-preview:-1\" \/>\n<link rel=\"canonical\" href=\"https:\/\/revistaregional.com.br\/site\/2016\/02\/11\/matheus-ceara-faz-show-em-salto\/\" \/>\n<meta property=\"og:locale\" content=\"pt_BR\" \/>\n<meta property=\"og:type\" content=\"article\" \/>\n<meta property=\"og:title\" content=\"Matheus Cear\u00e1 faz show em Salto - Revista Regional\" \/>\n<meta property=\"og:description\" content=\"No pr\u00f3ximo dia 27 de fevereiro, s\u00e1bado, \u00e0s 21h, o humorista Matheus Cear\u00e1, sucesso da \u201cA Pra\u00e7a \u00c9 Nossa\u201d, apresentar\u00e1 na Sala Palma de Ouro de Salto, seu novo show de piadas: \u201cMatheus Cear\u00e1, in\u00e9dito para quem nunca viu!\u201d. No espet\u00e1culo, Matheus, o t\u00edpico matuto do nordeste que conquistou a simpatia dos brasileiros com o [&hellip;]\" \/>\n<meta property=\"og:url\" content=\"https:\/\/revistaregional.com.br\/site\/2016\/02\/11\/matheus-ceara-faz-show-em-salto\/\" \/>\n<meta property=\"og:site_name\" content=\"Revista Regional\" \/>\n<meta property=\"article:published_time\" content=\"2016-02-11T17:55:21+00:00\" \/>\n<meta property=\"article:modified_time\" content=\"2024-01-26T13:59:55+00:00\" \/>\n<meta property=\"og:image\" content=\"https:\/\/revistaregional.com.br\/site\/wp-content\/uploads\/2016\/02\/Matheus-Cear\u00e1-apresentar\u00e1-show-de-piadas-na-Sala-Palma-de-Ouro.jpg\" \/>\n\t<meta property=\"og:image:width\" content=\"640\" \/>\n\t<meta property=\"og:image:height\" content=\"427\" \/>\n\t<meta property=\"og:image:type\" content=\"image\/jpeg\" \/>\n<meta name=\"author\" content=\"contato@revistaregional.com.br\" \/>\n<meta name=\"twitter:card\" content=\"summary_large_image\" \/>\n<meta name=\"twitter:label1\" content=\"Escrito por\" \/>\n\t<meta name=\"twitter:data1\" content=\"contato@revistaregional.com.br\" \/>\n\t<meta name=\"twitter:label2\" content=\"Est. tempo de leitura\" \/>\n\t<meta name=\"twitter:data2\" content=\"1 minuto\" \/>\n<script type=\"application\/ld+json\" class=\"yoast-schema-graph\">{\"@context\":\"https:\\\/\\\/schema.org\",\"@graph\":[{\"@type\":\"Article\",\"@id\":\"https:\\\/\\\/revistaregional.com.br\\\/site\\\/2016\\\/02\\\/11\\\/matheus-ceara-faz-show-em-salto\\\/#article\",\"isPartOf\":{\"@id\":\"https:\\\/\\\/revistaregional.com.br\\\/site\\\/2016\\\/02\\\/11\\\/matheus-ceara-faz-show-em-salto\\\/\"},\"author\":{\"name\":\"contato@revistaregional.com.br\",\"@id\":\"https:\\\/\\\/revistaregional.com.br\\\/site\\\/#\\\/schema\\\/person\\\/382af97c580dc1b18f55107bc316010d\"},\"headline\":\"Matheus Cear\u00e1 faz show em Salto\",\"datePublished\":\"2016-02-11T17:55:21+00:00\",\"dateModified\":\"2024-01-26T13:59:55+00:00\",\"mainEntityOfPage\":{\"@id\":\"https:\\\/\\\/revistaregional.com.br\\\/site\\\/2016\\\/02\\\/11\\\/matheus-ceara-faz-show-em-salto\\\/\"},\"wordCount\":293,\"commentCount\":0,\"image\":{\"@id\":\"https:\\\/\\\/revistaregional.com.br\\\/site\\\/2016\\\/02\\\/11\\\/matheus-ceara-faz-show-em-salto\\\/#primaryimage\"},\"thumbnailUrl\":\"https:\\\/\\\/revistaregional.com.br\\\/site\\\/wp-content\\\/uploads\\\/2016\\\/02\\\/Matheus-Cear\u00e1-apresentar\u00e1-show-de-piadas-na-Sala-Palma-de-Ouro.jpg\",\"keywords\":[\"Cultura\"],\"articleSection\":[\"Cultura\"],\"inLanguage\":\"pt-BR\",\"potentialAction\":[{\"@type\":\"CommentAction\",\"name\":\"Comment\",\"target\":[\"https:\\\/\\\/revistaregional.com.br\\\/site\\\/2016\\\/02\\\/11\\\/matheus-ceara-faz-show-em-salto\\\/#respond\"]}]},{\"@type\":\"WebPage\",\"@id\":\"https:\\\/\\\/revistaregional.com.br\\\/site\\\/2016\\\/02\\\/11\\\/matheus-ceara-faz-show-em-salto\\\/\",\"url\":\"https:\\\/\\\/revistaregional.com.br\\\/site\\\/2016\\\/02\\\/11\\\/matheus-ceara-faz-show-em-salto\\\/\",\"name\":\"Matheus Cear\u00e1 faz show em Salto - Revista Regional\",\"isPartOf\":{\"@id\":\"https:\\\/\\\/revistaregional.com.br\\\/site\\\/#website\"},\"primaryImageOfPage\":{\"@id\":\"https:\\\/\\\/revistaregional.com.br\\\/site\\\/2016\\\/02\\\/11\\\/matheus-ceara-faz-show-em-salto\\\/#primaryimage\"},\"image\":{\"@id\":\"https:\\\/\\\/revistaregional.com.br\\\/site\\\/2016\\\/02\\\/11\\\/matheus-ceara-faz-show-em-salto\\\/#primaryimage\"},\"thumbnailUrl\":\"https:\\\/\\\/revistaregional.com.br\\\/site\\\/wp-content\\\/uploads\\\/2016\\\/02\\\/Matheus-Cear\u00e1-apresentar\u00e1-show-de-piadas-na-Sala-Palma-de-Ouro.jpg\",\"datePublished\":\"2016-02-11T17:55:21+00:00\",\"dateModified\":\"2024-01-26T13:59:55+00:00\",\"author\":{\"@id\":\"https:\\\/\\\/revistaregional.com.br\\\/site\\\/#\\\/schema\\\/person\\\/382af97c580dc1b18f55107bc316010d\"},\"breadcrumb\":{\"@id\":\"https:\\\/\\\/revistaregional.com.br\\\/site\\\/2016\\\/02\\\/11\\\/matheus-ceara-faz-show-em-salto\\\/#breadcrumb\"},\"inLanguage\":\"pt-BR\",\"potentialAction\":[{\"@type\":\"ReadAction\",\"target\":[\"https:\\\/\\\/revistaregional.com.br\\\/site\\\/2016\\\/02\\\/11\\\/matheus-ceara-faz-show-em-salto\\\/\"]}]},{\"@type\":\"ImageObject\",\"inLanguage\":\"pt-BR\",\"@id\":\"https:\\\/\\\/revistaregional.com.br\\\/site\\\/2016\\\/02\\\/11\\\/matheus-ceara-faz-show-em-salto\\\/#primaryimage\",\"url\":\"https:\\\/\\\/revistaregional.com.br\\\/site\\\/wp-content\\\/uploads\\\/2016\\\/02\\\/Matheus-Cear\u00e1-apresentar\u00e1-show-de-piadas-na-Sala-Palma-de-Ouro.jpg\",\"contentUrl\":\"https:\\\/\\\/revistaregional.com.br\\\/site\\\/wp-content\\\/uploads\\\/2016\\\/02\\\/Matheus-Cear\u00e1-apresentar\u00e1-show-de-piadas-na-Sala-Palma-de-Ouro.jpg\",\"width\":\"640\",\"height\":\"427\",\"caption\":\"Matheus Cear\u00e1 estar\u00e1 na regi\u00e3o para um \u201cshow de piadas\u201d\"},{\"@type\":\"BreadcrumbList\",\"@id\":\"https:\\\/\\\/revistaregional.com.br\\\/site\\\/2016\\\/02\\\/11\\\/matheus-ceara-faz-show-em-salto\\\/#breadcrumb\",\"itemListElement\":[{\"@type\":\"ListItem\",\"position\":1,\"name\":\"In\u00edcio\",\"item\":\"https:\\\/\\\/revistaregional.com.br\\\/site\\\/\"},{\"@type\":\"ListItem\",\"position\":2,\"name\":\"Matheus Cear\u00e1 faz show em Salto\"}]},{\"@type\":\"WebSite\",\"@id\":\"https:\\\/\\\/revistaregional.com.br\\\/site\\\/#website\",\"url\":\"https:\\\/\\\/revistaregional.com.br\\\/site\\\/\",\"name\":\"Revista Regional\",\"description\":\"Salto - Itu - Indaituba\",\"potentialAction\":[{\"@type\":\"SearchAction\",\"target\":{\"@type\":\"EntryPoint\",\"urlTemplate\":\"https:\\\/\\\/revistaregional.com.br\\\/site\\\/?s={search_term_string}\"},\"query-input\":{\"@type\":\"PropertyValueSpecification\",\"valueRequired\":true,\"valueName\":\"search_term_string\"}}],\"inLanguage\":\"pt-BR\"},{\"@type\":\"Person\",\"@id\":\"https:\\\/\\\/revistaregional.com.br\\\/site\\\/#\\\/schema\\\/person\\\/382af97c580dc1b18f55107bc316010d\",\"name\":\"contato@revistaregional.com.br\",\"image\":{\"@type\":\"ImageObject\",\"inLanguage\":\"pt-BR\",\"@id\":\"https:\\\/\\\/secure.gravatar.com\\\/avatar\\\/869822917e96b2e292d5827e4635855396934485e7c4a0af84e9a214e32ca0cd?s=96&d=mm&r=g\",\"url\":\"https:\\\/\\\/secure.gravatar.com\\\/avatar\\\/869822917e96b2e292d5827e4635855396934485e7c4a0af84e9a214e32ca0cd?s=96&d=mm&r=g\",\"contentUrl\":\"https:\\\/\\\/secure.gravatar.com\\\/avatar\\\/869822917e96b2e292d5827e4635855396934485e7c4a0af84e9a214e32ca0cd?s=96&d=mm&r=g\",\"caption\":\"contato@revistaregional.com.br\"},\"url\":\"https:\\\/\\\/revistaregional.com.br\\\/site\\\/author\\\/contato@revistaregional.com.br\\\/\"}]}<\/script>\n<!-- \/ Yoast SEO plugin. -->","yoast_head_json":{"title":"Matheus Cear\u00e1 faz show em Salto - Revista Regional","robots":{"index":"index","follow":"follow","max-snippet":"max-snippet:-1","max-image-preview":"max-image-preview:large","max-video-preview":"max-video-preview:-1"},"canonical":"https:\/\/revistaregional.com.br\/site\/2016\/02\/11\/matheus-ceara-faz-show-em-salto\/","og_locale":"pt_BR","og_type":"article","og_title":"Matheus Cear\u00e1 faz show em Salto - Revista Regional","og_description":"No pr\u00f3ximo dia 27 de fevereiro, s\u00e1bado, \u00e0s 21h, o humorista Matheus Cear\u00e1, sucesso da \u201cA Pra\u00e7a \u00c9 Nossa\u201d, apresentar\u00e1 na Sala Palma de Ouro de Salto, seu novo show de piadas: \u201cMatheus Cear\u00e1, in\u00e9dito para quem nunca viu!\u201d. No espet\u00e1culo, Matheus, o t\u00edpico matuto do nordeste que conquistou a simpatia dos brasileiros com o [&hellip;]","og_url":"https:\/\/revistaregional.com.br\/site\/2016\/02\/11\/matheus-ceara-faz-show-em-salto\/","og_site_name":"Revista Regional","article_published_time":"2016-02-11T17:55:21+00:00","article_modified_time":"2024-01-26T13:59:55+00:00","og_image":[{"width":640,"height":427,"url":"https:\/\/revistaregional.com.br\/site\/wp-content\/uploads\/2016\/02\/Matheus-Cear\u00e1-apresentar\u00e1-show-de-piadas-na-Sala-Palma-de-Ouro.jpg","type":"image\/jpeg"}],"author":"contato@revistaregional.com.br","twitter_card":"summary_large_image","twitter_misc":{"Escrito por":"contato@revistaregional.com.br","Est. tempo de leitura":"1 minuto"},"schema":{"@context":"https:\/\/schema.org","@graph":[{"@type":"Article","@id":"https:\/\/revistaregional.com.br\/site\/2016\/02\/11\/matheus-ceara-faz-show-em-salto\/#article","isPartOf":{"@id":"https:\/\/revistaregional.com.br\/site\/2016\/02\/11\/matheus-ceara-faz-show-em-salto\/"},"author":{"name":"contato@revistaregional.com.br","@id":"https:\/\/revistaregional.com.br\/site\/#\/schema\/person\/382af97c580dc1b18f55107bc316010d"},"headline":"Matheus Cear\u00e1 faz show em Salto","datePublished":"2016-02-11T17:55:21+00:00","dateModified":"2024-01-26T13:59:55+00:00","mainEntityOfPage":{"@id":"https:\/\/revistaregional.com.br\/site\/2016\/02\/11\/matheus-ceara-faz-show-em-salto\/"},"wordCount":293,"commentCount":0,"image":{"@id":"https:\/\/revistaregional.com.br\/site\/2016\/02\/11\/matheus-ceara-faz-show-em-salto\/#primaryimage"},"thumbnailUrl":"https:\/\/revistaregional.com.br\/site\/wp-content\/uploads\/2016\/02\/Matheus-Cear\u00e1-apresentar\u00e1-show-de-piadas-na-Sala-Palma-de-Ouro.jpg","keywords":["Cultura"],"articleSection":["Cultura"],"inLanguage":"pt-BR","potentialAction":[{"@type":"CommentAction","name":"Comment","target":["https:\/\/revistaregional.com.br\/site\/2016\/02\/11\/matheus-ceara-faz-show-em-salto\/#respond"]}]},{"@type":"WebPage","@id":"https:\/\/revistaregional.com.br\/site\/2016\/02\/11\/matheus-ceara-faz-show-em-salto\/","url":"https:\/\/revistaregional.com.br\/site\/2016\/02\/11\/matheus-ceara-faz-show-em-salto\/","name":"Matheus Cear\u00e1 faz show em Salto - Revista Regional","isPartOf":{"@id":"https:\/\/revistaregional.com.br\/site\/#website"},"primaryImageOfPage":{"@id":"https:\/\/revistaregional.com.br\/site\/2016\/02\/11\/matheus-ceara-faz-show-em-salto\/#primaryimage"},"image":{"@id":"https:\/\/revistaregional.com.br\/site\/2016\/02\/11\/matheus-ceara-faz-show-em-salto\/#primaryimage"},"thumbnailUrl":"https:\/\/revistaregional.com.br\/site\/wp-content\/uploads\/2016\/02\/Matheus-Cear\u00e1-apresentar\u00e1-show-de-piadas-na-Sala-Palma-de-Ouro.jpg","datePublished":"2016-02-11T17:55:21+00:00","dateModified":"2024-01-26T13:59:55+00:00","author":{"@id":"https:\/\/revistaregional.com.br\/site\/#\/schema\/person\/382af97c580dc1b18f55107bc316010d"},"breadcrumb":{"@id":"https:\/\/revistaregional.com.br\/site\/2016\/02\/11\/matheus-ceara-faz-show-em-salto\/#breadcrumb"},"inLanguage":"pt-BR","potentialAction":[{"@type":"ReadAction","target":["https:\/\/revistaregional.com.br\/site\/2016\/02\/11\/matheus-ceara-faz-show-em-salto\/"]}]},{"@type":"ImageObject","inLanguage":"pt-BR","@id":"https:\/\/revistaregional.com.br\/site\/2016\/02\/11\/matheus-ceara-faz-show-em-salto\/#primaryimage","url":"https:\/\/revistaregional.com.br\/site\/wp-content\/uploads\/2016\/02\/Matheus-Cear\u00e1-apresentar\u00e1-show-de-piadas-na-Sala-Palma-de-Ouro.jpg","contentUrl":"https:\/\/revistaregional.com.br\/site\/wp-content\/uploads\/2016\/02\/Matheus-Cear\u00e1-apresentar\u00e1-show-de-piadas-na-Sala-Palma-de-Ouro.jpg","width":"640","height":"427","caption":"Matheus Cear\u00e1 estar\u00e1 na regi\u00e3o para um \u201cshow de piadas\u201d"},{"@type":"BreadcrumbList","@id":"https:\/\/revistaregional.com.br\/site\/2016\/02\/11\/matheus-ceara-faz-show-em-salto\/#breadcrumb","itemListElement":[{"@type":"ListItem","position":1,"name":"In\u00edcio","item":"https:\/\/revistaregional.com.br\/site\/"},{"@type":"ListItem","position":2,"name":"Matheus Cear\u00e1 faz show em Salto"}]},{"@type":"WebSite","@id":"https:\/\/revistaregional.com.br\/site\/#website","url":"https:\/\/revistaregional.com.br\/site\/","name":"Revista Regional","description":"Salto - Itu - Indaituba","potentialAction":[{"@type":"SearchAction","target":{"@type":"EntryPoint","urlTemplate":"https:\/\/revistaregional.com.br\/site\/?s={search_term_string}"},"query-input":{"@type":"PropertyValueSpecification","valueRequired":true,"valueName":"search_term_string"}}],"inLanguage":"pt-BR"},{"@type":"Person","@id":"https:\/\/revistaregional.com.br\/site\/#\/schema\/person\/382af97c580dc1b18f55107bc316010d","name":"contato@revistaregional.com.br","image":{"@type":"ImageObject","inLanguage":"pt-BR","@id":"https:\/\/secure.gravatar.com\/avatar\/869822917e96b2e292d5827e4635855396934485e7c4a0af84e9a214e32ca0cd?s=96&d=mm&r=g","url":"https:\/\/secure.gravatar.com\/avatar\/869822917e96b2e292d5827e4635855396934485e7c4a0af84e9a214e32ca0cd?s=96&d=mm&r=g","contentUrl":"https:\/\/secure.gravatar.com\/avatar\/869822917e96b2e292d5827e4635855396934485e7c4a0af84e9a214e32ca0cd?s=96&d=mm&r=g","caption":"contato@revistaregional.com.br"},"url":"https:\/\/revistaregional.com.br\/site\/author\/contato@revistaregional.com.br\/"}]}},"views":85,"_links":{"self":[{"href":"https:\/\/revistaregional.com.br\/site\/wp-json\/wp\/v2\/posts\/7681","targetHints":{"allow":["GET"]}}],"collection":[{"href":"https:\/\/revistaregional.com.br\/site\/wp-json\/wp\/v2\/posts"}],"about":[{"href":"https:\/\/revistaregional.com.br\/site\/wp-json\/wp\/v2\/types\/post"}],"author":[{"embeddable":true,"href":"https:\/\/revistaregional.com.br\/site\/wp-json\/wp\/v2\/users\/1"}],"replies":[{"embeddable":true,"href":"https:\/\/revistaregional.com.br\/site\/wp-json\/wp\/v2\/comments?post=7681"}],"version-history":[{"count":3,"href":"https:\/\/revistaregional.com.br\/site\/wp-json\/wp\/v2\/posts\/7681\/revisions"}],"predecessor-version":[{"id":32501,"href":"https:\/\/revistaregional.com.br\/site\/wp-json\/wp\/v2\/posts\/7681\/revisions\/32501"}],"wp:featuredmedia":[{"embeddable":true,"href":"https:\/\/revistaregional.com.br\/site\/wp-json\/wp\/v2\/media\/7682"}],"wp:attachment":[{"href":"https:\/\/revistaregional.com.br\/site\/wp-json\/wp\/v2\/media?parent=7681"}],"wp:term":[{"taxonomy":"category","embeddable":true,"href":"https:\/\/revistaregional.com.br\/site\/wp-json\/wp\/v2\/categories?post=7681"},{"taxonomy":"post_tag","embeddable":true,"href":"https:\/\/revistaregional.com.br\/site\/wp-json\/wp\/v2\/tags?post=7681"}],"curies":[{"name":"wp","href":"https:\/\/api.w.org\/{rel}","templated":true}]}}