{"id":767,"date":"2011-02-22T11:36:57","date_gmt":"2011-02-22T14:36:57","guid":{"rendered":"http:\/\/revistaregional.com.br\/site\/?p=767"},"modified":"2024-01-26T09:51:03","modified_gmt":"2024-01-26T12:51:03","slug":"regional-apresenta-peca-teatral","status":"publish","type":"post","link":"https:\/\/revistaregional.com.br\/site\/2011\/02\/22\/regional-apresenta-peca-teatral\/","title":{"rendered":"Regional apresenta pe\u00e7a teatral"},"content":{"rendered":"<h3><span style=\"font-weight: normal;\">&nbsp;<\/p>\n<figure id=\"attachment_769\" aria-describedby=\"caption-attachment-769\" style=\"width: 255px\" class=\"wp-caption alignleft\"><a rel=\"attachment wp-att-769\" href=\"http:\/\/revistaregional.com.br\/site\/wp-content\/uploads\/2011\/02\/site-peca1.jpg\"><img fetchpriority=\"high\" decoding=\"async\" class=\"size-full wp-image-769 \" src=\"http:\/\/revistaregional.com.br\/site\/wp-content\/uploads\/2011\/02\/site-peca1.jpg\" alt=\"\" width=\"255\" height=\"384\" srcset=\"https:\/\/revistaregional.com.br\/site\/wp-content\/uploads\/2011\/02\/site-peca1.jpg 425w, https:\/\/revistaregional.com.br\/site\/wp-content\/uploads\/2011\/02\/site-peca1-199x300.jpg 199w\" sizes=\"(max-width: 255px) 100vw, 255px\" \/><\/a><figcaption id=\"caption-attachment-769\" class=\"wp-caption-text\">Angela Vieira e elenco de &quot;O Matador de Santas&quot;<\/figcaption><\/figure>\n<p>No pr\u00f3ximo dia 20 de mar\u00e7o, a Revista Regional apresenta em Salto, com patroc\u00ednio local da Kia Motors do Brasil e produ\u00e7\u00e3o da GT Produ\u00e7\u00f5es, a pe\u00e7a \u201cO Matador de Santas\u201d, com a atriz global \u00c2ngela Vieira. Elogiado pela revista Veja como uma dos melhores espet\u00e1culos de 2010, \u201cO Matador de Santas\u201d ser\u00e1 apresentado pela primeira vez no Interior paulista.<\/p>\n<p><\/span><\/h3>\n<p>A hist\u00f3ria do espet\u00e1culo gira em torno de Jorgina, uma mulher de meia idade, \u00e1cida como uma ave de rapina. Vive com\u00a0o marido e a filha\u00a0num pequeno apartamento em um bairro de classe m\u00e9dia de uma cidade qualquer. Mulher\u00a0extravagante, repleta de\u00a0certezas a respeito de tudo que a cerca, suspeita que seu vizinho seja um assassino, conhecido como o matador de santas. Casada com Baltazar, um velho que vive arrastando os chinelos, e m\u00e3e de Queridinha, mo\u00e7a de uma beleza f\u00fanebre, Jorgina controla a vida da fam\u00edlia e tamb\u00e9m do noivo da filha, um jovem m\u00e9dico chamado Diego, belo como um anjo.<\/p>\n<p>\u201cO Matador de Santas\u201d \u00e9 a trajet\u00f3ria desta anti-hero\u00edna que usa seu humor peculiar como v\u00e1lvula de escape de uma sociedade contempor\u00e2nea devorada pela solid\u00e3o. J\u00f4 Bilac, o autor, \u00e9 um dos jovens dramaturgos\u00a0de maior destaque no novo cen\u00e1rio teatral da cidade, respons\u00e1vel por \u00eaxitos teatrais recentes de cr\u00edtica e p\u00fablico, como \u201cCachorro\u201d, \u201cO Rebu\u201d e \u201cSavana Glacial\u201d.<\/p>\n<p>Estabelecendo um paralelo com alguns filmes de Pedro Almod\u00f3var,\u00a0pe\u00e7as de Nelson Rodrigues e a est\u00e9tica de\u00a0Pierre et Gilles, David Lachapelle e Philippe Starck, o diretor Guilherme Leme conta com um elenco de atores consagrados no cen\u00e1rio art\u00edstico brasileiro. Angela Vieira, atriz de renome no teatro, cinema e televis\u00e3o; Izabella Bicalho, jovem atriz veterana nos palcos e na tela, aclamada por sua recente performance como Joana, do musical \u201cGota D\u2019\u00c1gua\u201d e\u00a0 Rafael Sieg, ator de expressiva participa\u00e7\u00e3o no cinema ga\u00facho. Para completar o time, o experiente ator Tonico Pereira.<\/p>\n<p><strong>MAIS:<\/strong> A apresenta\u00e7\u00e3o em Salto ser\u00e1 no domingo, 20 de mar\u00e7o, \u00e0s 20h, na Sala Palma de Ouro (rua Prudente de Moraes, 580, Centro). Tel.: (11) 4602-8694. Os ingressos podem ser comprados pelo site <a href=\"http:\/\/www.bilheteria.com\/\">www.bilheteria.com<\/a> ou na bilheteria do pr\u00f3prio teatro (aberta de segunda a sexta das 8h \u00e0s 21h \/ s\u00e1bados e domingo a partir das 14h at\u00e9 in\u00edcio dos espet\u00e1culos).<\/p>\n<p><strong>&#8211; Acessando nosso site, participe do concurso cultural que comemora os 8 anos de sucesso da Revista Regional e concorra a ingressos para ver a pe\u00e7a \u201cO Matador de Santas\u201d, em Salto.<\/strong><\/p>\n<p><strong>foto:<\/strong> <strong>Divulga\u00e7\u00e3o<\/strong><\/p>\n","protected":false},"excerpt":{"rendered":"<p>&nbsp; No pr\u00f3ximo dia 20 de mar\u00e7o, a Revista Regional apresenta em Salto, com patroc\u00ednio local da Kia Motors do Brasil e produ\u00e7\u00e3o da GT Produ\u00e7\u00f5es, a pe\u00e7a \u201cO Matador de Santas\u201d, com a atriz global \u00c2ngela Vieira. Elogiado pela revista Veja como uma dos melhores espet\u00e1culos de 2010, \u201cO Matador de Santas\u201d ser\u00e1 apresentado [&hellip;]<\/p>\n","protected":false},"author":1,"featured_media":770,"comment_status":"open","ping_status":"open","sticky":false,"template":"","format":"standard","meta":{"_acf_changed":false,"ngg_post_thumbnail":0,"_joinchat":[],"footnotes":""},"categories":[12],"tags":[527],"class_list":["post-767","post","type-post","status-publish","format-standard","has-post-thumbnail","hentry","category-regionais","tag-regionais"],"acf":[],"yoast_head":"<!-- This site is optimized with the Yoast SEO plugin v27.4 - https:\/\/yoast.com\/product\/yoast-seo-wordpress\/ -->\n<title>Regional apresenta pe\u00e7a teatral - Revista Regional<\/title>\n<meta name=\"robots\" content=\"index, follow, max-snippet:-1, max-image-preview:large, max-video-preview:-1\" \/>\n<link rel=\"canonical\" href=\"https:\/\/revistaregional.com.br\/site\/2011\/02\/22\/regional-apresenta-peca-teatral\/\" \/>\n<meta property=\"og:locale\" content=\"pt_BR\" \/>\n<meta property=\"og:type\" content=\"article\" \/>\n<meta property=\"og:title\" content=\"Regional apresenta pe\u00e7a teatral - Revista Regional\" \/>\n<meta property=\"og:description\" content=\"&nbsp; No pr\u00f3ximo dia 20 de mar\u00e7o, a Revista Regional apresenta em Salto, com patroc\u00ednio local da Kia Motors do Brasil e produ\u00e7\u00e3o da GT Produ\u00e7\u00f5es, a pe\u00e7a \u201cO Matador de Santas\u201d, com a atriz global \u00c2ngela Vieira. Elogiado pela revista Veja como uma dos melhores espet\u00e1culos de 2010, \u201cO Matador de Santas\u201d ser\u00e1 apresentado [&hellip;]\" \/>\n<meta property=\"og:url\" content=\"https:\/\/revistaregional.com.br\/site\/2011\/02\/22\/regional-apresenta-peca-teatral\/\" \/>\n<meta property=\"og:site_name\" content=\"Revista Regional\" \/>\n<meta property=\"article:published_time\" content=\"2011-02-22T14:36:57+00:00\" \/>\n<meta property=\"article:modified_time\" content=\"2024-01-26T12:51:03+00:00\" \/>\n<meta property=\"og:image\" content=\"https:\/\/revistaregional.com.br\/site\/wp-content\/uploads\/2011\/02\/site-peca-2.jpg\" \/>\n\t<meta property=\"og:image:width\" content=\"640\" \/>\n\t<meta property=\"og:image:height\" content=\"425\" \/>\n\t<meta property=\"og:image:type\" content=\"image\/jpeg\" \/>\n<meta name=\"author\" content=\"contato@revistaregional.com.br\" \/>\n<meta name=\"twitter:card\" content=\"summary_large_image\" \/>\n<meta name=\"twitter:label1\" content=\"Escrito por\" \/>\n\t<meta name=\"twitter:data1\" content=\"contato@revistaregional.com.br\" \/>\n\t<meta name=\"twitter:label2\" content=\"Est. tempo de leitura\" \/>\n\t<meta name=\"twitter:data2\" content=\"2 minutos\" \/>\n<script type=\"application\/ld+json\" class=\"yoast-schema-graph\">{\"@context\":\"https:\\\/\\\/schema.org\",\"@graph\":[{\"@type\":\"Article\",\"@id\":\"https:\\\/\\\/revistaregional.com.br\\\/site\\\/2011\\\/02\\\/22\\\/regional-apresenta-peca-teatral\\\/#article\",\"isPartOf\":{\"@id\":\"https:\\\/\\\/revistaregional.com.br\\\/site\\\/2011\\\/02\\\/22\\\/regional-apresenta-peca-teatral\\\/\"},\"author\":{\"name\":\"contato@revistaregional.com.br\",\"@id\":\"https:\\\/\\\/revistaregional.com.br\\\/site\\\/#\\\/schema\\\/person\\\/382af97c580dc1b18f55107bc316010d\"},\"headline\":\"Regional apresenta pe\u00e7a teatral\",\"datePublished\":\"2011-02-22T14:36:57+00:00\",\"dateModified\":\"2024-01-26T12:51:03+00:00\",\"mainEntityOfPage\":{\"@id\":\"https:\\\/\\\/revistaregional.com.br\\\/site\\\/2011\\\/02\\\/22\\\/regional-apresenta-peca-teatral\\\/\"},\"wordCount\":470,\"commentCount\":2,\"image\":{\"@id\":\"https:\\\/\\\/revistaregional.com.br\\\/site\\\/2011\\\/02\\\/22\\\/regional-apresenta-peca-teatral\\\/#primaryimage\"},\"thumbnailUrl\":\"https:\\\/\\\/revistaregional.com.br\\\/site\\\/wp-content\\\/uploads\\\/2011\\\/02\\\/site-peca-2.jpg\",\"keywords\":[\"Regionais\"],\"articleSection\":[\"Regionais\"],\"inLanguage\":\"pt-BR\",\"potentialAction\":[{\"@type\":\"CommentAction\",\"name\":\"Comment\",\"target\":[\"https:\\\/\\\/revistaregional.com.br\\\/site\\\/2011\\\/02\\\/22\\\/regional-apresenta-peca-teatral\\\/#respond\"]}]},{\"@type\":\"WebPage\",\"@id\":\"https:\\\/\\\/revistaregional.com.br\\\/site\\\/2011\\\/02\\\/22\\\/regional-apresenta-peca-teatral\\\/\",\"url\":\"https:\\\/\\\/revistaregional.com.br\\\/site\\\/2011\\\/02\\\/22\\\/regional-apresenta-peca-teatral\\\/\",\"name\":\"Regional apresenta pe\u00e7a teatral - Revista Regional\",\"isPartOf\":{\"@id\":\"https:\\\/\\\/revistaregional.com.br\\\/site\\\/#website\"},\"primaryImageOfPage\":{\"@id\":\"https:\\\/\\\/revistaregional.com.br\\\/site\\\/2011\\\/02\\\/22\\\/regional-apresenta-peca-teatral\\\/#primaryimage\"},\"image\":{\"@id\":\"https:\\\/\\\/revistaregional.com.br\\\/site\\\/2011\\\/02\\\/22\\\/regional-apresenta-peca-teatral\\\/#primaryimage\"},\"thumbnailUrl\":\"https:\\\/\\\/revistaregional.com.br\\\/site\\\/wp-content\\\/uploads\\\/2011\\\/02\\\/site-peca-2.jpg\",\"datePublished\":\"2011-02-22T14:36:57+00:00\",\"dateModified\":\"2024-01-26T12:51:03+00:00\",\"author\":{\"@id\":\"https:\\\/\\\/revistaregional.com.br\\\/site\\\/#\\\/schema\\\/person\\\/382af97c580dc1b18f55107bc316010d\"},\"breadcrumb\":{\"@id\":\"https:\\\/\\\/revistaregional.com.br\\\/site\\\/2011\\\/02\\\/22\\\/regional-apresenta-peca-teatral\\\/#breadcrumb\"},\"inLanguage\":\"pt-BR\",\"potentialAction\":[{\"@type\":\"ReadAction\",\"target\":[\"https:\\\/\\\/revistaregional.com.br\\\/site\\\/2011\\\/02\\\/22\\\/regional-apresenta-peca-teatral\\\/\"]}]},{\"@type\":\"ImageObject\",\"inLanguage\":\"pt-BR\",\"@id\":\"https:\\\/\\\/revistaregional.com.br\\\/site\\\/2011\\\/02\\\/22\\\/regional-apresenta-peca-teatral\\\/#primaryimage\",\"url\":\"https:\\\/\\\/revistaregional.com.br\\\/site\\\/wp-content\\\/uploads\\\/2011\\\/02\\\/site-peca-2.jpg\",\"contentUrl\":\"https:\\\/\\\/revistaregional.com.br\\\/site\\\/wp-content\\\/uploads\\\/2011\\\/02\\\/site-peca-2.jpg\",\"width\":\"640\",\"height\":\"425\"},{\"@type\":\"BreadcrumbList\",\"@id\":\"https:\\\/\\\/revistaregional.com.br\\\/site\\\/2011\\\/02\\\/22\\\/regional-apresenta-peca-teatral\\\/#breadcrumb\",\"itemListElement\":[{\"@type\":\"ListItem\",\"position\":1,\"name\":\"In\u00edcio\",\"item\":\"https:\\\/\\\/revistaregional.com.br\\\/site\\\/\"},{\"@type\":\"ListItem\",\"position\":2,\"name\":\"Regional apresenta pe\u00e7a teatral\"}]},{\"@type\":\"WebSite\",\"@id\":\"https:\\\/\\\/revistaregional.com.br\\\/site\\\/#website\",\"url\":\"https:\\\/\\\/revistaregional.com.br\\\/site\\\/\",\"name\":\"Revista Regional\",\"description\":\"Salto - Itu - Indaituba\",\"potentialAction\":[{\"@type\":\"SearchAction\",\"target\":{\"@type\":\"EntryPoint\",\"urlTemplate\":\"https:\\\/\\\/revistaregional.com.br\\\/site\\\/?s={search_term_string}\"},\"query-input\":{\"@type\":\"PropertyValueSpecification\",\"valueRequired\":true,\"valueName\":\"search_term_string\"}}],\"inLanguage\":\"pt-BR\"},{\"@type\":\"Person\",\"@id\":\"https:\\\/\\\/revistaregional.com.br\\\/site\\\/#\\\/schema\\\/person\\\/382af97c580dc1b18f55107bc316010d\",\"name\":\"contato@revistaregional.com.br\",\"image\":{\"@type\":\"ImageObject\",\"inLanguage\":\"pt-BR\",\"@id\":\"https:\\\/\\\/secure.gravatar.com\\\/avatar\\\/869822917e96b2e292d5827e4635855396934485e7c4a0af84e9a214e32ca0cd?s=96&d=mm&r=g\",\"url\":\"https:\\\/\\\/secure.gravatar.com\\\/avatar\\\/869822917e96b2e292d5827e4635855396934485e7c4a0af84e9a214e32ca0cd?s=96&d=mm&r=g\",\"contentUrl\":\"https:\\\/\\\/secure.gravatar.com\\\/avatar\\\/869822917e96b2e292d5827e4635855396934485e7c4a0af84e9a214e32ca0cd?s=96&d=mm&r=g\",\"caption\":\"contato@revistaregional.com.br\"},\"url\":\"https:\\\/\\\/revistaregional.com.br\\\/site\\\/author\\\/contato@revistaregional.com.br\\\/\"}]}<\/script>\n<!-- \/ Yoast SEO plugin. -->","yoast_head_json":{"title":"Regional apresenta pe\u00e7a teatral - Revista Regional","robots":{"index":"index","follow":"follow","max-snippet":"max-snippet:-1","max-image-preview":"max-image-preview:large","max-video-preview":"max-video-preview:-1"},"canonical":"https:\/\/revistaregional.com.br\/site\/2011\/02\/22\/regional-apresenta-peca-teatral\/","og_locale":"pt_BR","og_type":"article","og_title":"Regional apresenta pe\u00e7a teatral - Revista Regional","og_description":"&nbsp; No pr\u00f3ximo dia 20 de mar\u00e7o, a Revista Regional apresenta em Salto, com patroc\u00ednio local da Kia Motors do Brasil e produ\u00e7\u00e3o da GT Produ\u00e7\u00f5es, a pe\u00e7a \u201cO Matador de Santas\u201d, com a atriz global \u00c2ngela Vieira. Elogiado pela revista Veja como uma dos melhores espet\u00e1culos de 2010, \u201cO Matador de Santas\u201d ser\u00e1 apresentado [&hellip;]","og_url":"https:\/\/revistaregional.com.br\/site\/2011\/02\/22\/regional-apresenta-peca-teatral\/","og_site_name":"Revista Regional","article_published_time":"2011-02-22T14:36:57+00:00","article_modified_time":"2024-01-26T12:51:03+00:00","og_image":[{"width":640,"height":425,"url":"https:\/\/revistaregional.com.br\/site\/wp-content\/uploads\/2011\/02\/site-peca-2.jpg","type":"image\/jpeg"}],"author":"contato@revistaregional.com.br","twitter_card":"summary_large_image","twitter_misc":{"Escrito por":"contato@revistaregional.com.br","Est. tempo de leitura":"2 minutos"},"schema":{"@context":"https:\/\/schema.org","@graph":[{"@type":"Article","@id":"https:\/\/revistaregional.com.br\/site\/2011\/02\/22\/regional-apresenta-peca-teatral\/#article","isPartOf":{"@id":"https:\/\/revistaregional.com.br\/site\/2011\/02\/22\/regional-apresenta-peca-teatral\/"},"author":{"name":"contato@revistaregional.com.br","@id":"https:\/\/revistaregional.com.br\/site\/#\/schema\/person\/382af97c580dc1b18f55107bc316010d"},"headline":"Regional apresenta pe\u00e7a teatral","datePublished":"2011-02-22T14:36:57+00:00","dateModified":"2024-01-26T12:51:03+00:00","mainEntityOfPage":{"@id":"https:\/\/revistaregional.com.br\/site\/2011\/02\/22\/regional-apresenta-peca-teatral\/"},"wordCount":470,"commentCount":2,"image":{"@id":"https:\/\/revistaregional.com.br\/site\/2011\/02\/22\/regional-apresenta-peca-teatral\/#primaryimage"},"thumbnailUrl":"https:\/\/revistaregional.com.br\/site\/wp-content\/uploads\/2011\/02\/site-peca-2.jpg","keywords":["Regionais"],"articleSection":["Regionais"],"inLanguage":"pt-BR","potentialAction":[{"@type":"CommentAction","name":"Comment","target":["https:\/\/revistaregional.com.br\/site\/2011\/02\/22\/regional-apresenta-peca-teatral\/#respond"]}]},{"@type":"WebPage","@id":"https:\/\/revistaregional.com.br\/site\/2011\/02\/22\/regional-apresenta-peca-teatral\/","url":"https:\/\/revistaregional.com.br\/site\/2011\/02\/22\/regional-apresenta-peca-teatral\/","name":"Regional apresenta pe\u00e7a teatral - Revista Regional","isPartOf":{"@id":"https:\/\/revistaregional.com.br\/site\/#website"},"primaryImageOfPage":{"@id":"https:\/\/revistaregional.com.br\/site\/2011\/02\/22\/regional-apresenta-peca-teatral\/#primaryimage"},"image":{"@id":"https:\/\/revistaregional.com.br\/site\/2011\/02\/22\/regional-apresenta-peca-teatral\/#primaryimage"},"thumbnailUrl":"https:\/\/revistaregional.com.br\/site\/wp-content\/uploads\/2011\/02\/site-peca-2.jpg","datePublished":"2011-02-22T14:36:57+00:00","dateModified":"2024-01-26T12:51:03+00:00","author":{"@id":"https:\/\/revistaregional.com.br\/site\/#\/schema\/person\/382af97c580dc1b18f55107bc316010d"},"breadcrumb":{"@id":"https:\/\/revistaregional.com.br\/site\/2011\/02\/22\/regional-apresenta-peca-teatral\/#breadcrumb"},"inLanguage":"pt-BR","potentialAction":[{"@type":"ReadAction","target":["https:\/\/revistaregional.com.br\/site\/2011\/02\/22\/regional-apresenta-peca-teatral\/"]}]},{"@type":"ImageObject","inLanguage":"pt-BR","@id":"https:\/\/revistaregional.com.br\/site\/2011\/02\/22\/regional-apresenta-peca-teatral\/#primaryimage","url":"https:\/\/revistaregional.com.br\/site\/wp-content\/uploads\/2011\/02\/site-peca-2.jpg","contentUrl":"https:\/\/revistaregional.com.br\/site\/wp-content\/uploads\/2011\/02\/site-peca-2.jpg","width":"640","height":"425"},{"@type":"BreadcrumbList","@id":"https:\/\/revistaregional.com.br\/site\/2011\/02\/22\/regional-apresenta-peca-teatral\/#breadcrumb","itemListElement":[{"@type":"ListItem","position":1,"name":"In\u00edcio","item":"https:\/\/revistaregional.com.br\/site\/"},{"@type":"ListItem","position":2,"name":"Regional apresenta pe\u00e7a teatral"}]},{"@type":"WebSite","@id":"https:\/\/revistaregional.com.br\/site\/#website","url":"https:\/\/revistaregional.com.br\/site\/","name":"Revista Regional","description":"Salto - Itu - Indaituba","potentialAction":[{"@type":"SearchAction","target":{"@type":"EntryPoint","urlTemplate":"https:\/\/revistaregional.com.br\/site\/?s={search_term_string}"},"query-input":{"@type":"PropertyValueSpecification","valueRequired":true,"valueName":"search_term_string"}}],"inLanguage":"pt-BR"},{"@type":"Person","@id":"https:\/\/revistaregional.com.br\/site\/#\/schema\/person\/382af97c580dc1b18f55107bc316010d","name":"contato@revistaregional.com.br","image":{"@type":"ImageObject","inLanguage":"pt-BR","@id":"https:\/\/secure.gravatar.com\/avatar\/869822917e96b2e292d5827e4635855396934485e7c4a0af84e9a214e32ca0cd?s=96&d=mm&r=g","url":"https:\/\/secure.gravatar.com\/avatar\/869822917e96b2e292d5827e4635855396934485e7c4a0af84e9a214e32ca0cd?s=96&d=mm&r=g","contentUrl":"https:\/\/secure.gravatar.com\/avatar\/869822917e96b2e292d5827e4635855396934485e7c4a0af84e9a214e32ca0cd?s=96&d=mm&r=g","caption":"contato@revistaregional.com.br"},"url":"https:\/\/revistaregional.com.br\/site\/author\/contato@revistaregional.com.br\/"}]}},"views":63,"_links":{"self":[{"href":"https:\/\/revistaregional.com.br\/site\/wp-json\/wp\/v2\/posts\/767","targetHints":{"allow":["GET"]}}],"collection":[{"href":"https:\/\/revistaregional.com.br\/site\/wp-json\/wp\/v2\/posts"}],"about":[{"href":"https:\/\/revistaregional.com.br\/site\/wp-json\/wp\/v2\/types\/post"}],"author":[{"embeddable":true,"href":"https:\/\/revistaregional.com.br\/site\/wp-json\/wp\/v2\/users\/1"}],"replies":[{"embeddable":true,"href":"https:\/\/revistaregional.com.br\/site\/wp-json\/wp\/v2\/comments?post=767"}],"version-history":[{"count":5,"href":"https:\/\/revistaregional.com.br\/site\/wp-json\/wp\/v2\/posts\/767\/revisions"}],"predecessor-version":[{"id":894,"href":"https:\/\/revistaregional.com.br\/site\/wp-json\/wp\/v2\/posts\/767\/revisions\/894"}],"wp:featuredmedia":[{"embeddable":true,"href":"https:\/\/revistaregional.com.br\/site\/wp-json\/wp\/v2\/media\/770"}],"wp:attachment":[{"href":"https:\/\/revistaregional.com.br\/site\/wp-json\/wp\/v2\/media?parent=767"}],"wp:term":[{"taxonomy":"category","embeddable":true,"href":"https:\/\/revistaregional.com.br\/site\/wp-json\/wp\/v2\/categories?post=767"},{"taxonomy":"post_tag","embeddable":true,"href":"https:\/\/revistaregional.com.br\/site\/wp-json\/wp\/v2\/tags?post=767"}],"curies":[{"name":"wp","href":"https:\/\/api.w.org\/{rel}","templated":true}]}}