{"id":7440,"date":"2015-12-02T15:02:40","date_gmt":"2015-12-02T18:02:40","guid":{"rendered":"http:\/\/revistaregional.com.br\/site\/?p=7440"},"modified":"2024-01-26T10:56:47","modified_gmt":"2024-01-26T13:56:47","slug":"joao-carlos-martins-faz-concerto-na-praca","status":"publish","type":"post","link":"https:\/\/revistaregional.com.br\/site\/2015\/12\/02\/joao-carlos-martins-faz-concerto-na-praca\/","title":{"rendered":"Jo\u00e3o Carlos Martins faz concerto na pra\u00e7a"},"content":{"rendered":"<figure id=\"attachment_7441\" aria-describedby=\"caption-attachment-7441\" style=\"width: 384px\" class=\"wp-caption aligncenter\"><a href=\"http:\/\/revistaregional.com.br\/site\/wp-content\/uploads\/2015\/12\/Maestro-Jo\u00e3o-Carlos-Martins-se-apresentar\u00e1-em-Salto-dia-12.jpg\" rel=\"attachment wp-att-7441\"><img fetchpriority=\"high\" decoding=\"async\" class=\" wp-image-7441 \" src=\"http:\/\/revistaregional.com.br\/site\/wp-content\/uploads\/2015\/12\/Maestro-Jo\u00e3o-Carlos-Martins-se-apresentar\u00e1-em-Salto-dia-12.jpg\" alt=\"\" width=\"384\" height=\"256\" srcset=\"https:\/\/revistaregional.com.br\/site\/wp-content\/uploads\/2015\/12\/Maestro-Jo\u00e3o-Carlos-Martins-se-apresentar\u00e1-em-Salto-dia-12.jpg 640w, https:\/\/revistaregional.com.br\/site\/wp-content\/uploads\/2015\/12\/Maestro-Jo\u00e3o-Carlos-Martins-se-apresentar\u00e1-em-Salto-dia-12-300x200.jpg 300w\" sizes=\"(max-width: 384px) 100vw, 384px\" \/><\/a><figcaption id=\"caption-attachment-7441\" class=\"wp-caption-text\">O maestro estar\u00e1 regendo o concerto gratuito na pra\u00e7a de Salto<\/figcaption><\/figure>\n<p>O renomado maestro Jo\u00e3o Carlos Martins acompanhado pela Camerata Bachiana apresentar\u00e1 no Pavilh\u00e3o das Artes \u2013 Pra\u00e7a Archimedes Lammoglia, em Salto, um concerto, o qual integra o projeto \u201cNa roda com o Maestro \u2013 Uma homenagem a Johann Sebastian Bach\u201d. O evento ser\u00e1 no dia 12 de dezembro, s\u00e1bado, \u00e0s 20h.<\/p>\n<p>Na oportunidade, o maestro ir\u00e1 contar sua trajet\u00f3ria e tocar algumas pe\u00e7as de piano, acompanhado de m\u00fasicos da Camerata. Haver\u00e1 ainda participa\u00e7\u00e3o especial da soprano Giovanna Maira. A apresenta\u00e7\u00e3o \u00e9 viabilizada pelo Programa Nacional de Apoio \u00e0 Cultura, atrav\u00e9s da Lei Rouanet, tem patroc\u00ednio da empresa Fedrigoni Brasil Papeis e apoio cultural da Prefeitura de Salto. A produ\u00e7\u00e3o \u00e9 da D\u2019Color Produ\u00e7\u00f5es Culturais e Funda\u00e7\u00e3o Bachiana. O evento \u00e9 oferecido gratuitamente a popula\u00e7\u00e3o.<\/p>\n<p><strong>O maestro<\/strong><\/p>\n<p>O pianista e regente Jo\u00e3o Carlos Martins iniciou seus estudos de piano na inf\u00e2ncia. Aos 13 anos j\u00e1 iniciava sua carreira no Brasil, que cinco anos depois decolou internacionalmente. Aos 20, estreou no famoso Carnegie Hall, em Nova York, em apresenta\u00e7\u00f5es patrocinadas pela ent\u00e3o primeira dama dos EUA, Eleanor Roosevelt.<\/p>\n<p>O maestro passou por dois incidentes que poderiam ter posto fim \u00e0 sua carreira musical. Aos 26 anos de idade sofreu uma les\u00e3o no bra\u00e7o quando jogava uma partida de futebol em Nova York, que o manteve afastado dos palcos por sete anos. Quando retornou \u00e0 carreira, gravou a obra completa de Bach. Em 1995 foi ferido num assalto na Bulg\u00e1ria, e ficou com o lado direito do corpo paralisado. V\u00edtima da s\u00edndrome de movimentos repetitivos, encerrou a carreira de pianista aos 63 anos, mas n\u00e3o deixou o universo da m\u00fasica. Estudou reg\u00eancia, fundou a Filarm\u00f4nica Bachiana Jovem em 2006 e hoje \u00e9 regente e diretor-art\u00edstico da Bachiana Filarm\u00f4nica Sesi-SP.<\/p>\n<p><strong>A Camerata<\/strong><\/p>\n<p>A Orquestra Bachiana Filarm\u00f4nica apresentou-se pela primeira vez em 2004, na sala S\u00e3o Paulo, na capital e depois disso, com um repert\u00f3rio que inclui sinfonias de Beethoven, Brahms e Tchaikovsky, apresentou-se nas mais importantes salas de concerto do Brasil e exterior.<\/p>\n<p>Em 2006, com objetivo de trabalhar na evolu\u00e7\u00e3o musical de jovens musicistas, o maestro Jo\u00e3o Carlos Martins fundou a orquestra Bachiana Jovem, que tamb\u00e9m buscava democratizar a m\u00fasica cl\u00e1ssica com apresenta\u00e7\u00f5es em espa\u00e7os variados, para pessoas que jamais tiveram acesso \u00e0s salas de concerto. Em 2010, as duas orquestras se juntaram formando a Bachiana Filarm\u00f4nica Sesi-SP, um grupo que re\u00fane m\u00fasicos profissionais, orientadores e jovens musicistas, que formam hoje uma das mais importantes orquestras da iniciativa privada do Brasil, sem abandonar os ideais que deram origem \u00e0 Bachiana Filarm\u00f4nica e \u00e0 Bachiana Jovem.<\/p>\n<p>O termo Bachiana remete \u00e0 riqueza musical do Brasil, numa homenagem ao imortal maestro e compositor Heitor Villa-Lobos, autor das c\u00e9lebres Bachianas Brasileiras, e \u00e0 Johann Sebastian Bach. A Camerata Bachiana, parte da Funda\u00e7\u00e3o Bachiana Filarm\u00f4nica, \u00e9 formada por viola, cello, obo\u00e9, clarinete, fagote, flauta, percuss\u00e3o e dois violinos.<\/p>\n<p><em>\u00a0foto: Divulga\u00e7\u00e3o<\/em><\/p>\n","protected":false},"excerpt":{"rendered":"<p>O renomado maestro Jo\u00e3o Carlos Martins acompanhado pela Camerata Bachiana apresentar\u00e1 no Pavilh\u00e3o das Artes \u2013 Pra\u00e7a Archimedes Lammoglia, em Salto, um concerto, o qual integra o projeto \u201cNa roda com o Maestro \u2013 Uma homenagem a Johann Sebastian Bach\u201d. O evento ser\u00e1 no dia 12 de dezembro, s\u00e1bado, \u00e0s 20h. Na oportunidade, o maestro [&hellip;]<\/p>\n","protected":false},"author":1,"featured_media":7441,"comment_status":"open","ping_status":"open","sticky":false,"template":"","format":"standard","meta":{"_acf_changed":false,"ngg_post_thumbnail":0,"_joinchat":[],"footnotes":""},"categories":[4],"tags":[533],"class_list":["post-7440","post","type-post","status-publish","format-standard","has-post-thumbnail","hentry","category-cultura","tag-cultura"],"acf":[],"yoast_head":"<!-- This site is optimized with the Yoast SEO plugin v27.4 - https:\/\/yoast.com\/product\/yoast-seo-wordpress\/ -->\n<title>Jo\u00e3o Carlos Martins faz concerto na pra\u00e7a - Revista Regional<\/title>\n<meta name=\"robots\" content=\"index, follow, max-snippet:-1, max-image-preview:large, max-video-preview:-1\" \/>\n<link rel=\"canonical\" href=\"https:\/\/revistaregional.com.br\/site\/2015\/12\/02\/joao-carlos-martins-faz-concerto-na-praca\/\" \/>\n<meta property=\"og:locale\" content=\"pt_BR\" \/>\n<meta property=\"og:type\" content=\"article\" \/>\n<meta property=\"og:title\" content=\"Jo\u00e3o Carlos Martins faz concerto na pra\u00e7a - Revista Regional\" \/>\n<meta property=\"og:description\" content=\"O renomado maestro Jo\u00e3o Carlos Martins acompanhado pela Camerata Bachiana apresentar\u00e1 no Pavilh\u00e3o das Artes \u2013 Pra\u00e7a Archimedes Lammoglia, em Salto, um concerto, o qual integra o projeto \u201cNa roda com o Maestro \u2013 Uma homenagem a Johann Sebastian Bach\u201d. O evento ser\u00e1 no dia 12 de dezembro, s\u00e1bado, \u00e0s 20h. Na oportunidade, o maestro [&hellip;]\" \/>\n<meta property=\"og:url\" content=\"https:\/\/revistaregional.com.br\/site\/2015\/12\/02\/joao-carlos-martins-faz-concerto-na-praca\/\" \/>\n<meta property=\"og:site_name\" content=\"Revista Regional\" \/>\n<meta property=\"article:published_time\" content=\"2015-12-02T18:02:40+00:00\" \/>\n<meta property=\"article:modified_time\" content=\"2024-01-26T13:56:47+00:00\" \/>\n<meta property=\"og:image\" content=\"https:\/\/revistaregional.com.br\/site\/wp-content\/uploads\/2015\/12\/Maestro-Jo\u00e3o-Carlos-Martins-se-apresentar\u00e1-em-Salto-dia-12.jpg\" \/>\n\t<meta property=\"og:image:width\" content=\"640\" \/>\n\t<meta property=\"og:image:height\" content=\"427\" \/>\n\t<meta property=\"og:image:type\" content=\"image\/jpeg\" \/>\n<meta name=\"author\" content=\"contato@revistaregional.com.br\" \/>\n<meta name=\"twitter:card\" content=\"summary_large_image\" \/>\n<meta name=\"twitter:label1\" content=\"Escrito por\" \/>\n\t<meta name=\"twitter:data1\" content=\"contato@revistaregional.com.br\" \/>\n\t<meta name=\"twitter:label2\" content=\"Est. tempo de leitura\" \/>\n\t<meta name=\"twitter:data2\" content=\"3 minutos\" \/>\n<script type=\"application\/ld+json\" class=\"yoast-schema-graph\">{\"@context\":\"https:\\\/\\\/schema.org\",\"@graph\":[{\"@type\":\"Article\",\"@id\":\"https:\\\/\\\/revistaregional.com.br\\\/site\\\/2015\\\/12\\\/02\\\/joao-carlos-martins-faz-concerto-na-praca\\\/#article\",\"isPartOf\":{\"@id\":\"https:\\\/\\\/revistaregional.com.br\\\/site\\\/2015\\\/12\\\/02\\\/joao-carlos-martins-faz-concerto-na-praca\\\/\"},\"author\":{\"name\":\"contato@revistaregional.com.br\",\"@id\":\"https:\\\/\\\/revistaregional.com.br\\\/site\\\/#\\\/schema\\\/person\\\/382af97c580dc1b18f55107bc316010d\"},\"headline\":\"Jo\u00e3o Carlos Martins faz concerto na pra\u00e7a\",\"datePublished\":\"2015-12-02T18:02:40+00:00\",\"dateModified\":\"2024-01-26T13:56:47+00:00\",\"mainEntityOfPage\":{\"@id\":\"https:\\\/\\\/revistaregional.com.br\\\/site\\\/2015\\\/12\\\/02\\\/joao-carlos-martins-faz-concerto-na-praca\\\/\"},\"wordCount\":527,\"commentCount\":0,\"image\":{\"@id\":\"https:\\\/\\\/revistaregional.com.br\\\/site\\\/2015\\\/12\\\/02\\\/joao-carlos-martins-faz-concerto-na-praca\\\/#primaryimage\"},\"thumbnailUrl\":\"https:\\\/\\\/revistaregional.com.br\\\/site\\\/wp-content\\\/uploads\\\/2015\\\/12\\\/Maestro-Jo\u00e3o-Carlos-Martins-se-apresentar\u00e1-em-Salto-dia-12.jpg\",\"keywords\":[\"Cultura\"],\"articleSection\":[\"Cultura\"],\"inLanguage\":\"pt-BR\",\"potentialAction\":[{\"@type\":\"CommentAction\",\"name\":\"Comment\",\"target\":[\"https:\\\/\\\/revistaregional.com.br\\\/site\\\/2015\\\/12\\\/02\\\/joao-carlos-martins-faz-concerto-na-praca\\\/#respond\"]}]},{\"@type\":\"WebPage\",\"@id\":\"https:\\\/\\\/revistaregional.com.br\\\/site\\\/2015\\\/12\\\/02\\\/joao-carlos-martins-faz-concerto-na-praca\\\/\",\"url\":\"https:\\\/\\\/revistaregional.com.br\\\/site\\\/2015\\\/12\\\/02\\\/joao-carlos-martins-faz-concerto-na-praca\\\/\",\"name\":\"Jo\u00e3o Carlos Martins faz concerto na pra\u00e7a - Revista Regional\",\"isPartOf\":{\"@id\":\"https:\\\/\\\/revistaregional.com.br\\\/site\\\/#website\"},\"primaryImageOfPage\":{\"@id\":\"https:\\\/\\\/revistaregional.com.br\\\/site\\\/2015\\\/12\\\/02\\\/joao-carlos-martins-faz-concerto-na-praca\\\/#primaryimage\"},\"image\":{\"@id\":\"https:\\\/\\\/revistaregional.com.br\\\/site\\\/2015\\\/12\\\/02\\\/joao-carlos-martins-faz-concerto-na-praca\\\/#primaryimage\"},\"thumbnailUrl\":\"https:\\\/\\\/revistaregional.com.br\\\/site\\\/wp-content\\\/uploads\\\/2015\\\/12\\\/Maestro-Jo\u00e3o-Carlos-Martins-se-apresentar\u00e1-em-Salto-dia-12.jpg\",\"datePublished\":\"2015-12-02T18:02:40+00:00\",\"dateModified\":\"2024-01-26T13:56:47+00:00\",\"author\":{\"@id\":\"https:\\\/\\\/revistaregional.com.br\\\/site\\\/#\\\/schema\\\/person\\\/382af97c580dc1b18f55107bc316010d\"},\"breadcrumb\":{\"@id\":\"https:\\\/\\\/revistaregional.com.br\\\/site\\\/2015\\\/12\\\/02\\\/joao-carlos-martins-faz-concerto-na-praca\\\/#breadcrumb\"},\"inLanguage\":\"pt-BR\",\"potentialAction\":[{\"@type\":\"ReadAction\",\"target\":[\"https:\\\/\\\/revistaregional.com.br\\\/site\\\/2015\\\/12\\\/02\\\/joao-carlos-martins-faz-concerto-na-praca\\\/\"]}]},{\"@type\":\"ImageObject\",\"inLanguage\":\"pt-BR\",\"@id\":\"https:\\\/\\\/revistaregional.com.br\\\/site\\\/2015\\\/12\\\/02\\\/joao-carlos-martins-faz-concerto-na-praca\\\/#primaryimage\",\"url\":\"https:\\\/\\\/revistaregional.com.br\\\/site\\\/wp-content\\\/uploads\\\/2015\\\/12\\\/Maestro-Jo\u00e3o-Carlos-Martins-se-apresentar\u00e1-em-Salto-dia-12.jpg\",\"contentUrl\":\"https:\\\/\\\/revistaregional.com.br\\\/site\\\/wp-content\\\/uploads\\\/2015\\\/12\\\/Maestro-Jo\u00e3o-Carlos-Martins-se-apresentar\u00e1-em-Salto-dia-12.jpg\",\"width\":\"640\",\"height\":\"427\",\"caption\":\"O maestro estar\u00e1 regendo o concerto gratuito na pra\u00e7a de Salto\"},{\"@type\":\"BreadcrumbList\",\"@id\":\"https:\\\/\\\/revistaregional.com.br\\\/site\\\/2015\\\/12\\\/02\\\/joao-carlos-martins-faz-concerto-na-praca\\\/#breadcrumb\",\"itemListElement\":[{\"@type\":\"ListItem\",\"position\":1,\"name\":\"In\u00edcio\",\"item\":\"https:\\\/\\\/revistaregional.com.br\\\/site\\\/\"},{\"@type\":\"ListItem\",\"position\":2,\"name\":\"Jo\u00e3o Carlos Martins faz concerto na pra\u00e7a\"}]},{\"@type\":\"WebSite\",\"@id\":\"https:\\\/\\\/revistaregional.com.br\\\/site\\\/#website\",\"url\":\"https:\\\/\\\/revistaregional.com.br\\\/site\\\/\",\"name\":\"Revista Regional\",\"description\":\"Salto - Itu - Indaituba\",\"potentialAction\":[{\"@type\":\"SearchAction\",\"target\":{\"@type\":\"EntryPoint\",\"urlTemplate\":\"https:\\\/\\\/revistaregional.com.br\\\/site\\\/?s={search_term_string}\"},\"query-input\":{\"@type\":\"PropertyValueSpecification\",\"valueRequired\":true,\"valueName\":\"search_term_string\"}}],\"inLanguage\":\"pt-BR\"},{\"@type\":\"Person\",\"@id\":\"https:\\\/\\\/revistaregional.com.br\\\/site\\\/#\\\/schema\\\/person\\\/382af97c580dc1b18f55107bc316010d\",\"name\":\"contato@revistaregional.com.br\",\"image\":{\"@type\":\"ImageObject\",\"inLanguage\":\"pt-BR\",\"@id\":\"https:\\\/\\\/secure.gravatar.com\\\/avatar\\\/869822917e96b2e292d5827e4635855396934485e7c4a0af84e9a214e32ca0cd?s=96&d=mm&r=g\",\"url\":\"https:\\\/\\\/secure.gravatar.com\\\/avatar\\\/869822917e96b2e292d5827e4635855396934485e7c4a0af84e9a214e32ca0cd?s=96&d=mm&r=g\",\"contentUrl\":\"https:\\\/\\\/secure.gravatar.com\\\/avatar\\\/869822917e96b2e292d5827e4635855396934485e7c4a0af84e9a214e32ca0cd?s=96&d=mm&r=g\",\"caption\":\"contato@revistaregional.com.br\"},\"url\":\"https:\\\/\\\/revistaregional.com.br\\\/site\\\/author\\\/contato@revistaregional.com.br\\\/\"}]}<\/script>\n<!-- \/ Yoast SEO plugin. -->","yoast_head_json":{"title":"Jo\u00e3o Carlos Martins faz concerto na pra\u00e7a - Revista Regional","robots":{"index":"index","follow":"follow","max-snippet":"max-snippet:-1","max-image-preview":"max-image-preview:large","max-video-preview":"max-video-preview:-1"},"canonical":"https:\/\/revistaregional.com.br\/site\/2015\/12\/02\/joao-carlos-martins-faz-concerto-na-praca\/","og_locale":"pt_BR","og_type":"article","og_title":"Jo\u00e3o Carlos Martins faz concerto na pra\u00e7a - Revista Regional","og_description":"O renomado maestro Jo\u00e3o Carlos Martins acompanhado pela Camerata Bachiana apresentar\u00e1 no Pavilh\u00e3o das Artes \u2013 Pra\u00e7a Archimedes Lammoglia, em Salto, um concerto, o qual integra o projeto \u201cNa roda com o Maestro \u2013 Uma homenagem a Johann Sebastian Bach\u201d. O evento ser\u00e1 no dia 12 de dezembro, s\u00e1bado, \u00e0s 20h. Na oportunidade, o maestro [&hellip;]","og_url":"https:\/\/revistaregional.com.br\/site\/2015\/12\/02\/joao-carlos-martins-faz-concerto-na-praca\/","og_site_name":"Revista Regional","article_published_time":"2015-12-02T18:02:40+00:00","article_modified_time":"2024-01-26T13:56:47+00:00","og_image":[{"width":640,"height":427,"url":"https:\/\/revistaregional.com.br\/site\/wp-content\/uploads\/2015\/12\/Maestro-Jo\u00e3o-Carlos-Martins-se-apresentar\u00e1-em-Salto-dia-12.jpg","type":"image\/jpeg"}],"author":"contato@revistaregional.com.br","twitter_card":"summary_large_image","twitter_misc":{"Escrito por":"contato@revistaregional.com.br","Est. tempo de leitura":"3 minutos"},"schema":{"@context":"https:\/\/schema.org","@graph":[{"@type":"Article","@id":"https:\/\/revistaregional.com.br\/site\/2015\/12\/02\/joao-carlos-martins-faz-concerto-na-praca\/#article","isPartOf":{"@id":"https:\/\/revistaregional.com.br\/site\/2015\/12\/02\/joao-carlos-martins-faz-concerto-na-praca\/"},"author":{"name":"contato@revistaregional.com.br","@id":"https:\/\/revistaregional.com.br\/site\/#\/schema\/person\/382af97c580dc1b18f55107bc316010d"},"headline":"Jo\u00e3o Carlos Martins faz concerto na pra\u00e7a","datePublished":"2015-12-02T18:02:40+00:00","dateModified":"2024-01-26T13:56:47+00:00","mainEntityOfPage":{"@id":"https:\/\/revistaregional.com.br\/site\/2015\/12\/02\/joao-carlos-martins-faz-concerto-na-praca\/"},"wordCount":527,"commentCount":0,"image":{"@id":"https:\/\/revistaregional.com.br\/site\/2015\/12\/02\/joao-carlos-martins-faz-concerto-na-praca\/#primaryimage"},"thumbnailUrl":"https:\/\/revistaregional.com.br\/site\/wp-content\/uploads\/2015\/12\/Maestro-Jo\u00e3o-Carlos-Martins-se-apresentar\u00e1-em-Salto-dia-12.jpg","keywords":["Cultura"],"articleSection":["Cultura"],"inLanguage":"pt-BR","potentialAction":[{"@type":"CommentAction","name":"Comment","target":["https:\/\/revistaregional.com.br\/site\/2015\/12\/02\/joao-carlos-martins-faz-concerto-na-praca\/#respond"]}]},{"@type":"WebPage","@id":"https:\/\/revistaregional.com.br\/site\/2015\/12\/02\/joao-carlos-martins-faz-concerto-na-praca\/","url":"https:\/\/revistaregional.com.br\/site\/2015\/12\/02\/joao-carlos-martins-faz-concerto-na-praca\/","name":"Jo\u00e3o Carlos Martins faz concerto na pra\u00e7a - Revista Regional","isPartOf":{"@id":"https:\/\/revistaregional.com.br\/site\/#website"},"primaryImageOfPage":{"@id":"https:\/\/revistaregional.com.br\/site\/2015\/12\/02\/joao-carlos-martins-faz-concerto-na-praca\/#primaryimage"},"image":{"@id":"https:\/\/revistaregional.com.br\/site\/2015\/12\/02\/joao-carlos-martins-faz-concerto-na-praca\/#primaryimage"},"thumbnailUrl":"https:\/\/revistaregional.com.br\/site\/wp-content\/uploads\/2015\/12\/Maestro-Jo\u00e3o-Carlos-Martins-se-apresentar\u00e1-em-Salto-dia-12.jpg","datePublished":"2015-12-02T18:02:40+00:00","dateModified":"2024-01-26T13:56:47+00:00","author":{"@id":"https:\/\/revistaregional.com.br\/site\/#\/schema\/person\/382af97c580dc1b18f55107bc316010d"},"breadcrumb":{"@id":"https:\/\/revistaregional.com.br\/site\/2015\/12\/02\/joao-carlos-martins-faz-concerto-na-praca\/#breadcrumb"},"inLanguage":"pt-BR","potentialAction":[{"@type":"ReadAction","target":["https:\/\/revistaregional.com.br\/site\/2015\/12\/02\/joao-carlos-martins-faz-concerto-na-praca\/"]}]},{"@type":"ImageObject","inLanguage":"pt-BR","@id":"https:\/\/revistaregional.com.br\/site\/2015\/12\/02\/joao-carlos-martins-faz-concerto-na-praca\/#primaryimage","url":"https:\/\/revistaregional.com.br\/site\/wp-content\/uploads\/2015\/12\/Maestro-Jo\u00e3o-Carlos-Martins-se-apresentar\u00e1-em-Salto-dia-12.jpg","contentUrl":"https:\/\/revistaregional.com.br\/site\/wp-content\/uploads\/2015\/12\/Maestro-Jo\u00e3o-Carlos-Martins-se-apresentar\u00e1-em-Salto-dia-12.jpg","width":"640","height":"427","caption":"O maestro estar\u00e1 regendo o concerto gratuito na pra\u00e7a de Salto"},{"@type":"BreadcrumbList","@id":"https:\/\/revistaregional.com.br\/site\/2015\/12\/02\/joao-carlos-martins-faz-concerto-na-praca\/#breadcrumb","itemListElement":[{"@type":"ListItem","position":1,"name":"In\u00edcio","item":"https:\/\/revistaregional.com.br\/site\/"},{"@type":"ListItem","position":2,"name":"Jo\u00e3o Carlos Martins faz concerto na pra\u00e7a"}]},{"@type":"WebSite","@id":"https:\/\/revistaregional.com.br\/site\/#website","url":"https:\/\/revistaregional.com.br\/site\/","name":"Revista Regional","description":"Salto - Itu - Indaituba","potentialAction":[{"@type":"SearchAction","target":{"@type":"EntryPoint","urlTemplate":"https:\/\/revistaregional.com.br\/site\/?s={search_term_string}"},"query-input":{"@type":"PropertyValueSpecification","valueRequired":true,"valueName":"search_term_string"}}],"inLanguage":"pt-BR"},{"@type":"Person","@id":"https:\/\/revistaregional.com.br\/site\/#\/schema\/person\/382af97c580dc1b18f55107bc316010d","name":"contato@revistaregional.com.br","image":{"@type":"ImageObject","inLanguage":"pt-BR","@id":"https:\/\/secure.gravatar.com\/avatar\/869822917e96b2e292d5827e4635855396934485e7c4a0af84e9a214e32ca0cd?s=96&d=mm&r=g","url":"https:\/\/secure.gravatar.com\/avatar\/869822917e96b2e292d5827e4635855396934485e7c4a0af84e9a214e32ca0cd?s=96&d=mm&r=g","contentUrl":"https:\/\/secure.gravatar.com\/avatar\/869822917e96b2e292d5827e4635855396934485e7c4a0af84e9a214e32ca0cd?s=96&d=mm&r=g","caption":"contato@revistaregional.com.br"},"url":"https:\/\/revistaregional.com.br\/site\/author\/contato@revistaregional.com.br\/"}]}},"views":39,"_links":{"self":[{"href":"https:\/\/revistaregional.com.br\/site\/wp-json\/wp\/v2\/posts\/7440","targetHints":{"allow":["GET"]}}],"collection":[{"href":"https:\/\/revistaregional.com.br\/site\/wp-json\/wp\/v2\/posts"}],"about":[{"href":"https:\/\/revistaregional.com.br\/site\/wp-json\/wp\/v2\/types\/post"}],"author":[{"embeddable":true,"href":"https:\/\/revistaregional.com.br\/site\/wp-json\/wp\/v2\/users\/1"}],"replies":[{"embeddable":true,"href":"https:\/\/revistaregional.com.br\/site\/wp-json\/wp\/v2\/comments?post=7440"}],"version-history":[{"count":2,"href":"https:\/\/revistaregional.com.br\/site\/wp-json\/wp\/v2\/posts\/7440\/revisions"}],"predecessor-version":[{"id":7443,"href":"https:\/\/revistaregional.com.br\/site\/wp-json\/wp\/v2\/posts\/7440\/revisions\/7443"}],"wp:featuredmedia":[{"embeddable":true,"href":"https:\/\/revistaregional.com.br\/site\/wp-json\/wp\/v2\/media\/7441"}],"wp:attachment":[{"href":"https:\/\/revistaregional.com.br\/site\/wp-json\/wp\/v2\/media?parent=7440"}],"wp:term":[{"taxonomy":"category","embeddable":true,"href":"https:\/\/revistaregional.com.br\/site\/wp-json\/wp\/v2\/categories?post=7440"},{"taxonomy":"post_tag","embeddable":true,"href":"https:\/\/revistaregional.com.br\/site\/wp-json\/wp\/v2\/tags?post=7440"}],"curies":[{"name":"wp","href":"https:\/\/api.w.org\/{rel}","templated":true}]}}