{"id":7294,"date":"2015-09-22T13:29:41","date_gmt":"2015-09-22T16:29:41","guid":{"rendered":"http:\/\/revistaregional.com.br\/site\/?p=7294"},"modified":"2024-01-26T10:01:23","modified_gmt":"2024-01-26T13:01:23","slug":"planeta-salto-traz-jornalismo-e-humor","status":"publish","type":"post","link":"https:\/\/revistaregional.com.br\/site\/2015\/09\/22\/planeta-salto-traz-jornalismo-e-humor\/","title":{"rendered":"Planeta Salto traz jornalismo e humor"},"content":{"rendered":"<figure id=\"attachment_7295\" aria-describedby=\"caption-attachment-7295\" style=\"width: 307px\" class=\"wp-caption aligncenter\"><a href=\"http:\/\/revistaregional.com.br\/site\/wp-content\/uploads\/2015\/09\/cena-do-plant\u00e3o-Festa-do-Salto-embargada.jpg\" rel=\"attachment wp-att-7295\"><img fetchpriority=\"high\" decoding=\"async\" class=\" wp-image-7295  \" src=\"http:\/\/revistaregional.com.br\/site\/wp-content\/uploads\/2015\/09\/cena-do-plant\u00e3o-Festa-do-Salto-embargada.jpg\" alt=\"\" width=\"307\" height=\"174\" srcset=\"https:\/\/revistaregional.com.br\/site\/wp-content\/uploads\/2015\/09\/cena-do-plant\u00e3o-Festa-do-Salto-embargada.jpg 640w, https:\/\/revistaregional.com.br\/site\/wp-content\/uploads\/2015\/09\/cena-do-plant\u00e3o-Festa-do-Salto-embargada-300x170.jpg 300w\" sizes=\"(max-width: 307px) 100vw, 307px\" \/><\/a><figcaption id=\"caption-attachment-7295\" class=\"wp-caption-text\">&#8211; Cena do plant\u00e3o Festa do Salto embargada<br \/>cr\u00e9dito: Reprodu\u00e7\u00e3o\/Internet<\/figcaption><\/figure>\n<p>Na quinta-feira, 24, estreia na internet o primeiro epis\u00f3dio do programa humornal\u00edstico <strong>Planeta Salto<\/strong>. Embora ainda n\u00e3o tenha estreado, alguns v\u00eddeos antecipando o formato do programa no Facebook e YouTube j\u00e1 alcan\u00e7aram mais de 50 mil pessoas.<\/p>\n<p>Segundo o jornalista Os\u00e9as Singh Jr., idealizador do projeto, esse sucesso antecipado se deve a uma soma de fatores. \u201cMisturamos a pegada jornal\u00edstica com muito humor e mostramos as contradi\u00e7\u00f5es, eventos e curiosidades de nossa cidade. Bons atores escolhidos a dedo e profissionais liberais bem-humorados, seguem uma receita de trabalho simples: humor sem apela\u00e7\u00e3o, agress\u00e3o ou palavr\u00e3o. Nosso principal ingrediente \u00e9 a ironia, com tempero <em>non sense<\/em> (estilo caracter\u00edstico de humor perturbado e sem sentido)\u201d, explica o jornalista.<\/p>\n<figure id=\"attachment_7296\" aria-describedby=\"caption-attachment-7296\" style=\"width: 132px\" class=\"wp-caption alignright\"><a href=\"http:\/\/revistaregional.com.br\/site\/wp-content\/uploads\/2015\/09\/Robocop-Gay.png\" rel=\"attachment wp-att-7296\"><img decoding=\"async\" class=\" wp-image-7296    \" src=\"http:\/\/revistaregional.com.br\/site\/wp-content\/uploads\/2015\/09\/Robocop-Gay.png\" alt=\"\" width=\"132\" height=\"269\" \/><\/a><figcaption id=\"caption-attachment-7296\" class=\"wp-caption-text\">Robocop Gay \u00e9 um dos destaque do programa saltense<\/figcaption><\/figure>\n<p>O projeto come\u00e7ou h\u00e1 cerca de dois anos, quando o idealizador do programa importou da Calif\u00f3rnia trajes para a composi\u00e7\u00e3o dos personagens. \u201cO primeiro traje que recebemos foi do Robocop antigo, quer\u00edamos materializar a m\u00fasica Robocop Gay dos \u2018Mamonas Assassinas\u2019. Depois chegou o traje do vil\u00e3o Darth Vader, que transformamos em Darth PTeiver, em seguida do ET-c\u00e9tera e etc\u201d, brinca.<\/p>\n<p>A partir de quinta-feira todos os programas que est\u00e3o nas redes sociais, inclusive o primeiro epis\u00f3dio a ser lan\u00e7ado, estar\u00e3o reunidos no canal da internet <a href=\"http:\/\/www.tvsalto.com.br\/\">www.tvsalto.com.br<\/a> que est\u00e1 sendo criado em parceria com a empresa de internet e multim\u00eddia Orion sites.<\/p>\n<p><em>\u00a0foto: Divulga\u00e7\u00e3o<\/em><\/p>\n","protected":false},"excerpt":{"rendered":"<p>Na quinta-feira, 24, estreia na internet o primeiro epis\u00f3dio do programa humornal\u00edstico Planeta Salto. Embora ainda n\u00e3o tenha estreado, alguns v\u00eddeos antecipando o formato do programa no Facebook e YouTube j\u00e1 alcan\u00e7aram mais de 50 mil pessoas. Segundo o jornalista Os\u00e9as Singh Jr., idealizador do projeto, esse sucesso antecipado se deve a uma soma de [&hellip;]<\/p>\n","protected":false},"author":1,"featured_media":7295,"comment_status":"open","ping_status":"open","sticky":false,"template":"","format":"standard","meta":{"_acf_changed":false,"ngg_post_thumbnail":0,"_joinchat":[],"footnotes":""},"categories":[12],"tags":[527],"class_list":["post-7294","post","type-post","status-publish","format-standard","has-post-thumbnail","hentry","category-regionais","tag-regionais"],"acf":[],"yoast_head":"<!-- This site is optimized with the Yoast SEO plugin v27.4 - https:\/\/yoast.com\/product\/yoast-seo-wordpress\/ -->\n<title>Planeta Salto traz jornalismo e humor - Revista Regional<\/title>\n<meta name=\"robots\" content=\"index, follow, max-snippet:-1, max-image-preview:large, max-video-preview:-1\" \/>\n<link rel=\"canonical\" href=\"https:\/\/revistaregional.com.br\/site\/2015\/09\/22\/planeta-salto-traz-jornalismo-e-humor\/\" \/>\n<meta property=\"og:locale\" content=\"pt_BR\" \/>\n<meta property=\"og:type\" content=\"article\" \/>\n<meta property=\"og:title\" content=\"Planeta Salto traz jornalismo e humor - Revista Regional\" \/>\n<meta property=\"og:description\" content=\"Na quinta-feira, 24, estreia na internet o primeiro epis\u00f3dio do programa humornal\u00edstico Planeta Salto. Embora ainda n\u00e3o tenha estreado, alguns v\u00eddeos antecipando o formato do programa no Facebook e YouTube j\u00e1 alcan\u00e7aram mais de 50 mil pessoas. Segundo o jornalista Os\u00e9as Singh Jr., idealizador do projeto, esse sucesso antecipado se deve a uma soma de [&hellip;]\" \/>\n<meta property=\"og:url\" content=\"https:\/\/revistaregional.com.br\/site\/2015\/09\/22\/planeta-salto-traz-jornalismo-e-humor\/\" \/>\n<meta property=\"og:site_name\" content=\"Revista Regional\" \/>\n<meta property=\"article:published_time\" content=\"2015-09-22T16:29:41+00:00\" \/>\n<meta property=\"article:modified_time\" content=\"2024-01-26T13:01:23+00:00\" \/>\n<meta property=\"og:image\" content=\"https:\/\/revistaregional.com.br\/site\/wp-content\/uploads\/2015\/09\/cena-do-plant\u00e3o-Festa-do-Salto-embargada.jpg\" \/>\n\t<meta property=\"og:image:width\" content=\"640\" \/>\n\t<meta property=\"og:image:height\" content=\"363\" \/>\n\t<meta property=\"og:image:type\" content=\"image\/jpeg\" \/>\n<meta name=\"author\" content=\"contato@revistaregional.com.br\" \/>\n<meta name=\"twitter:card\" content=\"summary_large_image\" \/>\n<meta name=\"twitter:label1\" content=\"Escrito por\" \/>\n\t<meta name=\"twitter:data1\" content=\"contato@revistaregional.com.br\" \/>\n\t<meta name=\"twitter:label2\" content=\"Est. tempo de leitura\" \/>\n\t<meta name=\"twitter:data2\" content=\"1 minuto\" \/>\n<script type=\"application\/ld+json\" class=\"yoast-schema-graph\">{\"@context\":\"https:\\\/\\\/schema.org\",\"@graph\":[{\"@type\":\"Article\",\"@id\":\"https:\\\/\\\/revistaregional.com.br\\\/site\\\/2015\\\/09\\\/22\\\/planeta-salto-traz-jornalismo-e-humor\\\/#article\",\"isPartOf\":{\"@id\":\"https:\\\/\\\/revistaregional.com.br\\\/site\\\/2015\\\/09\\\/22\\\/planeta-salto-traz-jornalismo-e-humor\\\/\"},\"author\":{\"name\":\"contato@revistaregional.com.br\",\"@id\":\"https:\\\/\\\/revistaregional.com.br\\\/site\\\/#\\\/schema\\\/person\\\/382af97c580dc1b18f55107bc316010d\"},\"headline\":\"Planeta Salto traz jornalismo e humor\",\"datePublished\":\"2015-09-22T16:29:41+00:00\",\"dateModified\":\"2024-01-26T13:01:23+00:00\",\"mainEntityOfPage\":{\"@id\":\"https:\\\/\\\/revistaregional.com.br\\\/site\\\/2015\\\/09\\\/22\\\/planeta-salto-traz-jornalismo-e-humor\\\/\"},\"wordCount\":284,\"commentCount\":0,\"image\":{\"@id\":\"https:\\\/\\\/revistaregional.com.br\\\/site\\\/2015\\\/09\\\/22\\\/planeta-salto-traz-jornalismo-e-humor\\\/#primaryimage\"},\"thumbnailUrl\":\"https:\\\/\\\/revistaregional.com.br\\\/site\\\/wp-content\\\/uploads\\\/2015\\\/09\\\/cena-do-plant\u00e3o-Festa-do-Salto-embargada.jpg\",\"keywords\":[\"Regionais\"],\"articleSection\":[\"Regionais\"],\"inLanguage\":\"pt-BR\",\"potentialAction\":[{\"@type\":\"CommentAction\",\"name\":\"Comment\",\"target\":[\"https:\\\/\\\/revistaregional.com.br\\\/site\\\/2015\\\/09\\\/22\\\/planeta-salto-traz-jornalismo-e-humor\\\/#respond\"]}]},{\"@type\":\"WebPage\",\"@id\":\"https:\\\/\\\/revistaregional.com.br\\\/site\\\/2015\\\/09\\\/22\\\/planeta-salto-traz-jornalismo-e-humor\\\/\",\"url\":\"https:\\\/\\\/revistaregional.com.br\\\/site\\\/2015\\\/09\\\/22\\\/planeta-salto-traz-jornalismo-e-humor\\\/\",\"name\":\"Planeta Salto traz jornalismo e humor - Revista Regional\",\"isPartOf\":{\"@id\":\"https:\\\/\\\/revistaregional.com.br\\\/site\\\/#website\"},\"primaryImageOfPage\":{\"@id\":\"https:\\\/\\\/revistaregional.com.br\\\/site\\\/2015\\\/09\\\/22\\\/planeta-salto-traz-jornalismo-e-humor\\\/#primaryimage\"},\"image\":{\"@id\":\"https:\\\/\\\/revistaregional.com.br\\\/site\\\/2015\\\/09\\\/22\\\/planeta-salto-traz-jornalismo-e-humor\\\/#primaryimage\"},\"thumbnailUrl\":\"https:\\\/\\\/revistaregional.com.br\\\/site\\\/wp-content\\\/uploads\\\/2015\\\/09\\\/cena-do-plant\u00e3o-Festa-do-Salto-embargada.jpg\",\"datePublished\":\"2015-09-22T16:29:41+00:00\",\"dateModified\":\"2024-01-26T13:01:23+00:00\",\"author\":{\"@id\":\"https:\\\/\\\/revistaregional.com.br\\\/site\\\/#\\\/schema\\\/person\\\/382af97c580dc1b18f55107bc316010d\"},\"breadcrumb\":{\"@id\":\"https:\\\/\\\/revistaregional.com.br\\\/site\\\/2015\\\/09\\\/22\\\/planeta-salto-traz-jornalismo-e-humor\\\/#breadcrumb\"},\"inLanguage\":\"pt-BR\",\"potentialAction\":[{\"@type\":\"ReadAction\",\"target\":[\"https:\\\/\\\/revistaregional.com.br\\\/site\\\/2015\\\/09\\\/22\\\/planeta-salto-traz-jornalismo-e-humor\\\/\"]}]},{\"@type\":\"ImageObject\",\"inLanguage\":\"pt-BR\",\"@id\":\"https:\\\/\\\/revistaregional.com.br\\\/site\\\/2015\\\/09\\\/22\\\/planeta-salto-traz-jornalismo-e-humor\\\/#primaryimage\",\"url\":\"https:\\\/\\\/revistaregional.com.br\\\/site\\\/wp-content\\\/uploads\\\/2015\\\/09\\\/cena-do-plant\u00e3o-Festa-do-Salto-embargada.jpg\",\"contentUrl\":\"https:\\\/\\\/revistaregional.com.br\\\/site\\\/wp-content\\\/uploads\\\/2015\\\/09\\\/cena-do-plant\u00e3o-Festa-do-Salto-embargada.jpg\",\"width\":\"640\",\"height\":\"363\",\"caption\":\"- Cena do plant\u00e3o Festa do Salto embargada cr\u00e9dito: Reprodu\u00e7\u00e3o\\\/Internet\"},{\"@type\":\"BreadcrumbList\",\"@id\":\"https:\\\/\\\/revistaregional.com.br\\\/site\\\/2015\\\/09\\\/22\\\/planeta-salto-traz-jornalismo-e-humor\\\/#breadcrumb\",\"itemListElement\":[{\"@type\":\"ListItem\",\"position\":1,\"name\":\"In\u00edcio\",\"item\":\"https:\\\/\\\/revistaregional.com.br\\\/site\\\/\"},{\"@type\":\"ListItem\",\"position\":2,\"name\":\"Planeta Salto traz jornalismo e humor\"}]},{\"@type\":\"WebSite\",\"@id\":\"https:\\\/\\\/revistaregional.com.br\\\/site\\\/#website\",\"url\":\"https:\\\/\\\/revistaregional.com.br\\\/site\\\/\",\"name\":\"Revista Regional\",\"description\":\"Salto - Itu - Indaituba\",\"potentialAction\":[{\"@type\":\"SearchAction\",\"target\":{\"@type\":\"EntryPoint\",\"urlTemplate\":\"https:\\\/\\\/revistaregional.com.br\\\/site\\\/?s={search_term_string}\"},\"query-input\":{\"@type\":\"PropertyValueSpecification\",\"valueRequired\":true,\"valueName\":\"search_term_string\"}}],\"inLanguage\":\"pt-BR\"},{\"@type\":\"Person\",\"@id\":\"https:\\\/\\\/revistaregional.com.br\\\/site\\\/#\\\/schema\\\/person\\\/382af97c580dc1b18f55107bc316010d\",\"name\":\"contato@revistaregional.com.br\",\"image\":{\"@type\":\"ImageObject\",\"inLanguage\":\"pt-BR\",\"@id\":\"https:\\\/\\\/secure.gravatar.com\\\/avatar\\\/869822917e96b2e292d5827e4635855396934485e7c4a0af84e9a214e32ca0cd?s=96&d=mm&r=g\",\"url\":\"https:\\\/\\\/secure.gravatar.com\\\/avatar\\\/869822917e96b2e292d5827e4635855396934485e7c4a0af84e9a214e32ca0cd?s=96&d=mm&r=g\",\"contentUrl\":\"https:\\\/\\\/secure.gravatar.com\\\/avatar\\\/869822917e96b2e292d5827e4635855396934485e7c4a0af84e9a214e32ca0cd?s=96&d=mm&r=g\",\"caption\":\"contato@revistaregional.com.br\"},\"url\":\"https:\\\/\\\/revistaregional.com.br\\\/site\\\/author\\\/contato@revistaregional.com.br\\\/\"}]}<\/script>\n<!-- \/ Yoast SEO plugin. -->","yoast_head_json":{"title":"Planeta Salto traz jornalismo e humor - Revista Regional","robots":{"index":"index","follow":"follow","max-snippet":"max-snippet:-1","max-image-preview":"max-image-preview:large","max-video-preview":"max-video-preview:-1"},"canonical":"https:\/\/revistaregional.com.br\/site\/2015\/09\/22\/planeta-salto-traz-jornalismo-e-humor\/","og_locale":"pt_BR","og_type":"article","og_title":"Planeta Salto traz jornalismo e humor - Revista Regional","og_description":"Na quinta-feira, 24, estreia na internet o primeiro epis\u00f3dio do programa humornal\u00edstico Planeta Salto. Embora ainda n\u00e3o tenha estreado, alguns v\u00eddeos antecipando o formato do programa no Facebook e YouTube j\u00e1 alcan\u00e7aram mais de 50 mil pessoas. Segundo o jornalista Os\u00e9as Singh Jr., idealizador do projeto, esse sucesso antecipado se deve a uma soma de [&hellip;]","og_url":"https:\/\/revistaregional.com.br\/site\/2015\/09\/22\/planeta-salto-traz-jornalismo-e-humor\/","og_site_name":"Revista Regional","article_published_time":"2015-09-22T16:29:41+00:00","article_modified_time":"2024-01-26T13:01:23+00:00","og_image":[{"width":640,"height":363,"url":"https:\/\/revistaregional.com.br\/site\/wp-content\/uploads\/2015\/09\/cena-do-plant\u00e3o-Festa-do-Salto-embargada.jpg","type":"image\/jpeg"}],"author":"contato@revistaregional.com.br","twitter_card":"summary_large_image","twitter_misc":{"Escrito por":"contato@revistaregional.com.br","Est. tempo de leitura":"1 minuto"},"schema":{"@context":"https:\/\/schema.org","@graph":[{"@type":"Article","@id":"https:\/\/revistaregional.com.br\/site\/2015\/09\/22\/planeta-salto-traz-jornalismo-e-humor\/#article","isPartOf":{"@id":"https:\/\/revistaregional.com.br\/site\/2015\/09\/22\/planeta-salto-traz-jornalismo-e-humor\/"},"author":{"name":"contato@revistaregional.com.br","@id":"https:\/\/revistaregional.com.br\/site\/#\/schema\/person\/382af97c580dc1b18f55107bc316010d"},"headline":"Planeta Salto traz jornalismo e humor","datePublished":"2015-09-22T16:29:41+00:00","dateModified":"2024-01-26T13:01:23+00:00","mainEntityOfPage":{"@id":"https:\/\/revistaregional.com.br\/site\/2015\/09\/22\/planeta-salto-traz-jornalismo-e-humor\/"},"wordCount":284,"commentCount":0,"image":{"@id":"https:\/\/revistaregional.com.br\/site\/2015\/09\/22\/planeta-salto-traz-jornalismo-e-humor\/#primaryimage"},"thumbnailUrl":"https:\/\/revistaregional.com.br\/site\/wp-content\/uploads\/2015\/09\/cena-do-plant\u00e3o-Festa-do-Salto-embargada.jpg","keywords":["Regionais"],"articleSection":["Regionais"],"inLanguage":"pt-BR","potentialAction":[{"@type":"CommentAction","name":"Comment","target":["https:\/\/revistaregional.com.br\/site\/2015\/09\/22\/planeta-salto-traz-jornalismo-e-humor\/#respond"]}]},{"@type":"WebPage","@id":"https:\/\/revistaregional.com.br\/site\/2015\/09\/22\/planeta-salto-traz-jornalismo-e-humor\/","url":"https:\/\/revistaregional.com.br\/site\/2015\/09\/22\/planeta-salto-traz-jornalismo-e-humor\/","name":"Planeta Salto traz jornalismo e humor - Revista Regional","isPartOf":{"@id":"https:\/\/revistaregional.com.br\/site\/#website"},"primaryImageOfPage":{"@id":"https:\/\/revistaregional.com.br\/site\/2015\/09\/22\/planeta-salto-traz-jornalismo-e-humor\/#primaryimage"},"image":{"@id":"https:\/\/revistaregional.com.br\/site\/2015\/09\/22\/planeta-salto-traz-jornalismo-e-humor\/#primaryimage"},"thumbnailUrl":"https:\/\/revistaregional.com.br\/site\/wp-content\/uploads\/2015\/09\/cena-do-plant\u00e3o-Festa-do-Salto-embargada.jpg","datePublished":"2015-09-22T16:29:41+00:00","dateModified":"2024-01-26T13:01:23+00:00","author":{"@id":"https:\/\/revistaregional.com.br\/site\/#\/schema\/person\/382af97c580dc1b18f55107bc316010d"},"breadcrumb":{"@id":"https:\/\/revistaregional.com.br\/site\/2015\/09\/22\/planeta-salto-traz-jornalismo-e-humor\/#breadcrumb"},"inLanguage":"pt-BR","potentialAction":[{"@type":"ReadAction","target":["https:\/\/revistaregional.com.br\/site\/2015\/09\/22\/planeta-salto-traz-jornalismo-e-humor\/"]}]},{"@type":"ImageObject","inLanguage":"pt-BR","@id":"https:\/\/revistaregional.com.br\/site\/2015\/09\/22\/planeta-salto-traz-jornalismo-e-humor\/#primaryimage","url":"https:\/\/revistaregional.com.br\/site\/wp-content\/uploads\/2015\/09\/cena-do-plant\u00e3o-Festa-do-Salto-embargada.jpg","contentUrl":"https:\/\/revistaregional.com.br\/site\/wp-content\/uploads\/2015\/09\/cena-do-plant\u00e3o-Festa-do-Salto-embargada.jpg","width":"640","height":"363","caption":"- Cena do plant\u00e3o Festa do Salto embargada cr\u00e9dito: Reprodu\u00e7\u00e3o\/Internet"},{"@type":"BreadcrumbList","@id":"https:\/\/revistaregional.com.br\/site\/2015\/09\/22\/planeta-salto-traz-jornalismo-e-humor\/#breadcrumb","itemListElement":[{"@type":"ListItem","position":1,"name":"In\u00edcio","item":"https:\/\/revistaregional.com.br\/site\/"},{"@type":"ListItem","position":2,"name":"Planeta Salto traz jornalismo e humor"}]},{"@type":"WebSite","@id":"https:\/\/revistaregional.com.br\/site\/#website","url":"https:\/\/revistaregional.com.br\/site\/","name":"Revista Regional","description":"Salto - Itu - Indaituba","potentialAction":[{"@type":"SearchAction","target":{"@type":"EntryPoint","urlTemplate":"https:\/\/revistaregional.com.br\/site\/?s={search_term_string}"},"query-input":{"@type":"PropertyValueSpecification","valueRequired":true,"valueName":"search_term_string"}}],"inLanguage":"pt-BR"},{"@type":"Person","@id":"https:\/\/revistaregional.com.br\/site\/#\/schema\/person\/382af97c580dc1b18f55107bc316010d","name":"contato@revistaregional.com.br","image":{"@type":"ImageObject","inLanguage":"pt-BR","@id":"https:\/\/secure.gravatar.com\/avatar\/869822917e96b2e292d5827e4635855396934485e7c4a0af84e9a214e32ca0cd?s=96&d=mm&r=g","url":"https:\/\/secure.gravatar.com\/avatar\/869822917e96b2e292d5827e4635855396934485e7c4a0af84e9a214e32ca0cd?s=96&d=mm&r=g","contentUrl":"https:\/\/secure.gravatar.com\/avatar\/869822917e96b2e292d5827e4635855396934485e7c4a0af84e9a214e32ca0cd?s=96&d=mm&r=g","caption":"contato@revistaregional.com.br"},"url":"https:\/\/revistaregional.com.br\/site\/author\/contato@revistaregional.com.br\/"}]}},"views":76,"_links":{"self":[{"href":"https:\/\/revistaregional.com.br\/site\/wp-json\/wp\/v2\/posts\/7294","targetHints":{"allow":["GET"]}}],"collection":[{"href":"https:\/\/revistaregional.com.br\/site\/wp-json\/wp\/v2\/posts"}],"about":[{"href":"https:\/\/revistaregional.com.br\/site\/wp-json\/wp\/v2\/types\/post"}],"author":[{"embeddable":true,"href":"https:\/\/revistaregional.com.br\/site\/wp-json\/wp\/v2\/users\/1"}],"replies":[{"embeddable":true,"href":"https:\/\/revistaregional.com.br\/site\/wp-json\/wp\/v2\/comments?post=7294"}],"version-history":[{"count":5,"href":"https:\/\/revistaregional.com.br\/site\/wp-json\/wp\/v2\/posts\/7294\/revisions"}],"predecessor-version":[{"id":7302,"href":"https:\/\/revistaregional.com.br\/site\/wp-json\/wp\/v2\/posts\/7294\/revisions\/7302"}],"wp:featuredmedia":[{"embeddable":true,"href":"https:\/\/revistaregional.com.br\/site\/wp-json\/wp\/v2\/media\/7295"}],"wp:attachment":[{"href":"https:\/\/revistaregional.com.br\/site\/wp-json\/wp\/v2\/media?parent=7294"}],"wp:term":[{"taxonomy":"category","embeddable":true,"href":"https:\/\/revistaregional.com.br\/site\/wp-json\/wp\/v2\/categories?post=7294"},{"taxonomy":"post_tag","embeddable":true,"href":"https:\/\/revistaregional.com.br\/site\/wp-json\/wp\/v2\/tags?post=7294"}],"curies":[{"name":"wp","href":"https:\/\/api.w.org\/{rel}","templated":true}]}}