{"id":7150,"date":"2015-08-04T09:16:50","date_gmt":"2015-08-04T12:16:50","guid":{"rendered":"http:\/\/revistaregional.com.br\/site\/?p=7150"},"modified":"2024-01-26T09:24:47","modified_gmt":"2024-01-26T12:24:47","slug":"escolha-perfumes-para-o-inverno","status":"publish","type":"post","link":"https:\/\/revistaregional.com.br\/site\/2015\/08\/04\/escolha-perfumes-para-o-inverno\/","title":{"rendered":"Escolha perfumes para o inverno"},"content":{"rendered":"<p>O inverno chegou e escolher o\u00a0<strong>perfume que combina <\/strong>com os dias frios \u00e9 a melhor forma para ficar mais cheirosa e arrasar nesta esta\u00e7\u00e3o. O melhor \u00e9 investir em perfumes mais doces, intensos e densos. Para isso, segue uma sele\u00e7\u00e3o de perfumes ideais para usar e abusar na\u00a0esta\u00e7\u00e3o mais fria do ano. S\u00e3o fragr\u00e2ncias quentes que v\u00e3o esquentar o clima e dar uma sensa\u00e7\u00e3o acolhedora e de conforto.<\/p>\n<p><strong><a href=\"http:\/\/revistaregional.com.br\/site\/wp-content\/uploads\/2015\/08\/11.jpg\" rel=\"attachment wp-att-7152\"><img decoding=\"async\" class=\" wp-image-7152 alignright\" src=\"http:\/\/revistaregional.com.br\/site\/wp-content\/uploads\/2015\/08\/11.jpg\" alt=\"\" width=\"173\" height=\"222\" srcset=\"https:\/\/revistaregional.com.br\/site\/wp-content\/uploads\/2015\/08\/11.jpg 480w, https:\/\/revistaregional.com.br\/site\/wp-content\/uploads\/2015\/08\/11-233x300.jpg 233w\" sizes=\"(max-width: 173px) 100vw, 173px\" \/><\/a>\u00a0DOLCE&amp;GABBANA THE ONE<\/strong><\/p>\n<p>The One foi elaborado especialmente para uma mulher extrovertida, sexy e segura de si. A composi\u00e7\u00e3o distinta de notas excita os sentidos, envolvendo-os numa intensidade voluptuosa. Abrindo com exuberante tangerina picante, a mistura se junta a brilhantes notas de bergamota, lichia e p\u00eassego. A viagem para o seu cora\u00e7\u00e3o assume amenos tons de jasmim, cedendo \u00e0 a\u00e7ucena e ao l\u00edrio do vale e se entrela\u00e7ando graciosamente com um toque suave de ameixa. Sua base, quente e amadeirada, evoca a ess\u00eancia da raiz de vetiver, temperada por resinoso alm\u00edscar ambarado. Seu toque final, um doce e sensual rastro de baunilha, permanece na mem\u00f3ria depois que o resto parte, uma lembran\u00e7a sutil de sua presen\u00e7a. <strong>Sugest\u00e3o de pre\u00e7os<\/strong>: 30ml \u2013 R$ 255,00\/ 50ml \u2013 R$ 365,00\/ 75ml \u2013 R$ 499,00<\/p>\n<p><strong><a href=\"http:\/\/revistaregional.com.br\/site\/wp-content\/uploads\/2015\/08\/22.jpg\" rel=\"attachment wp-att-7169\"><img decoding=\"async\" class=\"wp-image-7169 alignright\" src=\"http:\/\/revistaregional.com.br\/site\/wp-content\/uploads\/2015\/08\/22.jpg\" alt=\"\" width=\"184\" height=\"184\" srcset=\"https:\/\/revistaregional.com.br\/site\/wp-content\/uploads\/2015\/08\/22.jpg 480w, https:\/\/revistaregional.com.br\/site\/wp-content\/uploads\/2015\/08\/22-150x150.jpg 150w, https:\/\/revistaregional.com.br\/site\/wp-content\/uploads\/2015\/08\/22-300x300.jpg 300w\" sizes=\"(max-width: 184px) 100vw, 184px\" \/><\/a>STELLA McCARTNEY<\/strong><\/p>\n<p>O primeiro perfume de <strong>Stella McCartney, Stella,<\/strong> \u00e9 uma homenagem \u00e0 rosa inglesa, e uma express\u00e3o de feminilidade. O perfume evoca uma rosa em plena flora\u00e7\u00e3o em um jardim tradicional ingl\u00eas com um contraste \u00e2mbar sensual. Bonito e assumidamente feminino, a composi\u00e7\u00e3o da fragr\u00e2ncia Stella \u00e9 acess\u00edvel e duradoura. Uma fragr\u00e2ncia sensual e intensa, Stella possui notas florais rosadas suaves que conduzem a fragr\u00e2ncia, sutilmente equilibrada com ess\u00eancia de mandarina fresca e flor de pe\u00f4nia, intensificando e alongando as notas de abertura. O cora\u00e7\u00e3o \u00e9 rosa pura, para representar a feminilidade absoluta. As notas de base d\u00e3o um acabamento forte e sensual. Ressoando atrav\u00e9s do acorde de rosa, a masculinidade do \u00e2mbar contrasta o lado floral, tornando a fragr\u00e2ncia forte com um acabamento sensual. <strong>Sugest\u00e3o de pre\u00e7os<\/strong>: 30 ml \u2013 R$ 299,00\/ 50 ml \u2013 R$ 399,00\/ 100 ml \u2013 R$ 499,00<\/p>\n<p><strong><a href=\"http:\/\/revistaregional.com.br\/site\/wp-content\/uploads\/2015\/08\/3.jpg\" rel=\"attachment wp-att-7172\"><img decoding=\"async\" class=\"alignright  wp-image-7172\" src=\"http:\/\/revistaregional.com.br\/site\/wp-content\/uploads\/2015\/08\/3.jpg\" alt=\"\" width=\"173\" height=\"173\" srcset=\"https:\/\/revistaregional.com.br\/site\/wp-content\/uploads\/2015\/08\/3.jpg 480w, https:\/\/revistaregional.com.br\/site\/wp-content\/uploads\/2015\/08\/3-150x150.jpg 150w, https:\/\/revistaregional.com.br\/site\/wp-content\/uploads\/2015\/08\/3-300x300.jpg 300w\" sizes=\"(max-width: 173px) 100vw, 173px\" \/><\/a>BOSS NUIT INTENSE<\/strong><\/p>\n<p>BOSS Nuit Intense apresenta uma maior profundidade de florais misturados com deslumbrantes e mais intensas notas de topo para uma maior e mais comovente experi\u00eancia. A fragr\u00e2ncia \u00e9 um maravilho Eau de Parfum Floral com notas amadeiradas finas. Acordes florais femininos e notas de cabe\u00e7a frescas combinam com uma base quente para formar uma composi\u00e7\u00e3o moderna repleta de eleg\u00e2ncia simples. O p\u00eassego branco, notas de jasmim e s\u00e2ndalo sensual o envolvem em uma aura de sedu\u00e7\u00e3o. Esta requintada mistura \u00e9 um delicado equil\u00edbrio entre aromas florais e acordes picantes. <strong>Sugest\u00e3o de pre\u00e7os<\/strong> \u2013 50 ml \u2013 R$ 365,00 \/ 75 ml \u2013 R$ 465,00<\/p>\n<p><strong><a href=\"http:\/\/revistaregional.com.br\/site\/wp-content\/uploads\/2015\/08\/4.jpg\" rel=\"attachment wp-att-7173\"><img loading=\"lazy\" decoding=\"async\" class=\"alignright  wp-image-7173\" src=\"http:\/\/revistaregional.com.br\/site\/wp-content\/uploads\/2015\/08\/4.jpg\" alt=\"\" width=\"230\" height=\"173\" srcset=\"https:\/\/revistaregional.com.br\/site\/wp-content\/uploads\/2015\/08\/4.jpg 640w, https:\/\/revistaregional.com.br\/site\/wp-content\/uploads\/2015\/08\/4-300x225.jpg 300w\" sizes=\"(max-width: 230px) 100vw, 230px\" \/><\/a>GUCCI GUILTY DIAMONDS<\/strong><\/p>\n<p><strong>Gucci Guilty Diamond por Femme<\/strong> foi feito para a mulher que quebra as expectativas, esta fragr\u00e2ncia traz uma sensa\u00e7\u00e3o de poder, uma sensa\u00e7\u00e3o de que ela pode atingir o que quer, at\u00e9 mesmo a emo\u00e7\u00e3o do proibido. A fragr\u00e2ncia floral-oriental pura abre com uma explos\u00e3o brilhante c\u00edtrica e uma pitada de pimenta preta. Esta introdu\u00e7\u00e3o d\u00e1 lugar \u00e0 feminilidade plena, como os impulsos do cora\u00e7\u00e3o com notas frutadas e florais. A fragr\u00e2ncia traz uma rica base ambarada, com notas de patchouli. O efeito \u00e9 jovem, elegante e eminentemente wearable &#8211; uma borda ousada sexy e sensualidade que capta a ess\u00eancia de Gucci. O perfume vem em um frasco de edi\u00e7\u00e3o limitada adornado com brilhantes cristais de diamante. Cada pedra foi colocada \u00e0 m\u00e3o, tornando este um item de colecionador. <strong>Sugest\u00e3o de pre\u00e7o:<\/strong> 50ml \u2013 R$ 375,00<\/p>\n<p><strong><a href=\"http:\/\/revistaregional.com.br\/site\/wp-content\/uploads\/2015\/08\/5.jpg\" rel=\"attachment wp-att-7174\"><img loading=\"lazy\" decoding=\"async\" class=\"alignright  wp-image-7174\" src=\"http:\/\/revistaregional.com.br\/site\/wp-content\/uploads\/2015\/08\/5.jpg\" alt=\"\" width=\"164\" height=\"230\" srcset=\"https:\/\/revistaregional.com.br\/site\/wp-content\/uploads\/2015\/08\/5.jpg 457w, https:\/\/revistaregional.com.br\/site\/wp-content\/uploads\/2015\/08\/5-214x300.jpg 214w\" sizes=\"(max-width: 164px) 100vw, 164px\" \/><\/a>LACOSTE SENSUELLE<\/strong><\/p>\n<p>Feminina e sensual, <strong>Eau de de Lacoste Sensuelle<\/strong> acentua uma apar\u00eancia elegante, mas casual, com um toque macio que \u00e9 uma recorda\u00e7\u00e3o de uma noite alegre. Come\u00e7ando com o frescor dado por uma brisa noturna, a fragr\u00e2ncia abre com uma espumante e vibrante pimenta rosa, contrastando com a groselha preta. Quando o sol come\u00e7a a se p\u00f4r, EAU DE LACOSTE SENSUELLE evolui e a atmosfera muda: a eleg\u00e2ncia limpa da rosa turca combina com a ess\u00eancia delicada da ervilha doce e do Glad\u00edolo. Depois do sol, a intensidade da noite e tudo o que ela tem para oferecer \u00e9 sentida. A sensualidade suave de Nougat combina com o rico conforto do \u00e2mbar para fornecer a fragr\u00e2ncia perfeita para o cen\u00e1rio de uma noite inteira. <strong>Sugest\u00e3o de pre\u00e7os:<\/strong> 30ml \u2013 R$ 220,00\/ 50ml \u2013 R$ 299,00\/ 90ml \u2013 R$ 380,00<\/p>\n<p><strong><a href=\"http:\/\/revistaregional.com.br\/site\/wp-content\/uploads\/2015\/08\/6.jpg\" rel=\"attachment wp-att-7175\"><img loading=\"lazy\" decoding=\"async\" class=\"alignright  wp-image-7175\" title=\"6\" src=\"http:\/\/revistaregional.com.br\/site\/wp-content\/uploads\/2015\/08\/6.jpg\" alt=\"\" width=\"220\" height=\"173\" srcset=\"https:\/\/revistaregional.com.br\/site\/wp-content\/uploads\/2015\/08\/6.jpg 611w, https:\/\/revistaregional.com.br\/site\/wp-content\/uploads\/2015\/08\/6-300x235.jpg 300w\" sizes=\"(max-width: 220px) 100vw, 220px\" \/><\/a>CALVIN KLEIN REVEAL<\/strong><\/p>\n<p><strong>Reveal for Woman<\/strong> possui uma f\u00f3rmula qualitativa que define uma nova categoria olfativa \u2013 o Oriental Solar \u2013 caracterizada pela dualidade intrigante, frescor inesperado e calor envolvente. Pela primeira vez em uma fragr\u00e2ncia, uma assinatura altamente sensorial de sal selvagem capta tra\u00e7os do aroma er\u00f3tico da pele. A surpreendente assinatura de sal puro derrete em um cora\u00e7\u00e3o de glorioso l\u00edrio, e um fundo caracterizado por s\u00e2ndalo sensual, revertendo para a identidade central de Calvin. Como a mulher Calvin Klein, REVEAL \u00e9 sexy, confiante e provocante com um toque inesperado. <strong>Sugest\u00e3o de pre\u00e7os<\/strong>: 30ml\u00a0\u00a0\u00a0 R$ 249,00 \/ 50ml\u00a0\u00a0\u00a0 R$ 329,00 \/ 100ml\u00a0 R$ 419,00<\/p>\n<p><strong><a href=\"http:\/\/revistaregional.com.br\/site\/wp-content\/uploads\/2015\/08\/7.jpg\" rel=\"attachment wp-att-7178\"><img loading=\"lazy\" decoding=\"async\" class=\"alignright  wp-image-7178\" src=\"http:\/\/revistaregional.com.br\/site\/wp-content\/uploads\/2015\/08\/7.jpg\" alt=\"\" width=\"103\" height=\"230\" srcset=\"https:\/\/revistaregional.com.br\/site\/wp-content\/uploads\/2015\/08\/7.jpg 286w, https:\/\/revistaregional.com.br\/site\/wp-content\/uploads\/2015\/08\/7-134x300.jpg 134w\" sizes=\"(max-width: 103px) 100vw, 103px\" \/><\/a>ROBERTO CAVALLI NERO ASSOLUTO<\/strong><\/p>\n<p>Nero Assoluto \u00e9 uma cria\u00e7\u00e3o decididamente intransigente: qualidade e sensualidade e glamour absolutos. Um contraste inteligente entre ousadia e eleg\u00e2ncia, ele reflete perfeitamente os valores de Roberto Cavalli, seu senso de estilo \u00fanico e aud\u00e1cia. Foi especialmente projetado para as mulheres que n\u00e3o t\u00eam medo de se destacar e afirmar-se. Nero Assoluto pertence \u00e0 fam\u00edlia floral amadeirada. Seu refinamento decorre da preciosidade e qualidade exigente de seus principais ingredientes. A fragr\u00e2ncia abre com um toque de orqu\u00eddea encantadora, uma nota de cabe\u00e7a impressionante que desperta os sentidos e chama a aten\u00e7\u00e3o. A flor fr\u00e1gil, por\u00e9m potente traz uma sensualidade \u00fanica que \u00e9 prolongada e ampliada por uma nota de cora\u00e7\u00e3o cheia e retumbante de baunilha preta. Tanto doce quanto picante, ilustra perfeitamente a dualidade de Nero Assoluto, sua delicada alian\u00e7a de sofistica\u00e7\u00e3o e sensualidade primitiva. Uma forte nota base de madeira de \u00e9bano traz amplitude e majestade para este perfume exclusivo. <strong>Sugest\u00e3o de pre\u00e7os<\/strong>:30ml \u2013 R$ 239,00\/ 50ml \u2013 R$ 339,00\/ 75ml \u2013 R$ 449,00<\/p>\n<p><strong><a href=\"http:\/\/revistaregional.com.br\/site\/wp-content\/uploads\/2015\/08\/8.jpg\" rel=\"attachment wp-att-7179\"><img loading=\"lazy\" decoding=\"async\" class=\"alignright  wp-image-7179\" src=\"http:\/\/revistaregional.com.br\/site\/wp-content\/uploads\/2015\/08\/8.jpg\" alt=\"\" width=\"230\" height=\"154\" srcset=\"https:\/\/revistaregional.com.br\/site\/wp-content\/uploads\/2015\/08\/8.jpg 640w, https:\/\/revistaregional.com.br\/site\/wp-content\/uploads\/2015\/08\/8-300x200.jpg 300w\" sizes=\"(max-width: 230px) 100vw, 230px\" \/><\/a>SIGNORINA ELEGANZA<\/strong><\/p>\n<p>Signorina Eleganza \u00e9 uma fragr\u00e2ncia luxuosa que celebra a gra\u00e7a feminina e a sedu\u00e7\u00e3o. Um Chipre Floriental, as notas de cabe\u00e7a de toranja e pera s\u00e3o uma introdu\u00e7\u00e3o animada e estimulante. Am\u00eandoa em p\u00f3 e p\u00e9talas douradas de osmanthus criam um cora\u00e7\u00e3o ainda delicado e intenso, adicionando um toque de luxo indulgente. As notas de base de patchouli e couro branco criam um efeito seco que deixa um perfume delicioso e prolongado na pele. <strong>Sugest\u00e3o de pre\u00e7os<\/strong>:50ml \u2013 R$ 325,00\/ 100ml \u2013 R$ 455,00<\/p>\n<p><a href=\"http:\/\/revistaregional.com.br\/site\/wp-content\/uploads\/2015\/08\/9.jpg\" rel=\"attachment wp-att-7180\"><img loading=\"lazy\" decoding=\"async\" class=\"alignright  wp-image-7180\" src=\"http:\/\/revistaregional.com.br\/site\/wp-content\/uploads\/2015\/08\/9.jpg\" alt=\"\" width=\"173\" height=\"203\" srcset=\"https:\/\/revistaregional.com.br\/site\/wp-content\/uploads\/2015\/08\/9.jpg 480w, https:\/\/revistaregional.com.br\/site\/wp-content\/uploads\/2015\/08\/9-254x300.jpg 254w\" sizes=\"(max-width: 173px) 100vw, 173px\" \/><\/a><strong>\u00a0ELIE SAAB EDP<\/strong><\/p>\n<p>ELIE SAAB Le Parfum celebra o esplendor e o brilho de radiante feminilidade com um tema floral amadeirado. O interc\u00e2mbio permanente entre as flores e a madeira \u00e9 o que da \u00e0 fragr\u00e2ncia uma cativante resson\u00e2ncia. Desde as primeiras notas, o brilho crescente da flor de laranjeira da o tom para esta magia olfativa. O cora\u00e7\u00e3o \u00e9 amplificado pela qualidade suntuosa de jasmins &#8211; aut\u00eantico jasmim Grandiflorum e Sambac &#8211; a fragr\u00e2ncia enriquece sua sensualidade com o sombreamento suave de uma forma muito pura &#8220;cora\u00e7\u00e3o patchouli.&#8221; O tom do buqu\u00ea de flores brancas \u00e9 preenchido voluptuosamente e em completa harmonia pelo amadeirado cedro, que d\u00e1 \u00e0s notas florais uma nova densidade. A trilha alastra-se, infinitamente elegante e envolvente, emprestando suas notas viciantes do rosa mel. <strong>Sugest\u00e3o de pre\u00e7os<\/strong>: 30ml \u2013 R$ 329,00\/ 50ml \u2013 R$ 449,00\/ 90ml \u2013 R$ 549,00<\/p>\n<p><a href=\"http:\/\/revistaregional.com.br\/site\/wp-content\/uploads\/2015\/08\/10.png\" rel=\"attachment wp-att-7181\"><img loading=\"lazy\" decoding=\"async\" class=\"alignright  wp-image-7181\" src=\"http:\/\/revistaregional.com.br\/site\/wp-content\/uploads\/2015\/08\/10.png\" alt=\"\" width=\"173\" height=\"222\" srcset=\"https:\/\/revistaregional.com.br\/site\/wp-content\/uploads\/2015\/08\/10.png 480w, https:\/\/revistaregional.com.br\/site\/wp-content\/uploads\/2015\/08\/10-233x300.png 233w\" sizes=\"(max-width: 173px) 100vw, 173px\" \/><\/a><strong>\u00a0NARCISO FOR HER<\/strong><\/p>\n<p>A fonte de <strong>for her<\/strong> est\u00e1 no musk e em seu \u00f3leo que Narciso Rodriguez tem como um talism\u00e3. O Musk Eg\u00edpcio \u00e9 quente, um sedoso \u00f3leo que \u00e9 mais do que uma fragr\u00e2ncia: \u00e9 sensual, para se aplicar na pele e cabelo. Toques de musk no cora\u00e7\u00e3o da fragr\u00e2ncia desdobram e amplificam as notas remanescentes, dando maciez como uma nuvem rasante. A pulsa\u00e7\u00e3o floral revela o musk refrescado pela flor de laranjeira e osmanthus. Como uma leve pulsa\u00e7\u00e3o de \u00e2mbar, o musk vem com uma insubstitu\u00edvel suavidade. Finalmente as pulsa\u00e7\u00f5es amadeiradas d\u00e3o voluptuosas dimens\u00f5es ao musk. O vetiver d\u00e1 o fundamental toque feminino, enquanto a sensualidade das notas amadeiradas se destacam. Esse precioso acorde da \u00e0 fragr\u00e2ncia a sensa\u00e7\u00e3o do toque em uma camisa de seda. <strong>Sugest\u00e3o de Pre\u00e7os<\/strong>:30ml \u2013 R$ 265,00\/ 50ml \u2013 R$ 375,00\/ 100ml \u2013 R$ 499,00<\/p>\n<p><strong><a href=\"http:\/\/revistaregional.com.br\/site\/wp-content\/uploads\/2015\/08\/111.jpg\" rel=\"attachment wp-att-7182\"><img loading=\"lazy\" decoding=\"async\" class=\"alignright  wp-image-7182\" src=\"http:\/\/revistaregional.com.br\/site\/wp-content\/uploads\/2015\/08\/111.jpg\" alt=\"\" width=\"224\" height=\"173\" srcset=\"https:\/\/revistaregional.com.br\/site\/wp-content\/uploads\/2015\/08\/111.jpg 624w, https:\/\/revistaregional.com.br\/site\/wp-content\/uploads\/2015\/08\/111-300x230.jpg 300w\" sizes=\"(max-width: 224px) 100vw, 224px\" \/><\/a>\u00a0ISSEY MIYAKE PLEATS PLEASE<\/strong><\/p>\n<p>Um buqu\u00ea brilhante e alegre, a principal inspira\u00e7\u00e3o de Pleats Please foi um elemento intr\u00ednseco no mundo de Issey Miyake, na forma de destaques brilhantes. Ent\u00e3o veio a ideia da verticalidade, refletindo a estrutura do pleats. A nota superior espumante abre com o aroma intrigante de nashi, um fruto h\u00edbrido que oscila entre a pera e a ma\u00e7\u00e3, com predom\u00ednio da nota de pera. Para esta fragr\u00e2ncia, a exuber\u00e2ncia e a cordialidade de um bouquet floral retrata toda a feminilidade das flores e deixa uma composi\u00e7\u00e3o delicada e sutil. A alegria, a otimista nota m\u00e9dia sugere uma sensualidade graciosa, desabrochando com pe\u00f4nia fresca e ervilha doce. A \u00edndole adiciona um toque sensual e carnal e da subst\u00e2ncia \u00e0 nota, que \u00e9 quente e vibrante, como um convite a fluidez. A nota de base prolonga a sensa\u00e7\u00e3o de suavidade, estabelecendo-se nas ricas notas amadeiradas de cedro enquanto o patchouli, assumindo um car\u00e1ter vertical, permeia a composi\u00e7\u00e3o. Doce, a sensual baunilha infunde o rastro com um calor radiante. Um mistura absoluta de &#8220;baunilha branca&#8221; cremosa com confort\u00e1veis alm\u00edscares brancos para um acabamento suave. Como um luxuoso casulo, Pleats Please \u00e9 uma fragr\u00e2ncia viciante, uma composi\u00e7\u00e3o cujas facetas meticulosamente esculpidas s\u00e3o ecoadas em seu frasco. <strong>Sugest\u00e3o de pre\u00e7os<\/strong>: 30ml \u2013 R$ 245,00\/ 50ml \u2013 R$ 345,00\/ 100ml \u2013 R$ 445,00<\/p>\n<p><a href=\"http:\/\/revistaregional.com.br\/site\/wp-content\/uploads\/2015\/08\/121.jpg\" rel=\"attachment wp-att-7183\"><img loading=\"lazy\" decoding=\"async\" class=\"alignright  wp-image-7183\" src=\"http:\/\/revistaregional.com.br\/site\/wp-content\/uploads\/2015\/08\/121.jpg\" alt=\"\" width=\"173\" height=\"173\" srcset=\"https:\/\/revistaregional.com.br\/site\/wp-content\/uploads\/2015\/08\/121.jpg 480w, https:\/\/revistaregional.com.br\/site\/wp-content\/uploads\/2015\/08\/121-150x150.jpg 150w, https:\/\/revistaregional.com.br\/site\/wp-content\/uploads\/2015\/08\/121-300x300.jpg 300w\" sizes=\"(max-width: 173px) 100vw, 173px\" \/><\/a><strong>EVERLAST PINK CORNER<\/strong><\/p>\n<p>A for\u00e7a e o poder da mulher contempor\u00e2nea afloram a alma feminina de Everlast e inspiram o perfume Pink Corner. Uma nova arma de sedu\u00e7\u00e3o revela-se por meio de uma combina\u00e7\u00e3o de notas arom\u00e1ticas florais e frutais, que traduz a personalidade multifacetada da mulher Everlast: aut\u00eantica, sexy, desafiadora, destemida, avassaladora, determinada e que nunca foge \u00e0 luta. A fragr\u00e2ncia Pink Corner \u00e9 resultado de uma explos\u00e3o de notas florais frutais como mel\u00e3o, ma\u00e7\u00e3, mandarina, violeta, rosa e pe\u00f4nia. <strong>Sugest\u00e3o de pre\u00e7os<\/strong>: 50ml &#8211; R$ 64,90\/ 100ml &#8211; R$ 94,90<\/p>\n<p><strong><a href=\"http:\/\/revistaregional.com.br\/site\/wp-content\/uploads\/2015\/08\/131.jpg\" rel=\"attachment wp-att-7184\"><img loading=\"lazy\" decoding=\"async\" class=\"alignright  wp-image-7184\" src=\"http:\/\/revistaregional.com.br\/site\/wp-content\/uploads\/2015\/08\/131.jpg\" alt=\"\" width=\"130\" height=\"230\" srcset=\"https:\/\/revistaregional.com.br\/site\/wp-content\/uploads\/2015\/08\/131.jpg 362w, https:\/\/revistaregional.com.br\/site\/wp-content\/uploads\/2015\/08\/131-169x300.jpg 169w\" sizes=\"(max-width: 130px) 100vw, 130px\" \/><\/a>CHRISTINA AGUILERA UNFORGETTABLE<\/strong><\/p>\n<p>A sedu\u00e7\u00e3o em cada mulher se desenrola com o doce aroma de Unforgettable. A fragr\u00e2ncia torna sua presen\u00e7a conhecida com irresist\u00edvel e convidativa entrada frutada de ameixa e rom\u00e3. Ameixa \u00e9 uma fruta sensual que tem sido conhecida como s\u00edmbolo da feminilidade ao longo da hist\u00f3ria. O cora\u00e7\u00e3o da fragr\u00e2ncia irradia um nobre buqu\u00ea de flores superiores, incluindo Jasmime-da-noite, uma flor \u00fanica, que s\u00f3 se revela sob a cobertura da escurid\u00e3o e \u00e9 conhecida como a Dama da Noite. O toque central \u00e9 aumentado pela mais atemporal e feminina nota de todas elas: Rosa Turca. Esta nota \u00e9 t\u00e3o luxuosa que 60.000 destas belas flores s\u00e3o necess\u00e1rias na colheita no in\u00edcio da manh\u00e3 para ganhar um \u00fanico grama de puro \u00f3leo de rosa. <em>Unforgettable<\/em> tem como base uma nota exclusiva de Cashmere, que \u00e9 um composto conhecido por deixar uma memor\u00e1vel impress\u00e3o arom\u00e1tica. O acabamento deste perfume \u00e9 um toque de baunilha sensual; aprofundado por um arom\u00e1tico Tonka Absoluto &#8211; uma ess\u00eancia que impulsiona uma duradoura impress\u00e3o, uma sensa\u00e7\u00e3o irresist\u00edvel e um apelo Inesquec\u00edvel. <strong>Sugest\u00e3o de pre\u00e7os<\/strong>: 30ml \u2013 R$ 99,90\/ 50ml \u2013 R$ 124,90<\/p>\n<p><a href=\"http:\/\/revistaregional.com.br\/site\/wp-content\/uploads\/2015\/08\/14.jpg\" rel=\"attachment wp-att-7185\"><img loading=\"lazy\" decoding=\"async\" class=\"alignright  wp-image-7185\" src=\"http:\/\/revistaregional.com.br\/site\/wp-content\/uploads\/2015\/08\/14.jpg\" alt=\"\" width=\"146\" height=\"230\" srcset=\"https:\/\/revistaregional.com.br\/site\/wp-content\/uploads\/2015\/08\/14.jpg 407w, https:\/\/revistaregional.com.br\/site\/wp-content\/uploads\/2015\/08\/14-190x300.jpg 190w\" sizes=\"(max-width: 146px) 100vw, 146px\" \/><\/a><strong>JOOP! MISS WILD<\/strong><\/p>\n<p>Joop! Miss Wild foi desenvolvido para mulheres doces e fr\u00e1geis, mas que tamb\u00e9m tem atra\u00e7\u00e3o pelo mudo selvagem, que despertam seu lado sexy e indom\u00e1vel. Uma cria\u00e7\u00e3o contrastante baseada entre a forte presen\u00e7a da rosa picante e uma feminilidade sensual na nota de cora\u00e7\u00e3o, traduzida pela baunilha. A contraposi\u00e7\u00e3o dos ingredientes ilustra uma dualidade natural: a boa mo\u00e7a que desafia o seu lado selvagem. O perfume possui rum na base, um acorde marcante e sexy dando um toque sutil de perfume masculino. A perfeita uni\u00e3o entre o feminino e o masculino simboliza o segredo selvagem da fragr\u00e2ncia. <strong>Sugest\u00e3o de pre\u00e7os:<\/strong> 30ml\u00a0 &#8211; R$ 129,90 \/ 50ml \u2013 R$ 199,90 \/ 75ml &#8211; R$ 239,90<\/p>\n<p>&nbsp;<\/p>\n<p>fotos: Divulga\u00e7\u00e3o<\/p>\n<p>&nbsp;<\/p>\n","protected":false},"excerpt":{"rendered":"<p>O inverno chegou e escolher o\u00a0perfume que combina com os dias frios \u00e9 a melhor forma para ficar mais cheirosa e arrasar nesta esta\u00e7\u00e3o. O melhor \u00e9 investir em perfumes mais doces, intensos e densos. Para isso, segue uma sele\u00e7\u00e3o de perfumes ideais para usar e abusar na\u00a0esta\u00e7\u00e3o mais fria do ano. S\u00e3o fragr\u00e2ncias quentes [&hellip;]<\/p>\n","protected":false},"author":1,"featured_media":7189,"comment_status":"open","ping_status":"open","sticky":false,"template":"","format":"standard","meta":{"_acf_changed":false,"ngg_post_thumbnail":0,"_joinchat":[],"footnotes":""},"categories":[8],"tags":[525],"class_list":["post-7150","post","type-post","status-publish","format-standard","has-post-thumbnail","hentry","category-saude-e-beleza","tag-saude-e-beleza"],"acf":[],"yoast_head":"<!-- This site is optimized with the Yoast SEO plugin v27.4 - https:\/\/yoast.com\/product\/yoast-seo-wordpress\/ -->\n<title>Escolha perfumes para o inverno - Revista Regional<\/title>\n<meta name=\"robots\" content=\"index, follow, max-snippet:-1, max-image-preview:large, max-video-preview:-1\" \/>\n<link rel=\"canonical\" href=\"https:\/\/revistaregional.com.br\/site\/2015\/08\/04\/escolha-perfumes-para-o-inverno\/\" \/>\n<meta property=\"og:locale\" content=\"pt_BR\" \/>\n<meta property=\"og:type\" content=\"article\" \/>\n<meta property=\"og:title\" content=\"Escolha perfumes para o inverno - Revista Regional\" \/>\n<meta property=\"og:description\" content=\"O inverno chegou e escolher o\u00a0perfume que combina com os dias frios \u00e9 a melhor forma para ficar mais cheirosa e arrasar nesta esta\u00e7\u00e3o. O melhor \u00e9 investir em perfumes mais doces, intensos e densos. Para isso, segue uma sele\u00e7\u00e3o de perfumes ideais para usar e abusar na\u00a0esta\u00e7\u00e3o mais fria do ano. S\u00e3o fragr\u00e2ncias quentes [&hellip;]\" \/>\n<meta property=\"og:url\" content=\"https:\/\/revistaregional.com.br\/site\/2015\/08\/04\/escolha-perfumes-para-o-inverno\/\" \/>\n<meta property=\"og:site_name\" content=\"Revista Regional\" \/>\n<meta property=\"article:published_time\" content=\"2015-08-04T12:16:50+00:00\" \/>\n<meta property=\"article:modified_time\" content=\"2024-01-26T12:24:47+00:00\" \/>\n<meta property=\"og:image\" content=\"https:\/\/revistaregional.com.br\/site\/wp-content\/uploads\/2015\/08\/81.jpg\" \/>\n\t<meta property=\"og:image:width\" content=\"640\" \/>\n\t<meta property=\"og:image:height\" content=\"427\" \/>\n\t<meta property=\"og:image:type\" content=\"image\/jpeg\" \/>\n<meta name=\"author\" content=\"contato@revistaregional.com.br\" \/>\n<meta name=\"twitter:card\" content=\"summary_large_image\" \/>\n<meta name=\"twitter:label1\" content=\"Escrito por\" \/>\n\t<meta name=\"twitter:data1\" content=\"contato@revistaregional.com.br\" \/>\n\t<meta name=\"twitter:label2\" content=\"Est. tempo de leitura\" \/>\n\t<meta name=\"twitter:data2\" content=\"10 minutos\" \/>\n<script type=\"application\/ld+json\" class=\"yoast-schema-graph\">{\"@context\":\"https:\\\/\\\/schema.org\",\"@graph\":[{\"@type\":\"Article\",\"@id\":\"https:\\\/\\\/revistaregional.com.br\\\/site\\\/2015\\\/08\\\/04\\\/escolha-perfumes-para-o-inverno\\\/#article\",\"isPartOf\":{\"@id\":\"https:\\\/\\\/revistaregional.com.br\\\/site\\\/2015\\\/08\\\/04\\\/escolha-perfumes-para-o-inverno\\\/\"},\"author\":{\"name\":\"contato@revistaregional.com.br\",\"@id\":\"https:\\\/\\\/revistaregional.com.br\\\/site\\\/#\\\/schema\\\/person\\\/382af97c580dc1b18f55107bc316010d\"},\"headline\":\"Escolha perfumes para o inverno\",\"datePublished\":\"2015-08-04T12:16:50+00:00\",\"dateModified\":\"2024-01-26T12:24:47+00:00\",\"mainEntityOfPage\":{\"@id\":\"https:\\\/\\\/revistaregional.com.br\\\/site\\\/2015\\\/08\\\/04\\\/escolha-perfumes-para-o-inverno\\\/\"},\"wordCount\":2101,\"commentCount\":0,\"image\":{\"@id\":\"https:\\\/\\\/revistaregional.com.br\\\/site\\\/2015\\\/08\\\/04\\\/escolha-perfumes-para-o-inverno\\\/#primaryimage\"},\"thumbnailUrl\":\"https:\\\/\\\/revistaregional.com.br\\\/site\\\/wp-content\\\/uploads\\\/2015\\\/08\\\/81.jpg\",\"keywords\":[\"Sa\u00fade e Beleza\"],\"articleSection\":[\"Sa\u00fade e Beleza\"],\"inLanguage\":\"pt-BR\",\"potentialAction\":[{\"@type\":\"CommentAction\",\"name\":\"Comment\",\"target\":[\"https:\\\/\\\/revistaregional.com.br\\\/site\\\/2015\\\/08\\\/04\\\/escolha-perfumes-para-o-inverno\\\/#respond\"]}]},{\"@type\":\"WebPage\",\"@id\":\"https:\\\/\\\/revistaregional.com.br\\\/site\\\/2015\\\/08\\\/04\\\/escolha-perfumes-para-o-inverno\\\/\",\"url\":\"https:\\\/\\\/revistaregional.com.br\\\/site\\\/2015\\\/08\\\/04\\\/escolha-perfumes-para-o-inverno\\\/\",\"name\":\"Escolha perfumes para o inverno - Revista Regional\",\"isPartOf\":{\"@id\":\"https:\\\/\\\/revistaregional.com.br\\\/site\\\/#website\"},\"primaryImageOfPage\":{\"@id\":\"https:\\\/\\\/revistaregional.com.br\\\/site\\\/2015\\\/08\\\/04\\\/escolha-perfumes-para-o-inverno\\\/#primaryimage\"},\"image\":{\"@id\":\"https:\\\/\\\/revistaregional.com.br\\\/site\\\/2015\\\/08\\\/04\\\/escolha-perfumes-para-o-inverno\\\/#primaryimage\"},\"thumbnailUrl\":\"https:\\\/\\\/revistaregional.com.br\\\/site\\\/wp-content\\\/uploads\\\/2015\\\/08\\\/81.jpg\",\"datePublished\":\"2015-08-04T12:16:50+00:00\",\"dateModified\":\"2024-01-26T12:24:47+00:00\",\"author\":{\"@id\":\"https:\\\/\\\/revistaregional.com.br\\\/site\\\/#\\\/schema\\\/person\\\/382af97c580dc1b18f55107bc316010d\"},\"breadcrumb\":{\"@id\":\"https:\\\/\\\/revistaregional.com.br\\\/site\\\/2015\\\/08\\\/04\\\/escolha-perfumes-para-o-inverno\\\/#breadcrumb\"},\"inLanguage\":\"pt-BR\",\"potentialAction\":[{\"@type\":\"ReadAction\",\"target\":[\"https:\\\/\\\/revistaregional.com.br\\\/site\\\/2015\\\/08\\\/04\\\/escolha-perfumes-para-o-inverno\\\/\"]}]},{\"@type\":\"ImageObject\",\"inLanguage\":\"pt-BR\",\"@id\":\"https:\\\/\\\/revistaregional.com.br\\\/site\\\/2015\\\/08\\\/04\\\/escolha-perfumes-para-o-inverno\\\/#primaryimage\",\"url\":\"https:\\\/\\\/revistaregional.com.br\\\/site\\\/wp-content\\\/uploads\\\/2015\\\/08\\\/81.jpg\",\"contentUrl\":\"https:\\\/\\\/revistaregional.com.br\\\/site\\\/wp-content\\\/uploads\\\/2015\\\/08\\\/81.jpg\",\"width\":\"640\",\"height\":\"427\"},{\"@type\":\"BreadcrumbList\",\"@id\":\"https:\\\/\\\/revistaregional.com.br\\\/site\\\/2015\\\/08\\\/04\\\/escolha-perfumes-para-o-inverno\\\/#breadcrumb\",\"itemListElement\":[{\"@type\":\"ListItem\",\"position\":1,\"name\":\"In\u00edcio\",\"item\":\"https:\\\/\\\/revistaregional.com.br\\\/site\\\/\"},{\"@type\":\"ListItem\",\"position\":2,\"name\":\"Escolha perfumes para o inverno\"}]},{\"@type\":\"WebSite\",\"@id\":\"https:\\\/\\\/revistaregional.com.br\\\/site\\\/#website\",\"url\":\"https:\\\/\\\/revistaregional.com.br\\\/site\\\/\",\"name\":\"Revista Regional\",\"description\":\"Salto - Itu - Indaituba\",\"potentialAction\":[{\"@type\":\"SearchAction\",\"target\":{\"@type\":\"EntryPoint\",\"urlTemplate\":\"https:\\\/\\\/revistaregional.com.br\\\/site\\\/?s={search_term_string}\"},\"query-input\":{\"@type\":\"PropertyValueSpecification\",\"valueRequired\":true,\"valueName\":\"search_term_string\"}}],\"inLanguage\":\"pt-BR\"},{\"@type\":\"Person\",\"@id\":\"https:\\\/\\\/revistaregional.com.br\\\/site\\\/#\\\/schema\\\/person\\\/382af97c580dc1b18f55107bc316010d\",\"name\":\"contato@revistaregional.com.br\",\"image\":{\"@type\":\"ImageObject\",\"inLanguage\":\"pt-BR\",\"@id\":\"https:\\\/\\\/secure.gravatar.com\\\/avatar\\\/869822917e96b2e292d5827e4635855396934485e7c4a0af84e9a214e32ca0cd?s=96&d=mm&r=g\",\"url\":\"https:\\\/\\\/secure.gravatar.com\\\/avatar\\\/869822917e96b2e292d5827e4635855396934485e7c4a0af84e9a214e32ca0cd?s=96&d=mm&r=g\",\"contentUrl\":\"https:\\\/\\\/secure.gravatar.com\\\/avatar\\\/869822917e96b2e292d5827e4635855396934485e7c4a0af84e9a214e32ca0cd?s=96&d=mm&r=g\",\"caption\":\"contato@revistaregional.com.br\"},\"url\":\"https:\\\/\\\/revistaregional.com.br\\\/site\\\/author\\\/contato@revistaregional.com.br\\\/\"}]}<\/script>\n<!-- \/ Yoast SEO plugin. -->","yoast_head_json":{"title":"Escolha perfumes para o inverno - Revista Regional","robots":{"index":"index","follow":"follow","max-snippet":"max-snippet:-1","max-image-preview":"max-image-preview:large","max-video-preview":"max-video-preview:-1"},"canonical":"https:\/\/revistaregional.com.br\/site\/2015\/08\/04\/escolha-perfumes-para-o-inverno\/","og_locale":"pt_BR","og_type":"article","og_title":"Escolha perfumes para o inverno - Revista Regional","og_description":"O inverno chegou e escolher o\u00a0perfume que combina com os dias frios \u00e9 a melhor forma para ficar mais cheirosa e arrasar nesta esta\u00e7\u00e3o. O melhor \u00e9 investir em perfumes mais doces, intensos e densos. Para isso, segue uma sele\u00e7\u00e3o de perfumes ideais para usar e abusar na\u00a0esta\u00e7\u00e3o mais fria do ano. S\u00e3o fragr\u00e2ncias quentes [&hellip;]","og_url":"https:\/\/revistaregional.com.br\/site\/2015\/08\/04\/escolha-perfumes-para-o-inverno\/","og_site_name":"Revista Regional","article_published_time":"2015-08-04T12:16:50+00:00","article_modified_time":"2024-01-26T12:24:47+00:00","og_image":[{"width":640,"height":427,"url":"https:\/\/revistaregional.com.br\/site\/wp-content\/uploads\/2015\/08\/81.jpg","type":"image\/jpeg"}],"author":"contato@revistaregional.com.br","twitter_card":"summary_large_image","twitter_misc":{"Escrito por":"contato@revistaregional.com.br","Est. tempo de leitura":"10 minutos"},"schema":{"@context":"https:\/\/schema.org","@graph":[{"@type":"Article","@id":"https:\/\/revistaregional.com.br\/site\/2015\/08\/04\/escolha-perfumes-para-o-inverno\/#article","isPartOf":{"@id":"https:\/\/revistaregional.com.br\/site\/2015\/08\/04\/escolha-perfumes-para-o-inverno\/"},"author":{"name":"contato@revistaregional.com.br","@id":"https:\/\/revistaregional.com.br\/site\/#\/schema\/person\/382af97c580dc1b18f55107bc316010d"},"headline":"Escolha perfumes para o inverno","datePublished":"2015-08-04T12:16:50+00:00","dateModified":"2024-01-26T12:24:47+00:00","mainEntityOfPage":{"@id":"https:\/\/revistaregional.com.br\/site\/2015\/08\/04\/escolha-perfumes-para-o-inverno\/"},"wordCount":2101,"commentCount":0,"image":{"@id":"https:\/\/revistaregional.com.br\/site\/2015\/08\/04\/escolha-perfumes-para-o-inverno\/#primaryimage"},"thumbnailUrl":"https:\/\/revistaregional.com.br\/site\/wp-content\/uploads\/2015\/08\/81.jpg","keywords":["Sa\u00fade e Beleza"],"articleSection":["Sa\u00fade e Beleza"],"inLanguage":"pt-BR","potentialAction":[{"@type":"CommentAction","name":"Comment","target":["https:\/\/revistaregional.com.br\/site\/2015\/08\/04\/escolha-perfumes-para-o-inverno\/#respond"]}]},{"@type":"WebPage","@id":"https:\/\/revistaregional.com.br\/site\/2015\/08\/04\/escolha-perfumes-para-o-inverno\/","url":"https:\/\/revistaregional.com.br\/site\/2015\/08\/04\/escolha-perfumes-para-o-inverno\/","name":"Escolha perfumes para o inverno - Revista Regional","isPartOf":{"@id":"https:\/\/revistaregional.com.br\/site\/#website"},"primaryImageOfPage":{"@id":"https:\/\/revistaregional.com.br\/site\/2015\/08\/04\/escolha-perfumes-para-o-inverno\/#primaryimage"},"image":{"@id":"https:\/\/revistaregional.com.br\/site\/2015\/08\/04\/escolha-perfumes-para-o-inverno\/#primaryimage"},"thumbnailUrl":"https:\/\/revistaregional.com.br\/site\/wp-content\/uploads\/2015\/08\/81.jpg","datePublished":"2015-08-04T12:16:50+00:00","dateModified":"2024-01-26T12:24:47+00:00","author":{"@id":"https:\/\/revistaregional.com.br\/site\/#\/schema\/person\/382af97c580dc1b18f55107bc316010d"},"breadcrumb":{"@id":"https:\/\/revistaregional.com.br\/site\/2015\/08\/04\/escolha-perfumes-para-o-inverno\/#breadcrumb"},"inLanguage":"pt-BR","potentialAction":[{"@type":"ReadAction","target":["https:\/\/revistaregional.com.br\/site\/2015\/08\/04\/escolha-perfumes-para-o-inverno\/"]}]},{"@type":"ImageObject","inLanguage":"pt-BR","@id":"https:\/\/revistaregional.com.br\/site\/2015\/08\/04\/escolha-perfumes-para-o-inverno\/#primaryimage","url":"https:\/\/revistaregional.com.br\/site\/wp-content\/uploads\/2015\/08\/81.jpg","contentUrl":"https:\/\/revistaregional.com.br\/site\/wp-content\/uploads\/2015\/08\/81.jpg","width":"640","height":"427"},{"@type":"BreadcrumbList","@id":"https:\/\/revistaregional.com.br\/site\/2015\/08\/04\/escolha-perfumes-para-o-inverno\/#breadcrumb","itemListElement":[{"@type":"ListItem","position":1,"name":"In\u00edcio","item":"https:\/\/revistaregional.com.br\/site\/"},{"@type":"ListItem","position":2,"name":"Escolha perfumes para o inverno"}]},{"@type":"WebSite","@id":"https:\/\/revistaregional.com.br\/site\/#website","url":"https:\/\/revistaregional.com.br\/site\/","name":"Revista Regional","description":"Salto - Itu - Indaituba","potentialAction":[{"@type":"SearchAction","target":{"@type":"EntryPoint","urlTemplate":"https:\/\/revistaregional.com.br\/site\/?s={search_term_string}"},"query-input":{"@type":"PropertyValueSpecification","valueRequired":true,"valueName":"search_term_string"}}],"inLanguage":"pt-BR"},{"@type":"Person","@id":"https:\/\/revistaregional.com.br\/site\/#\/schema\/person\/382af97c580dc1b18f55107bc316010d","name":"contato@revistaregional.com.br","image":{"@type":"ImageObject","inLanguage":"pt-BR","@id":"https:\/\/secure.gravatar.com\/avatar\/869822917e96b2e292d5827e4635855396934485e7c4a0af84e9a214e32ca0cd?s=96&d=mm&r=g","url":"https:\/\/secure.gravatar.com\/avatar\/869822917e96b2e292d5827e4635855396934485e7c4a0af84e9a214e32ca0cd?s=96&d=mm&r=g","contentUrl":"https:\/\/secure.gravatar.com\/avatar\/869822917e96b2e292d5827e4635855396934485e7c4a0af84e9a214e32ca0cd?s=96&d=mm&r=g","caption":"contato@revistaregional.com.br"},"url":"https:\/\/revistaregional.com.br\/site\/author\/contato@revistaregional.com.br\/"}]}},"views":85,"_links":{"self":[{"href":"https:\/\/revistaregional.com.br\/site\/wp-json\/wp\/v2\/posts\/7150","targetHints":{"allow":["GET"]}}],"collection":[{"href":"https:\/\/revistaregional.com.br\/site\/wp-json\/wp\/v2\/posts"}],"about":[{"href":"https:\/\/revistaregional.com.br\/site\/wp-json\/wp\/v2\/types\/post"}],"author":[{"embeddable":true,"href":"https:\/\/revistaregional.com.br\/site\/wp-json\/wp\/v2\/users\/1"}],"replies":[{"embeddable":true,"href":"https:\/\/revistaregional.com.br\/site\/wp-json\/wp\/v2\/comments?post=7150"}],"version-history":[{"count":5,"href":"https:\/\/revistaregional.com.br\/site\/wp-json\/wp\/v2\/posts\/7150\/revisions"}],"predecessor-version":[{"id":7188,"href":"https:\/\/revistaregional.com.br\/site\/wp-json\/wp\/v2\/posts\/7150\/revisions\/7188"}],"wp:featuredmedia":[{"embeddable":true,"href":"https:\/\/revistaregional.com.br\/site\/wp-json\/wp\/v2\/media\/7189"}],"wp:attachment":[{"href":"https:\/\/revistaregional.com.br\/site\/wp-json\/wp\/v2\/media?parent=7150"}],"wp:term":[{"taxonomy":"category","embeddable":true,"href":"https:\/\/revistaregional.com.br\/site\/wp-json\/wp\/v2\/categories?post=7150"},{"taxonomy":"post_tag","embeddable":true,"href":"https:\/\/revistaregional.com.br\/site\/wp-json\/wp\/v2\/tags?post=7150"}],"curies":[{"name":"wp","href":"https:\/\/api.w.org\/{rel}","templated":true}]}}