{"id":6914,"date":"2015-05-05T14:04:31","date_gmt":"2015-05-05T17:04:31","guid":{"rendered":"http:\/\/revistaregional.com.br\/site\/?p=6914"},"modified":"2024-01-26T09:24:55","modified_gmt":"2024-01-26T12:24:55","slug":"nero-fotografa-para-entidade-de-itu","status":"publish","type":"post","link":"https:\/\/revistaregional.com.br\/site\/2015\/05\/05\/nero-fotografa-para-entidade-de-itu\/","title":{"rendered":"Nero fotografa para entidade de Itu"},"content":{"rendered":"<figure id=\"attachment_6915\" aria-describedby=\"caption-attachment-6915\" style=\"width: 288px\" class=\"wp-caption alignright\"><a href=\"http:\/\/revistaregional.com.br\/site\/wp-content\/uploads\/2015\/05\/mundo-melhor-alexandre-nero-3.jpg\" rel=\"attachment wp-att-6915\"><img fetchpriority=\"high\" decoding=\"async\" class=\"wp-image-6915 \" src=\"http:\/\/revistaregional.com.br\/site\/wp-content\/uploads\/2015\/05\/mundo-melhor-alexandre-nero-3.jpg\" alt=\"\" width=\"288\" height=\"288\" srcset=\"https:\/\/revistaregional.com.br\/site\/wp-content\/uploads\/2015\/05\/mundo-melhor-alexandre-nero-3.jpg 480w, https:\/\/revistaregional.com.br\/site\/wp-content\/uploads\/2015\/05\/mundo-melhor-alexandre-nero-3-150x150.jpg 150w, https:\/\/revistaregional.com.br\/site\/wp-content\/uploads\/2015\/05\/mundo-melhor-alexandre-nero-3-300x300.jpg 300w\" sizes=\"(max-width: 288px) 100vw, 288px\" \/><\/a><figcaption id=\"caption-attachment-6915\" class=\"wp-caption-text\">Nero durante o ensaio exclusivo para a Ong<\/figcaption><\/figure>\n<p>O ator Alexandre Nero e a top model Gianne Albertoni posaram para a campanha \u201cVista arte e ajude um pet\u201d, iniciativa da marca de t-shirts Tisha em prol da Aspa \u2013 Associa\u00e7\u00e3o de Socorro e Prote\u00e7\u00e3o aos Animais de Itu, Ong de prote\u00e7\u00e3o animal que cuida de mais de 400 c\u00e3es abandonados e os direciona para uma ado\u00e7\u00e3o respons\u00e1vel. As fotos de Nero para a campanha foram feitas no dia 16 de mar\u00e7o, no Aeroporto Internacional de Guarulhos, pouco antes do embarque para suas merecidas f\u00e9rias, depois da novela \u201cImp\u00e9rio\u201d. J\u00e1 as imagens da Gianne Albertoni foram registradas em fevereiro, no Parque Vila Lobos, em S\u00e3o Paulo. Ambos doaram seus cach\u00eas para esta causa. Para a campanha, a Tisha criou uma cole\u00e7\u00e3o de camisetas exclusivas assinadas por artistas pl\u00e1sticos, todas dentro da tem\u00e1tica pet. Todos os modelos est\u00e3o \u00e0 venda no site <a href=\"http:\/\/www.tisha.com.br\/\">www.tisha.com.br<\/a> por R$ 79,50. A campanha \u201cVista arte e ajude um pet\u201d ser\u00e1 lan\u00e7ada oficialmente este m\u00eas, em S\u00e3o Paulo.<\/p>\n<p><em>foto: Divulga\u00e7\u00e3o\/Sigmasix<\/em><\/p>\n","protected":false},"excerpt":{"rendered":"<p>O ator Alexandre Nero e a top model Gianne Albertoni posaram para a campanha \u201cVista arte e ajude um pet\u201d, iniciativa da marca de t-shirts Tisha em prol da Aspa \u2013 Associa\u00e7\u00e3o de Socorro e Prote\u00e7\u00e3o aos Animais de Itu, Ong de prote\u00e7\u00e3o animal que cuida de mais de 400 c\u00e3es abandonados e os direciona [&hellip;]<\/p>\n","protected":false},"author":1,"featured_media":6918,"comment_status":"open","ping_status":"open","sticky":false,"template":"","format":"standard","meta":{"_acf_changed":false,"ngg_post_thumbnail":0,"_joinchat":[],"footnotes":""},"categories":[8],"tags":[525],"class_list":["post-6914","post","type-post","status-publish","format-standard","has-post-thumbnail","hentry","category-saude-e-beleza","tag-saude-e-beleza"],"acf":[],"yoast_head":"<!-- This site is optimized with the Yoast SEO plugin v27.4 - https:\/\/yoast.com\/product\/yoast-seo-wordpress\/ -->\n<title>Nero fotografa para entidade de Itu - Revista Regional<\/title>\n<meta name=\"robots\" content=\"index, follow, max-snippet:-1, max-image-preview:large, max-video-preview:-1\" \/>\n<link rel=\"canonical\" href=\"https:\/\/revistaregional.com.br\/site\/2015\/05\/05\/nero-fotografa-para-entidade-de-itu\/\" \/>\n<meta property=\"og:locale\" content=\"pt_BR\" \/>\n<meta property=\"og:type\" content=\"article\" \/>\n<meta property=\"og:title\" content=\"Nero fotografa para entidade de Itu - Revista Regional\" \/>\n<meta property=\"og:description\" content=\"O ator Alexandre Nero e a top model Gianne Albertoni posaram para a campanha \u201cVista arte e ajude um pet\u201d, iniciativa da marca de t-shirts Tisha em prol da Aspa \u2013 Associa\u00e7\u00e3o de Socorro e Prote\u00e7\u00e3o aos Animais de Itu, Ong de prote\u00e7\u00e3o animal que cuida de mais de 400 c\u00e3es abandonados e os direciona [&hellip;]\" \/>\n<meta property=\"og:url\" content=\"https:\/\/revistaregional.com.br\/site\/2015\/05\/05\/nero-fotografa-para-entidade-de-itu\/\" \/>\n<meta property=\"og:site_name\" content=\"Revista Regional\" \/>\n<meta property=\"article:published_time\" content=\"2015-05-05T17:04:31+00:00\" \/>\n<meta property=\"article:modified_time\" content=\"2024-01-26T12:24:55+00:00\" \/>\n<meta property=\"og:image\" content=\"https:\/\/revistaregional.com.br\/site\/wp-content\/uploads\/2015\/05\/mundo-melhor-alexandre-nero-31.jpg\" \/>\n\t<meta property=\"og:image:width\" content=\"480\" \/>\n\t<meta property=\"og:image:height\" content=\"272\" \/>\n\t<meta property=\"og:image:type\" content=\"image\/jpeg\" \/>\n<meta name=\"author\" content=\"contato@revistaregional.com.br\" \/>\n<meta name=\"twitter:card\" content=\"summary_large_image\" \/>\n<meta name=\"twitter:label1\" content=\"Escrito por\" \/>\n\t<meta name=\"twitter:data1\" content=\"contato@revistaregional.com.br\" \/>\n\t<meta name=\"twitter:label2\" content=\"Est. tempo de leitura\" \/>\n\t<meta name=\"twitter:data2\" content=\"1 minuto\" \/>\n<script type=\"application\/ld+json\" class=\"yoast-schema-graph\">{\"@context\":\"https:\\\/\\\/schema.org\",\"@graph\":[{\"@type\":\"Article\",\"@id\":\"https:\\\/\\\/revistaregional.com.br\\\/site\\\/2015\\\/05\\\/05\\\/nero-fotografa-para-entidade-de-itu\\\/#article\",\"isPartOf\":{\"@id\":\"https:\\\/\\\/revistaregional.com.br\\\/site\\\/2015\\\/05\\\/05\\\/nero-fotografa-para-entidade-de-itu\\\/\"},\"author\":{\"name\":\"contato@revistaregional.com.br\",\"@id\":\"https:\\\/\\\/revistaregional.com.br\\\/site\\\/#\\\/schema\\\/person\\\/382af97c580dc1b18f55107bc316010d\"},\"headline\":\"Nero fotografa para entidade de Itu\",\"datePublished\":\"2015-05-05T17:04:31+00:00\",\"dateModified\":\"2024-01-26T12:24:55+00:00\",\"mainEntityOfPage\":{\"@id\":\"https:\\\/\\\/revistaregional.com.br\\\/site\\\/2015\\\/05\\\/05\\\/nero-fotografa-para-entidade-de-itu\\\/\"},\"wordCount\":203,\"commentCount\":0,\"image\":{\"@id\":\"https:\\\/\\\/revistaregional.com.br\\\/site\\\/2015\\\/05\\\/05\\\/nero-fotografa-para-entidade-de-itu\\\/#primaryimage\"},\"thumbnailUrl\":\"https:\\\/\\\/revistaregional.com.br\\\/site\\\/wp-content\\\/uploads\\\/2015\\\/05\\\/mundo-melhor-alexandre-nero-31.jpg\",\"keywords\":[\"Sa\u00fade e Beleza\"],\"articleSection\":[\"Sa\u00fade e Beleza\"],\"inLanguage\":\"pt-BR\",\"potentialAction\":[{\"@type\":\"CommentAction\",\"name\":\"Comment\",\"target\":[\"https:\\\/\\\/revistaregional.com.br\\\/site\\\/2015\\\/05\\\/05\\\/nero-fotografa-para-entidade-de-itu\\\/#respond\"]}]},{\"@type\":\"WebPage\",\"@id\":\"https:\\\/\\\/revistaregional.com.br\\\/site\\\/2015\\\/05\\\/05\\\/nero-fotografa-para-entidade-de-itu\\\/\",\"url\":\"https:\\\/\\\/revistaregional.com.br\\\/site\\\/2015\\\/05\\\/05\\\/nero-fotografa-para-entidade-de-itu\\\/\",\"name\":\"Nero fotografa para entidade de Itu - Revista Regional\",\"isPartOf\":{\"@id\":\"https:\\\/\\\/revistaregional.com.br\\\/site\\\/#website\"},\"primaryImageOfPage\":{\"@id\":\"https:\\\/\\\/revistaregional.com.br\\\/site\\\/2015\\\/05\\\/05\\\/nero-fotografa-para-entidade-de-itu\\\/#primaryimage\"},\"image\":{\"@id\":\"https:\\\/\\\/revistaregional.com.br\\\/site\\\/2015\\\/05\\\/05\\\/nero-fotografa-para-entidade-de-itu\\\/#primaryimage\"},\"thumbnailUrl\":\"https:\\\/\\\/revistaregional.com.br\\\/site\\\/wp-content\\\/uploads\\\/2015\\\/05\\\/mundo-melhor-alexandre-nero-31.jpg\",\"datePublished\":\"2015-05-05T17:04:31+00:00\",\"dateModified\":\"2024-01-26T12:24:55+00:00\",\"author\":{\"@id\":\"https:\\\/\\\/revistaregional.com.br\\\/site\\\/#\\\/schema\\\/person\\\/382af97c580dc1b18f55107bc316010d\"},\"breadcrumb\":{\"@id\":\"https:\\\/\\\/revistaregional.com.br\\\/site\\\/2015\\\/05\\\/05\\\/nero-fotografa-para-entidade-de-itu\\\/#breadcrumb\"},\"inLanguage\":\"pt-BR\",\"potentialAction\":[{\"@type\":\"ReadAction\",\"target\":[\"https:\\\/\\\/revistaregional.com.br\\\/site\\\/2015\\\/05\\\/05\\\/nero-fotografa-para-entidade-de-itu\\\/\"]}]},{\"@type\":\"ImageObject\",\"inLanguage\":\"pt-BR\",\"@id\":\"https:\\\/\\\/revistaregional.com.br\\\/site\\\/2015\\\/05\\\/05\\\/nero-fotografa-para-entidade-de-itu\\\/#primaryimage\",\"url\":\"https:\\\/\\\/revistaregional.com.br\\\/site\\\/wp-content\\\/uploads\\\/2015\\\/05\\\/mundo-melhor-alexandre-nero-31.jpg\",\"contentUrl\":\"https:\\\/\\\/revistaregional.com.br\\\/site\\\/wp-content\\\/uploads\\\/2015\\\/05\\\/mundo-melhor-alexandre-nero-31.jpg\",\"width\":\"480\",\"height\":\"272\"},{\"@type\":\"BreadcrumbList\",\"@id\":\"https:\\\/\\\/revistaregional.com.br\\\/site\\\/2015\\\/05\\\/05\\\/nero-fotografa-para-entidade-de-itu\\\/#breadcrumb\",\"itemListElement\":[{\"@type\":\"ListItem\",\"position\":1,\"name\":\"In\u00edcio\",\"item\":\"https:\\\/\\\/revistaregional.com.br\\\/site\\\/\"},{\"@type\":\"ListItem\",\"position\":2,\"name\":\"Nero fotografa para entidade de Itu\"}]},{\"@type\":\"WebSite\",\"@id\":\"https:\\\/\\\/revistaregional.com.br\\\/site\\\/#website\",\"url\":\"https:\\\/\\\/revistaregional.com.br\\\/site\\\/\",\"name\":\"Revista Regional\",\"description\":\"Salto - Itu - Indaituba\",\"potentialAction\":[{\"@type\":\"SearchAction\",\"target\":{\"@type\":\"EntryPoint\",\"urlTemplate\":\"https:\\\/\\\/revistaregional.com.br\\\/site\\\/?s={search_term_string}\"},\"query-input\":{\"@type\":\"PropertyValueSpecification\",\"valueRequired\":true,\"valueName\":\"search_term_string\"}}],\"inLanguage\":\"pt-BR\"},{\"@type\":\"Person\",\"@id\":\"https:\\\/\\\/revistaregional.com.br\\\/site\\\/#\\\/schema\\\/person\\\/382af97c580dc1b18f55107bc316010d\",\"name\":\"contato@revistaregional.com.br\",\"image\":{\"@type\":\"ImageObject\",\"inLanguage\":\"pt-BR\",\"@id\":\"https:\\\/\\\/secure.gravatar.com\\\/avatar\\\/869822917e96b2e292d5827e4635855396934485e7c4a0af84e9a214e32ca0cd?s=96&d=mm&r=g\",\"url\":\"https:\\\/\\\/secure.gravatar.com\\\/avatar\\\/869822917e96b2e292d5827e4635855396934485e7c4a0af84e9a214e32ca0cd?s=96&d=mm&r=g\",\"contentUrl\":\"https:\\\/\\\/secure.gravatar.com\\\/avatar\\\/869822917e96b2e292d5827e4635855396934485e7c4a0af84e9a214e32ca0cd?s=96&d=mm&r=g\",\"caption\":\"contato@revistaregional.com.br\"},\"url\":\"https:\\\/\\\/revistaregional.com.br\\\/site\\\/author\\\/contato@revistaregional.com.br\\\/\"}]}<\/script>\n<!-- \/ Yoast SEO plugin. -->","yoast_head_json":{"title":"Nero fotografa para entidade de Itu - Revista Regional","robots":{"index":"index","follow":"follow","max-snippet":"max-snippet:-1","max-image-preview":"max-image-preview:large","max-video-preview":"max-video-preview:-1"},"canonical":"https:\/\/revistaregional.com.br\/site\/2015\/05\/05\/nero-fotografa-para-entidade-de-itu\/","og_locale":"pt_BR","og_type":"article","og_title":"Nero fotografa para entidade de Itu - Revista Regional","og_description":"O ator Alexandre Nero e a top model Gianne Albertoni posaram para a campanha \u201cVista arte e ajude um pet\u201d, iniciativa da marca de t-shirts Tisha em prol da Aspa \u2013 Associa\u00e7\u00e3o de Socorro e Prote\u00e7\u00e3o aos Animais de Itu, Ong de prote\u00e7\u00e3o animal que cuida de mais de 400 c\u00e3es abandonados e os direciona [&hellip;]","og_url":"https:\/\/revistaregional.com.br\/site\/2015\/05\/05\/nero-fotografa-para-entidade-de-itu\/","og_site_name":"Revista Regional","article_published_time":"2015-05-05T17:04:31+00:00","article_modified_time":"2024-01-26T12:24:55+00:00","og_image":[{"width":480,"height":272,"url":"https:\/\/revistaregional.com.br\/site\/wp-content\/uploads\/2015\/05\/mundo-melhor-alexandre-nero-31.jpg","type":"image\/jpeg"}],"author":"contato@revistaregional.com.br","twitter_card":"summary_large_image","twitter_misc":{"Escrito por":"contato@revistaregional.com.br","Est. tempo de leitura":"1 minuto"},"schema":{"@context":"https:\/\/schema.org","@graph":[{"@type":"Article","@id":"https:\/\/revistaregional.com.br\/site\/2015\/05\/05\/nero-fotografa-para-entidade-de-itu\/#article","isPartOf":{"@id":"https:\/\/revistaregional.com.br\/site\/2015\/05\/05\/nero-fotografa-para-entidade-de-itu\/"},"author":{"name":"contato@revistaregional.com.br","@id":"https:\/\/revistaregional.com.br\/site\/#\/schema\/person\/382af97c580dc1b18f55107bc316010d"},"headline":"Nero fotografa para entidade de Itu","datePublished":"2015-05-05T17:04:31+00:00","dateModified":"2024-01-26T12:24:55+00:00","mainEntityOfPage":{"@id":"https:\/\/revistaregional.com.br\/site\/2015\/05\/05\/nero-fotografa-para-entidade-de-itu\/"},"wordCount":203,"commentCount":0,"image":{"@id":"https:\/\/revistaregional.com.br\/site\/2015\/05\/05\/nero-fotografa-para-entidade-de-itu\/#primaryimage"},"thumbnailUrl":"https:\/\/revistaregional.com.br\/site\/wp-content\/uploads\/2015\/05\/mundo-melhor-alexandre-nero-31.jpg","keywords":["Sa\u00fade e Beleza"],"articleSection":["Sa\u00fade e Beleza"],"inLanguage":"pt-BR","potentialAction":[{"@type":"CommentAction","name":"Comment","target":["https:\/\/revistaregional.com.br\/site\/2015\/05\/05\/nero-fotografa-para-entidade-de-itu\/#respond"]}]},{"@type":"WebPage","@id":"https:\/\/revistaregional.com.br\/site\/2015\/05\/05\/nero-fotografa-para-entidade-de-itu\/","url":"https:\/\/revistaregional.com.br\/site\/2015\/05\/05\/nero-fotografa-para-entidade-de-itu\/","name":"Nero fotografa para entidade de Itu - Revista Regional","isPartOf":{"@id":"https:\/\/revistaregional.com.br\/site\/#website"},"primaryImageOfPage":{"@id":"https:\/\/revistaregional.com.br\/site\/2015\/05\/05\/nero-fotografa-para-entidade-de-itu\/#primaryimage"},"image":{"@id":"https:\/\/revistaregional.com.br\/site\/2015\/05\/05\/nero-fotografa-para-entidade-de-itu\/#primaryimage"},"thumbnailUrl":"https:\/\/revistaregional.com.br\/site\/wp-content\/uploads\/2015\/05\/mundo-melhor-alexandre-nero-31.jpg","datePublished":"2015-05-05T17:04:31+00:00","dateModified":"2024-01-26T12:24:55+00:00","author":{"@id":"https:\/\/revistaregional.com.br\/site\/#\/schema\/person\/382af97c580dc1b18f55107bc316010d"},"breadcrumb":{"@id":"https:\/\/revistaregional.com.br\/site\/2015\/05\/05\/nero-fotografa-para-entidade-de-itu\/#breadcrumb"},"inLanguage":"pt-BR","potentialAction":[{"@type":"ReadAction","target":["https:\/\/revistaregional.com.br\/site\/2015\/05\/05\/nero-fotografa-para-entidade-de-itu\/"]}]},{"@type":"ImageObject","inLanguage":"pt-BR","@id":"https:\/\/revistaregional.com.br\/site\/2015\/05\/05\/nero-fotografa-para-entidade-de-itu\/#primaryimage","url":"https:\/\/revistaregional.com.br\/site\/wp-content\/uploads\/2015\/05\/mundo-melhor-alexandre-nero-31.jpg","contentUrl":"https:\/\/revistaregional.com.br\/site\/wp-content\/uploads\/2015\/05\/mundo-melhor-alexandre-nero-31.jpg","width":"480","height":"272"},{"@type":"BreadcrumbList","@id":"https:\/\/revistaregional.com.br\/site\/2015\/05\/05\/nero-fotografa-para-entidade-de-itu\/#breadcrumb","itemListElement":[{"@type":"ListItem","position":1,"name":"In\u00edcio","item":"https:\/\/revistaregional.com.br\/site\/"},{"@type":"ListItem","position":2,"name":"Nero fotografa para entidade de Itu"}]},{"@type":"WebSite","@id":"https:\/\/revistaregional.com.br\/site\/#website","url":"https:\/\/revistaregional.com.br\/site\/","name":"Revista Regional","description":"Salto - Itu - Indaituba","potentialAction":[{"@type":"SearchAction","target":{"@type":"EntryPoint","urlTemplate":"https:\/\/revistaregional.com.br\/site\/?s={search_term_string}"},"query-input":{"@type":"PropertyValueSpecification","valueRequired":true,"valueName":"search_term_string"}}],"inLanguage":"pt-BR"},{"@type":"Person","@id":"https:\/\/revistaregional.com.br\/site\/#\/schema\/person\/382af97c580dc1b18f55107bc316010d","name":"contato@revistaregional.com.br","image":{"@type":"ImageObject","inLanguage":"pt-BR","@id":"https:\/\/secure.gravatar.com\/avatar\/869822917e96b2e292d5827e4635855396934485e7c4a0af84e9a214e32ca0cd?s=96&d=mm&r=g","url":"https:\/\/secure.gravatar.com\/avatar\/869822917e96b2e292d5827e4635855396934485e7c4a0af84e9a214e32ca0cd?s=96&d=mm&r=g","contentUrl":"https:\/\/secure.gravatar.com\/avatar\/869822917e96b2e292d5827e4635855396934485e7c4a0af84e9a214e32ca0cd?s=96&d=mm&r=g","caption":"contato@revistaregional.com.br"},"url":"https:\/\/revistaregional.com.br\/site\/author\/contato@revistaregional.com.br\/"}]}},"views":95,"_links":{"self":[{"href":"https:\/\/revistaregional.com.br\/site\/wp-json\/wp\/v2\/posts\/6914","targetHints":{"allow":["GET"]}}],"collection":[{"href":"https:\/\/revistaregional.com.br\/site\/wp-json\/wp\/v2\/posts"}],"about":[{"href":"https:\/\/revistaregional.com.br\/site\/wp-json\/wp\/v2\/types\/post"}],"author":[{"embeddable":true,"href":"https:\/\/revistaregional.com.br\/site\/wp-json\/wp\/v2\/users\/1"}],"replies":[{"embeddable":true,"href":"https:\/\/revistaregional.com.br\/site\/wp-json\/wp\/v2\/comments?post=6914"}],"version-history":[{"count":3,"href":"https:\/\/revistaregional.com.br\/site\/wp-json\/wp\/v2\/posts\/6914\/revisions"}],"predecessor-version":[{"id":6917,"href":"https:\/\/revistaregional.com.br\/site\/wp-json\/wp\/v2\/posts\/6914\/revisions\/6917"}],"wp:featuredmedia":[{"embeddable":true,"href":"https:\/\/revistaregional.com.br\/site\/wp-json\/wp\/v2\/media\/6918"}],"wp:attachment":[{"href":"https:\/\/revistaregional.com.br\/site\/wp-json\/wp\/v2\/media?parent=6914"}],"wp:term":[{"taxonomy":"category","embeddable":true,"href":"https:\/\/revistaregional.com.br\/site\/wp-json\/wp\/v2\/categories?post=6914"},{"taxonomy":"post_tag","embeddable":true,"href":"https:\/\/revistaregional.com.br\/site\/wp-json\/wp\/v2\/tags?post=6914"}],"curies":[{"name":"wp","href":"https:\/\/api.w.org\/{rel}","templated":true}]}}