{"id":6837,"date":"2015-04-07T10:07:55","date_gmt":"2015-04-07T13:07:55","guid":{"rendered":"http:\/\/revistaregional.com.br\/site\/?p=6837"},"modified":"2024-01-26T09:24:59","modified_gmt":"2024-01-26T12:24:59","slug":"jolie-e-a-polemica-sobre-a-cirurgia-preventiva-do-cancer","status":"publish","type":"post","link":"https:\/\/revistaregional.com.br\/site\/2015\/04\/07\/jolie-e-a-polemica-sobre-a-cirurgia-preventiva-do-cancer\/","title":{"rendered":"Jolie e a pol\u00eamica sobre a  cirurgia preventiva do c\u00e2ncer"},"content":{"rendered":"<figure id=\"attachment_6840\" aria-describedby=\"caption-attachment-6840\" style=\"width: 384px\" class=\"wp-caption aligncenter\"><a href=\"http:\/\/revistaregional.com.br\/site\/wp-content\/uploads\/2015\/04\/site-caso-jolie.jpg\" rel=\"attachment wp-att-6840\"><img fetchpriority=\"high\" decoding=\"async\" class=\" wp-image-6840 \" src=\"http:\/\/revistaregional.com.br\/site\/wp-content\/uploads\/2015\/04\/site-caso-jolie.jpg\" alt=\"\" width=\"384\" height=\"256\" srcset=\"https:\/\/revistaregional.com.br\/site\/wp-content\/uploads\/2015\/04\/site-caso-jolie.jpg 640w, https:\/\/revistaregional.com.br\/site\/wp-content\/uploads\/2015\/04\/site-caso-jolie-300x200.jpg 300w\" sizes=\"(max-width: 384px) 100vw, 384px\" \/><\/a><figcaption id=\"caption-attachment-6840\" class=\"wp-caption-text\">Jolie retirou ov\u00e1rios e trompas para evitar o c\u00e2ncer<\/figcaption><\/figure>\n<p>O mapeamento gen\u00e9tico para a preven\u00e7\u00e3o do c\u00e2ncer \u00e9 novamente o assunto em pauta em jornais, revistas, na televis\u00e3o e nas rodinhas de conversa por ai. O motivo? A nova cirurgia profil\u00e1tica da atriz e diretora Angelina Jolie, de 39 anos. Em 2013, ela passou por um procedimento de dupla mastectomia e agora retirou os ov\u00e1rios e as trompas devido \u00e0s chances de desenvolver o c\u00e2ncer.<\/p>\n<p>Angelina anunciou que se submeteu a uma cirurgia preventiva para retirada dos \u00f3rg\u00e3os em um artigo de opini\u00e3o, publicado pelo jornal \u201cNew York Times\u201d, um dos mais respeitados dos EUA. No texto, a atriz, que perdeu a m\u00e3e, a av\u00f3 e uma tia para a doen\u00e7a, explica que tem uma muta\u00e7\u00e3o no gene BRCA1 o que representa um risco de mais de 80% de desenvolver c\u00e2ncer de mama e quase 50% de ov\u00e1rio.<\/p>\n<p>O exame de mapeamento gen\u00e9tico \u00e9 feito de forma gratuita para os pacientes do Hospital de C\u00e2ncer de Barretos, no Interior paulista. Sempre que h\u00e1 a necessidade, o m\u00e9dico especialista da institui\u00e7\u00e3o far\u00e1 o encaminhamento para o Departamento de Oncogen\u00e9tica, que vai estudar o caso.<\/p>\n<p>A oncogen\u00e9tica \u00e9 a subespecialidade m\u00e9dica respons\u00e1vel pela detec\u00e7\u00e3o e acompanhamento de indiv\u00edduos portadores de alguma das S\u00edndromes Heredit\u00e1rias de Predisposi\u00e7\u00e3o ao C\u00e2ncer. Em raros casos, uma pessoa j\u00e1 pode nascer com uma predisposi\u00e7\u00e3o maior de desenvolver tumores, pois trazem em seu DNA esta tend\u00eancia \u2013 s\u00e3o as chamadas muta\u00e7\u00f5es germinativas. Cerca de 5% dos c\u00e2nceres de mama se enquadram nesta situa\u00e7\u00e3o, por exemplo.<\/p>\n<p>Como havia casos de c\u00e2ncer na fam\u00edlia da famosa atriz, a probabilidade de ela vir a ter a doen\u00e7a aumentaria significativamente. No artigo, ela contou ainda que os m\u00e9dicos disseram que o n\u00edvel de uma prote\u00edna chamada de CA-125 no sangue, monitorada para detectar o c\u00e2ncer de ov\u00e1rio, era normal. No entanto, havia, segundo ela, uma s\u00e9rie de marcadores inflamat\u00f3rios altos.<\/p>\n<p>Com o resultado na m\u00e3o, Angelina n\u00e3o pensou duas vezes e se submeteu a uma \u201csalpingo-ooforectomia bilateral laparosc\u00f3pica\u201d, que retirou os ov\u00e1rios e as trompas de fal\u00f3pio. \u201cMeus filhos n\u00e3o v\u00e3o precisar dizer que a m\u00e3e deles morreu de c\u00e2ncer\u201d, escreveu ela que tem seis filhos, sendo tr\u00eas biol\u00f3gicos e tr\u00eas adotivos.<\/p>\n<p>Segundo o m\u00e9dico oncogeneticista e coordenador do Departamento de Oncogen\u00e9tica do Hospital de C\u00e2ncer de Barretos, Henrique Galv\u00e3o, o risco de uma mulher da popula\u00e7\u00e3o em geral de ter o c\u00e2ncer de ov\u00e1rio \u00e9 de apenas 1,5%, mas se houver a muta\u00e7\u00e3o, as chances crescem drasticamente e sobem para 45%.<\/p>\n<p><strong>\u201cAngelina brasileira\u201d<\/strong><\/p>\n<p>A atriz e embaixadora da boa vontade da Ag\u00eancia das Na\u00e7\u00f5es Unidas para os Refugiados (ACNUR) usou de sua fama e reconhecimento mundial para falar sobre o assunto. No artigo, Angelina escreveu que sabe que decis\u00f5es como a que tomou n\u00e3o \u00e9 f\u00e1cil, mas que \u00e9 poss\u00edvel assumir o controle e enfrentar qualquer problema de sa\u00fade de frente. \u201cVoc\u00ea pode buscar o aconselhamento, estudar as op\u00e7\u00f5es e tomar as decis\u00f5es que s\u00e3o apropriadas para voc\u00ea. O conhecimento \u00e9 o poder para resolver esses problemas\u201d, concluiu no texto.<\/p>\n<p>Mas para quem acha que isso \u00e9 s\u00f3 mais uma hist\u00f3ria de Hollywood, est\u00e1 enganado. A dona de casa Benedita do Socorro, de 47 anos, tamb\u00e9m teve que realizar o procedimento de retirada dos ov\u00e1rios e trompas de fal\u00f3pio. Em 2011, a moradora de Porto Velho, em Rond\u00f4nia, no Norte do Brasil, descobriu que estava com um cisto em um dos ov\u00e1rios. Logo depois a cirurgia revelou que em um deles poderia ter c\u00e2ncer.<\/p>\n<p>A dona de casa come\u00e7ou o tratamento na institui\u00e7\u00e3o e fez acompanhamento gen\u00e9tico. Durante o estudo, os m\u00e9dicos descobriram que ela tinha a mesma muta\u00e7\u00e3o da atriz norte-americana e que o ideal seria retirar o outro ov\u00e1rio, as trompas e tamb\u00e9m o \u00fatero.<\/p>\n<p>\u201cQuando fiquei sabendo, eu perdi o ch\u00e3o. N\u00e3o sabia o que fazer, mas tive muito apoio da minha fam\u00edlia, dos m\u00e9dicos e psicol\u00f3gico. Eu sempre quis ter filhos, era meu sonho. Mas entre meu sonho e minha vida, eu preferi ficar com a minha vida e lutar por ela\u201d, afirmou.<\/p>\n<p>Agora, o Departamento de Oncogen\u00e9tica a aconselhou a fazer uma dupla mastectomia. \u201cEu ainda tenho chances de desenvolver a doen\u00e7a e pode ser nas mamas, os m\u00e9dicos me disseram para pensar e discutir com a minha fam\u00edlia as chances que terei realizando ou n\u00e3o o procedimento\u201d, explicou.<\/p>\n<p><strong>Consequ\u00eancias<\/strong><\/p>\n<p>De acordo com o cirurgi\u00e3o oncol\u00f3gico Carlos de Andrade, quando a cirurgia de retirada dos ov\u00e1rios e trompas \u00e9 feita, a mulher que ainda n\u00e3o havia entrado na menopausa vai entrar de forma cir\u00fargica, pois ela vai parar de produzir os horm\u00f4nios estr\u00f3geno e progesterona. Al\u00e9m disso, realizando o procedimento, as chances de ela vir a desenvolver a doen\u00e7a diminuem.<\/p>\n<p>\u201cQuando uma mulher que n\u00e3o tem muta\u00e7\u00e3o faz a cirurgia para retirar esses \u00f3rg\u00e3os, ela tem uma diminui\u00e7\u00e3o da expectativa de vida e vai ter alguns problemas. J\u00e1 a mulher que tem a muta\u00e7\u00e3o, quando realiza a cirurgia, ela aumenta a expectativa e a qualidade de vida\u201d, disse.<\/p>\n<p>Para as mulheres que souberam do caso e ficaram aflitas, o coordenador da oncogen\u00e9tica explica que a predisposi\u00e7\u00e3o heredit\u00e1ria ao c\u00e2ncer \u00e9 uma situa\u00e7\u00e3o rara. \u201cUma conversa com o ginecologista ou um mastologista de confian\u00e7a \u00e9 o caminho mais adequado para esclarecimentos.\u201d<\/p>\n<p><em>\u00a0foto: Reprodu\u00e7\u00e3o<\/em><\/p>\n","protected":false},"excerpt":{"rendered":"<p>O mapeamento gen\u00e9tico para a preven\u00e7\u00e3o do c\u00e2ncer \u00e9 novamente o assunto em pauta em jornais, revistas, na televis\u00e3o e nas rodinhas de conversa por ai. O motivo? A nova cirurgia profil\u00e1tica da atriz e diretora Angelina Jolie, de 39 anos. Em 2013, ela passou por um procedimento de dupla mastectomia e agora retirou os [&hellip;]<\/p>\n","protected":false},"author":1,"featured_media":6840,"comment_status":"open","ping_status":"open","sticky":false,"template":"","format":"standard","meta":{"_acf_changed":false,"ngg_post_thumbnail":0,"_joinchat":[],"footnotes":""},"categories":[8],"tags":[525],"class_list":["post-6837","post","type-post","status-publish","format-standard","has-post-thumbnail","hentry","category-saude-e-beleza","tag-saude-e-beleza"],"acf":[],"yoast_head":"<!-- This site is optimized with the Yoast SEO plugin v27.4 - https:\/\/yoast.com\/product\/yoast-seo-wordpress\/ -->\n<title>Jolie e a pol\u00eamica sobre a cirurgia preventiva do c\u00e2ncer - Revista Regional<\/title>\n<meta name=\"robots\" content=\"index, follow, max-snippet:-1, max-image-preview:large, max-video-preview:-1\" \/>\n<link rel=\"canonical\" href=\"https:\/\/revistaregional.com.br\/site\/2015\/04\/07\/jolie-e-a-polemica-sobre-a-cirurgia-preventiva-do-cancer\/\" \/>\n<meta property=\"og:locale\" content=\"pt_BR\" \/>\n<meta property=\"og:type\" content=\"article\" \/>\n<meta property=\"og:title\" content=\"Jolie e a pol\u00eamica sobre a cirurgia preventiva do c\u00e2ncer - Revista Regional\" \/>\n<meta property=\"og:description\" content=\"O mapeamento gen\u00e9tico para a preven\u00e7\u00e3o do c\u00e2ncer \u00e9 novamente o assunto em pauta em jornais, revistas, na televis\u00e3o e nas rodinhas de conversa por ai. O motivo? A nova cirurgia profil\u00e1tica da atriz e diretora Angelina Jolie, de 39 anos. Em 2013, ela passou por um procedimento de dupla mastectomia e agora retirou os [&hellip;]\" \/>\n<meta property=\"og:url\" content=\"https:\/\/revistaregional.com.br\/site\/2015\/04\/07\/jolie-e-a-polemica-sobre-a-cirurgia-preventiva-do-cancer\/\" \/>\n<meta property=\"og:site_name\" content=\"Revista Regional\" \/>\n<meta property=\"article:published_time\" content=\"2015-04-07T13:07:55+00:00\" \/>\n<meta property=\"article:modified_time\" content=\"2024-01-26T12:24:59+00:00\" \/>\n<meta property=\"og:image\" content=\"https:\/\/revistaregional.com.br\/site\/wp-content\/uploads\/2015\/04\/site-caso-jolie.jpg\" \/>\n\t<meta property=\"og:image:width\" content=\"640\" \/>\n\t<meta property=\"og:image:height\" content=\"427\" \/>\n\t<meta property=\"og:image:type\" content=\"image\/jpeg\" \/>\n<meta name=\"author\" content=\"contato@revistaregional.com.br\" \/>\n<meta name=\"twitter:card\" content=\"summary_large_image\" \/>\n<meta name=\"twitter:label1\" content=\"Escrito por\" \/>\n\t<meta name=\"twitter:data1\" content=\"contato@revistaregional.com.br\" \/>\n\t<meta name=\"twitter:label2\" content=\"Est. tempo de leitura\" \/>\n\t<meta name=\"twitter:data2\" content=\"5 minutos\" \/>\n<script type=\"application\/ld+json\" class=\"yoast-schema-graph\">{\"@context\":\"https:\\\/\\\/schema.org\",\"@graph\":[{\"@type\":\"Article\",\"@id\":\"https:\\\/\\\/revistaregional.com.br\\\/site\\\/2015\\\/04\\\/07\\\/jolie-e-a-polemica-sobre-a-cirurgia-preventiva-do-cancer\\\/#article\",\"isPartOf\":{\"@id\":\"https:\\\/\\\/revistaregional.com.br\\\/site\\\/2015\\\/04\\\/07\\\/jolie-e-a-polemica-sobre-a-cirurgia-preventiva-do-cancer\\\/\"},\"author\":{\"name\":\"contato@revistaregional.com.br\",\"@id\":\"https:\\\/\\\/revistaregional.com.br\\\/site\\\/#\\\/schema\\\/person\\\/382af97c580dc1b18f55107bc316010d\"},\"headline\":\"Jolie e a pol\u00eamica sobre a cirurgia preventiva do c\u00e2ncer\",\"datePublished\":\"2015-04-07T13:07:55+00:00\",\"dateModified\":\"2024-01-26T12:24:59+00:00\",\"mainEntityOfPage\":{\"@id\":\"https:\\\/\\\/revistaregional.com.br\\\/site\\\/2015\\\/04\\\/07\\\/jolie-e-a-polemica-sobre-a-cirurgia-preventiva-do-cancer\\\/\"},\"wordCount\":996,\"commentCount\":0,\"image\":{\"@id\":\"https:\\\/\\\/revistaregional.com.br\\\/site\\\/2015\\\/04\\\/07\\\/jolie-e-a-polemica-sobre-a-cirurgia-preventiva-do-cancer\\\/#primaryimage\"},\"thumbnailUrl\":\"https:\\\/\\\/revistaregional.com.br\\\/site\\\/wp-content\\\/uploads\\\/2015\\\/04\\\/site-caso-jolie.jpg\",\"keywords\":[\"Sa\u00fade e Beleza\"],\"articleSection\":[\"Sa\u00fade e Beleza\"],\"inLanguage\":\"pt-BR\",\"potentialAction\":[{\"@type\":\"CommentAction\",\"name\":\"Comment\",\"target\":[\"https:\\\/\\\/revistaregional.com.br\\\/site\\\/2015\\\/04\\\/07\\\/jolie-e-a-polemica-sobre-a-cirurgia-preventiva-do-cancer\\\/#respond\"]}]},{\"@type\":\"WebPage\",\"@id\":\"https:\\\/\\\/revistaregional.com.br\\\/site\\\/2015\\\/04\\\/07\\\/jolie-e-a-polemica-sobre-a-cirurgia-preventiva-do-cancer\\\/\",\"url\":\"https:\\\/\\\/revistaregional.com.br\\\/site\\\/2015\\\/04\\\/07\\\/jolie-e-a-polemica-sobre-a-cirurgia-preventiva-do-cancer\\\/\",\"name\":\"Jolie e a pol\u00eamica sobre a cirurgia preventiva do c\u00e2ncer - Revista Regional\",\"isPartOf\":{\"@id\":\"https:\\\/\\\/revistaregional.com.br\\\/site\\\/#website\"},\"primaryImageOfPage\":{\"@id\":\"https:\\\/\\\/revistaregional.com.br\\\/site\\\/2015\\\/04\\\/07\\\/jolie-e-a-polemica-sobre-a-cirurgia-preventiva-do-cancer\\\/#primaryimage\"},\"image\":{\"@id\":\"https:\\\/\\\/revistaregional.com.br\\\/site\\\/2015\\\/04\\\/07\\\/jolie-e-a-polemica-sobre-a-cirurgia-preventiva-do-cancer\\\/#primaryimage\"},\"thumbnailUrl\":\"https:\\\/\\\/revistaregional.com.br\\\/site\\\/wp-content\\\/uploads\\\/2015\\\/04\\\/site-caso-jolie.jpg\",\"datePublished\":\"2015-04-07T13:07:55+00:00\",\"dateModified\":\"2024-01-26T12:24:59+00:00\",\"author\":{\"@id\":\"https:\\\/\\\/revistaregional.com.br\\\/site\\\/#\\\/schema\\\/person\\\/382af97c580dc1b18f55107bc316010d\"},\"breadcrumb\":{\"@id\":\"https:\\\/\\\/revistaregional.com.br\\\/site\\\/2015\\\/04\\\/07\\\/jolie-e-a-polemica-sobre-a-cirurgia-preventiva-do-cancer\\\/#breadcrumb\"},\"inLanguage\":\"pt-BR\",\"potentialAction\":[{\"@type\":\"ReadAction\",\"target\":[\"https:\\\/\\\/revistaregional.com.br\\\/site\\\/2015\\\/04\\\/07\\\/jolie-e-a-polemica-sobre-a-cirurgia-preventiva-do-cancer\\\/\"]}]},{\"@type\":\"ImageObject\",\"inLanguage\":\"pt-BR\",\"@id\":\"https:\\\/\\\/revistaregional.com.br\\\/site\\\/2015\\\/04\\\/07\\\/jolie-e-a-polemica-sobre-a-cirurgia-preventiva-do-cancer\\\/#primaryimage\",\"url\":\"https:\\\/\\\/revistaregional.com.br\\\/site\\\/wp-content\\\/uploads\\\/2015\\\/04\\\/site-caso-jolie.jpg\",\"contentUrl\":\"https:\\\/\\\/revistaregional.com.br\\\/site\\\/wp-content\\\/uploads\\\/2015\\\/04\\\/site-caso-jolie.jpg\",\"width\":\"640\",\"height\":\"427\",\"caption\":\"Jolie retirou ov\u00e1rios e trompas para evitar o c\u00e2ncer\"},{\"@type\":\"BreadcrumbList\",\"@id\":\"https:\\\/\\\/revistaregional.com.br\\\/site\\\/2015\\\/04\\\/07\\\/jolie-e-a-polemica-sobre-a-cirurgia-preventiva-do-cancer\\\/#breadcrumb\",\"itemListElement\":[{\"@type\":\"ListItem\",\"position\":1,\"name\":\"In\u00edcio\",\"item\":\"https:\\\/\\\/revistaregional.com.br\\\/site\\\/\"},{\"@type\":\"ListItem\",\"position\":2,\"name\":\"Jolie e a pol\u00eamica sobre a cirurgia preventiva do c\u00e2ncer\"}]},{\"@type\":\"WebSite\",\"@id\":\"https:\\\/\\\/revistaregional.com.br\\\/site\\\/#website\",\"url\":\"https:\\\/\\\/revistaregional.com.br\\\/site\\\/\",\"name\":\"Revista Regional\",\"description\":\"Salto - Itu - Indaituba\",\"potentialAction\":[{\"@type\":\"SearchAction\",\"target\":{\"@type\":\"EntryPoint\",\"urlTemplate\":\"https:\\\/\\\/revistaregional.com.br\\\/site\\\/?s={search_term_string}\"},\"query-input\":{\"@type\":\"PropertyValueSpecification\",\"valueRequired\":true,\"valueName\":\"search_term_string\"}}],\"inLanguage\":\"pt-BR\"},{\"@type\":\"Person\",\"@id\":\"https:\\\/\\\/revistaregional.com.br\\\/site\\\/#\\\/schema\\\/person\\\/382af97c580dc1b18f55107bc316010d\",\"name\":\"contato@revistaregional.com.br\",\"image\":{\"@type\":\"ImageObject\",\"inLanguage\":\"pt-BR\",\"@id\":\"https:\\\/\\\/secure.gravatar.com\\\/avatar\\\/869822917e96b2e292d5827e4635855396934485e7c4a0af84e9a214e32ca0cd?s=96&d=mm&r=g\",\"url\":\"https:\\\/\\\/secure.gravatar.com\\\/avatar\\\/869822917e96b2e292d5827e4635855396934485e7c4a0af84e9a214e32ca0cd?s=96&d=mm&r=g\",\"contentUrl\":\"https:\\\/\\\/secure.gravatar.com\\\/avatar\\\/869822917e96b2e292d5827e4635855396934485e7c4a0af84e9a214e32ca0cd?s=96&d=mm&r=g\",\"caption\":\"contato@revistaregional.com.br\"},\"url\":\"https:\\\/\\\/revistaregional.com.br\\\/site\\\/author\\\/contato@revistaregional.com.br\\\/\"}]}<\/script>\n<!-- \/ Yoast SEO plugin. -->","yoast_head_json":{"title":"Jolie e a pol\u00eamica sobre a cirurgia preventiva do c\u00e2ncer - Revista Regional","robots":{"index":"index","follow":"follow","max-snippet":"max-snippet:-1","max-image-preview":"max-image-preview:large","max-video-preview":"max-video-preview:-1"},"canonical":"https:\/\/revistaregional.com.br\/site\/2015\/04\/07\/jolie-e-a-polemica-sobre-a-cirurgia-preventiva-do-cancer\/","og_locale":"pt_BR","og_type":"article","og_title":"Jolie e a pol\u00eamica sobre a cirurgia preventiva do c\u00e2ncer - Revista Regional","og_description":"O mapeamento gen\u00e9tico para a preven\u00e7\u00e3o do c\u00e2ncer \u00e9 novamente o assunto em pauta em jornais, revistas, na televis\u00e3o e nas rodinhas de conversa por ai. O motivo? A nova cirurgia profil\u00e1tica da atriz e diretora Angelina Jolie, de 39 anos. Em 2013, ela passou por um procedimento de dupla mastectomia e agora retirou os [&hellip;]","og_url":"https:\/\/revistaregional.com.br\/site\/2015\/04\/07\/jolie-e-a-polemica-sobre-a-cirurgia-preventiva-do-cancer\/","og_site_name":"Revista Regional","article_published_time":"2015-04-07T13:07:55+00:00","article_modified_time":"2024-01-26T12:24:59+00:00","og_image":[{"width":640,"height":427,"url":"https:\/\/revistaregional.com.br\/site\/wp-content\/uploads\/2015\/04\/site-caso-jolie.jpg","type":"image\/jpeg"}],"author":"contato@revistaregional.com.br","twitter_card":"summary_large_image","twitter_misc":{"Escrito por":"contato@revistaregional.com.br","Est. tempo de leitura":"5 minutos"},"schema":{"@context":"https:\/\/schema.org","@graph":[{"@type":"Article","@id":"https:\/\/revistaregional.com.br\/site\/2015\/04\/07\/jolie-e-a-polemica-sobre-a-cirurgia-preventiva-do-cancer\/#article","isPartOf":{"@id":"https:\/\/revistaregional.com.br\/site\/2015\/04\/07\/jolie-e-a-polemica-sobre-a-cirurgia-preventiva-do-cancer\/"},"author":{"name":"contato@revistaregional.com.br","@id":"https:\/\/revistaregional.com.br\/site\/#\/schema\/person\/382af97c580dc1b18f55107bc316010d"},"headline":"Jolie e a pol\u00eamica sobre a cirurgia preventiva do c\u00e2ncer","datePublished":"2015-04-07T13:07:55+00:00","dateModified":"2024-01-26T12:24:59+00:00","mainEntityOfPage":{"@id":"https:\/\/revistaregional.com.br\/site\/2015\/04\/07\/jolie-e-a-polemica-sobre-a-cirurgia-preventiva-do-cancer\/"},"wordCount":996,"commentCount":0,"image":{"@id":"https:\/\/revistaregional.com.br\/site\/2015\/04\/07\/jolie-e-a-polemica-sobre-a-cirurgia-preventiva-do-cancer\/#primaryimage"},"thumbnailUrl":"https:\/\/revistaregional.com.br\/site\/wp-content\/uploads\/2015\/04\/site-caso-jolie.jpg","keywords":["Sa\u00fade e Beleza"],"articleSection":["Sa\u00fade e Beleza"],"inLanguage":"pt-BR","potentialAction":[{"@type":"CommentAction","name":"Comment","target":["https:\/\/revistaregional.com.br\/site\/2015\/04\/07\/jolie-e-a-polemica-sobre-a-cirurgia-preventiva-do-cancer\/#respond"]}]},{"@type":"WebPage","@id":"https:\/\/revistaregional.com.br\/site\/2015\/04\/07\/jolie-e-a-polemica-sobre-a-cirurgia-preventiva-do-cancer\/","url":"https:\/\/revistaregional.com.br\/site\/2015\/04\/07\/jolie-e-a-polemica-sobre-a-cirurgia-preventiva-do-cancer\/","name":"Jolie e a pol\u00eamica sobre a cirurgia preventiva do c\u00e2ncer - Revista Regional","isPartOf":{"@id":"https:\/\/revistaregional.com.br\/site\/#website"},"primaryImageOfPage":{"@id":"https:\/\/revistaregional.com.br\/site\/2015\/04\/07\/jolie-e-a-polemica-sobre-a-cirurgia-preventiva-do-cancer\/#primaryimage"},"image":{"@id":"https:\/\/revistaregional.com.br\/site\/2015\/04\/07\/jolie-e-a-polemica-sobre-a-cirurgia-preventiva-do-cancer\/#primaryimage"},"thumbnailUrl":"https:\/\/revistaregional.com.br\/site\/wp-content\/uploads\/2015\/04\/site-caso-jolie.jpg","datePublished":"2015-04-07T13:07:55+00:00","dateModified":"2024-01-26T12:24:59+00:00","author":{"@id":"https:\/\/revistaregional.com.br\/site\/#\/schema\/person\/382af97c580dc1b18f55107bc316010d"},"breadcrumb":{"@id":"https:\/\/revistaregional.com.br\/site\/2015\/04\/07\/jolie-e-a-polemica-sobre-a-cirurgia-preventiva-do-cancer\/#breadcrumb"},"inLanguage":"pt-BR","potentialAction":[{"@type":"ReadAction","target":["https:\/\/revistaregional.com.br\/site\/2015\/04\/07\/jolie-e-a-polemica-sobre-a-cirurgia-preventiva-do-cancer\/"]}]},{"@type":"ImageObject","inLanguage":"pt-BR","@id":"https:\/\/revistaregional.com.br\/site\/2015\/04\/07\/jolie-e-a-polemica-sobre-a-cirurgia-preventiva-do-cancer\/#primaryimage","url":"https:\/\/revistaregional.com.br\/site\/wp-content\/uploads\/2015\/04\/site-caso-jolie.jpg","contentUrl":"https:\/\/revistaregional.com.br\/site\/wp-content\/uploads\/2015\/04\/site-caso-jolie.jpg","width":"640","height":"427","caption":"Jolie retirou ov\u00e1rios e trompas para evitar o c\u00e2ncer"},{"@type":"BreadcrumbList","@id":"https:\/\/revistaregional.com.br\/site\/2015\/04\/07\/jolie-e-a-polemica-sobre-a-cirurgia-preventiva-do-cancer\/#breadcrumb","itemListElement":[{"@type":"ListItem","position":1,"name":"In\u00edcio","item":"https:\/\/revistaregional.com.br\/site\/"},{"@type":"ListItem","position":2,"name":"Jolie e a pol\u00eamica sobre a cirurgia preventiva do c\u00e2ncer"}]},{"@type":"WebSite","@id":"https:\/\/revistaregional.com.br\/site\/#website","url":"https:\/\/revistaregional.com.br\/site\/","name":"Revista Regional","description":"Salto - Itu - Indaituba","potentialAction":[{"@type":"SearchAction","target":{"@type":"EntryPoint","urlTemplate":"https:\/\/revistaregional.com.br\/site\/?s={search_term_string}"},"query-input":{"@type":"PropertyValueSpecification","valueRequired":true,"valueName":"search_term_string"}}],"inLanguage":"pt-BR"},{"@type":"Person","@id":"https:\/\/revistaregional.com.br\/site\/#\/schema\/person\/382af97c580dc1b18f55107bc316010d","name":"contato@revistaregional.com.br","image":{"@type":"ImageObject","inLanguage":"pt-BR","@id":"https:\/\/secure.gravatar.com\/avatar\/869822917e96b2e292d5827e4635855396934485e7c4a0af84e9a214e32ca0cd?s=96&d=mm&r=g","url":"https:\/\/secure.gravatar.com\/avatar\/869822917e96b2e292d5827e4635855396934485e7c4a0af84e9a214e32ca0cd?s=96&d=mm&r=g","contentUrl":"https:\/\/secure.gravatar.com\/avatar\/869822917e96b2e292d5827e4635855396934485e7c4a0af84e9a214e32ca0cd?s=96&d=mm&r=g","caption":"contato@revistaregional.com.br"},"url":"https:\/\/revistaregional.com.br\/site\/author\/contato@revistaregional.com.br\/"}]}},"views":90,"_links":{"self":[{"href":"https:\/\/revistaregional.com.br\/site\/wp-json\/wp\/v2\/posts\/6837","targetHints":{"allow":["GET"]}}],"collection":[{"href":"https:\/\/revistaregional.com.br\/site\/wp-json\/wp\/v2\/posts"}],"about":[{"href":"https:\/\/revistaregional.com.br\/site\/wp-json\/wp\/v2\/types\/post"}],"author":[{"embeddable":true,"href":"https:\/\/revistaregional.com.br\/site\/wp-json\/wp\/v2\/users\/1"}],"replies":[{"embeddable":true,"href":"https:\/\/revistaregional.com.br\/site\/wp-json\/wp\/v2\/comments?post=6837"}],"version-history":[{"count":4,"href":"https:\/\/revistaregional.com.br\/site\/wp-json\/wp\/v2\/posts\/6837\/revisions"}],"predecessor-version":[{"id":32311,"href":"https:\/\/revistaregional.com.br\/site\/wp-json\/wp\/v2\/posts\/6837\/revisions\/32311"}],"wp:featuredmedia":[{"embeddable":true,"href":"https:\/\/revistaregional.com.br\/site\/wp-json\/wp\/v2\/media\/6840"}],"wp:attachment":[{"href":"https:\/\/revistaregional.com.br\/site\/wp-json\/wp\/v2\/media?parent=6837"}],"wp:term":[{"taxonomy":"category","embeddable":true,"href":"https:\/\/revistaregional.com.br\/site\/wp-json\/wp\/v2\/categories?post=6837"},{"taxonomy":"post_tag","embeddable":true,"href":"https:\/\/revistaregional.com.br\/site\/wp-json\/wp\/v2\/tags?post=6837"}],"curies":[{"name":"wp","href":"https:\/\/api.w.org\/{rel}","templated":true}]}}