{"id":6832,"date":"2015-04-07T09:57:07","date_gmt":"2015-04-07T12:57:07","guid":{"rendered":"http:\/\/revistaregional.com.br\/site\/?p=6832"},"modified":"2024-01-26T10:01:35","modified_gmt":"2024-01-26T13:01:35","slug":"depois-do-verao-como-recuperar-os-cabelos","status":"publish","type":"post","link":"https:\/\/revistaregional.com.br\/site\/2015\/04\/07\/depois-do-verao-como-recuperar-os-cabelos\/","title":{"rendered":"Depois do ver\u00e3o: como  recuperar os cabelos"},"content":{"rendered":"<figure id=\"attachment_6833\" aria-describedby=\"caption-attachment-6833\" style=\"width: 238px\" class=\"wp-caption alignright\"><a href=\"http:\/\/revistaregional.com.br\/site\/wp-content\/uploads\/2015\/04\/Fotolia_61387824_M.jpg\" rel=\"attachment wp-att-6833\"><img fetchpriority=\"high\" decoding=\"async\" class=\" wp-image-6833 \" src=\"http:\/\/revistaregional.com.br\/site\/wp-content\/uploads\/2015\/04\/Fotolia_61387824_M.jpg\" alt=\"\" width=\"238\" height=\"384\" \/><\/a><figcaption id=\"caption-attachment-6833\" class=\"wp-caption-text\">Saiba como manter os cabelos hidratados e saud\u00e1veis depois das agress\u00f5es sofridas pelo sol e pela piscina durante o ver\u00e3o<\/figcaption><\/figure>\n<p align=\"center\">Especialista d\u00e1 dicas e sugest\u00f5es de tratamentos modernos e poderosos para recuperar os fios danificados durante a esta\u00e7\u00e3o<\/p>\n<p>\u00a0Ah, o ver\u00e3o! Praia, mar, piscina, sol, cabelos danificados. Cabelos danificados? Sim, se n\u00e3o forem tomados os devidos cuidados a esta\u00e7\u00e3o alegre e colorida acaba sendo a vil\u00e3 contra os cabelos. \u00c9 claro que eles precisam de cuidados durante todo o ano, mas no ver\u00e3o os fios precisam de mais aten\u00e7\u00e3o ainda. Depois da temporada, os cabelos costumam ficar ressecados, quebradi\u00e7os e com frizz pela grande exposi\u00e7\u00e3o ao sol, mar e ao cloro da piscina.<\/p>\n<p>Os fios ficam ressecados, com pontas duplas e com aspecto de opaco porque com as agress\u00f5es externas t\u00eam mais dificuldade de produzir a oleosidade natural do cabelo. O excesso de lavagem tamb\u00e9m prejudica o couro cabeludo ao ponto de poder resultar em uma descama\u00e7\u00e3o.<\/p>\n<p>Mas se isso aconteceu n\u00e3o precisa entrar em desespero, \u00e9 hora de correr para recuperar o estrago! O tricologista e tricoterapeuta Arillson Christino, do Instituto de Beleza Mo\u00e7a Bonnita, explica que antes de escolher o melhor tratamento p\u00f3s-ver\u00e3o \u00e9 fundamental que o fio seja analisado por um profissional, para saber o grau de sensibiliza\u00e7\u00e3o e indicar a melhor op\u00e7\u00e3o. &#8220;Algumas mulheres costumam recorrer a receitas caseiras e tratamentos mirabolantes mas isso \u00e9 perigoso e na maioria das vezes n\u00e3o faz efeito. Se o cabelo estiver muito danificado \u00e9 preciso fazer tratamentos mais profundos, de recupera\u00e7\u00e3o, reestrutura\u00e7\u00e3o e isso apenas um bom profissional vai poder indicar&#8221;, alerta.<\/p>\n<p>Hoje, o mercado de beleza oferece uma gama de op\u00e7\u00f5es e uma delas, certamente, ser\u00e1 a ideal para deixar as madeixas recuperadas e saud\u00e1veis. Ari, como \u00e9 conhecido o expert, separou algumas dicas e tratamentos que est\u00e3o fazendo a cabe\u00e7a das mulheres e &#8220;bombando&#8221; nos sal\u00f5es.<\/p>\n<p>Uma das t\u00e9cnicas mais modernas e poderosas \u00e9 a\u00a0<strong><em>reposi\u00e7\u00e3o de carbono<\/em><\/strong>\u00a0&#8211; Voc\u00ea sabia que os fios de cabelo possuem carbono em sua composi\u00e7\u00e3o? \u00c9 isso mesmo, o elemento qu\u00edmico \u00e9 parte dominante nas madeixas, cerca de 45% do cabelo \u00e9 composto por carbono. Por\u00e9m, esse bem t\u00e3o precioso vai se decompondo. Ari explica que a aplica\u00e7\u00e3o fortalece a liga\u00e7\u00e3o entre os amino\u00e1cidos (prote\u00ednas), potencializando a hidrata\u00e7\u00e3o e permitindo melhor absor\u00e7\u00e3o dos ativos (produtos) fazendo com que os cabelos permane\u00e7am hidratados, brilhantes e macios por mais tempo. &#8220;O carbono serve como uma esp\u00e9cie de im\u00e3, quando voc\u00ea o recomp\u00f5e ele acaba fazendo com que os efeitos das hidrata\u00e7\u00f5es, por exemplo, sejam potencializados, pois corrige as porosidades da fibra e ret\u00e9m a \u00e1gua nos fios, proporcionando um excelente resultado&#8221;, ressalta. Al\u00e9m disso, aumenta a resist\u00eancia e a elasticidade, formando uma esp\u00e9cie de barreira protetora contra as agress\u00f5es do dia a dia. O profissional garante que j\u00e1 na primeira aplica\u00e7\u00e3o \u00e9 poss\u00edvel notar os resultados. O tratamento n\u00e3o tem contraindica\u00e7\u00e3o e \u00e9 recomendo que seja feito a cada 15 dias, para cabelos mais danificados ou uma vez por m\u00eas para cabelos menos danificados e \u00e9 feita com cremes, m\u00e1scaras e produtos espec\u00edficos.<\/p>\n<p>J\u00e1 que falamos em reposi\u00e7\u00e3o, outro elemento fundamental para os fios e que precisa de reposi\u00e7\u00e3o \u00e9 o hidrog\u00eanio. Principalmente no ver\u00e3o, o cabelo fica desidratado, assim como nosso corpo. O tratamento tem como fun\u00e7\u00e3o principal a reposi\u00e7\u00e3o de sais minerais e de micro elementos de \u00e1gua, devolvendo o equil\u00edbrio h\u00eddrico e a flexibilidade, induz a melhora da superf\u00edcie capilar promovendo o brilho intenso aos cabelos enfraquecidos e ressecados, com resultado imediato.<\/p>\n<p>H\u00e1 ainda o mais potente e moderno tratamento criado por Ari. Chama-se &#8220;SOS&#8221; que al\u00e9m de revitalizar devolve a prote\u00edna do cabelo e, em muitos casos, substitui a famosa escova progressiva. \u201cO efeito \u00e9 duradouro perante os modelos que existem no mercado. Por proporcionar uma hidrata\u00e7\u00e3o profunda e verdadeira, retira volume e o efeito frizz, com dura\u00e7\u00e3o de um a dois meses\u201d, detalha.<\/p>\n<p>Mas, como dito anteriormente, o cabelo precisa ser analisado antes por um profissional pois cada fio tem a sua caracter\u00edstica. Uma coisa \u00e9 certa, os cabelos com qu\u00edmicas, principalmente aqueles coloridos, os loiros, s\u00e3o os mais danificados e para eles o profissional indica o moderno tratamento \u00e0 base de Oxig\u00eanio Singlete (uma das esp\u00e9cies de oxig\u00eanio) e Vitis Vinifera (extrato da uva).\u00a0Esses dois elementos juntos agem nas madeixas como um poderoso antioxidante que ajuda, entre outras coisas, na recupera\u00e7\u00e3o dos fios e como uma blindagem \u201canti-yellow\u201d o\u00a0chamado \u201ccabelo amarelado\u201d, conta.<\/p>\n<p>A prote\u00e7\u00e3o dos fios deve continuar durante todo o ano, com uso de produtos e de bon\u00e9s ou chap\u00e9us para proteger o cabelo e o couro cabeludo da exposi\u00e7\u00e3o excessiva ao sol. Assim ele chega ao pr\u00f3ximo ver\u00e3o lindo, hidratado e saud\u00e1vel.<\/p>\n<p><em>\u00a0foto: Fotolia<\/em><\/p>\n","protected":false},"excerpt":{"rendered":"<p>Especialista d\u00e1 dicas e sugest\u00f5es de tratamentos modernos e poderosos para recuperar os fios danificados durante a esta\u00e7\u00e3o \u00a0Ah, o ver\u00e3o! Praia, mar, piscina, sol, cabelos danificados. Cabelos danificados? Sim, se n\u00e3o forem tomados os devidos cuidados a esta\u00e7\u00e3o alegre e colorida acaba sendo a vil\u00e3 contra os cabelos. \u00c9 claro que eles precisam de [&hellip;]<\/p>\n","protected":false},"author":1,"featured_media":6842,"comment_status":"open","ping_status":"open","sticky":false,"template":"","format":"standard","meta":{"_acf_changed":false,"ngg_post_thumbnail":0,"_joinchat":[],"footnotes":""},"categories":[12],"tags":[527],"class_list":["post-6832","post","type-post","status-publish","format-standard","has-post-thumbnail","hentry","category-regionais","tag-regionais"],"acf":[],"yoast_head":"<!-- This site is optimized with the Yoast SEO plugin v27.4 - https:\/\/yoast.com\/product\/yoast-seo-wordpress\/ -->\n<title>Depois do ver\u00e3o: como recuperar os cabelos - Revista Regional<\/title>\n<meta name=\"robots\" content=\"index, follow, max-snippet:-1, max-image-preview:large, max-video-preview:-1\" \/>\n<link rel=\"canonical\" href=\"https:\/\/revistaregional.com.br\/site\/2015\/04\/07\/depois-do-verao-como-recuperar-os-cabelos\/\" \/>\n<meta property=\"og:locale\" content=\"pt_BR\" \/>\n<meta property=\"og:type\" content=\"article\" \/>\n<meta property=\"og:title\" content=\"Depois do ver\u00e3o: como recuperar os cabelos - Revista Regional\" \/>\n<meta property=\"og:description\" content=\"Especialista d\u00e1 dicas e sugest\u00f5es de tratamentos modernos e poderosos para recuperar os fios danificados durante a esta\u00e7\u00e3o \u00a0Ah, o ver\u00e3o! Praia, mar, piscina, sol, cabelos danificados. Cabelos danificados? Sim, se n\u00e3o forem tomados os devidos cuidados a esta\u00e7\u00e3o alegre e colorida acaba sendo a vil\u00e3 contra os cabelos. \u00c9 claro que eles precisam de [&hellip;]\" \/>\n<meta property=\"og:url\" content=\"https:\/\/revistaregional.com.br\/site\/2015\/04\/07\/depois-do-verao-como-recuperar-os-cabelos\/\" \/>\n<meta property=\"og:site_name\" content=\"Revista Regional\" \/>\n<meta property=\"article:published_time\" content=\"2015-04-07T12:57:07+00:00\" \/>\n<meta property=\"article:modified_time\" content=\"2024-01-26T13:01:35+00:00\" \/>\n<meta property=\"og:image\" content=\"https:\/\/revistaregional.com.br\/site\/wp-content\/uploads\/2015\/04\/Fotolia_61387824_M1.jpg\" \/>\n\t<meta property=\"og:image:width\" content=\"396\" \/>\n\t<meta property=\"og:image:height\" content=\"350\" \/>\n\t<meta property=\"og:image:type\" content=\"image\/jpeg\" \/>\n<meta name=\"author\" content=\"contato@revistaregional.com.br\" \/>\n<meta name=\"twitter:card\" content=\"summary_large_image\" \/>\n<meta name=\"twitter:label1\" content=\"Escrito por\" \/>\n\t<meta name=\"twitter:data1\" content=\"contato@revistaregional.com.br\" \/>\n\t<meta name=\"twitter:label2\" content=\"Est. tempo de leitura\" \/>\n\t<meta name=\"twitter:data2\" content=\"4 minutos\" \/>\n<script type=\"application\/ld+json\" class=\"yoast-schema-graph\">{\"@context\":\"https:\\\/\\\/schema.org\",\"@graph\":[{\"@type\":\"Article\",\"@id\":\"https:\\\/\\\/revistaregional.com.br\\\/site\\\/2015\\\/04\\\/07\\\/depois-do-verao-como-recuperar-os-cabelos\\\/#article\",\"isPartOf\":{\"@id\":\"https:\\\/\\\/revistaregional.com.br\\\/site\\\/2015\\\/04\\\/07\\\/depois-do-verao-como-recuperar-os-cabelos\\\/\"},\"author\":{\"name\":\"contato@revistaregional.com.br\",\"@id\":\"https:\\\/\\\/revistaregional.com.br\\\/site\\\/#\\\/schema\\\/person\\\/382af97c580dc1b18f55107bc316010d\"},\"headline\":\"Depois do ver\u00e3o: como recuperar os cabelos\",\"datePublished\":\"2015-04-07T12:57:07+00:00\",\"dateModified\":\"2024-01-26T13:01:35+00:00\",\"mainEntityOfPage\":{\"@id\":\"https:\\\/\\\/revistaregional.com.br\\\/site\\\/2015\\\/04\\\/07\\\/depois-do-verao-como-recuperar-os-cabelos\\\/\"},\"wordCount\":862,\"commentCount\":0,\"image\":{\"@id\":\"https:\\\/\\\/revistaregional.com.br\\\/site\\\/2015\\\/04\\\/07\\\/depois-do-verao-como-recuperar-os-cabelos\\\/#primaryimage\"},\"thumbnailUrl\":\"https:\\\/\\\/revistaregional.com.br\\\/site\\\/wp-content\\\/uploads\\\/2015\\\/04\\\/Fotolia_61387824_M1.jpg\",\"keywords\":[\"Regionais\"],\"articleSection\":[\"Regionais\"],\"inLanguage\":\"pt-BR\",\"potentialAction\":[{\"@type\":\"CommentAction\",\"name\":\"Comment\",\"target\":[\"https:\\\/\\\/revistaregional.com.br\\\/site\\\/2015\\\/04\\\/07\\\/depois-do-verao-como-recuperar-os-cabelos\\\/#respond\"]}]},{\"@type\":\"WebPage\",\"@id\":\"https:\\\/\\\/revistaregional.com.br\\\/site\\\/2015\\\/04\\\/07\\\/depois-do-verao-como-recuperar-os-cabelos\\\/\",\"url\":\"https:\\\/\\\/revistaregional.com.br\\\/site\\\/2015\\\/04\\\/07\\\/depois-do-verao-como-recuperar-os-cabelos\\\/\",\"name\":\"Depois do ver\u00e3o: como recuperar os cabelos - Revista Regional\",\"isPartOf\":{\"@id\":\"https:\\\/\\\/revistaregional.com.br\\\/site\\\/#website\"},\"primaryImageOfPage\":{\"@id\":\"https:\\\/\\\/revistaregional.com.br\\\/site\\\/2015\\\/04\\\/07\\\/depois-do-verao-como-recuperar-os-cabelos\\\/#primaryimage\"},\"image\":{\"@id\":\"https:\\\/\\\/revistaregional.com.br\\\/site\\\/2015\\\/04\\\/07\\\/depois-do-verao-como-recuperar-os-cabelos\\\/#primaryimage\"},\"thumbnailUrl\":\"https:\\\/\\\/revistaregional.com.br\\\/site\\\/wp-content\\\/uploads\\\/2015\\\/04\\\/Fotolia_61387824_M1.jpg\",\"datePublished\":\"2015-04-07T12:57:07+00:00\",\"dateModified\":\"2024-01-26T13:01:35+00:00\",\"author\":{\"@id\":\"https:\\\/\\\/revistaregional.com.br\\\/site\\\/#\\\/schema\\\/person\\\/382af97c580dc1b18f55107bc316010d\"},\"breadcrumb\":{\"@id\":\"https:\\\/\\\/revistaregional.com.br\\\/site\\\/2015\\\/04\\\/07\\\/depois-do-verao-como-recuperar-os-cabelos\\\/#breadcrumb\"},\"inLanguage\":\"pt-BR\",\"potentialAction\":[{\"@type\":\"ReadAction\",\"target\":[\"https:\\\/\\\/revistaregional.com.br\\\/site\\\/2015\\\/04\\\/07\\\/depois-do-verao-como-recuperar-os-cabelos\\\/\"]}]},{\"@type\":\"ImageObject\",\"inLanguage\":\"pt-BR\",\"@id\":\"https:\\\/\\\/revistaregional.com.br\\\/site\\\/2015\\\/04\\\/07\\\/depois-do-verao-como-recuperar-os-cabelos\\\/#primaryimage\",\"url\":\"https:\\\/\\\/revistaregional.com.br\\\/site\\\/wp-content\\\/uploads\\\/2015\\\/04\\\/Fotolia_61387824_M1.jpg\",\"contentUrl\":\"https:\\\/\\\/revistaregional.com.br\\\/site\\\/wp-content\\\/uploads\\\/2015\\\/04\\\/Fotolia_61387824_M1.jpg\",\"width\":\"396\",\"height\":\"350\"},{\"@type\":\"BreadcrumbList\",\"@id\":\"https:\\\/\\\/revistaregional.com.br\\\/site\\\/2015\\\/04\\\/07\\\/depois-do-verao-como-recuperar-os-cabelos\\\/#breadcrumb\",\"itemListElement\":[{\"@type\":\"ListItem\",\"position\":1,\"name\":\"In\u00edcio\",\"item\":\"https:\\\/\\\/revistaregional.com.br\\\/site\\\/\"},{\"@type\":\"ListItem\",\"position\":2,\"name\":\"Depois do ver\u00e3o: como recuperar os cabelos\"}]},{\"@type\":\"WebSite\",\"@id\":\"https:\\\/\\\/revistaregional.com.br\\\/site\\\/#website\",\"url\":\"https:\\\/\\\/revistaregional.com.br\\\/site\\\/\",\"name\":\"Revista Regional\",\"description\":\"Salto - Itu - Indaituba\",\"potentialAction\":[{\"@type\":\"SearchAction\",\"target\":{\"@type\":\"EntryPoint\",\"urlTemplate\":\"https:\\\/\\\/revistaregional.com.br\\\/site\\\/?s={search_term_string}\"},\"query-input\":{\"@type\":\"PropertyValueSpecification\",\"valueRequired\":true,\"valueName\":\"search_term_string\"}}],\"inLanguage\":\"pt-BR\"},{\"@type\":\"Person\",\"@id\":\"https:\\\/\\\/revistaregional.com.br\\\/site\\\/#\\\/schema\\\/person\\\/382af97c580dc1b18f55107bc316010d\",\"name\":\"contato@revistaregional.com.br\",\"image\":{\"@type\":\"ImageObject\",\"inLanguage\":\"pt-BR\",\"@id\":\"https:\\\/\\\/secure.gravatar.com\\\/avatar\\\/869822917e96b2e292d5827e4635855396934485e7c4a0af84e9a214e32ca0cd?s=96&d=mm&r=g\",\"url\":\"https:\\\/\\\/secure.gravatar.com\\\/avatar\\\/869822917e96b2e292d5827e4635855396934485e7c4a0af84e9a214e32ca0cd?s=96&d=mm&r=g\",\"contentUrl\":\"https:\\\/\\\/secure.gravatar.com\\\/avatar\\\/869822917e96b2e292d5827e4635855396934485e7c4a0af84e9a214e32ca0cd?s=96&d=mm&r=g\",\"caption\":\"contato@revistaregional.com.br\"},\"url\":\"https:\\\/\\\/revistaregional.com.br\\\/site\\\/author\\\/contato@revistaregional.com.br\\\/\"}]}<\/script>\n<!-- \/ Yoast SEO plugin. -->","yoast_head_json":{"title":"Depois do ver\u00e3o: como recuperar os cabelos - Revista Regional","robots":{"index":"index","follow":"follow","max-snippet":"max-snippet:-1","max-image-preview":"max-image-preview:large","max-video-preview":"max-video-preview:-1"},"canonical":"https:\/\/revistaregional.com.br\/site\/2015\/04\/07\/depois-do-verao-como-recuperar-os-cabelos\/","og_locale":"pt_BR","og_type":"article","og_title":"Depois do ver\u00e3o: como recuperar os cabelos - Revista Regional","og_description":"Especialista d\u00e1 dicas e sugest\u00f5es de tratamentos modernos e poderosos para recuperar os fios danificados durante a esta\u00e7\u00e3o \u00a0Ah, o ver\u00e3o! Praia, mar, piscina, sol, cabelos danificados. Cabelos danificados? Sim, se n\u00e3o forem tomados os devidos cuidados a esta\u00e7\u00e3o alegre e colorida acaba sendo a vil\u00e3 contra os cabelos. \u00c9 claro que eles precisam de [&hellip;]","og_url":"https:\/\/revistaregional.com.br\/site\/2015\/04\/07\/depois-do-verao-como-recuperar-os-cabelos\/","og_site_name":"Revista Regional","article_published_time":"2015-04-07T12:57:07+00:00","article_modified_time":"2024-01-26T13:01:35+00:00","og_image":[{"width":396,"height":350,"url":"https:\/\/revistaregional.com.br\/site\/wp-content\/uploads\/2015\/04\/Fotolia_61387824_M1.jpg","type":"image\/jpeg"}],"author":"contato@revistaregional.com.br","twitter_card":"summary_large_image","twitter_misc":{"Escrito por":"contato@revistaregional.com.br","Est. tempo de leitura":"4 minutos"},"schema":{"@context":"https:\/\/schema.org","@graph":[{"@type":"Article","@id":"https:\/\/revistaregional.com.br\/site\/2015\/04\/07\/depois-do-verao-como-recuperar-os-cabelos\/#article","isPartOf":{"@id":"https:\/\/revistaregional.com.br\/site\/2015\/04\/07\/depois-do-verao-como-recuperar-os-cabelos\/"},"author":{"name":"contato@revistaregional.com.br","@id":"https:\/\/revistaregional.com.br\/site\/#\/schema\/person\/382af97c580dc1b18f55107bc316010d"},"headline":"Depois do ver\u00e3o: como recuperar os cabelos","datePublished":"2015-04-07T12:57:07+00:00","dateModified":"2024-01-26T13:01:35+00:00","mainEntityOfPage":{"@id":"https:\/\/revistaregional.com.br\/site\/2015\/04\/07\/depois-do-verao-como-recuperar-os-cabelos\/"},"wordCount":862,"commentCount":0,"image":{"@id":"https:\/\/revistaregional.com.br\/site\/2015\/04\/07\/depois-do-verao-como-recuperar-os-cabelos\/#primaryimage"},"thumbnailUrl":"https:\/\/revistaregional.com.br\/site\/wp-content\/uploads\/2015\/04\/Fotolia_61387824_M1.jpg","keywords":["Regionais"],"articleSection":["Regionais"],"inLanguage":"pt-BR","potentialAction":[{"@type":"CommentAction","name":"Comment","target":["https:\/\/revistaregional.com.br\/site\/2015\/04\/07\/depois-do-verao-como-recuperar-os-cabelos\/#respond"]}]},{"@type":"WebPage","@id":"https:\/\/revistaregional.com.br\/site\/2015\/04\/07\/depois-do-verao-como-recuperar-os-cabelos\/","url":"https:\/\/revistaregional.com.br\/site\/2015\/04\/07\/depois-do-verao-como-recuperar-os-cabelos\/","name":"Depois do ver\u00e3o: como recuperar os cabelos - Revista Regional","isPartOf":{"@id":"https:\/\/revistaregional.com.br\/site\/#website"},"primaryImageOfPage":{"@id":"https:\/\/revistaregional.com.br\/site\/2015\/04\/07\/depois-do-verao-como-recuperar-os-cabelos\/#primaryimage"},"image":{"@id":"https:\/\/revistaregional.com.br\/site\/2015\/04\/07\/depois-do-verao-como-recuperar-os-cabelos\/#primaryimage"},"thumbnailUrl":"https:\/\/revistaregional.com.br\/site\/wp-content\/uploads\/2015\/04\/Fotolia_61387824_M1.jpg","datePublished":"2015-04-07T12:57:07+00:00","dateModified":"2024-01-26T13:01:35+00:00","author":{"@id":"https:\/\/revistaregional.com.br\/site\/#\/schema\/person\/382af97c580dc1b18f55107bc316010d"},"breadcrumb":{"@id":"https:\/\/revistaregional.com.br\/site\/2015\/04\/07\/depois-do-verao-como-recuperar-os-cabelos\/#breadcrumb"},"inLanguage":"pt-BR","potentialAction":[{"@type":"ReadAction","target":["https:\/\/revistaregional.com.br\/site\/2015\/04\/07\/depois-do-verao-como-recuperar-os-cabelos\/"]}]},{"@type":"ImageObject","inLanguage":"pt-BR","@id":"https:\/\/revistaregional.com.br\/site\/2015\/04\/07\/depois-do-verao-como-recuperar-os-cabelos\/#primaryimage","url":"https:\/\/revistaregional.com.br\/site\/wp-content\/uploads\/2015\/04\/Fotolia_61387824_M1.jpg","contentUrl":"https:\/\/revistaregional.com.br\/site\/wp-content\/uploads\/2015\/04\/Fotolia_61387824_M1.jpg","width":"396","height":"350"},{"@type":"BreadcrumbList","@id":"https:\/\/revistaregional.com.br\/site\/2015\/04\/07\/depois-do-verao-como-recuperar-os-cabelos\/#breadcrumb","itemListElement":[{"@type":"ListItem","position":1,"name":"In\u00edcio","item":"https:\/\/revistaregional.com.br\/site\/"},{"@type":"ListItem","position":2,"name":"Depois do ver\u00e3o: como recuperar os cabelos"}]},{"@type":"WebSite","@id":"https:\/\/revistaregional.com.br\/site\/#website","url":"https:\/\/revistaregional.com.br\/site\/","name":"Revista Regional","description":"Salto - Itu - Indaituba","potentialAction":[{"@type":"SearchAction","target":{"@type":"EntryPoint","urlTemplate":"https:\/\/revistaregional.com.br\/site\/?s={search_term_string}"},"query-input":{"@type":"PropertyValueSpecification","valueRequired":true,"valueName":"search_term_string"}}],"inLanguage":"pt-BR"},{"@type":"Person","@id":"https:\/\/revistaregional.com.br\/site\/#\/schema\/person\/382af97c580dc1b18f55107bc316010d","name":"contato@revistaregional.com.br","image":{"@type":"ImageObject","inLanguage":"pt-BR","@id":"https:\/\/secure.gravatar.com\/avatar\/869822917e96b2e292d5827e4635855396934485e7c4a0af84e9a214e32ca0cd?s=96&d=mm&r=g","url":"https:\/\/secure.gravatar.com\/avatar\/869822917e96b2e292d5827e4635855396934485e7c4a0af84e9a214e32ca0cd?s=96&d=mm&r=g","contentUrl":"https:\/\/secure.gravatar.com\/avatar\/869822917e96b2e292d5827e4635855396934485e7c4a0af84e9a214e32ca0cd?s=96&d=mm&r=g","caption":"contato@revistaregional.com.br"},"url":"https:\/\/revistaregional.com.br\/site\/author\/contato@revistaregional.com.br\/"}]}},"views":62,"_links":{"self":[{"href":"https:\/\/revistaregional.com.br\/site\/wp-json\/wp\/v2\/posts\/6832","targetHints":{"allow":["GET"]}}],"collection":[{"href":"https:\/\/revistaregional.com.br\/site\/wp-json\/wp\/v2\/posts"}],"about":[{"href":"https:\/\/revistaregional.com.br\/site\/wp-json\/wp\/v2\/types\/post"}],"author":[{"embeddable":true,"href":"https:\/\/revistaregional.com.br\/site\/wp-json\/wp\/v2\/users\/1"}],"replies":[{"embeddable":true,"href":"https:\/\/revistaregional.com.br\/site\/wp-json\/wp\/v2\/comments?post=6832"}],"version-history":[{"count":4,"href":"https:\/\/revistaregional.com.br\/site\/wp-json\/wp\/v2\/posts\/6832\/revisions"}],"predecessor-version":[{"id":6835,"href":"https:\/\/revistaregional.com.br\/site\/wp-json\/wp\/v2\/posts\/6832\/revisions\/6835"}],"wp:featuredmedia":[{"embeddable":true,"href":"https:\/\/revistaregional.com.br\/site\/wp-json\/wp\/v2\/media\/6842"}],"wp:attachment":[{"href":"https:\/\/revistaregional.com.br\/site\/wp-json\/wp\/v2\/media?parent=6832"}],"wp:term":[{"taxonomy":"category","embeddable":true,"href":"https:\/\/revistaregional.com.br\/site\/wp-json\/wp\/v2\/categories?post=6832"},{"taxonomy":"post_tag","embeddable":true,"href":"https:\/\/revistaregional.com.br\/site\/wp-json\/wp\/v2\/tags?post=6832"}],"curies":[{"name":"wp","href":"https:\/\/api.w.org\/{rel}","templated":true}]}}