{"id":6597,"date":"2015-01-29T08:07:39","date_gmt":"2015-01-29T11:07:39","guid":{"rendered":"http:\/\/revistaregional.com.br\/site\/?p=6597"},"modified":"2024-01-26T09:25:06","modified_gmt":"2024-01-26T12:25:06","slug":"dicas-para-cuidar-dos-cabelos-no-verao","status":"publish","type":"post","link":"https:\/\/revistaregional.com.br\/site\/2015\/01\/29\/dicas-para-cuidar-dos-cabelos-no-verao\/","title":{"rendered":"Dicas para cuidar  dos cabelos no ver\u00e3o"},"content":{"rendered":"<figure id=\"attachment_6598\" aria-describedby=\"caption-attachment-6598\" style=\"width: 256px\" class=\"wp-caption alignleft\"><a href=\"http:\/\/revistaregional.com.br\/site\/wp-content\/uploads\/2015\/01\/chamada-site-dicas-como-cuidar-cabelo.jpg\" rel=\"attachment wp-att-6598\"><img fetchpriority=\"high\" decoding=\"async\" class=\" wp-image-6598 \" src=\"http:\/\/revistaregional.com.br\/site\/wp-content\/uploads\/2015\/01\/chamada-site-dicas-como-cuidar-cabelo.jpg\" alt=\"\" width=\"256\" height=\"384\" srcset=\"https:\/\/revistaregional.com.br\/site\/wp-content\/uploads\/2015\/01\/chamada-site-dicas-como-cuidar-cabelo.jpg 426w, https:\/\/revistaregional.com.br\/site\/wp-content\/uploads\/2015\/01\/chamada-site-dicas-como-cuidar-cabelo-199x300.jpg 199w\" sizes=\"(max-width: 256px) 100vw, 256px\" \/><\/a><figcaption id=\"caption-attachment-6598\" class=\"wp-caption-text\">Os cabelos merecem aten\u00e7\u00e3o redobrada no per\u00edodo de praias e piscinas<\/figcaption><\/figure>\n<p>Durante o ver\u00e3o, \u00e9 importante ressaltar que \u00e9 poss\u00edvel aproveitar os dias ensolarados na piscina e viajar para praia, sem abrir m\u00e3o dos cuidados com a sa\u00fade de seus cabelos. Para ajudar nesta tarefa, o dermatologista do Hospital e Maternidade S\u00e3o Crist\u00f3v\u00e3o, Dr. Rodrigo Rodrigues Motta, ensina como curtir o sol e manter seus fios saud\u00e1veis e bonitos.<\/p>\n<p>A \u00e1gua do mar e da piscina agridem os cabelos, pois al\u00e9m de diminu\u00edrem o manto gorduroso respons\u00e1vel pela prote\u00e7\u00e3o dos fios, fragilizam a cut\u00edcula (camada externa dos fios). O dermatologista explica: \u201cA consequ\u00eancia dessa diminui\u00e7\u00e3o do manto gorduroso e a fragiliza\u00e7\u00e3o da cut\u00edcula aumenta a perda de \u00e1gua dos cabelos, resultando em fios ressecados, quebradi\u00e7os e com pontas duplas. A \u00e1gua da piscina cont\u00e9m cloro e a \u00e1gua do mar cont\u00e9m altas concentra\u00e7\u00f5es de sal, ambas s\u00e3o subst\u00e2ncias que agridem os fios\u201d.<\/p>\n<p>Para quem pretende curtir o ver\u00e3o mantendo os cabelos bonitos e minimizando os efeitos dessa \u00e9poca do ano, o profissional orienta: \u201cUma dica muito valiosa e de baixo custo \u00e9 sempre enxaguar os cabelos com \u00e1gua doce ap\u00f3s sair do mar e piscina, para eliminar o excesso de sal ou cloro e evitar que eles continuem agindo nos fios. Nesta \u00e9poca opte por produtos que combinem hidratantes e filtros solares. Produtos a base de silicone tamb\u00e9m s\u00e3o uma boa pedida antes de se jogar sem culpa no mar ou piscina, pois forma uma barreira protetora no fio\u201d.<\/p>\n<p>\u201cUma vez por semana utilize um shampoo anti-res\u00edduos para remover os resqu\u00edcios de protetores solares, cremes, cloro e sal. Ap\u00f3s isso fa\u00e7a uma hidrata\u00e7\u00e3o com um produto de qualidade\u201d, indica o dermatologista. Ele comenta que muitas vezes utilizamos m\u00e1scaras capilares na praia e piscina na inten\u00e7\u00e3o de proteger os fios, mas explica que n\u00e3o \u00e9 um procedimento indicado, pois muitas vezes seus princ\u00edpios ativos reagem com o cloro e sal colaborando para potencializar os danos causados. Ele tamb\u00e9m ressalta que \u00e9 importante manter uma alimenta\u00e7\u00e3o saud\u00e1vel com ingest\u00e3o de \u00e1gua e sucos naturais, pois al\u00e9m de manter o corpo hidratado deixar\u00e3o seus cabelos mais saud\u00e1veis e bonitos.<\/p>\n<p>A top catarinense Renata Kuerten, famosa no cen\u00e1rio fashion, revela como cuida das suas madeixas no ver\u00e3o: \u201cTenho alguns h\u00e1bitos para que fiquem saud\u00e1veis e brilhantes. Hidratar \u00e9 essencial, principalmente nessa \u00e9poca do ano, porque o sol maltrata muito os fios. Gosto de usar produtos sem enxague que tenham protetor solar, e sempre uso cremes de tratamento noturno que ajudam na hidrata\u00e7\u00e3o do dia seguinte.\u201d \u201cUma boa alimenta\u00e7\u00e3o tamb\u00e9m \u00e9 fundamental para mant\u00ea-los fortes e saud\u00e1veis. Beber muita \u00e1gua e ingerir alimentos ricos em nutrientes e minerais faz toda a diferen\u00e7a\u201d, afirma Renata.<\/p>\n<p>Ap\u00f3s o t\u00e9rmino do ver\u00e3o, o Dr. Rodrigo indica: \u201cDepois da temporada de sol, vento, piscina e mar, \u00e9 importante que seja feito um bom corte de cabelo para eliminar as pontas danificadas, mantendo o uso do shampoo anti-res\u00edduos e hidrata\u00e7\u00e3o uma vez por semana.\u201d Ter cabelos lindos na esta\u00e7\u00e3o mais quente do ano depende de pequenos cuidados. O dermatologista do Hospital S\u00e3o Crist\u00f3v\u00e3o lista dicas essenciais para manter seus cabelos bonitos e saud\u00e1veis:<\/p>\n<p>\u2022 Use chap\u00e9us, len\u00e7os e bon\u00e9s para proteger os cabelos da exposi\u00e7\u00e3o ao sol;<\/p>\n<p>\u2022 Evite qu\u00edmicas, chapinhas e secadores antes da temporada;<\/p>\n<p>\u2022 N\u00e3o mantenha os cabelos presos, pois isso agride a estrutura dos fios, principalmente se j\u00e1 est\u00e3o ressecados;<\/p>\n<p>\u2022 Lembre-se sempre de enxaguar os cabelos com \u00e1gua doce ap\u00f3s contato com o mar e \u00e1gua da piscina.<\/p>\n<p><em>foto: BIRF<\/em><\/p>\n","protected":false},"excerpt":{"rendered":"<p>Durante o ver\u00e3o, \u00e9 importante ressaltar que \u00e9 poss\u00edvel aproveitar os dias ensolarados na piscina e viajar para praia, sem abrir m\u00e3o dos cuidados com a sa\u00fade de seus cabelos. Para ajudar nesta tarefa, o dermatologista do Hospital e Maternidade S\u00e3o Crist\u00f3v\u00e3o, Dr. Rodrigo Rodrigues Motta, ensina como curtir o sol e manter seus fios [&hellip;]<\/p>\n","protected":false},"author":1,"featured_media":6598,"comment_status":"open","ping_status":"open","sticky":false,"template":"","format":"standard","meta":{"_acf_changed":false,"ngg_post_thumbnail":0,"_joinchat":[],"footnotes":""},"categories":[8],"tags":[525],"class_list":["post-6597","post","type-post","status-publish","format-standard","has-post-thumbnail","hentry","category-saude-e-beleza","tag-saude-e-beleza"],"acf":[],"yoast_head":"<!-- This site is optimized with the Yoast SEO plugin v27.4 - https:\/\/yoast.com\/product\/yoast-seo-wordpress\/ -->\n<title>Dicas para cuidar dos cabelos no ver\u00e3o - Revista Regional<\/title>\n<meta name=\"robots\" content=\"index, follow, max-snippet:-1, max-image-preview:large, max-video-preview:-1\" \/>\n<link rel=\"canonical\" href=\"https:\/\/revistaregional.com.br\/site\/2015\/01\/29\/dicas-para-cuidar-dos-cabelos-no-verao\/\" \/>\n<meta property=\"og:locale\" content=\"pt_BR\" \/>\n<meta property=\"og:type\" content=\"article\" \/>\n<meta property=\"og:title\" content=\"Dicas para cuidar dos cabelos no ver\u00e3o - Revista Regional\" \/>\n<meta property=\"og:description\" content=\"Durante o ver\u00e3o, \u00e9 importante ressaltar que \u00e9 poss\u00edvel aproveitar os dias ensolarados na piscina e viajar para praia, sem abrir m\u00e3o dos cuidados com a sa\u00fade de seus cabelos. Para ajudar nesta tarefa, o dermatologista do Hospital e Maternidade S\u00e3o Crist\u00f3v\u00e3o, Dr. Rodrigo Rodrigues Motta, ensina como curtir o sol e manter seus fios [&hellip;]\" \/>\n<meta property=\"og:url\" content=\"https:\/\/revistaregional.com.br\/site\/2015\/01\/29\/dicas-para-cuidar-dos-cabelos-no-verao\/\" \/>\n<meta property=\"og:site_name\" content=\"Revista Regional\" \/>\n<meta property=\"article:published_time\" content=\"2015-01-29T11:07:39+00:00\" \/>\n<meta property=\"article:modified_time\" content=\"2024-01-26T12:25:06+00:00\" \/>\n<meta property=\"og:image\" content=\"https:\/\/revistaregional.com.br\/site\/wp-content\/uploads\/2015\/01\/chamada-site-dicas-como-cuidar-cabelo.jpg\" \/>\n\t<meta property=\"og:image:width\" content=\"426\" \/>\n\t<meta property=\"og:image:height\" content=\"640\" \/>\n\t<meta property=\"og:image:type\" content=\"image\/jpeg\" \/>\n<meta name=\"author\" content=\"contato@revistaregional.com.br\" \/>\n<meta name=\"twitter:card\" content=\"summary_large_image\" \/>\n<meta name=\"twitter:label1\" content=\"Escrito por\" \/>\n\t<meta name=\"twitter:data1\" content=\"contato@revistaregional.com.br\" \/>\n\t<meta name=\"twitter:label2\" content=\"Est. tempo de leitura\" \/>\n\t<meta name=\"twitter:data2\" content=\"3 minutos\" \/>\n<script type=\"application\/ld+json\" class=\"yoast-schema-graph\">{\"@context\":\"https:\\\/\\\/schema.org\",\"@graph\":[{\"@type\":\"Article\",\"@id\":\"https:\\\/\\\/revistaregional.com.br\\\/site\\\/2015\\\/01\\\/29\\\/dicas-para-cuidar-dos-cabelos-no-verao\\\/#article\",\"isPartOf\":{\"@id\":\"https:\\\/\\\/revistaregional.com.br\\\/site\\\/2015\\\/01\\\/29\\\/dicas-para-cuidar-dos-cabelos-no-verao\\\/\"},\"author\":{\"name\":\"contato@revistaregional.com.br\",\"@id\":\"https:\\\/\\\/revistaregional.com.br\\\/site\\\/#\\\/schema\\\/person\\\/382af97c580dc1b18f55107bc316010d\"},\"headline\":\"Dicas para cuidar dos cabelos no ver\u00e3o\",\"datePublished\":\"2015-01-29T11:07:39+00:00\",\"dateModified\":\"2024-01-26T12:25:06+00:00\",\"mainEntityOfPage\":{\"@id\":\"https:\\\/\\\/revistaregional.com.br\\\/site\\\/2015\\\/01\\\/29\\\/dicas-para-cuidar-dos-cabelos-no-verao\\\/\"},\"wordCount\":661,\"commentCount\":0,\"image\":{\"@id\":\"https:\\\/\\\/revistaregional.com.br\\\/site\\\/2015\\\/01\\\/29\\\/dicas-para-cuidar-dos-cabelos-no-verao\\\/#primaryimage\"},\"thumbnailUrl\":\"https:\\\/\\\/revistaregional.com.br\\\/site\\\/wp-content\\\/uploads\\\/2015\\\/01\\\/chamada-site-dicas-como-cuidar-cabelo.jpg\",\"keywords\":[\"Sa\u00fade e Beleza\"],\"articleSection\":[\"Sa\u00fade e Beleza\"],\"inLanguage\":\"pt-BR\",\"potentialAction\":[{\"@type\":\"CommentAction\",\"name\":\"Comment\",\"target\":[\"https:\\\/\\\/revistaregional.com.br\\\/site\\\/2015\\\/01\\\/29\\\/dicas-para-cuidar-dos-cabelos-no-verao\\\/#respond\"]}]},{\"@type\":\"WebPage\",\"@id\":\"https:\\\/\\\/revistaregional.com.br\\\/site\\\/2015\\\/01\\\/29\\\/dicas-para-cuidar-dos-cabelos-no-verao\\\/\",\"url\":\"https:\\\/\\\/revistaregional.com.br\\\/site\\\/2015\\\/01\\\/29\\\/dicas-para-cuidar-dos-cabelos-no-verao\\\/\",\"name\":\"Dicas para cuidar dos cabelos no ver\u00e3o - Revista Regional\",\"isPartOf\":{\"@id\":\"https:\\\/\\\/revistaregional.com.br\\\/site\\\/#website\"},\"primaryImageOfPage\":{\"@id\":\"https:\\\/\\\/revistaregional.com.br\\\/site\\\/2015\\\/01\\\/29\\\/dicas-para-cuidar-dos-cabelos-no-verao\\\/#primaryimage\"},\"image\":{\"@id\":\"https:\\\/\\\/revistaregional.com.br\\\/site\\\/2015\\\/01\\\/29\\\/dicas-para-cuidar-dos-cabelos-no-verao\\\/#primaryimage\"},\"thumbnailUrl\":\"https:\\\/\\\/revistaregional.com.br\\\/site\\\/wp-content\\\/uploads\\\/2015\\\/01\\\/chamada-site-dicas-como-cuidar-cabelo.jpg\",\"datePublished\":\"2015-01-29T11:07:39+00:00\",\"dateModified\":\"2024-01-26T12:25:06+00:00\",\"author\":{\"@id\":\"https:\\\/\\\/revistaregional.com.br\\\/site\\\/#\\\/schema\\\/person\\\/382af97c580dc1b18f55107bc316010d\"},\"breadcrumb\":{\"@id\":\"https:\\\/\\\/revistaregional.com.br\\\/site\\\/2015\\\/01\\\/29\\\/dicas-para-cuidar-dos-cabelos-no-verao\\\/#breadcrumb\"},\"inLanguage\":\"pt-BR\",\"potentialAction\":[{\"@type\":\"ReadAction\",\"target\":[\"https:\\\/\\\/revistaregional.com.br\\\/site\\\/2015\\\/01\\\/29\\\/dicas-para-cuidar-dos-cabelos-no-verao\\\/\"]}]},{\"@type\":\"ImageObject\",\"inLanguage\":\"pt-BR\",\"@id\":\"https:\\\/\\\/revistaregional.com.br\\\/site\\\/2015\\\/01\\\/29\\\/dicas-para-cuidar-dos-cabelos-no-verao\\\/#primaryimage\",\"url\":\"https:\\\/\\\/revistaregional.com.br\\\/site\\\/wp-content\\\/uploads\\\/2015\\\/01\\\/chamada-site-dicas-como-cuidar-cabelo.jpg\",\"contentUrl\":\"https:\\\/\\\/revistaregional.com.br\\\/site\\\/wp-content\\\/uploads\\\/2015\\\/01\\\/chamada-site-dicas-como-cuidar-cabelo.jpg\",\"width\":\"426\",\"height\":\"640\",\"caption\":\"Os cabelos merecem aten\u00e7\u00e3o redobrada no per\u00edodo de praias e piscinas\"},{\"@type\":\"BreadcrumbList\",\"@id\":\"https:\\\/\\\/revistaregional.com.br\\\/site\\\/2015\\\/01\\\/29\\\/dicas-para-cuidar-dos-cabelos-no-verao\\\/#breadcrumb\",\"itemListElement\":[{\"@type\":\"ListItem\",\"position\":1,\"name\":\"In\u00edcio\",\"item\":\"https:\\\/\\\/revistaregional.com.br\\\/site\\\/\"},{\"@type\":\"ListItem\",\"position\":2,\"name\":\"Dicas para cuidar dos cabelos no ver\u00e3o\"}]},{\"@type\":\"WebSite\",\"@id\":\"https:\\\/\\\/revistaregional.com.br\\\/site\\\/#website\",\"url\":\"https:\\\/\\\/revistaregional.com.br\\\/site\\\/\",\"name\":\"Revista Regional\",\"description\":\"Salto - Itu - Indaituba\",\"potentialAction\":[{\"@type\":\"SearchAction\",\"target\":{\"@type\":\"EntryPoint\",\"urlTemplate\":\"https:\\\/\\\/revistaregional.com.br\\\/site\\\/?s={search_term_string}\"},\"query-input\":{\"@type\":\"PropertyValueSpecification\",\"valueRequired\":true,\"valueName\":\"search_term_string\"}}],\"inLanguage\":\"pt-BR\"},{\"@type\":\"Person\",\"@id\":\"https:\\\/\\\/revistaregional.com.br\\\/site\\\/#\\\/schema\\\/person\\\/382af97c580dc1b18f55107bc316010d\",\"name\":\"contato@revistaregional.com.br\",\"image\":{\"@type\":\"ImageObject\",\"inLanguage\":\"pt-BR\",\"@id\":\"https:\\\/\\\/secure.gravatar.com\\\/avatar\\\/869822917e96b2e292d5827e4635855396934485e7c4a0af84e9a214e32ca0cd?s=96&d=mm&r=g\",\"url\":\"https:\\\/\\\/secure.gravatar.com\\\/avatar\\\/869822917e96b2e292d5827e4635855396934485e7c4a0af84e9a214e32ca0cd?s=96&d=mm&r=g\",\"contentUrl\":\"https:\\\/\\\/secure.gravatar.com\\\/avatar\\\/869822917e96b2e292d5827e4635855396934485e7c4a0af84e9a214e32ca0cd?s=96&d=mm&r=g\",\"caption\":\"contato@revistaregional.com.br\"},\"url\":\"https:\\\/\\\/revistaregional.com.br\\\/site\\\/author\\\/contato@revistaregional.com.br\\\/\"}]}<\/script>\n<!-- \/ Yoast SEO plugin. -->","yoast_head_json":{"title":"Dicas para cuidar dos cabelos no ver\u00e3o - Revista Regional","robots":{"index":"index","follow":"follow","max-snippet":"max-snippet:-1","max-image-preview":"max-image-preview:large","max-video-preview":"max-video-preview:-1"},"canonical":"https:\/\/revistaregional.com.br\/site\/2015\/01\/29\/dicas-para-cuidar-dos-cabelos-no-verao\/","og_locale":"pt_BR","og_type":"article","og_title":"Dicas para cuidar dos cabelos no ver\u00e3o - Revista Regional","og_description":"Durante o ver\u00e3o, \u00e9 importante ressaltar que \u00e9 poss\u00edvel aproveitar os dias ensolarados na piscina e viajar para praia, sem abrir m\u00e3o dos cuidados com a sa\u00fade de seus cabelos. Para ajudar nesta tarefa, o dermatologista do Hospital e Maternidade S\u00e3o Crist\u00f3v\u00e3o, Dr. Rodrigo Rodrigues Motta, ensina como curtir o sol e manter seus fios [&hellip;]","og_url":"https:\/\/revistaregional.com.br\/site\/2015\/01\/29\/dicas-para-cuidar-dos-cabelos-no-verao\/","og_site_name":"Revista Regional","article_published_time":"2015-01-29T11:07:39+00:00","article_modified_time":"2024-01-26T12:25:06+00:00","og_image":[{"width":426,"height":640,"url":"https:\/\/revistaregional.com.br\/site\/wp-content\/uploads\/2015\/01\/chamada-site-dicas-como-cuidar-cabelo.jpg","type":"image\/jpeg"}],"author":"contato@revistaregional.com.br","twitter_card":"summary_large_image","twitter_misc":{"Escrito por":"contato@revistaregional.com.br","Est. tempo de leitura":"3 minutos"},"schema":{"@context":"https:\/\/schema.org","@graph":[{"@type":"Article","@id":"https:\/\/revistaregional.com.br\/site\/2015\/01\/29\/dicas-para-cuidar-dos-cabelos-no-verao\/#article","isPartOf":{"@id":"https:\/\/revistaregional.com.br\/site\/2015\/01\/29\/dicas-para-cuidar-dos-cabelos-no-verao\/"},"author":{"name":"contato@revistaregional.com.br","@id":"https:\/\/revistaregional.com.br\/site\/#\/schema\/person\/382af97c580dc1b18f55107bc316010d"},"headline":"Dicas para cuidar dos cabelos no ver\u00e3o","datePublished":"2015-01-29T11:07:39+00:00","dateModified":"2024-01-26T12:25:06+00:00","mainEntityOfPage":{"@id":"https:\/\/revistaregional.com.br\/site\/2015\/01\/29\/dicas-para-cuidar-dos-cabelos-no-verao\/"},"wordCount":661,"commentCount":0,"image":{"@id":"https:\/\/revistaregional.com.br\/site\/2015\/01\/29\/dicas-para-cuidar-dos-cabelos-no-verao\/#primaryimage"},"thumbnailUrl":"https:\/\/revistaregional.com.br\/site\/wp-content\/uploads\/2015\/01\/chamada-site-dicas-como-cuidar-cabelo.jpg","keywords":["Sa\u00fade e Beleza"],"articleSection":["Sa\u00fade e Beleza"],"inLanguage":"pt-BR","potentialAction":[{"@type":"CommentAction","name":"Comment","target":["https:\/\/revistaregional.com.br\/site\/2015\/01\/29\/dicas-para-cuidar-dos-cabelos-no-verao\/#respond"]}]},{"@type":"WebPage","@id":"https:\/\/revistaregional.com.br\/site\/2015\/01\/29\/dicas-para-cuidar-dos-cabelos-no-verao\/","url":"https:\/\/revistaregional.com.br\/site\/2015\/01\/29\/dicas-para-cuidar-dos-cabelos-no-verao\/","name":"Dicas para cuidar dos cabelos no ver\u00e3o - Revista Regional","isPartOf":{"@id":"https:\/\/revistaregional.com.br\/site\/#website"},"primaryImageOfPage":{"@id":"https:\/\/revistaregional.com.br\/site\/2015\/01\/29\/dicas-para-cuidar-dos-cabelos-no-verao\/#primaryimage"},"image":{"@id":"https:\/\/revistaregional.com.br\/site\/2015\/01\/29\/dicas-para-cuidar-dos-cabelos-no-verao\/#primaryimage"},"thumbnailUrl":"https:\/\/revistaregional.com.br\/site\/wp-content\/uploads\/2015\/01\/chamada-site-dicas-como-cuidar-cabelo.jpg","datePublished":"2015-01-29T11:07:39+00:00","dateModified":"2024-01-26T12:25:06+00:00","author":{"@id":"https:\/\/revistaregional.com.br\/site\/#\/schema\/person\/382af97c580dc1b18f55107bc316010d"},"breadcrumb":{"@id":"https:\/\/revistaregional.com.br\/site\/2015\/01\/29\/dicas-para-cuidar-dos-cabelos-no-verao\/#breadcrumb"},"inLanguage":"pt-BR","potentialAction":[{"@type":"ReadAction","target":["https:\/\/revistaregional.com.br\/site\/2015\/01\/29\/dicas-para-cuidar-dos-cabelos-no-verao\/"]}]},{"@type":"ImageObject","inLanguage":"pt-BR","@id":"https:\/\/revistaregional.com.br\/site\/2015\/01\/29\/dicas-para-cuidar-dos-cabelos-no-verao\/#primaryimage","url":"https:\/\/revistaregional.com.br\/site\/wp-content\/uploads\/2015\/01\/chamada-site-dicas-como-cuidar-cabelo.jpg","contentUrl":"https:\/\/revistaregional.com.br\/site\/wp-content\/uploads\/2015\/01\/chamada-site-dicas-como-cuidar-cabelo.jpg","width":"426","height":"640","caption":"Os cabelos merecem aten\u00e7\u00e3o redobrada no per\u00edodo de praias e piscinas"},{"@type":"BreadcrumbList","@id":"https:\/\/revistaregional.com.br\/site\/2015\/01\/29\/dicas-para-cuidar-dos-cabelos-no-verao\/#breadcrumb","itemListElement":[{"@type":"ListItem","position":1,"name":"In\u00edcio","item":"https:\/\/revistaregional.com.br\/site\/"},{"@type":"ListItem","position":2,"name":"Dicas para cuidar dos cabelos no ver\u00e3o"}]},{"@type":"WebSite","@id":"https:\/\/revistaregional.com.br\/site\/#website","url":"https:\/\/revistaregional.com.br\/site\/","name":"Revista Regional","description":"Salto - Itu - Indaituba","potentialAction":[{"@type":"SearchAction","target":{"@type":"EntryPoint","urlTemplate":"https:\/\/revistaregional.com.br\/site\/?s={search_term_string}"},"query-input":{"@type":"PropertyValueSpecification","valueRequired":true,"valueName":"search_term_string"}}],"inLanguage":"pt-BR"},{"@type":"Person","@id":"https:\/\/revistaregional.com.br\/site\/#\/schema\/person\/382af97c580dc1b18f55107bc316010d","name":"contato@revistaregional.com.br","image":{"@type":"ImageObject","inLanguage":"pt-BR","@id":"https:\/\/secure.gravatar.com\/avatar\/869822917e96b2e292d5827e4635855396934485e7c4a0af84e9a214e32ca0cd?s=96&d=mm&r=g","url":"https:\/\/secure.gravatar.com\/avatar\/869822917e96b2e292d5827e4635855396934485e7c4a0af84e9a214e32ca0cd?s=96&d=mm&r=g","contentUrl":"https:\/\/secure.gravatar.com\/avatar\/869822917e96b2e292d5827e4635855396934485e7c4a0af84e9a214e32ca0cd?s=96&d=mm&r=g","caption":"contato@revistaregional.com.br"},"url":"https:\/\/revistaregional.com.br\/site\/author\/contato@revistaregional.com.br\/"}]}},"views":63,"_links":{"self":[{"href":"https:\/\/revistaregional.com.br\/site\/wp-json\/wp\/v2\/posts\/6597","targetHints":{"allow":["GET"]}}],"collection":[{"href":"https:\/\/revistaregional.com.br\/site\/wp-json\/wp\/v2\/posts"}],"about":[{"href":"https:\/\/revistaregional.com.br\/site\/wp-json\/wp\/v2\/types\/post"}],"author":[{"embeddable":true,"href":"https:\/\/revistaregional.com.br\/site\/wp-json\/wp\/v2\/users\/1"}],"replies":[{"embeddable":true,"href":"https:\/\/revistaregional.com.br\/site\/wp-json\/wp\/v2\/comments?post=6597"}],"version-history":[{"count":3,"href":"https:\/\/revistaregional.com.br\/site\/wp-json\/wp\/v2\/posts\/6597\/revisions"}],"predecessor-version":[{"id":6637,"href":"https:\/\/revistaregional.com.br\/site\/wp-json\/wp\/v2\/posts\/6597\/revisions\/6637"}],"wp:featuredmedia":[{"embeddable":true,"href":"https:\/\/revistaregional.com.br\/site\/wp-json\/wp\/v2\/media\/6598"}],"wp:attachment":[{"href":"https:\/\/revistaregional.com.br\/site\/wp-json\/wp\/v2\/media?parent=6597"}],"wp:term":[{"taxonomy":"category","embeddable":true,"href":"https:\/\/revistaregional.com.br\/site\/wp-json\/wp\/v2\/categories?post=6597"},{"taxonomy":"post_tag","embeddable":true,"href":"https:\/\/revistaregional.com.br\/site\/wp-json\/wp\/v2\/tags?post=6597"}],"curies":[{"name":"wp","href":"https:\/\/api.w.org\/{rel}","templated":true}]}}