{"id":6335,"date":"2014-09-12T14:30:28","date_gmt":"2014-09-12T17:30:28","guid":{"rendered":"http:\/\/revistaregional.com.br\/site\/?p=6335"},"modified":"2024-01-26T10:01:45","modified_gmt":"2024-01-26T13:01:45","slug":"programa-de-fidelidade-do-plaza-completa-um-ano","status":"publish","type":"post","link":"https:\/\/revistaregional.com.br\/site\/2014\/09\/12\/programa-de-fidelidade-do-plaza-completa-um-ano\/","title":{"rendered":"Programa de Fidelidade do Plaza completa um ano"},"content":{"rendered":"<figure id=\"attachment_6336\" aria-describedby=\"caption-attachment-6336\" style=\"width: 384px\" class=\"wp-caption aligncenter\"><a href=\"http:\/\/revistaregional.com.br\/site\/wp-content\/uploads\/2014\/09\/cart\u00e3o_plaza_prime_2.jpg\" rel=\"attachment wp-att-6336\"><img fetchpriority=\"high\" decoding=\"async\" class=\" wp-image-6336 \" src=\"http:\/\/revistaregional.com.br\/site\/wp-content\/uploads\/2014\/09\/cart\u00e3o_plaza_prime_2.jpg\" alt=\"\" width=\"384\" height=\"279\" srcset=\"https:\/\/revistaregional.com.br\/site\/wp-content\/uploads\/2014\/09\/cart\u00e3o_plaza_prime_2.jpg 640w, https:\/\/revistaregional.com.br\/site\/wp-content\/uploads\/2014\/09\/cart\u00e3o_plaza_prime_2-300x217.jpg 300w\" sizes=\"(max-width: 384px) 100vw, 384px\" \/><\/a><figcaption id=\"caption-attachment-6336\" class=\"wp-caption-text\">Para celebrar o primeiro ano do Programa de Fidelidade Plaza Prime, o Plaza Shopping Itu tem v\u00e1rias novidades<\/figcaption><\/figure>\n<p align=\"center\"><em>Durante o m\u00eas de setembro o Plaza Prime traz ainda mais vantagens e benef\u00edcios exclusivos aos clientes cadastrados<\/em><\/p>\n<p style=\"text-align: left;\" align=\"center\">Para celebrar o primeiro ano do Programa de Fidelidade Plaza Prime, o Plaza Shopping Itu est\u00e1 com uma novidade: durante o m\u00eas de setembro, os clientes cadastrados podem usufruir de descontos exclusivos nas lojas participantes, al\u00e9m de adquirir pr\u00eamios incr\u00edveis.<\/p>\n<p style=\"text-align: left;\">At\u00e9 o dia 30, os clientes cadastrados t\u00eam direito ao cat\u00e1logo de benef\u00edcios que inclui descontos em lojas como Soccer City (vestu\u00e1rio), Comoventt (acess\u00f3rios) e Le Gourmet. Al\u00e9m disso, na compra em restaurantes como Plaza Grill, Tonillu e tamb\u00e9m no A\u00e7a\u00ed Beat, os consumidores podem optar por itens como sobremesa, chopp ou at\u00e9 mesmo descontos. O cat\u00e1logo tamb\u00e9m contempla promo\u00e7\u00f5es das lojas Chocolate Brasil e Star Computer. Para ter direito aos descontos e benef\u00edcios, basta apresentar o cart\u00e3o Plaza Prime nas lojas participantes.<\/p>\n<p style=\"text-align: left;\">J\u00e1 os pontos acumulados podem ser trocados por pr\u00eamios como televis\u00e3o 32 polegadas Semp Toshiba, celular Moto G, tablet HP, kits O Botic\u00e1rio, eletrodom\u00e9sticos, livros e muito mais.<\/p>\n<p style=\"text-align: left;\">Para receber o cart\u00e3o Plaza Prime, \u00e9 necess\u00e1rio fazer um cadastro no Balc\u00e3o de Atendimento do Programa &#8211; localizado no Atendimento ao Cliente, entre as lojas Centauro e Fire Fighter. A cada compra realizada o cliente poder\u00e1 acumular pontos com suas notas ou cupons fiscais no Balc\u00e3o do Programa de Fidelidade.<\/p>\n<p style=\"text-align: left;\">O sistema de pontua\u00e7\u00e3o funciona da seguinte forma: a cada R$ 1,00 consumido nas lojas do Plaza Shopping Itu, durante a vig\u00eancia do programa, constante nas notas e\/ou cupons fiscais registrados, o cliente Plaza Prime receber\u00e1 um ponto. Os valores inferiores a R$ 1,00 ficar\u00e3o acumulados no sistema e poder\u00e3o ser somados com outras notas e\/ou cupons fiscais a serem convertidos futuramente em pontua\u00e7\u00e3o.<\/p>\n<p style=\"text-align: left;\">\u00a0Confira o regulamento e o cat\u00e1logo de pr\u00eamios deste m\u00eas: <a href=\"http:\/\/www.plazashoppingitu.com.br\/2011\/programa-fidelidade\/\">http:\/\/www.plazashoppingitu.com.br<\/a><\/p>\n<p style=\"text-align: left;\"><em>\u00a0foto: Divulga\u00e7\u00e3o<\/em><\/p>\n","protected":false},"excerpt":{"rendered":"<p>Durante o m\u00eas de setembro o Plaza Prime traz ainda mais vantagens e benef\u00edcios exclusivos aos clientes cadastrados Para celebrar o primeiro ano do Programa de Fidelidade Plaza Prime, o Plaza Shopping Itu est\u00e1 com uma novidade: durante o m\u00eas de setembro, os clientes cadastrados podem usufruir de descontos exclusivos nas lojas participantes, al\u00e9m de [&hellip;]<\/p>\n","protected":false},"author":1,"featured_media":6336,"comment_status":"open","ping_status":"open","sticky":false,"template":"","format":"standard","meta":{"_acf_changed":false,"ngg_post_thumbnail":0,"_joinchat":[],"footnotes":""},"categories":[12],"tags":[527],"class_list":["post-6335","post","type-post","status-publish","format-standard","has-post-thumbnail","hentry","category-regionais","tag-regionais"],"acf":[],"yoast_head":"<!-- This site is optimized with the Yoast SEO plugin v27.4 - https:\/\/yoast.com\/product\/yoast-seo-wordpress\/ -->\n<title>Programa de Fidelidade do Plaza completa um ano - Revista Regional<\/title>\n<meta name=\"robots\" content=\"index, follow, max-snippet:-1, max-image-preview:large, max-video-preview:-1\" \/>\n<link rel=\"canonical\" href=\"https:\/\/revistaregional.com.br\/site\/2014\/09\/12\/programa-de-fidelidade-do-plaza-completa-um-ano\/\" \/>\n<meta property=\"og:locale\" content=\"pt_BR\" \/>\n<meta property=\"og:type\" content=\"article\" \/>\n<meta property=\"og:title\" content=\"Programa de Fidelidade do Plaza completa um ano - Revista Regional\" \/>\n<meta property=\"og:description\" content=\"Durante o m\u00eas de setembro o Plaza Prime traz ainda mais vantagens e benef\u00edcios exclusivos aos clientes cadastrados Para celebrar o primeiro ano do Programa de Fidelidade Plaza Prime, o Plaza Shopping Itu est\u00e1 com uma novidade: durante o m\u00eas de setembro, os clientes cadastrados podem usufruir de descontos exclusivos nas lojas participantes, al\u00e9m de [&hellip;]\" \/>\n<meta property=\"og:url\" content=\"https:\/\/revistaregional.com.br\/site\/2014\/09\/12\/programa-de-fidelidade-do-plaza-completa-um-ano\/\" \/>\n<meta property=\"og:site_name\" content=\"Revista Regional\" \/>\n<meta property=\"article:published_time\" content=\"2014-09-12T17:30:28+00:00\" \/>\n<meta property=\"article:modified_time\" content=\"2024-01-26T13:01:45+00:00\" \/>\n<meta property=\"og:image\" content=\"https:\/\/revistaregional.com.br\/site\/wp-content\/uploads\/2014\/09\/cart\u00e3o_plaza_prime_2.jpg\" \/>\n\t<meta property=\"og:image:width\" content=\"640\" \/>\n\t<meta property=\"og:image:height\" content=\"465\" \/>\n\t<meta property=\"og:image:type\" content=\"image\/jpeg\" \/>\n<meta name=\"author\" content=\"contato@revistaregional.com.br\" \/>\n<meta name=\"twitter:card\" content=\"summary_large_image\" \/>\n<meta name=\"twitter:label1\" content=\"Escrito por\" \/>\n\t<meta name=\"twitter:data1\" content=\"contato@revistaregional.com.br\" \/>\n\t<meta name=\"twitter:label2\" content=\"Est. tempo de leitura\" \/>\n\t<meta name=\"twitter:data2\" content=\"2 minutos\" \/>\n<script type=\"application\/ld+json\" class=\"yoast-schema-graph\">{\"@context\":\"https:\\\/\\\/schema.org\",\"@graph\":[{\"@type\":\"Article\",\"@id\":\"https:\\\/\\\/revistaregional.com.br\\\/site\\\/2014\\\/09\\\/12\\\/programa-de-fidelidade-do-plaza-completa-um-ano\\\/#article\",\"isPartOf\":{\"@id\":\"https:\\\/\\\/revistaregional.com.br\\\/site\\\/2014\\\/09\\\/12\\\/programa-de-fidelidade-do-plaza-completa-um-ano\\\/\"},\"author\":{\"name\":\"contato@revistaregional.com.br\",\"@id\":\"https:\\\/\\\/revistaregional.com.br\\\/site\\\/#\\\/schema\\\/person\\\/382af97c580dc1b18f55107bc316010d\"},\"headline\":\"Programa de Fidelidade do Plaza completa um ano\",\"datePublished\":\"2014-09-12T17:30:28+00:00\",\"dateModified\":\"2024-01-26T13:01:45+00:00\",\"mainEntityOfPage\":{\"@id\":\"https:\\\/\\\/revistaregional.com.br\\\/site\\\/2014\\\/09\\\/12\\\/programa-de-fidelidade-do-plaza-completa-um-ano\\\/\"},\"wordCount\":368,\"commentCount\":0,\"image\":{\"@id\":\"https:\\\/\\\/revistaregional.com.br\\\/site\\\/2014\\\/09\\\/12\\\/programa-de-fidelidade-do-plaza-completa-um-ano\\\/#primaryimage\"},\"thumbnailUrl\":\"https:\\\/\\\/revistaregional.com.br\\\/site\\\/wp-content\\\/uploads\\\/2014\\\/09\\\/cart\u00e3o_plaza_prime_2.jpg\",\"keywords\":[\"Regionais\"],\"articleSection\":[\"Regionais\"],\"inLanguage\":\"pt-BR\",\"potentialAction\":[{\"@type\":\"CommentAction\",\"name\":\"Comment\",\"target\":[\"https:\\\/\\\/revistaregional.com.br\\\/site\\\/2014\\\/09\\\/12\\\/programa-de-fidelidade-do-plaza-completa-um-ano\\\/#respond\"]}]},{\"@type\":\"WebPage\",\"@id\":\"https:\\\/\\\/revistaregional.com.br\\\/site\\\/2014\\\/09\\\/12\\\/programa-de-fidelidade-do-plaza-completa-um-ano\\\/\",\"url\":\"https:\\\/\\\/revistaregional.com.br\\\/site\\\/2014\\\/09\\\/12\\\/programa-de-fidelidade-do-plaza-completa-um-ano\\\/\",\"name\":\"Programa de Fidelidade do Plaza completa um ano - Revista Regional\",\"isPartOf\":{\"@id\":\"https:\\\/\\\/revistaregional.com.br\\\/site\\\/#website\"},\"primaryImageOfPage\":{\"@id\":\"https:\\\/\\\/revistaregional.com.br\\\/site\\\/2014\\\/09\\\/12\\\/programa-de-fidelidade-do-plaza-completa-um-ano\\\/#primaryimage\"},\"image\":{\"@id\":\"https:\\\/\\\/revistaregional.com.br\\\/site\\\/2014\\\/09\\\/12\\\/programa-de-fidelidade-do-plaza-completa-um-ano\\\/#primaryimage\"},\"thumbnailUrl\":\"https:\\\/\\\/revistaregional.com.br\\\/site\\\/wp-content\\\/uploads\\\/2014\\\/09\\\/cart\u00e3o_plaza_prime_2.jpg\",\"datePublished\":\"2014-09-12T17:30:28+00:00\",\"dateModified\":\"2024-01-26T13:01:45+00:00\",\"author\":{\"@id\":\"https:\\\/\\\/revistaregional.com.br\\\/site\\\/#\\\/schema\\\/person\\\/382af97c580dc1b18f55107bc316010d\"},\"breadcrumb\":{\"@id\":\"https:\\\/\\\/revistaregional.com.br\\\/site\\\/2014\\\/09\\\/12\\\/programa-de-fidelidade-do-plaza-completa-um-ano\\\/#breadcrumb\"},\"inLanguage\":\"pt-BR\",\"potentialAction\":[{\"@type\":\"ReadAction\",\"target\":[\"https:\\\/\\\/revistaregional.com.br\\\/site\\\/2014\\\/09\\\/12\\\/programa-de-fidelidade-do-plaza-completa-um-ano\\\/\"]}]},{\"@type\":\"ImageObject\",\"inLanguage\":\"pt-BR\",\"@id\":\"https:\\\/\\\/revistaregional.com.br\\\/site\\\/2014\\\/09\\\/12\\\/programa-de-fidelidade-do-plaza-completa-um-ano\\\/#primaryimage\",\"url\":\"https:\\\/\\\/revistaregional.com.br\\\/site\\\/wp-content\\\/uploads\\\/2014\\\/09\\\/cart\u00e3o_plaza_prime_2.jpg\",\"contentUrl\":\"https:\\\/\\\/revistaregional.com.br\\\/site\\\/wp-content\\\/uploads\\\/2014\\\/09\\\/cart\u00e3o_plaza_prime_2.jpg\",\"width\":\"640\",\"height\":\"465\",\"caption\":\"Para celebrar o primeiro ano do Programa de Fidelidade Plaza Prime, o Plaza Shopping Itu tem v\u00e1rias novidades\"},{\"@type\":\"BreadcrumbList\",\"@id\":\"https:\\\/\\\/revistaregional.com.br\\\/site\\\/2014\\\/09\\\/12\\\/programa-de-fidelidade-do-plaza-completa-um-ano\\\/#breadcrumb\",\"itemListElement\":[{\"@type\":\"ListItem\",\"position\":1,\"name\":\"In\u00edcio\",\"item\":\"https:\\\/\\\/revistaregional.com.br\\\/site\\\/\"},{\"@type\":\"ListItem\",\"position\":2,\"name\":\"Programa de Fidelidade do Plaza completa um ano\"}]},{\"@type\":\"WebSite\",\"@id\":\"https:\\\/\\\/revistaregional.com.br\\\/site\\\/#website\",\"url\":\"https:\\\/\\\/revistaregional.com.br\\\/site\\\/\",\"name\":\"Revista Regional\",\"description\":\"Salto - Itu - Indaituba\",\"potentialAction\":[{\"@type\":\"SearchAction\",\"target\":{\"@type\":\"EntryPoint\",\"urlTemplate\":\"https:\\\/\\\/revistaregional.com.br\\\/site\\\/?s={search_term_string}\"},\"query-input\":{\"@type\":\"PropertyValueSpecification\",\"valueRequired\":true,\"valueName\":\"search_term_string\"}}],\"inLanguage\":\"pt-BR\"},{\"@type\":\"Person\",\"@id\":\"https:\\\/\\\/revistaregional.com.br\\\/site\\\/#\\\/schema\\\/person\\\/382af97c580dc1b18f55107bc316010d\",\"name\":\"contato@revistaregional.com.br\",\"image\":{\"@type\":\"ImageObject\",\"inLanguage\":\"pt-BR\",\"@id\":\"https:\\\/\\\/secure.gravatar.com\\\/avatar\\\/869822917e96b2e292d5827e4635855396934485e7c4a0af84e9a214e32ca0cd?s=96&d=mm&r=g\",\"url\":\"https:\\\/\\\/secure.gravatar.com\\\/avatar\\\/869822917e96b2e292d5827e4635855396934485e7c4a0af84e9a214e32ca0cd?s=96&d=mm&r=g\",\"contentUrl\":\"https:\\\/\\\/secure.gravatar.com\\\/avatar\\\/869822917e96b2e292d5827e4635855396934485e7c4a0af84e9a214e32ca0cd?s=96&d=mm&r=g\",\"caption\":\"contato@revistaregional.com.br\"},\"url\":\"https:\\\/\\\/revistaregional.com.br\\\/site\\\/author\\\/contato@revistaregional.com.br\\\/\"}]}<\/script>\n<!-- \/ Yoast SEO plugin. -->","yoast_head_json":{"title":"Programa de Fidelidade do Plaza completa um ano - Revista Regional","robots":{"index":"index","follow":"follow","max-snippet":"max-snippet:-1","max-image-preview":"max-image-preview:large","max-video-preview":"max-video-preview:-1"},"canonical":"https:\/\/revistaregional.com.br\/site\/2014\/09\/12\/programa-de-fidelidade-do-plaza-completa-um-ano\/","og_locale":"pt_BR","og_type":"article","og_title":"Programa de Fidelidade do Plaza completa um ano - Revista Regional","og_description":"Durante o m\u00eas de setembro o Plaza Prime traz ainda mais vantagens e benef\u00edcios exclusivos aos clientes cadastrados Para celebrar o primeiro ano do Programa de Fidelidade Plaza Prime, o Plaza Shopping Itu est\u00e1 com uma novidade: durante o m\u00eas de setembro, os clientes cadastrados podem usufruir de descontos exclusivos nas lojas participantes, al\u00e9m de [&hellip;]","og_url":"https:\/\/revistaregional.com.br\/site\/2014\/09\/12\/programa-de-fidelidade-do-plaza-completa-um-ano\/","og_site_name":"Revista Regional","article_published_time":"2014-09-12T17:30:28+00:00","article_modified_time":"2024-01-26T13:01:45+00:00","og_image":[{"width":640,"height":465,"url":"https:\/\/revistaregional.com.br\/site\/wp-content\/uploads\/2014\/09\/cart\u00e3o_plaza_prime_2.jpg","type":"image\/jpeg"}],"author":"contato@revistaregional.com.br","twitter_card":"summary_large_image","twitter_misc":{"Escrito por":"contato@revistaregional.com.br","Est. tempo de leitura":"2 minutos"},"schema":{"@context":"https:\/\/schema.org","@graph":[{"@type":"Article","@id":"https:\/\/revistaregional.com.br\/site\/2014\/09\/12\/programa-de-fidelidade-do-plaza-completa-um-ano\/#article","isPartOf":{"@id":"https:\/\/revistaregional.com.br\/site\/2014\/09\/12\/programa-de-fidelidade-do-plaza-completa-um-ano\/"},"author":{"name":"contato@revistaregional.com.br","@id":"https:\/\/revistaregional.com.br\/site\/#\/schema\/person\/382af97c580dc1b18f55107bc316010d"},"headline":"Programa de Fidelidade do Plaza completa um ano","datePublished":"2014-09-12T17:30:28+00:00","dateModified":"2024-01-26T13:01:45+00:00","mainEntityOfPage":{"@id":"https:\/\/revistaregional.com.br\/site\/2014\/09\/12\/programa-de-fidelidade-do-plaza-completa-um-ano\/"},"wordCount":368,"commentCount":0,"image":{"@id":"https:\/\/revistaregional.com.br\/site\/2014\/09\/12\/programa-de-fidelidade-do-plaza-completa-um-ano\/#primaryimage"},"thumbnailUrl":"https:\/\/revistaregional.com.br\/site\/wp-content\/uploads\/2014\/09\/cart\u00e3o_plaza_prime_2.jpg","keywords":["Regionais"],"articleSection":["Regionais"],"inLanguage":"pt-BR","potentialAction":[{"@type":"CommentAction","name":"Comment","target":["https:\/\/revistaregional.com.br\/site\/2014\/09\/12\/programa-de-fidelidade-do-plaza-completa-um-ano\/#respond"]}]},{"@type":"WebPage","@id":"https:\/\/revistaregional.com.br\/site\/2014\/09\/12\/programa-de-fidelidade-do-plaza-completa-um-ano\/","url":"https:\/\/revistaregional.com.br\/site\/2014\/09\/12\/programa-de-fidelidade-do-plaza-completa-um-ano\/","name":"Programa de Fidelidade do Plaza completa um ano - Revista Regional","isPartOf":{"@id":"https:\/\/revistaregional.com.br\/site\/#website"},"primaryImageOfPage":{"@id":"https:\/\/revistaregional.com.br\/site\/2014\/09\/12\/programa-de-fidelidade-do-plaza-completa-um-ano\/#primaryimage"},"image":{"@id":"https:\/\/revistaregional.com.br\/site\/2014\/09\/12\/programa-de-fidelidade-do-plaza-completa-um-ano\/#primaryimage"},"thumbnailUrl":"https:\/\/revistaregional.com.br\/site\/wp-content\/uploads\/2014\/09\/cart\u00e3o_plaza_prime_2.jpg","datePublished":"2014-09-12T17:30:28+00:00","dateModified":"2024-01-26T13:01:45+00:00","author":{"@id":"https:\/\/revistaregional.com.br\/site\/#\/schema\/person\/382af97c580dc1b18f55107bc316010d"},"breadcrumb":{"@id":"https:\/\/revistaregional.com.br\/site\/2014\/09\/12\/programa-de-fidelidade-do-plaza-completa-um-ano\/#breadcrumb"},"inLanguage":"pt-BR","potentialAction":[{"@type":"ReadAction","target":["https:\/\/revistaregional.com.br\/site\/2014\/09\/12\/programa-de-fidelidade-do-plaza-completa-um-ano\/"]}]},{"@type":"ImageObject","inLanguage":"pt-BR","@id":"https:\/\/revistaregional.com.br\/site\/2014\/09\/12\/programa-de-fidelidade-do-plaza-completa-um-ano\/#primaryimage","url":"https:\/\/revistaregional.com.br\/site\/wp-content\/uploads\/2014\/09\/cart\u00e3o_plaza_prime_2.jpg","contentUrl":"https:\/\/revistaregional.com.br\/site\/wp-content\/uploads\/2014\/09\/cart\u00e3o_plaza_prime_2.jpg","width":"640","height":"465","caption":"Para celebrar o primeiro ano do Programa de Fidelidade Plaza Prime, o Plaza Shopping Itu tem v\u00e1rias novidades"},{"@type":"BreadcrumbList","@id":"https:\/\/revistaregional.com.br\/site\/2014\/09\/12\/programa-de-fidelidade-do-plaza-completa-um-ano\/#breadcrumb","itemListElement":[{"@type":"ListItem","position":1,"name":"In\u00edcio","item":"https:\/\/revistaregional.com.br\/site\/"},{"@type":"ListItem","position":2,"name":"Programa de Fidelidade do Plaza completa um ano"}]},{"@type":"WebSite","@id":"https:\/\/revistaregional.com.br\/site\/#website","url":"https:\/\/revistaregional.com.br\/site\/","name":"Revista Regional","description":"Salto - Itu - Indaituba","potentialAction":[{"@type":"SearchAction","target":{"@type":"EntryPoint","urlTemplate":"https:\/\/revistaregional.com.br\/site\/?s={search_term_string}"},"query-input":{"@type":"PropertyValueSpecification","valueRequired":true,"valueName":"search_term_string"}}],"inLanguage":"pt-BR"},{"@type":"Person","@id":"https:\/\/revistaregional.com.br\/site\/#\/schema\/person\/382af97c580dc1b18f55107bc316010d","name":"contato@revistaregional.com.br","image":{"@type":"ImageObject","inLanguage":"pt-BR","@id":"https:\/\/secure.gravatar.com\/avatar\/869822917e96b2e292d5827e4635855396934485e7c4a0af84e9a214e32ca0cd?s=96&d=mm&r=g","url":"https:\/\/secure.gravatar.com\/avatar\/869822917e96b2e292d5827e4635855396934485e7c4a0af84e9a214e32ca0cd?s=96&d=mm&r=g","contentUrl":"https:\/\/secure.gravatar.com\/avatar\/869822917e96b2e292d5827e4635855396934485e7c4a0af84e9a214e32ca0cd?s=96&d=mm&r=g","caption":"contato@revistaregional.com.br"},"url":"https:\/\/revistaregional.com.br\/site\/author\/contato@revistaregional.com.br\/"}]}},"views":63,"_links":{"self":[{"href":"https:\/\/revistaregional.com.br\/site\/wp-json\/wp\/v2\/posts\/6335","targetHints":{"allow":["GET"]}}],"collection":[{"href":"https:\/\/revistaregional.com.br\/site\/wp-json\/wp\/v2\/posts"}],"about":[{"href":"https:\/\/revistaregional.com.br\/site\/wp-json\/wp\/v2\/types\/post"}],"author":[{"embeddable":true,"href":"https:\/\/revistaregional.com.br\/site\/wp-json\/wp\/v2\/users\/1"}],"replies":[{"embeddable":true,"href":"https:\/\/revistaregional.com.br\/site\/wp-json\/wp\/v2\/comments?post=6335"}],"version-history":[{"count":3,"href":"https:\/\/revistaregional.com.br\/site\/wp-json\/wp\/v2\/posts\/6335\/revisions"}],"predecessor-version":[{"id":32368,"href":"https:\/\/revistaregional.com.br\/site\/wp-json\/wp\/v2\/posts\/6335\/revisions\/32368"}],"wp:featuredmedia":[{"embeddable":true,"href":"https:\/\/revistaregional.com.br\/site\/wp-json\/wp\/v2\/media\/6336"}],"wp:attachment":[{"href":"https:\/\/revistaregional.com.br\/site\/wp-json\/wp\/v2\/media?parent=6335"}],"wp:term":[{"taxonomy":"category","embeddable":true,"href":"https:\/\/revistaregional.com.br\/site\/wp-json\/wp\/v2\/categories?post=6335"},{"taxonomy":"post_tag","embeddable":true,"href":"https:\/\/revistaregional.com.br\/site\/wp-json\/wp\/v2\/tags?post=6335"}],"curies":[{"name":"wp","href":"https:\/\/api.w.org\/{rel}","templated":true}]}}