{"id":6238,"date":"2014-08-07T13:51:11","date_gmt":"2014-08-07T16:51:11","guid":{"rendered":"http:\/\/revistaregional.com.br\/site\/?p=6238"},"modified":"2024-01-26T10:01:49","modified_gmt":"2024-01-26T13:01:49","slug":"plaza-faz-campanha-especial-de-dia-dos-pais","status":"publish","type":"post","link":"https:\/\/revistaregional.com.br\/site\/2014\/08\/07\/plaza-faz-campanha-especial-de-dia-dos-pais\/","title":{"rendered":"Plaza faz campanha  especial de Dia dos Pais"},"content":{"rendered":"<figure id=\"attachment_6239\" aria-describedby=\"caption-attachment-6239\" style=\"width: 384px\" class=\"wp-caption aligncenter\"><a href=\"http:\/\/revistaregional.com.br\/site\/wp-content\/uploads\/2014\/08\/site-plaza.jpg\" rel=\"attachment wp-att-6239\"><img fetchpriority=\"high\" decoding=\"async\" class=\" wp-image-6239 \" src=\"http:\/\/revistaregional.com.br\/site\/wp-content\/uploads\/2014\/08\/site-plaza.jpg\" alt=\"\" width=\"384\" height=\"256\" srcset=\"https:\/\/revistaregional.com.br\/site\/wp-content\/uploads\/2014\/08\/site-plaza.jpg 640w, https:\/\/revistaregional.com.br\/site\/wp-content\/uploads\/2014\/08\/site-plaza-300x200.jpg 300w\" sizes=\"(max-width: 384px) 100vw, 384px\" \/><\/a><figcaption id=\"caption-attachment-6239\" class=\"wp-caption-text\">Para receber o cart\u00e3o Plaza Prime, \u00e9 necess\u00e1rio fazer um cadastro no Balc\u00e3o de Atendimento do Programa &#8211; localizado no Atendimento ao Cliente, entre as lojas Centauro e Fire Fighter<\/figcaption><\/figure>\n<p style=\"text-align: center;\" align=\"center\"><em><span><span>Durante todo o m\u00eas de agosto, os consumidores podem acumular ponto no Plaza Prime e trocar por pr\u00eamios especiais<\/span><\/span><\/em><\/p>\n<p style=\"text-align: left;\" align=\"center\"><span><span>Para celebrar o Dia dos Pais, o Programa de Fidelidade do Plaza Shopping Itu est\u00e1 com um cat\u00e1logo imperd\u00edvel durante o m\u00eas de agosto. A a\u00e7\u00e3o faz parte da campanha \u201cMeu Paiz\u00e3o \u00e9 Prime\u201d e permite que os clientes troquem os pontos acumulados por vantagens e benef\u00edcios exclusivos e selecionados especialmente para homenagear os pais.<\/span><\/span><\/p>\n<p style=\"text-align: left;\"><span><span>S\u00e3o mais de 300 pr\u00eamios que podem ser trocados, at\u00e9 o momento, milhares de pontos j\u00e1 foram trocados por pr\u00eamios, mas ainda d\u00e1 tempo de adquirir outros itens. A troca pode ser feita por meio de cat\u00e1logo no balc\u00e3o de atendimento do Plaza Prime.<\/span><\/span><\/p>\n<p style=\"text-align: left;\"><span><span>\u201cA campanha j\u00e1 \u00e9 um sucesso e muitos clientes j\u00e1 garantiram pr\u00eamios mais que especiais para presentear o pai ou dividir com a fam\u00edlia\u201d, revela Edgar Silveira, gerente de marketing.<\/span><\/span><\/p>\n<p style=\"text-align: left;\">\u00a0<strong><span><span><span><span>Como cadastrar<\/span><\/span><\/span><\/span><\/strong><\/p>\n<p style=\"text-align: left;\"><span><span>Para receber o cart\u00e3o Plaza Prime, \u00e9 necess\u00e1rio fazer um cadastro no Balc\u00e3o de Atendimento do Programa &#8211; localizado no Atendimento ao Cliente, entre as lojas Centauro e Fire Fighter. A cada compra realizada, o cliente poder\u00e1 acumular pontos cadastrando suas notas ou cupons fiscais no Balc\u00e3o do Programa de Fidelidade.<\/span><\/span><\/p>\n<p style=\"text-align: left;\"><span><span>O sistema de pontua\u00e7\u00e3o funciona da seguinte forma: a cada R$ 1,00 consumido nas lojas do Plaza Shopping Itu, o cliente Plaza Prime receber\u00e1 um ponto. Os valores inferiores a R$ 1,00 ficar\u00e3o acumulados no sistema e poder\u00e3o ser somados com outras notas e\/ou cupons fiscais a serem convertidos futuramente em pontua\u00e7\u00e3o.<\/span><\/span><\/p>\n<p style=\"text-align: left;\"><span><span>Confira o regulamento do Programa de Fidelidade e o cat\u00e1logo de pr\u00eamios deste m\u00eas: <\/span><\/span><a href=\"http:\/\/www.plazashoppingitu.com.br\/2011\/programa-fidelidade\/\"><span><span>http:\/\/www.plazashoppingitu.com.br<\/span><\/span><\/a><\/p>\n<p style=\"text-align: left;\"><em><span><span>\u00a0foto: Divulga\u00e7\u00e3o<\/span><\/span><\/em><\/p>\n","protected":false},"excerpt":{"rendered":"<p>Durante todo o m\u00eas de agosto, os consumidores podem acumular ponto no Plaza Prime e trocar por pr\u00eamios especiais Para celebrar o Dia dos Pais, o Programa de Fidelidade do Plaza Shopping Itu est\u00e1 com um cat\u00e1logo imperd\u00edvel durante o m\u00eas de agosto. A a\u00e7\u00e3o faz parte da campanha \u201cMeu Paiz\u00e3o \u00e9 Prime\u201d e permite [&hellip;]<\/p>\n","protected":false},"author":1,"featured_media":6239,"comment_status":"open","ping_status":"open","sticky":false,"template":"","format":"standard","meta":{"_acf_changed":false,"ngg_post_thumbnail":0,"_joinchat":[],"footnotes":""},"categories":[12],"tags":[527],"class_list":["post-6238","post","type-post","status-publish","format-standard","has-post-thumbnail","hentry","category-regionais","tag-regionais"],"acf":[],"yoast_head":"<!-- This site is optimized with the Yoast SEO plugin v27.4 - https:\/\/yoast.com\/product\/yoast-seo-wordpress\/ -->\n<title>Plaza faz campanha especial de Dia dos Pais - Revista Regional<\/title>\n<meta name=\"robots\" content=\"index, follow, max-snippet:-1, max-image-preview:large, max-video-preview:-1\" \/>\n<link rel=\"canonical\" href=\"https:\/\/revistaregional.com.br\/site\/2014\/08\/07\/plaza-faz-campanha-especial-de-dia-dos-pais\/\" \/>\n<meta property=\"og:locale\" content=\"pt_BR\" \/>\n<meta property=\"og:type\" content=\"article\" \/>\n<meta property=\"og:title\" content=\"Plaza faz campanha especial de Dia dos Pais - Revista Regional\" \/>\n<meta property=\"og:description\" content=\"Durante todo o m\u00eas de agosto, os consumidores podem acumular ponto no Plaza Prime e trocar por pr\u00eamios especiais Para celebrar o Dia dos Pais, o Programa de Fidelidade do Plaza Shopping Itu est\u00e1 com um cat\u00e1logo imperd\u00edvel durante o m\u00eas de agosto. A a\u00e7\u00e3o faz parte da campanha \u201cMeu Paiz\u00e3o \u00e9 Prime\u201d e permite [&hellip;]\" \/>\n<meta property=\"og:url\" content=\"https:\/\/revistaregional.com.br\/site\/2014\/08\/07\/plaza-faz-campanha-especial-de-dia-dos-pais\/\" \/>\n<meta property=\"og:site_name\" content=\"Revista Regional\" \/>\n<meta property=\"article:published_time\" content=\"2014-08-07T16:51:11+00:00\" \/>\n<meta property=\"article:modified_time\" content=\"2024-01-26T13:01:49+00:00\" \/>\n<meta property=\"og:image\" content=\"https:\/\/revistaregional.com.br\/site\/wp-content\/uploads\/2014\/08\/site-plaza.jpg\" \/>\n\t<meta property=\"og:image:width\" content=\"640\" \/>\n\t<meta property=\"og:image:height\" content=\"427\" \/>\n\t<meta property=\"og:image:type\" content=\"image\/jpeg\" \/>\n<meta name=\"author\" content=\"contato@revistaregional.com.br\" \/>\n<meta name=\"twitter:card\" content=\"summary_large_image\" \/>\n<meta name=\"twitter:label1\" content=\"Escrito por\" \/>\n\t<meta name=\"twitter:data1\" content=\"contato@revistaregional.com.br\" \/>\n\t<meta name=\"twitter:label2\" content=\"Est. tempo de leitura\" \/>\n\t<meta name=\"twitter:data2\" content=\"2 minutos\" \/>\n<script type=\"application\/ld+json\" class=\"yoast-schema-graph\">{\"@context\":\"https:\\\/\\\/schema.org\",\"@graph\":[{\"@type\":\"Article\",\"@id\":\"https:\\\/\\\/revistaregional.com.br\\\/site\\\/2014\\\/08\\\/07\\\/plaza-faz-campanha-especial-de-dia-dos-pais\\\/#article\",\"isPartOf\":{\"@id\":\"https:\\\/\\\/revistaregional.com.br\\\/site\\\/2014\\\/08\\\/07\\\/plaza-faz-campanha-especial-de-dia-dos-pais\\\/\"},\"author\":{\"name\":\"contato@revistaregional.com.br\",\"@id\":\"https:\\\/\\\/revistaregional.com.br\\\/site\\\/#\\\/schema\\\/person\\\/382af97c580dc1b18f55107bc316010d\"},\"headline\":\"Plaza faz campanha especial de Dia dos Pais\",\"datePublished\":\"2014-08-07T16:51:11+00:00\",\"dateModified\":\"2024-01-26T13:01:49+00:00\",\"mainEntityOfPage\":{\"@id\":\"https:\\\/\\\/revistaregional.com.br\\\/site\\\/2014\\\/08\\\/07\\\/plaza-faz-campanha-especial-de-dia-dos-pais\\\/\"},\"wordCount\":343,\"commentCount\":0,\"image\":{\"@id\":\"https:\\\/\\\/revistaregional.com.br\\\/site\\\/2014\\\/08\\\/07\\\/plaza-faz-campanha-especial-de-dia-dos-pais\\\/#primaryimage\"},\"thumbnailUrl\":\"https:\\\/\\\/revistaregional.com.br\\\/site\\\/wp-content\\\/uploads\\\/2014\\\/08\\\/site-plaza.jpg\",\"keywords\":[\"Regionais\"],\"articleSection\":[\"Regionais\"],\"inLanguage\":\"pt-BR\",\"potentialAction\":[{\"@type\":\"CommentAction\",\"name\":\"Comment\",\"target\":[\"https:\\\/\\\/revistaregional.com.br\\\/site\\\/2014\\\/08\\\/07\\\/plaza-faz-campanha-especial-de-dia-dos-pais\\\/#respond\"]}]},{\"@type\":\"WebPage\",\"@id\":\"https:\\\/\\\/revistaregional.com.br\\\/site\\\/2014\\\/08\\\/07\\\/plaza-faz-campanha-especial-de-dia-dos-pais\\\/\",\"url\":\"https:\\\/\\\/revistaregional.com.br\\\/site\\\/2014\\\/08\\\/07\\\/plaza-faz-campanha-especial-de-dia-dos-pais\\\/\",\"name\":\"Plaza faz campanha especial de Dia dos Pais - Revista Regional\",\"isPartOf\":{\"@id\":\"https:\\\/\\\/revistaregional.com.br\\\/site\\\/#website\"},\"primaryImageOfPage\":{\"@id\":\"https:\\\/\\\/revistaregional.com.br\\\/site\\\/2014\\\/08\\\/07\\\/plaza-faz-campanha-especial-de-dia-dos-pais\\\/#primaryimage\"},\"image\":{\"@id\":\"https:\\\/\\\/revistaregional.com.br\\\/site\\\/2014\\\/08\\\/07\\\/plaza-faz-campanha-especial-de-dia-dos-pais\\\/#primaryimage\"},\"thumbnailUrl\":\"https:\\\/\\\/revistaregional.com.br\\\/site\\\/wp-content\\\/uploads\\\/2014\\\/08\\\/site-plaza.jpg\",\"datePublished\":\"2014-08-07T16:51:11+00:00\",\"dateModified\":\"2024-01-26T13:01:49+00:00\",\"author\":{\"@id\":\"https:\\\/\\\/revistaregional.com.br\\\/site\\\/#\\\/schema\\\/person\\\/382af97c580dc1b18f55107bc316010d\"},\"breadcrumb\":{\"@id\":\"https:\\\/\\\/revistaregional.com.br\\\/site\\\/2014\\\/08\\\/07\\\/plaza-faz-campanha-especial-de-dia-dos-pais\\\/#breadcrumb\"},\"inLanguage\":\"pt-BR\",\"potentialAction\":[{\"@type\":\"ReadAction\",\"target\":[\"https:\\\/\\\/revistaregional.com.br\\\/site\\\/2014\\\/08\\\/07\\\/plaza-faz-campanha-especial-de-dia-dos-pais\\\/\"]}]},{\"@type\":\"ImageObject\",\"inLanguage\":\"pt-BR\",\"@id\":\"https:\\\/\\\/revistaregional.com.br\\\/site\\\/2014\\\/08\\\/07\\\/plaza-faz-campanha-especial-de-dia-dos-pais\\\/#primaryimage\",\"url\":\"https:\\\/\\\/revistaregional.com.br\\\/site\\\/wp-content\\\/uploads\\\/2014\\\/08\\\/site-plaza.jpg\",\"contentUrl\":\"https:\\\/\\\/revistaregional.com.br\\\/site\\\/wp-content\\\/uploads\\\/2014\\\/08\\\/site-plaza.jpg\",\"width\":\"640\",\"height\":\"427\",\"caption\":\"Para receber o cart\u00e3o Plaza Prime, \u00e9 necess\u00e1rio fazer um cadastro no Balc\u00e3o de Atendimento do Programa - localizado no Atendimento ao Cliente, entre as lojas Centauro e Fire Fighter\"},{\"@type\":\"BreadcrumbList\",\"@id\":\"https:\\\/\\\/revistaregional.com.br\\\/site\\\/2014\\\/08\\\/07\\\/plaza-faz-campanha-especial-de-dia-dos-pais\\\/#breadcrumb\",\"itemListElement\":[{\"@type\":\"ListItem\",\"position\":1,\"name\":\"In\u00edcio\",\"item\":\"https:\\\/\\\/revistaregional.com.br\\\/site\\\/\"},{\"@type\":\"ListItem\",\"position\":2,\"name\":\"Plaza faz campanha especial de Dia dos Pais\"}]},{\"@type\":\"WebSite\",\"@id\":\"https:\\\/\\\/revistaregional.com.br\\\/site\\\/#website\",\"url\":\"https:\\\/\\\/revistaregional.com.br\\\/site\\\/\",\"name\":\"Revista Regional\",\"description\":\"Salto - Itu - Indaituba\",\"potentialAction\":[{\"@type\":\"SearchAction\",\"target\":{\"@type\":\"EntryPoint\",\"urlTemplate\":\"https:\\\/\\\/revistaregional.com.br\\\/site\\\/?s={search_term_string}\"},\"query-input\":{\"@type\":\"PropertyValueSpecification\",\"valueRequired\":true,\"valueName\":\"search_term_string\"}}],\"inLanguage\":\"pt-BR\"},{\"@type\":\"Person\",\"@id\":\"https:\\\/\\\/revistaregional.com.br\\\/site\\\/#\\\/schema\\\/person\\\/382af97c580dc1b18f55107bc316010d\",\"name\":\"contato@revistaregional.com.br\",\"image\":{\"@type\":\"ImageObject\",\"inLanguage\":\"pt-BR\",\"@id\":\"https:\\\/\\\/secure.gravatar.com\\\/avatar\\\/869822917e96b2e292d5827e4635855396934485e7c4a0af84e9a214e32ca0cd?s=96&d=mm&r=g\",\"url\":\"https:\\\/\\\/secure.gravatar.com\\\/avatar\\\/869822917e96b2e292d5827e4635855396934485e7c4a0af84e9a214e32ca0cd?s=96&d=mm&r=g\",\"contentUrl\":\"https:\\\/\\\/secure.gravatar.com\\\/avatar\\\/869822917e96b2e292d5827e4635855396934485e7c4a0af84e9a214e32ca0cd?s=96&d=mm&r=g\",\"caption\":\"contato@revistaregional.com.br\"},\"url\":\"https:\\\/\\\/revistaregional.com.br\\\/site\\\/author\\\/contato@revistaregional.com.br\\\/\"}]}<\/script>\n<!-- \/ Yoast SEO plugin. -->","yoast_head_json":{"title":"Plaza faz campanha especial de Dia dos Pais - Revista Regional","robots":{"index":"index","follow":"follow","max-snippet":"max-snippet:-1","max-image-preview":"max-image-preview:large","max-video-preview":"max-video-preview:-1"},"canonical":"https:\/\/revistaregional.com.br\/site\/2014\/08\/07\/plaza-faz-campanha-especial-de-dia-dos-pais\/","og_locale":"pt_BR","og_type":"article","og_title":"Plaza faz campanha especial de Dia dos Pais - Revista Regional","og_description":"Durante todo o m\u00eas de agosto, os consumidores podem acumular ponto no Plaza Prime e trocar por pr\u00eamios especiais Para celebrar o Dia dos Pais, o Programa de Fidelidade do Plaza Shopping Itu est\u00e1 com um cat\u00e1logo imperd\u00edvel durante o m\u00eas de agosto. A a\u00e7\u00e3o faz parte da campanha \u201cMeu Paiz\u00e3o \u00e9 Prime\u201d e permite [&hellip;]","og_url":"https:\/\/revistaregional.com.br\/site\/2014\/08\/07\/plaza-faz-campanha-especial-de-dia-dos-pais\/","og_site_name":"Revista Regional","article_published_time":"2014-08-07T16:51:11+00:00","article_modified_time":"2024-01-26T13:01:49+00:00","og_image":[{"width":640,"height":427,"url":"https:\/\/revistaregional.com.br\/site\/wp-content\/uploads\/2014\/08\/site-plaza.jpg","type":"image\/jpeg"}],"author":"contato@revistaregional.com.br","twitter_card":"summary_large_image","twitter_misc":{"Escrito por":"contato@revistaregional.com.br","Est. tempo de leitura":"2 minutos"},"schema":{"@context":"https:\/\/schema.org","@graph":[{"@type":"Article","@id":"https:\/\/revistaregional.com.br\/site\/2014\/08\/07\/plaza-faz-campanha-especial-de-dia-dos-pais\/#article","isPartOf":{"@id":"https:\/\/revistaregional.com.br\/site\/2014\/08\/07\/plaza-faz-campanha-especial-de-dia-dos-pais\/"},"author":{"name":"contato@revistaregional.com.br","@id":"https:\/\/revistaregional.com.br\/site\/#\/schema\/person\/382af97c580dc1b18f55107bc316010d"},"headline":"Plaza faz campanha especial de Dia dos Pais","datePublished":"2014-08-07T16:51:11+00:00","dateModified":"2024-01-26T13:01:49+00:00","mainEntityOfPage":{"@id":"https:\/\/revistaregional.com.br\/site\/2014\/08\/07\/plaza-faz-campanha-especial-de-dia-dos-pais\/"},"wordCount":343,"commentCount":0,"image":{"@id":"https:\/\/revistaregional.com.br\/site\/2014\/08\/07\/plaza-faz-campanha-especial-de-dia-dos-pais\/#primaryimage"},"thumbnailUrl":"https:\/\/revistaregional.com.br\/site\/wp-content\/uploads\/2014\/08\/site-plaza.jpg","keywords":["Regionais"],"articleSection":["Regionais"],"inLanguage":"pt-BR","potentialAction":[{"@type":"CommentAction","name":"Comment","target":["https:\/\/revistaregional.com.br\/site\/2014\/08\/07\/plaza-faz-campanha-especial-de-dia-dos-pais\/#respond"]}]},{"@type":"WebPage","@id":"https:\/\/revistaregional.com.br\/site\/2014\/08\/07\/plaza-faz-campanha-especial-de-dia-dos-pais\/","url":"https:\/\/revistaregional.com.br\/site\/2014\/08\/07\/plaza-faz-campanha-especial-de-dia-dos-pais\/","name":"Plaza faz campanha especial de Dia dos Pais - Revista Regional","isPartOf":{"@id":"https:\/\/revistaregional.com.br\/site\/#website"},"primaryImageOfPage":{"@id":"https:\/\/revistaregional.com.br\/site\/2014\/08\/07\/plaza-faz-campanha-especial-de-dia-dos-pais\/#primaryimage"},"image":{"@id":"https:\/\/revistaregional.com.br\/site\/2014\/08\/07\/plaza-faz-campanha-especial-de-dia-dos-pais\/#primaryimage"},"thumbnailUrl":"https:\/\/revistaregional.com.br\/site\/wp-content\/uploads\/2014\/08\/site-plaza.jpg","datePublished":"2014-08-07T16:51:11+00:00","dateModified":"2024-01-26T13:01:49+00:00","author":{"@id":"https:\/\/revistaregional.com.br\/site\/#\/schema\/person\/382af97c580dc1b18f55107bc316010d"},"breadcrumb":{"@id":"https:\/\/revistaregional.com.br\/site\/2014\/08\/07\/plaza-faz-campanha-especial-de-dia-dos-pais\/#breadcrumb"},"inLanguage":"pt-BR","potentialAction":[{"@type":"ReadAction","target":["https:\/\/revistaregional.com.br\/site\/2014\/08\/07\/plaza-faz-campanha-especial-de-dia-dos-pais\/"]}]},{"@type":"ImageObject","inLanguage":"pt-BR","@id":"https:\/\/revistaregional.com.br\/site\/2014\/08\/07\/plaza-faz-campanha-especial-de-dia-dos-pais\/#primaryimage","url":"https:\/\/revistaregional.com.br\/site\/wp-content\/uploads\/2014\/08\/site-plaza.jpg","contentUrl":"https:\/\/revistaregional.com.br\/site\/wp-content\/uploads\/2014\/08\/site-plaza.jpg","width":"640","height":"427","caption":"Para receber o cart\u00e3o Plaza Prime, \u00e9 necess\u00e1rio fazer um cadastro no Balc\u00e3o de Atendimento do Programa - localizado no Atendimento ao Cliente, entre as lojas Centauro e Fire Fighter"},{"@type":"BreadcrumbList","@id":"https:\/\/revistaregional.com.br\/site\/2014\/08\/07\/plaza-faz-campanha-especial-de-dia-dos-pais\/#breadcrumb","itemListElement":[{"@type":"ListItem","position":1,"name":"In\u00edcio","item":"https:\/\/revistaregional.com.br\/site\/"},{"@type":"ListItem","position":2,"name":"Plaza faz campanha especial de Dia dos Pais"}]},{"@type":"WebSite","@id":"https:\/\/revistaregional.com.br\/site\/#website","url":"https:\/\/revistaregional.com.br\/site\/","name":"Revista Regional","description":"Salto - Itu - Indaituba","potentialAction":[{"@type":"SearchAction","target":{"@type":"EntryPoint","urlTemplate":"https:\/\/revistaregional.com.br\/site\/?s={search_term_string}"},"query-input":{"@type":"PropertyValueSpecification","valueRequired":true,"valueName":"search_term_string"}}],"inLanguage":"pt-BR"},{"@type":"Person","@id":"https:\/\/revistaregional.com.br\/site\/#\/schema\/person\/382af97c580dc1b18f55107bc316010d","name":"contato@revistaregional.com.br","image":{"@type":"ImageObject","inLanguage":"pt-BR","@id":"https:\/\/secure.gravatar.com\/avatar\/869822917e96b2e292d5827e4635855396934485e7c4a0af84e9a214e32ca0cd?s=96&d=mm&r=g","url":"https:\/\/secure.gravatar.com\/avatar\/869822917e96b2e292d5827e4635855396934485e7c4a0af84e9a214e32ca0cd?s=96&d=mm&r=g","contentUrl":"https:\/\/secure.gravatar.com\/avatar\/869822917e96b2e292d5827e4635855396934485e7c4a0af84e9a214e32ca0cd?s=96&d=mm&r=g","caption":"contato@revistaregional.com.br"},"url":"https:\/\/revistaregional.com.br\/site\/author\/contato@revistaregional.com.br\/"}]}},"views":63,"_links":{"self":[{"href":"https:\/\/revistaregional.com.br\/site\/wp-json\/wp\/v2\/posts\/6238","targetHints":{"allow":["GET"]}}],"collection":[{"href":"https:\/\/revistaregional.com.br\/site\/wp-json\/wp\/v2\/posts"}],"about":[{"href":"https:\/\/revistaregional.com.br\/site\/wp-json\/wp\/v2\/types\/post"}],"author":[{"embeddable":true,"href":"https:\/\/revistaregional.com.br\/site\/wp-json\/wp\/v2\/users\/1"}],"replies":[{"embeddable":true,"href":"https:\/\/revistaregional.com.br\/site\/wp-json\/wp\/v2\/comments?post=6238"}],"version-history":[{"count":3,"href":"https:\/\/revistaregional.com.br\/site\/wp-json\/wp\/v2\/posts\/6238\/revisions"}],"predecessor-version":[{"id":32370,"href":"https:\/\/revistaregional.com.br\/site\/wp-json\/wp\/v2\/posts\/6238\/revisions\/32370"}],"wp:featuredmedia":[{"embeddable":true,"href":"https:\/\/revistaregional.com.br\/site\/wp-json\/wp\/v2\/media\/6239"}],"wp:attachment":[{"href":"https:\/\/revistaregional.com.br\/site\/wp-json\/wp\/v2\/media?parent=6238"}],"wp:term":[{"taxonomy":"category","embeddable":true,"href":"https:\/\/revistaregional.com.br\/site\/wp-json\/wp\/v2\/categories?post=6238"},{"taxonomy":"post_tag","embeddable":true,"href":"https:\/\/revistaregional.com.br\/site\/wp-json\/wp\/v2\/tags?post=6238"}],"curies":[{"name":"wp","href":"https:\/\/api.w.org\/{rel}","templated":true}]}}