{"id":6173,"date":"2014-07-16T11:14:35","date_gmt":"2014-07-16T14:14:35","guid":{"rendered":"http:\/\/revistaregional.com.br\/site\/?p=6173"},"modified":"2024-01-26T10:01:51","modified_gmt":"2024-01-26T13:01:51","slug":"plaza-shopping-promove-arraial-solidario","status":"publish","type":"post","link":"https:\/\/revistaregional.com.br\/site\/2014\/07\/16\/plaza-shopping-promove-arraial-solidario\/","title":{"rendered":"Plaza Shopping promove Arraial Solid\u00e1rio"},"content":{"rendered":"<figure id=\"attachment_6174\" aria-describedby=\"caption-attachment-6174\" style=\"width: 384px\" class=\"wp-caption aligncenter\"><a href=\"http:\/\/revistaregional.com.br\/site\/wp-content\/uploads\/2014\/07\/IMG_0916.jpg\" rel=\"attachment wp-att-6174\"><img fetchpriority=\"high\" decoding=\"async\" class=\" wp-image-6174 \" src=\"http:\/\/revistaregional.com.br\/site\/wp-content\/uploads\/2014\/07\/IMG_0916.jpg\" alt=\"\" width=\"384\" height=\"252\" srcset=\"https:\/\/revistaregional.com.br\/site\/wp-content\/uploads\/2014\/07\/IMG_0916.jpg 640w, https:\/\/revistaregional.com.br\/site\/wp-content\/uploads\/2014\/07\/IMG_0916-300x196.jpg 300w\" sizes=\"(max-width: 384px) 100vw, 384px\" \/><\/a><figcaption id=\"caption-attachment-6174\" class=\"wp-caption-text\">\u201cArrai\u00e1 do Espantalho\u201d na edi\u00e7\u00e3o especial do projeto \u201cTeatrando\u201d<\/figcaption><\/figure>\n<p align=\"center\"><em>Evento traz programa\u00e7\u00e3o especial para toda a fam\u00edlia durante os dias 17 e 27 de julho<\/em><\/p>\n<p align=\"center\">Apresenta\u00e7\u00f5es, comidas t\u00edpicas e brincadeiras caipiras fazem parte do Arraial Solid\u00e1rio realizado pelo Plaza Shopping Itu. O evento gratuito, que ocorre entre 17 e 27 de julho, beneficiar\u00e1 a Unesol (Uni\u00e3o das Entidades Solid\u00e1rias de Itu) e, nesta segunda edi\u00e7\u00e3o, ganhou uma inspira\u00e7\u00e3o na Literatura de Cordel.<\/p>\n<p>As atra\u00e7\u00f5es tem\u00e1ticas ser\u00e3o montadas na Pra\u00e7a de Eventos do Plaza e promete divertir toda a fam\u00edlia. As crian\u00e7as podem brincar de Latobol, Pescaria e Boca do Palha\u00e7o, al\u00e9m de curtirem um espet\u00e1culo gratuito \u201cArrai\u00e1 do Espantalho\u201d &#8211; edi\u00e7\u00e3o especial do projeto \u201cTeatrando\u201d, que est\u00e1 em sua quarta temporada. A apresenta\u00e7\u00e3o teatral ser\u00e1 no domingo, 27 de julho, \u00e0s 16h, com retirada de ingressos no \u201cAtendimento ao Cliente\u201d.<\/p>\n<p>Os apaixonados pelas comidas t\u00edpicas da temporada de festas caipiras poder\u00e3o se deliciar com mini hot-dog, crepes e doces. As fichas custaram de R$ 3 a R$ 4 e todo o valor arrecadado ser\u00e1 revertido \u00e0s entidades que integram a Unesol. O Arraial Solid\u00e1rio tamb\u00e9m traz apresenta\u00e7\u00f5es de dan\u00e7a juninas para encantar o p\u00fablico.<\/p>\n<p>\u201cPelo 2\u00ba ano, o Arraial valoriza a cultura das festas do interior, integrando tamb\u00e9m os nossos projetos sociais. Nesta edi\u00e7\u00e3o, o evento resgata a Literatura de Cordel, com oficinas especiais em todos os dias\u201d, afirma Edgar Silveira, gerente de marketing do Plaza.<\/p>\n<p>As crian\u00e7as de tr\u00eas a 12 anos poder\u00e3o participar das atividades especiais no espa\u00e7o de oficinas do \u201cArraial Solid\u00e1rio\u201d, com cria\u00e7\u00e3o de est\u00f3rias de Cordel, oficinas de xilogravura, recorte e cole de sanfonas, constru\u00e7\u00e3o de adere\u00e7os de Lampi\u00e3o e Maria Bonita e montagem de mini fogueira de papel.<\/p>\n<p>Confira a agenda de oficinas no site: <a href=\"file:\/\/\/C:\/Users\/Regional\/Downloads\/regionais%20site%20(1)\/www.plazashoppingitu.com.br\">www.plazashoppingitu.com.br<\/a>.<\/p>\n<p>MAIS: O Arraial Solid\u00e1rio funciona das 16h \u00e0s 20h, nas quintas e sextas-feiras. Aos s\u00e1bados, das 14h \u00e0s 22h, domingo, das 14h \u00e0s 20h.<\/p>\n<p><em>foto: Divulga\u00e7\u00e3o<\/em><\/p>\n","protected":false},"excerpt":{"rendered":"<p>Evento traz programa\u00e7\u00e3o especial para toda a fam\u00edlia durante os dias 17 e 27 de julho Apresenta\u00e7\u00f5es, comidas t\u00edpicas e brincadeiras caipiras fazem parte do Arraial Solid\u00e1rio realizado pelo Plaza Shopping Itu. O evento gratuito, que ocorre entre 17 e 27 de julho, beneficiar\u00e1 a Unesol (Uni\u00e3o das Entidades Solid\u00e1rias de Itu) e, nesta segunda [&hellip;]<\/p>\n","protected":false},"author":1,"featured_media":6174,"comment_status":"open","ping_status":"open","sticky":false,"template":"","format":"standard","meta":{"_acf_changed":false,"ngg_post_thumbnail":0,"_joinchat":[],"footnotes":""},"categories":[12],"tags":[527],"class_list":["post-6173","post","type-post","status-publish","format-standard","has-post-thumbnail","hentry","category-regionais","tag-regionais"],"acf":[],"yoast_head":"<!-- This site is optimized with the Yoast SEO plugin v27.4 - https:\/\/yoast.com\/product\/yoast-seo-wordpress\/ -->\n<title>Plaza Shopping promove Arraial Solid\u00e1rio - Revista Regional<\/title>\n<meta name=\"robots\" content=\"index, follow, max-snippet:-1, max-image-preview:large, max-video-preview:-1\" \/>\n<link rel=\"canonical\" href=\"https:\/\/revistaregional.com.br\/site\/2014\/07\/16\/plaza-shopping-promove-arraial-solidario\/\" \/>\n<meta property=\"og:locale\" content=\"pt_BR\" \/>\n<meta property=\"og:type\" content=\"article\" \/>\n<meta property=\"og:title\" content=\"Plaza Shopping promove Arraial Solid\u00e1rio - Revista Regional\" \/>\n<meta property=\"og:description\" content=\"Evento traz programa\u00e7\u00e3o especial para toda a fam\u00edlia durante os dias 17 e 27 de julho Apresenta\u00e7\u00f5es, comidas t\u00edpicas e brincadeiras caipiras fazem parte do Arraial Solid\u00e1rio realizado pelo Plaza Shopping Itu. O evento gratuito, que ocorre entre 17 e 27 de julho, beneficiar\u00e1 a Unesol (Uni\u00e3o das Entidades Solid\u00e1rias de Itu) e, nesta segunda [&hellip;]\" \/>\n<meta property=\"og:url\" content=\"https:\/\/revistaregional.com.br\/site\/2014\/07\/16\/plaza-shopping-promove-arraial-solidario\/\" \/>\n<meta property=\"og:site_name\" content=\"Revista Regional\" \/>\n<meta property=\"article:published_time\" content=\"2014-07-16T14:14:35+00:00\" \/>\n<meta property=\"article:modified_time\" content=\"2024-01-26T13:01:51+00:00\" \/>\n<meta property=\"og:image\" content=\"https:\/\/revistaregional.com.br\/site\/wp-content\/uploads\/2014\/07\/IMG_0916.jpg\" \/>\n\t<meta property=\"og:image:width\" content=\"640\" \/>\n\t<meta property=\"og:image:height\" content=\"420\" \/>\n\t<meta property=\"og:image:type\" content=\"image\/jpeg\" \/>\n<meta name=\"author\" content=\"contato@revistaregional.com.br\" \/>\n<meta name=\"twitter:card\" content=\"summary_large_image\" \/>\n<meta name=\"twitter:label1\" content=\"Escrito por\" \/>\n\t<meta name=\"twitter:data1\" content=\"contato@revistaregional.com.br\" \/>\n\t<meta name=\"twitter:label2\" content=\"Est. tempo de leitura\" \/>\n\t<meta name=\"twitter:data2\" content=\"2 minutos\" \/>\n<script type=\"application\/ld+json\" class=\"yoast-schema-graph\">{\"@context\":\"https:\\\/\\\/schema.org\",\"@graph\":[{\"@type\":\"Article\",\"@id\":\"https:\\\/\\\/revistaregional.com.br\\\/site\\\/2014\\\/07\\\/16\\\/plaza-shopping-promove-arraial-solidario\\\/#article\",\"isPartOf\":{\"@id\":\"https:\\\/\\\/revistaregional.com.br\\\/site\\\/2014\\\/07\\\/16\\\/plaza-shopping-promove-arraial-solidario\\\/\"},\"author\":{\"name\":\"contato@revistaregional.com.br\",\"@id\":\"https:\\\/\\\/revistaregional.com.br\\\/site\\\/#\\\/schema\\\/person\\\/382af97c580dc1b18f55107bc316010d\"},\"headline\":\"Plaza Shopping promove Arraial Solid\u00e1rio\",\"datePublished\":\"2014-07-16T14:14:35+00:00\",\"dateModified\":\"2024-01-26T13:01:51+00:00\",\"mainEntityOfPage\":{\"@id\":\"https:\\\/\\\/revistaregional.com.br\\\/site\\\/2014\\\/07\\\/16\\\/plaza-shopping-promove-arraial-solidario\\\/\"},\"wordCount\":368,\"commentCount\":0,\"image\":{\"@id\":\"https:\\\/\\\/revistaregional.com.br\\\/site\\\/2014\\\/07\\\/16\\\/plaza-shopping-promove-arraial-solidario\\\/#primaryimage\"},\"thumbnailUrl\":\"https:\\\/\\\/revistaregional.com.br\\\/site\\\/wp-content\\\/uploads\\\/2014\\\/07\\\/IMG_0916.jpg\",\"keywords\":[\"Regionais\"],\"articleSection\":[\"Regionais\"],\"inLanguage\":\"pt-BR\",\"potentialAction\":[{\"@type\":\"CommentAction\",\"name\":\"Comment\",\"target\":[\"https:\\\/\\\/revistaregional.com.br\\\/site\\\/2014\\\/07\\\/16\\\/plaza-shopping-promove-arraial-solidario\\\/#respond\"]}]},{\"@type\":\"WebPage\",\"@id\":\"https:\\\/\\\/revistaregional.com.br\\\/site\\\/2014\\\/07\\\/16\\\/plaza-shopping-promove-arraial-solidario\\\/\",\"url\":\"https:\\\/\\\/revistaregional.com.br\\\/site\\\/2014\\\/07\\\/16\\\/plaza-shopping-promove-arraial-solidario\\\/\",\"name\":\"Plaza Shopping promove Arraial Solid\u00e1rio - Revista Regional\",\"isPartOf\":{\"@id\":\"https:\\\/\\\/revistaregional.com.br\\\/site\\\/#website\"},\"primaryImageOfPage\":{\"@id\":\"https:\\\/\\\/revistaregional.com.br\\\/site\\\/2014\\\/07\\\/16\\\/plaza-shopping-promove-arraial-solidario\\\/#primaryimage\"},\"image\":{\"@id\":\"https:\\\/\\\/revistaregional.com.br\\\/site\\\/2014\\\/07\\\/16\\\/plaza-shopping-promove-arraial-solidario\\\/#primaryimage\"},\"thumbnailUrl\":\"https:\\\/\\\/revistaregional.com.br\\\/site\\\/wp-content\\\/uploads\\\/2014\\\/07\\\/IMG_0916.jpg\",\"datePublished\":\"2014-07-16T14:14:35+00:00\",\"dateModified\":\"2024-01-26T13:01:51+00:00\",\"author\":{\"@id\":\"https:\\\/\\\/revistaregional.com.br\\\/site\\\/#\\\/schema\\\/person\\\/382af97c580dc1b18f55107bc316010d\"},\"breadcrumb\":{\"@id\":\"https:\\\/\\\/revistaregional.com.br\\\/site\\\/2014\\\/07\\\/16\\\/plaza-shopping-promove-arraial-solidario\\\/#breadcrumb\"},\"inLanguage\":\"pt-BR\",\"potentialAction\":[{\"@type\":\"ReadAction\",\"target\":[\"https:\\\/\\\/revistaregional.com.br\\\/site\\\/2014\\\/07\\\/16\\\/plaza-shopping-promove-arraial-solidario\\\/\"]}]},{\"@type\":\"ImageObject\",\"inLanguage\":\"pt-BR\",\"@id\":\"https:\\\/\\\/revistaregional.com.br\\\/site\\\/2014\\\/07\\\/16\\\/plaza-shopping-promove-arraial-solidario\\\/#primaryimage\",\"url\":\"https:\\\/\\\/revistaregional.com.br\\\/site\\\/wp-content\\\/uploads\\\/2014\\\/07\\\/IMG_0916.jpg\",\"contentUrl\":\"https:\\\/\\\/revistaregional.com.br\\\/site\\\/wp-content\\\/uploads\\\/2014\\\/07\\\/IMG_0916.jpg\",\"width\":\"640\",\"height\":\"420\",\"caption\":\"\u201cArrai\u00e1 do Espantalho\u201d na edi\u00e7\u00e3o especial do projeto \u201cTeatrando\u201d\"},{\"@type\":\"BreadcrumbList\",\"@id\":\"https:\\\/\\\/revistaregional.com.br\\\/site\\\/2014\\\/07\\\/16\\\/plaza-shopping-promove-arraial-solidario\\\/#breadcrumb\",\"itemListElement\":[{\"@type\":\"ListItem\",\"position\":1,\"name\":\"In\u00edcio\",\"item\":\"https:\\\/\\\/revistaregional.com.br\\\/site\\\/\"},{\"@type\":\"ListItem\",\"position\":2,\"name\":\"Plaza Shopping promove Arraial Solid\u00e1rio\"}]},{\"@type\":\"WebSite\",\"@id\":\"https:\\\/\\\/revistaregional.com.br\\\/site\\\/#website\",\"url\":\"https:\\\/\\\/revistaregional.com.br\\\/site\\\/\",\"name\":\"Revista Regional\",\"description\":\"Salto - Itu - Indaituba\",\"potentialAction\":[{\"@type\":\"SearchAction\",\"target\":{\"@type\":\"EntryPoint\",\"urlTemplate\":\"https:\\\/\\\/revistaregional.com.br\\\/site\\\/?s={search_term_string}\"},\"query-input\":{\"@type\":\"PropertyValueSpecification\",\"valueRequired\":true,\"valueName\":\"search_term_string\"}}],\"inLanguage\":\"pt-BR\"},{\"@type\":\"Person\",\"@id\":\"https:\\\/\\\/revistaregional.com.br\\\/site\\\/#\\\/schema\\\/person\\\/382af97c580dc1b18f55107bc316010d\",\"name\":\"contato@revistaregional.com.br\",\"image\":{\"@type\":\"ImageObject\",\"inLanguage\":\"pt-BR\",\"@id\":\"https:\\\/\\\/secure.gravatar.com\\\/avatar\\\/869822917e96b2e292d5827e4635855396934485e7c4a0af84e9a214e32ca0cd?s=96&d=mm&r=g\",\"url\":\"https:\\\/\\\/secure.gravatar.com\\\/avatar\\\/869822917e96b2e292d5827e4635855396934485e7c4a0af84e9a214e32ca0cd?s=96&d=mm&r=g\",\"contentUrl\":\"https:\\\/\\\/secure.gravatar.com\\\/avatar\\\/869822917e96b2e292d5827e4635855396934485e7c4a0af84e9a214e32ca0cd?s=96&d=mm&r=g\",\"caption\":\"contato@revistaregional.com.br\"},\"url\":\"https:\\\/\\\/revistaregional.com.br\\\/site\\\/author\\\/contato@revistaregional.com.br\\\/\"}]}<\/script>\n<!-- \/ Yoast SEO plugin. -->","yoast_head_json":{"title":"Plaza Shopping promove Arraial Solid\u00e1rio - Revista Regional","robots":{"index":"index","follow":"follow","max-snippet":"max-snippet:-1","max-image-preview":"max-image-preview:large","max-video-preview":"max-video-preview:-1"},"canonical":"https:\/\/revistaregional.com.br\/site\/2014\/07\/16\/plaza-shopping-promove-arraial-solidario\/","og_locale":"pt_BR","og_type":"article","og_title":"Plaza Shopping promove Arraial Solid\u00e1rio - Revista Regional","og_description":"Evento traz programa\u00e7\u00e3o especial para toda a fam\u00edlia durante os dias 17 e 27 de julho Apresenta\u00e7\u00f5es, comidas t\u00edpicas e brincadeiras caipiras fazem parte do Arraial Solid\u00e1rio realizado pelo Plaza Shopping Itu. O evento gratuito, que ocorre entre 17 e 27 de julho, beneficiar\u00e1 a Unesol (Uni\u00e3o das Entidades Solid\u00e1rias de Itu) e, nesta segunda [&hellip;]","og_url":"https:\/\/revistaregional.com.br\/site\/2014\/07\/16\/plaza-shopping-promove-arraial-solidario\/","og_site_name":"Revista Regional","article_published_time":"2014-07-16T14:14:35+00:00","article_modified_time":"2024-01-26T13:01:51+00:00","og_image":[{"width":640,"height":420,"url":"https:\/\/revistaregional.com.br\/site\/wp-content\/uploads\/2014\/07\/IMG_0916.jpg","type":"image\/jpeg"}],"author":"contato@revistaregional.com.br","twitter_card":"summary_large_image","twitter_misc":{"Escrito por":"contato@revistaregional.com.br","Est. tempo de leitura":"2 minutos"},"schema":{"@context":"https:\/\/schema.org","@graph":[{"@type":"Article","@id":"https:\/\/revistaregional.com.br\/site\/2014\/07\/16\/plaza-shopping-promove-arraial-solidario\/#article","isPartOf":{"@id":"https:\/\/revistaregional.com.br\/site\/2014\/07\/16\/plaza-shopping-promove-arraial-solidario\/"},"author":{"name":"contato@revistaregional.com.br","@id":"https:\/\/revistaregional.com.br\/site\/#\/schema\/person\/382af97c580dc1b18f55107bc316010d"},"headline":"Plaza Shopping promove Arraial Solid\u00e1rio","datePublished":"2014-07-16T14:14:35+00:00","dateModified":"2024-01-26T13:01:51+00:00","mainEntityOfPage":{"@id":"https:\/\/revistaregional.com.br\/site\/2014\/07\/16\/plaza-shopping-promove-arraial-solidario\/"},"wordCount":368,"commentCount":0,"image":{"@id":"https:\/\/revistaregional.com.br\/site\/2014\/07\/16\/plaza-shopping-promove-arraial-solidario\/#primaryimage"},"thumbnailUrl":"https:\/\/revistaregional.com.br\/site\/wp-content\/uploads\/2014\/07\/IMG_0916.jpg","keywords":["Regionais"],"articleSection":["Regionais"],"inLanguage":"pt-BR","potentialAction":[{"@type":"CommentAction","name":"Comment","target":["https:\/\/revistaregional.com.br\/site\/2014\/07\/16\/plaza-shopping-promove-arraial-solidario\/#respond"]}]},{"@type":"WebPage","@id":"https:\/\/revistaregional.com.br\/site\/2014\/07\/16\/plaza-shopping-promove-arraial-solidario\/","url":"https:\/\/revistaregional.com.br\/site\/2014\/07\/16\/plaza-shopping-promove-arraial-solidario\/","name":"Plaza Shopping promove Arraial Solid\u00e1rio - Revista Regional","isPartOf":{"@id":"https:\/\/revistaregional.com.br\/site\/#website"},"primaryImageOfPage":{"@id":"https:\/\/revistaregional.com.br\/site\/2014\/07\/16\/plaza-shopping-promove-arraial-solidario\/#primaryimage"},"image":{"@id":"https:\/\/revistaregional.com.br\/site\/2014\/07\/16\/plaza-shopping-promove-arraial-solidario\/#primaryimage"},"thumbnailUrl":"https:\/\/revistaregional.com.br\/site\/wp-content\/uploads\/2014\/07\/IMG_0916.jpg","datePublished":"2014-07-16T14:14:35+00:00","dateModified":"2024-01-26T13:01:51+00:00","author":{"@id":"https:\/\/revistaregional.com.br\/site\/#\/schema\/person\/382af97c580dc1b18f55107bc316010d"},"breadcrumb":{"@id":"https:\/\/revistaregional.com.br\/site\/2014\/07\/16\/plaza-shopping-promove-arraial-solidario\/#breadcrumb"},"inLanguage":"pt-BR","potentialAction":[{"@type":"ReadAction","target":["https:\/\/revistaregional.com.br\/site\/2014\/07\/16\/plaza-shopping-promove-arraial-solidario\/"]}]},{"@type":"ImageObject","inLanguage":"pt-BR","@id":"https:\/\/revistaregional.com.br\/site\/2014\/07\/16\/plaza-shopping-promove-arraial-solidario\/#primaryimage","url":"https:\/\/revistaregional.com.br\/site\/wp-content\/uploads\/2014\/07\/IMG_0916.jpg","contentUrl":"https:\/\/revistaregional.com.br\/site\/wp-content\/uploads\/2014\/07\/IMG_0916.jpg","width":"640","height":"420","caption":"\u201cArrai\u00e1 do Espantalho\u201d na edi\u00e7\u00e3o especial do projeto \u201cTeatrando\u201d"},{"@type":"BreadcrumbList","@id":"https:\/\/revistaregional.com.br\/site\/2014\/07\/16\/plaza-shopping-promove-arraial-solidario\/#breadcrumb","itemListElement":[{"@type":"ListItem","position":1,"name":"In\u00edcio","item":"https:\/\/revistaregional.com.br\/site\/"},{"@type":"ListItem","position":2,"name":"Plaza Shopping promove Arraial Solid\u00e1rio"}]},{"@type":"WebSite","@id":"https:\/\/revistaregional.com.br\/site\/#website","url":"https:\/\/revistaregional.com.br\/site\/","name":"Revista Regional","description":"Salto - Itu - Indaituba","potentialAction":[{"@type":"SearchAction","target":{"@type":"EntryPoint","urlTemplate":"https:\/\/revistaregional.com.br\/site\/?s={search_term_string}"},"query-input":{"@type":"PropertyValueSpecification","valueRequired":true,"valueName":"search_term_string"}}],"inLanguage":"pt-BR"},{"@type":"Person","@id":"https:\/\/revistaregional.com.br\/site\/#\/schema\/person\/382af97c580dc1b18f55107bc316010d","name":"contato@revistaregional.com.br","image":{"@type":"ImageObject","inLanguage":"pt-BR","@id":"https:\/\/secure.gravatar.com\/avatar\/869822917e96b2e292d5827e4635855396934485e7c4a0af84e9a214e32ca0cd?s=96&d=mm&r=g","url":"https:\/\/secure.gravatar.com\/avatar\/869822917e96b2e292d5827e4635855396934485e7c4a0af84e9a214e32ca0cd?s=96&d=mm&r=g","contentUrl":"https:\/\/secure.gravatar.com\/avatar\/869822917e96b2e292d5827e4635855396934485e7c4a0af84e9a214e32ca0cd?s=96&d=mm&r=g","caption":"contato@revistaregional.com.br"},"url":"https:\/\/revistaregional.com.br\/site\/author\/contato@revistaregional.com.br\/"}]}},"views":67,"_links":{"self":[{"href":"https:\/\/revistaregional.com.br\/site\/wp-json\/wp\/v2\/posts\/6173","targetHints":{"allow":["GET"]}}],"collection":[{"href":"https:\/\/revistaregional.com.br\/site\/wp-json\/wp\/v2\/posts"}],"about":[{"href":"https:\/\/revistaregional.com.br\/site\/wp-json\/wp\/v2\/types\/post"}],"author":[{"embeddable":true,"href":"https:\/\/revistaregional.com.br\/site\/wp-json\/wp\/v2\/users\/1"}],"replies":[{"embeddable":true,"href":"https:\/\/revistaregional.com.br\/site\/wp-json\/wp\/v2\/comments?post=6173"}],"version-history":[{"count":2,"href":"https:\/\/revistaregional.com.br\/site\/wp-json\/wp\/v2\/posts\/6173\/revisions"}],"predecessor-version":[{"id":6176,"href":"https:\/\/revistaregional.com.br\/site\/wp-json\/wp\/v2\/posts\/6173\/revisions\/6176"}],"wp:featuredmedia":[{"embeddable":true,"href":"https:\/\/revistaregional.com.br\/site\/wp-json\/wp\/v2\/media\/6174"}],"wp:attachment":[{"href":"https:\/\/revistaregional.com.br\/site\/wp-json\/wp\/v2\/media?parent=6173"}],"wp:term":[{"taxonomy":"category","embeddable":true,"href":"https:\/\/revistaregional.com.br\/site\/wp-json\/wp\/v2\/categories?post=6173"},{"taxonomy":"post_tag","embeddable":true,"href":"https:\/\/revistaregional.com.br\/site\/wp-json\/wp\/v2\/tags?post=6173"}],"curies":[{"name":"wp","href":"https:\/\/api.w.org\/{rel}","templated":true}]}}