{"id":5993,"date":"2014-05-12T10:28:52","date_gmt":"2014-05-12T13:28:52","guid":{"rendered":"http:\/\/revistaregional.com.br\/site\/?p=5993"},"modified":"2024-01-26T10:57:33","modified_gmt":"2024-01-26T13:57:33","slug":"museu-da-musica-tem-programacao-especial","status":"publish","type":"post","link":"https:\/\/revistaregional.com.br\/site\/2014\/05\/12\/museu-da-musica-tem-programacao-especial\/","title":{"rendered":"Museu da M\u00fasica tem programa\u00e7\u00e3o especial"},"content":{"rendered":"<figure id=\"attachment_5994\" aria-describedby=\"caption-attachment-5994\" style=\"width: 368px\" class=\"wp-caption aligncenter\"><a href=\"http:\/\/revistaregional.com.br\/site\/wp-content\/uploads\/2014\/05\/foto-fachada-do-Museu-da-M\u00fasica-Itu.jpg\" rel=\"attachment wp-att-5994\"><img fetchpriority=\"high\" decoding=\"async\" class=\" wp-image-5994  \" src=\"http:\/\/revistaregional.com.br\/site\/wp-content\/uploads\/2014\/05\/foto-fachada-do-Museu-da-M\u00fasica-Itu.jpg\" alt=\"\" width=\"368\" height=\"277\" srcset=\"https:\/\/revistaregional.com.br\/site\/wp-content\/uploads\/2014\/05\/foto-fachada-do-Museu-da-M\u00fasica-Itu.jpg 1024w, https:\/\/revistaregional.com.br\/site\/wp-content\/uploads\/2014\/05\/foto-fachada-do-Museu-da-M\u00fasica-Itu-300x225.jpg 300w\" sizes=\"(max-width: 368px) 100vw, 368px\" \/><\/a><figcaption id=\"caption-attachment-5994\" class=\"wp-caption-text\">Fachada do Museu da M\u00fasica &#8211; Itu<\/figcaption><\/figure>\n<p>O Museu da M\u00fasica \u2013 Itu, com apoio da Secretaria Municipal de Cultura, preparou uma programa\u00e7\u00e3o especial para a Semana Nacional dos Museus, promovida em todo o Brasil, por iniciativa do Ibram (Instituto Brasileiro de Museus). Na ocasi\u00e3o o museu estar\u00e1 aberto para o p\u00fablico em geral, de segunda a sexta-feira, das 8h \u00e0s 12h e das 14h \u00e0s 18h, tendo as mostras \u201cA Moda da Viola\u201d e \u201cDo Batuque ao Entrudo\u201d, ambas que valorizam a cultura local. A visita \u00e9 gratuita.<\/p>\n<p>No dia 14 de maio, entre 8h30 e 10h30, o museu promove a a\u00e7\u00e3o educativa \u201cA Moda da Viola\u201d, com alunos do 4\u00ba ano da Emef \u201cDep. Antonio Paula Leite\u201d. Na ocasi\u00e3o, os professores Cl\u00e1udia Capelli e Joab Barboza trabalhar\u00e3o com os estudantes, a fim de estimul\u00e1-los a observar a cultura regional: a l\u00edngua, a m\u00fasica e as tradi\u00e7\u00f5es culturais paulistas, sempre de maneira l\u00fadica.<\/p>\n<p>Na sexta-feira, dia 16, a partir das 9h, ser\u00e1 o momento de distribui\u00e7\u00e3o de material educativo \u00e0s escolas p\u00fablicas municipais da cidade. Cada uma das 80 unidades de ensino receber\u00e1 exemplares do livro \u201c<em>Elias \u00c1lvares Lobo, um momento na m\u00fasica brasileira\u201d<\/em>, de autoria do professor Lu\u00eds Roberto de Francisco. O evento, que conta com apoio da Secretaria Municipal de Educa\u00e7\u00e3o, tem por objetivo instrumentalizar os professores da rede de ensino a trabalharem com o tema da m\u00fasica local, seus compositores, mormente com os temas da vida e obra de Elias \u00c1lvares Lobo, que se notabilizou no contexto brasileiro. O encontro ser\u00e1 realizado no Audit\u00f3rio da Prefeitura.<\/p>\n<p>J\u00e1 no s\u00e1bado, dia 17, a partir das 19h30, em parceria com o Coral Vozes de Itu, realiza o concerto M\u00eas de Maria, primeira audi\u00e7\u00e3o da obra composta em 1897 por Elias \u00c1lvares Lobo. O evento marca a abertura oficial do cinquenten\u00e1rio de funda\u00e7\u00e3o do Coral Vozes de Itu, exatamente onde ele foi criado, na Igreja de Nossa Senhora do Carmo.<\/p>\n<p>Encerrando a programa\u00e7\u00e3o da Semana Nacional de Museus, o Museu da M\u00fasica recebe, no dia 19, \u00e0s 21h, os alunos do 5\u00ba semestre do curso de Turismo de uma faculdade da regi\u00e3o, para um encontro em que discute as rela\u00e7\u00f5es entre cultura popular e turismo.<\/p>\n<p>O Museu da M\u00fasica \u2013 Itu est\u00e1 localizado \u00e0 rua Floriano Peixoto, 480, no Centro de Itu e\u00a0 \u00e9 mantido exclusivamente pelo Instituto Cultural de Itu.<\/p>\n<p><em><strong>\u00a0<\/strong>foto: Divulga\u00e7\u00e3o\u00a0<\/em><\/p>\n","protected":false},"excerpt":{"rendered":"<p>O Museu da M\u00fasica \u2013 Itu, com apoio da Secretaria Municipal de Cultura, preparou uma programa\u00e7\u00e3o especial para a Semana Nacional dos Museus, promovida em todo o Brasil, por iniciativa do Ibram (Instituto Brasileiro de Museus). Na ocasi\u00e3o o museu estar\u00e1 aberto para o p\u00fablico em geral, de segunda a sexta-feira, das 8h \u00e0s 12h [&hellip;]<\/p>\n","protected":false},"author":1,"featured_media":5994,"comment_status":"open","ping_status":"open","sticky":false,"template":"","format":"standard","meta":{"_acf_changed":false,"ngg_post_thumbnail":0,"_joinchat":[],"footnotes":""},"categories":[4],"tags":[533],"class_list":["post-5993","post","type-post","status-publish","format-standard","has-post-thumbnail","hentry","category-cultura","tag-cultura"],"acf":[],"yoast_head":"<!-- This site is optimized with the Yoast SEO plugin v27.4 - https:\/\/yoast.com\/product\/yoast-seo-wordpress\/ -->\n<title>Museu da M\u00fasica tem programa\u00e7\u00e3o especial - Revista Regional<\/title>\n<meta name=\"robots\" content=\"index, follow, max-snippet:-1, max-image-preview:large, max-video-preview:-1\" \/>\n<link rel=\"canonical\" href=\"https:\/\/revistaregional.com.br\/site\/2014\/05\/12\/museu-da-musica-tem-programacao-especial\/\" \/>\n<meta property=\"og:locale\" content=\"pt_BR\" \/>\n<meta property=\"og:type\" content=\"article\" \/>\n<meta property=\"og:title\" content=\"Museu da M\u00fasica tem programa\u00e7\u00e3o especial - Revista Regional\" \/>\n<meta property=\"og:description\" content=\"O Museu da M\u00fasica \u2013 Itu, com apoio da Secretaria Municipal de Cultura, preparou uma programa\u00e7\u00e3o especial para a Semana Nacional dos Museus, promovida em todo o Brasil, por iniciativa do Ibram (Instituto Brasileiro de Museus). Na ocasi\u00e3o o museu estar\u00e1 aberto para o p\u00fablico em geral, de segunda a sexta-feira, das 8h \u00e0s 12h [&hellip;]\" \/>\n<meta property=\"og:url\" content=\"https:\/\/revistaregional.com.br\/site\/2014\/05\/12\/museu-da-musica-tem-programacao-especial\/\" \/>\n<meta property=\"og:site_name\" content=\"Revista Regional\" \/>\n<meta property=\"article:published_time\" content=\"2014-05-12T13:28:52+00:00\" \/>\n<meta property=\"article:modified_time\" content=\"2024-01-26T13:57:33+00:00\" \/>\n<meta property=\"og:image\" content=\"https:\/\/revistaregional.com.br\/site\/wp-content\/uploads\/2014\/05\/foto-fachada-do-Museu-da-M\u00fasica-Itu.jpg\" \/>\n\t<meta property=\"og:image:width\" content=\"1024\" \/>\n\t<meta property=\"og:image:height\" content=\"768\" \/>\n\t<meta property=\"og:image:type\" content=\"image\/jpeg\" \/>\n<meta name=\"author\" content=\"contato@revistaregional.com.br\" \/>\n<meta name=\"twitter:card\" content=\"summary_large_image\" \/>\n<meta name=\"twitter:label1\" content=\"Escrito por\" \/>\n\t<meta name=\"twitter:data1\" content=\"contato@revistaregional.com.br\" \/>\n\t<meta name=\"twitter:label2\" content=\"Est. tempo de leitura\" \/>\n\t<meta name=\"twitter:data2\" content=\"2 minutos\" \/>\n<script type=\"application\/ld+json\" class=\"yoast-schema-graph\">{\"@context\":\"https:\\\/\\\/schema.org\",\"@graph\":[{\"@type\":\"Article\",\"@id\":\"https:\\\/\\\/revistaregional.com.br\\\/site\\\/2014\\\/05\\\/12\\\/museu-da-musica-tem-programacao-especial\\\/#article\",\"isPartOf\":{\"@id\":\"https:\\\/\\\/revistaregional.com.br\\\/site\\\/2014\\\/05\\\/12\\\/museu-da-musica-tem-programacao-especial\\\/\"},\"author\":{\"name\":\"contato@revistaregional.com.br\",\"@id\":\"https:\\\/\\\/revistaregional.com.br\\\/site\\\/#\\\/schema\\\/person\\\/382af97c580dc1b18f55107bc316010d\"},\"headline\":\"Museu da M\u00fasica tem programa\u00e7\u00e3o especial\",\"datePublished\":\"2014-05-12T13:28:52+00:00\",\"dateModified\":\"2024-01-26T13:57:33+00:00\",\"mainEntityOfPage\":{\"@id\":\"https:\\\/\\\/revistaregional.com.br\\\/site\\\/2014\\\/05\\\/12\\\/museu-da-musica-tem-programacao-especial\\\/\"},\"wordCount\":427,\"commentCount\":0,\"image\":{\"@id\":\"https:\\\/\\\/revistaregional.com.br\\\/site\\\/2014\\\/05\\\/12\\\/museu-da-musica-tem-programacao-especial\\\/#primaryimage\"},\"thumbnailUrl\":\"https:\\\/\\\/revistaregional.com.br\\\/site\\\/wp-content\\\/uploads\\\/2014\\\/05\\\/foto-fachada-do-Museu-da-M\u00fasica-Itu.jpg\",\"keywords\":[\"Cultura\"],\"articleSection\":[\"Cultura\"],\"inLanguage\":\"pt-BR\",\"potentialAction\":[{\"@type\":\"CommentAction\",\"name\":\"Comment\",\"target\":[\"https:\\\/\\\/revistaregional.com.br\\\/site\\\/2014\\\/05\\\/12\\\/museu-da-musica-tem-programacao-especial\\\/#respond\"]}]},{\"@type\":\"WebPage\",\"@id\":\"https:\\\/\\\/revistaregional.com.br\\\/site\\\/2014\\\/05\\\/12\\\/museu-da-musica-tem-programacao-especial\\\/\",\"url\":\"https:\\\/\\\/revistaregional.com.br\\\/site\\\/2014\\\/05\\\/12\\\/museu-da-musica-tem-programacao-especial\\\/\",\"name\":\"Museu da M\u00fasica tem programa\u00e7\u00e3o especial - Revista Regional\",\"isPartOf\":{\"@id\":\"https:\\\/\\\/revistaregional.com.br\\\/site\\\/#website\"},\"primaryImageOfPage\":{\"@id\":\"https:\\\/\\\/revistaregional.com.br\\\/site\\\/2014\\\/05\\\/12\\\/museu-da-musica-tem-programacao-especial\\\/#primaryimage\"},\"image\":{\"@id\":\"https:\\\/\\\/revistaregional.com.br\\\/site\\\/2014\\\/05\\\/12\\\/museu-da-musica-tem-programacao-especial\\\/#primaryimage\"},\"thumbnailUrl\":\"https:\\\/\\\/revistaregional.com.br\\\/site\\\/wp-content\\\/uploads\\\/2014\\\/05\\\/foto-fachada-do-Museu-da-M\u00fasica-Itu.jpg\",\"datePublished\":\"2014-05-12T13:28:52+00:00\",\"dateModified\":\"2024-01-26T13:57:33+00:00\",\"author\":{\"@id\":\"https:\\\/\\\/revistaregional.com.br\\\/site\\\/#\\\/schema\\\/person\\\/382af97c580dc1b18f55107bc316010d\"},\"breadcrumb\":{\"@id\":\"https:\\\/\\\/revistaregional.com.br\\\/site\\\/2014\\\/05\\\/12\\\/museu-da-musica-tem-programacao-especial\\\/#breadcrumb\"},\"inLanguage\":\"pt-BR\",\"potentialAction\":[{\"@type\":\"ReadAction\",\"target\":[\"https:\\\/\\\/revistaregional.com.br\\\/site\\\/2014\\\/05\\\/12\\\/museu-da-musica-tem-programacao-especial\\\/\"]}]},{\"@type\":\"ImageObject\",\"inLanguage\":\"pt-BR\",\"@id\":\"https:\\\/\\\/revistaregional.com.br\\\/site\\\/2014\\\/05\\\/12\\\/museu-da-musica-tem-programacao-especial\\\/#primaryimage\",\"url\":\"https:\\\/\\\/revistaregional.com.br\\\/site\\\/wp-content\\\/uploads\\\/2014\\\/05\\\/foto-fachada-do-Museu-da-M\u00fasica-Itu.jpg\",\"contentUrl\":\"https:\\\/\\\/revistaregional.com.br\\\/site\\\/wp-content\\\/uploads\\\/2014\\\/05\\\/foto-fachada-do-Museu-da-M\u00fasica-Itu.jpg\",\"width\":\"1024\",\"height\":\"768\",\"caption\":\"Fachada do Museu da M\u00fasica - Itu\"},{\"@type\":\"BreadcrumbList\",\"@id\":\"https:\\\/\\\/revistaregional.com.br\\\/site\\\/2014\\\/05\\\/12\\\/museu-da-musica-tem-programacao-especial\\\/#breadcrumb\",\"itemListElement\":[{\"@type\":\"ListItem\",\"position\":1,\"name\":\"In\u00edcio\",\"item\":\"https:\\\/\\\/revistaregional.com.br\\\/site\\\/\"},{\"@type\":\"ListItem\",\"position\":2,\"name\":\"Museu da M\u00fasica tem programa\u00e7\u00e3o especial\"}]},{\"@type\":\"WebSite\",\"@id\":\"https:\\\/\\\/revistaregional.com.br\\\/site\\\/#website\",\"url\":\"https:\\\/\\\/revistaregional.com.br\\\/site\\\/\",\"name\":\"Revista Regional\",\"description\":\"Salto - Itu - Indaituba\",\"potentialAction\":[{\"@type\":\"SearchAction\",\"target\":{\"@type\":\"EntryPoint\",\"urlTemplate\":\"https:\\\/\\\/revistaregional.com.br\\\/site\\\/?s={search_term_string}\"},\"query-input\":{\"@type\":\"PropertyValueSpecification\",\"valueRequired\":true,\"valueName\":\"search_term_string\"}}],\"inLanguage\":\"pt-BR\"},{\"@type\":\"Person\",\"@id\":\"https:\\\/\\\/revistaregional.com.br\\\/site\\\/#\\\/schema\\\/person\\\/382af97c580dc1b18f55107bc316010d\",\"name\":\"contato@revistaregional.com.br\",\"image\":{\"@type\":\"ImageObject\",\"inLanguage\":\"pt-BR\",\"@id\":\"https:\\\/\\\/secure.gravatar.com\\\/avatar\\\/869822917e96b2e292d5827e4635855396934485e7c4a0af84e9a214e32ca0cd?s=96&d=mm&r=g\",\"url\":\"https:\\\/\\\/secure.gravatar.com\\\/avatar\\\/869822917e96b2e292d5827e4635855396934485e7c4a0af84e9a214e32ca0cd?s=96&d=mm&r=g\",\"contentUrl\":\"https:\\\/\\\/secure.gravatar.com\\\/avatar\\\/869822917e96b2e292d5827e4635855396934485e7c4a0af84e9a214e32ca0cd?s=96&d=mm&r=g\",\"caption\":\"contato@revistaregional.com.br\"},\"url\":\"https:\\\/\\\/revistaregional.com.br\\\/site\\\/author\\\/contato@revistaregional.com.br\\\/\"}]}<\/script>\n<!-- \/ Yoast SEO plugin. -->","yoast_head_json":{"title":"Museu da M\u00fasica tem programa\u00e7\u00e3o especial - Revista Regional","robots":{"index":"index","follow":"follow","max-snippet":"max-snippet:-1","max-image-preview":"max-image-preview:large","max-video-preview":"max-video-preview:-1"},"canonical":"https:\/\/revistaregional.com.br\/site\/2014\/05\/12\/museu-da-musica-tem-programacao-especial\/","og_locale":"pt_BR","og_type":"article","og_title":"Museu da M\u00fasica tem programa\u00e7\u00e3o especial - Revista Regional","og_description":"O Museu da M\u00fasica \u2013 Itu, com apoio da Secretaria Municipal de Cultura, preparou uma programa\u00e7\u00e3o especial para a Semana Nacional dos Museus, promovida em todo o Brasil, por iniciativa do Ibram (Instituto Brasileiro de Museus). Na ocasi\u00e3o o museu estar\u00e1 aberto para o p\u00fablico em geral, de segunda a sexta-feira, das 8h \u00e0s 12h [&hellip;]","og_url":"https:\/\/revistaregional.com.br\/site\/2014\/05\/12\/museu-da-musica-tem-programacao-especial\/","og_site_name":"Revista Regional","article_published_time":"2014-05-12T13:28:52+00:00","article_modified_time":"2024-01-26T13:57:33+00:00","og_image":[{"width":1024,"height":768,"url":"https:\/\/revistaregional.com.br\/site\/wp-content\/uploads\/2014\/05\/foto-fachada-do-Museu-da-M\u00fasica-Itu.jpg","type":"image\/jpeg"}],"author":"contato@revistaregional.com.br","twitter_card":"summary_large_image","twitter_misc":{"Escrito por":"contato@revistaregional.com.br","Est. tempo de leitura":"2 minutos"},"schema":{"@context":"https:\/\/schema.org","@graph":[{"@type":"Article","@id":"https:\/\/revistaregional.com.br\/site\/2014\/05\/12\/museu-da-musica-tem-programacao-especial\/#article","isPartOf":{"@id":"https:\/\/revistaregional.com.br\/site\/2014\/05\/12\/museu-da-musica-tem-programacao-especial\/"},"author":{"name":"contato@revistaregional.com.br","@id":"https:\/\/revistaregional.com.br\/site\/#\/schema\/person\/382af97c580dc1b18f55107bc316010d"},"headline":"Museu da M\u00fasica tem programa\u00e7\u00e3o especial","datePublished":"2014-05-12T13:28:52+00:00","dateModified":"2024-01-26T13:57:33+00:00","mainEntityOfPage":{"@id":"https:\/\/revistaregional.com.br\/site\/2014\/05\/12\/museu-da-musica-tem-programacao-especial\/"},"wordCount":427,"commentCount":0,"image":{"@id":"https:\/\/revistaregional.com.br\/site\/2014\/05\/12\/museu-da-musica-tem-programacao-especial\/#primaryimage"},"thumbnailUrl":"https:\/\/revistaregional.com.br\/site\/wp-content\/uploads\/2014\/05\/foto-fachada-do-Museu-da-M\u00fasica-Itu.jpg","keywords":["Cultura"],"articleSection":["Cultura"],"inLanguage":"pt-BR","potentialAction":[{"@type":"CommentAction","name":"Comment","target":["https:\/\/revistaregional.com.br\/site\/2014\/05\/12\/museu-da-musica-tem-programacao-especial\/#respond"]}]},{"@type":"WebPage","@id":"https:\/\/revistaregional.com.br\/site\/2014\/05\/12\/museu-da-musica-tem-programacao-especial\/","url":"https:\/\/revistaregional.com.br\/site\/2014\/05\/12\/museu-da-musica-tem-programacao-especial\/","name":"Museu da M\u00fasica tem programa\u00e7\u00e3o especial - Revista Regional","isPartOf":{"@id":"https:\/\/revistaregional.com.br\/site\/#website"},"primaryImageOfPage":{"@id":"https:\/\/revistaregional.com.br\/site\/2014\/05\/12\/museu-da-musica-tem-programacao-especial\/#primaryimage"},"image":{"@id":"https:\/\/revistaregional.com.br\/site\/2014\/05\/12\/museu-da-musica-tem-programacao-especial\/#primaryimage"},"thumbnailUrl":"https:\/\/revistaregional.com.br\/site\/wp-content\/uploads\/2014\/05\/foto-fachada-do-Museu-da-M\u00fasica-Itu.jpg","datePublished":"2014-05-12T13:28:52+00:00","dateModified":"2024-01-26T13:57:33+00:00","author":{"@id":"https:\/\/revistaregional.com.br\/site\/#\/schema\/person\/382af97c580dc1b18f55107bc316010d"},"breadcrumb":{"@id":"https:\/\/revistaregional.com.br\/site\/2014\/05\/12\/museu-da-musica-tem-programacao-especial\/#breadcrumb"},"inLanguage":"pt-BR","potentialAction":[{"@type":"ReadAction","target":["https:\/\/revistaregional.com.br\/site\/2014\/05\/12\/museu-da-musica-tem-programacao-especial\/"]}]},{"@type":"ImageObject","inLanguage":"pt-BR","@id":"https:\/\/revistaregional.com.br\/site\/2014\/05\/12\/museu-da-musica-tem-programacao-especial\/#primaryimage","url":"https:\/\/revistaregional.com.br\/site\/wp-content\/uploads\/2014\/05\/foto-fachada-do-Museu-da-M\u00fasica-Itu.jpg","contentUrl":"https:\/\/revistaregional.com.br\/site\/wp-content\/uploads\/2014\/05\/foto-fachada-do-Museu-da-M\u00fasica-Itu.jpg","width":"1024","height":"768","caption":"Fachada do Museu da M\u00fasica - Itu"},{"@type":"BreadcrumbList","@id":"https:\/\/revistaregional.com.br\/site\/2014\/05\/12\/museu-da-musica-tem-programacao-especial\/#breadcrumb","itemListElement":[{"@type":"ListItem","position":1,"name":"In\u00edcio","item":"https:\/\/revistaregional.com.br\/site\/"},{"@type":"ListItem","position":2,"name":"Museu da M\u00fasica tem programa\u00e7\u00e3o especial"}]},{"@type":"WebSite","@id":"https:\/\/revistaregional.com.br\/site\/#website","url":"https:\/\/revistaregional.com.br\/site\/","name":"Revista Regional","description":"Salto - Itu - Indaituba","potentialAction":[{"@type":"SearchAction","target":{"@type":"EntryPoint","urlTemplate":"https:\/\/revistaregional.com.br\/site\/?s={search_term_string}"},"query-input":{"@type":"PropertyValueSpecification","valueRequired":true,"valueName":"search_term_string"}}],"inLanguage":"pt-BR"},{"@type":"Person","@id":"https:\/\/revistaregional.com.br\/site\/#\/schema\/person\/382af97c580dc1b18f55107bc316010d","name":"contato@revistaregional.com.br","image":{"@type":"ImageObject","inLanguage":"pt-BR","@id":"https:\/\/secure.gravatar.com\/avatar\/869822917e96b2e292d5827e4635855396934485e7c4a0af84e9a214e32ca0cd?s=96&d=mm&r=g","url":"https:\/\/secure.gravatar.com\/avatar\/869822917e96b2e292d5827e4635855396934485e7c4a0af84e9a214e32ca0cd?s=96&d=mm&r=g","contentUrl":"https:\/\/secure.gravatar.com\/avatar\/869822917e96b2e292d5827e4635855396934485e7c4a0af84e9a214e32ca0cd?s=96&d=mm&r=g","caption":"contato@revistaregional.com.br"},"url":"https:\/\/revistaregional.com.br\/site\/author\/contato@revistaregional.com.br\/"}]}},"views":20,"_links":{"self":[{"href":"https:\/\/revistaregional.com.br\/site\/wp-json\/wp\/v2\/posts\/5993","targetHints":{"allow":["GET"]}}],"collection":[{"href":"https:\/\/revistaregional.com.br\/site\/wp-json\/wp\/v2\/posts"}],"about":[{"href":"https:\/\/revistaregional.com.br\/site\/wp-json\/wp\/v2\/types\/post"}],"author":[{"embeddable":true,"href":"https:\/\/revistaregional.com.br\/site\/wp-json\/wp\/v2\/users\/1"}],"replies":[{"embeddable":true,"href":"https:\/\/revistaregional.com.br\/site\/wp-json\/wp\/v2\/comments?post=5993"}],"version-history":[{"count":3,"href":"https:\/\/revistaregional.com.br\/site\/wp-json\/wp\/v2\/posts\/5993\/revisions"}],"predecessor-version":[{"id":32482,"href":"https:\/\/revistaregional.com.br\/site\/wp-json\/wp\/v2\/posts\/5993\/revisions\/32482"}],"wp:featuredmedia":[{"embeddable":true,"href":"https:\/\/revistaregional.com.br\/site\/wp-json\/wp\/v2\/media\/5994"}],"wp:attachment":[{"href":"https:\/\/revistaregional.com.br\/site\/wp-json\/wp\/v2\/media?parent=5993"}],"wp:term":[{"taxonomy":"category","embeddable":true,"href":"https:\/\/revistaregional.com.br\/site\/wp-json\/wp\/v2\/categories?post=5993"},{"taxonomy":"post_tag","embeddable":true,"href":"https:\/\/revistaregional.com.br\/site\/wp-json\/wp\/v2\/tags?post=5993"}],"curies":[{"name":"wp","href":"https:\/\/api.w.org\/{rel}","templated":true}]}}