{"id":5771,"date":"2014-03-11T16:02:42","date_gmt":"2014-03-11T19:02:42","guid":{"rendered":"http:\/\/revistaregional.com.br\/site\/?p=5771"},"modified":"2024-01-26T10:57:41","modified_gmt":"2024-01-26T13:57:41","slug":"salem-da-imaginacao-em-itu","status":"publish","type":"post","link":"https:\/\/revistaregional.com.br\/site\/2014\/03\/11\/salem-da-imaginacao-em-itu\/","title":{"rendered":"\u2018Sal\u00e9m da Imagina\u00e7\u00e3o\u2019 em Itu"},"content":{"rendered":"<div>\n<figure id=\"attachment_5772\" aria-describedby=\"caption-attachment-5772\" style=\"width: 306px\" class=\"wp-caption alignright\"><a href=\"http:\/\/revistaregional.com.br\/site\/wp-content\/uploads\/2014\/03\/agenda-salem.jpg\" rel=\"attachment wp-att-5772\"><img fetchpriority=\"high\" decoding=\"async\" class=\" wp-image-5772    \" src=\"http:\/\/revistaregional.com.br\/site\/wp-content\/uploads\/2014\/03\/agenda-salem.jpg\" alt=\"\" width=\"306\" height=\"427\" srcset=\"https:\/\/revistaregional.com.br\/site\/wp-content\/uploads\/2014\/03\/agenda-salem.jpg 2362w, https:\/\/revistaregional.com.br\/site\/wp-content\/uploads\/2014\/03\/agenda-salem-214x300.jpg 214w, https:\/\/revistaregional.com.br\/site\/wp-content\/uploads\/2014\/03\/agenda-salem-733x1024.jpg 733w\" sizes=\"(max-width: 306px) 100vw, 306px\" \/><\/a><figcaption id=\"caption-attachment-5772\" class=\"wp-caption-text\">Sal\u00e9m \u00e9 destaque na agenda cultural de mar\u00e7o em Itu<\/figcaption><\/figure>\n<p style=\"text-align: left;\" align=\"center\">Depois da festa de dez anos da Revista Regional, em abril de 2013, Luis Sal\u00e9m est\u00e1 de volta \u00e0 regi\u00e3o, desta vez com o espet\u00e1culo \u201cSal\u00e9m da Imagina\u00e7\u00e3o\u201d, no dia 21 de mar\u00e7o no Teatro Temec, em Itu. A produ\u00e7\u00e3o local \u00e9 da <strong>Teatro GT<\/strong>, com apoio da Revista Regional. Em \u201cSal\u00e9m da Imagina\u00e7\u00e3o\u201d, de Antonio Bivar, com dire\u00e7\u00e3o de Stella Miranda, o ator d\u00e1 vida a um famoso showman que entra em desespero quando se d\u00e1 conta que ao final de seu n\u00famero musical, que dura apenas cinco minutos, ainda precisa entreter a plateia que o assiste com mais 60 minutos de show. Em p\u00e2nico, ele pede socorro ao p\u00fablico para que possam juntos construir o desenrolar do espet\u00e1culo. A partir dessa resposta, o contexto da hist\u00f3ria come\u00e7a a mudar e toma um ritmo fren\u00e9tico. <em>&#8220;Essa experi\u00eancia \u00e9 t\u00e3o assustadora que chega a ser engra\u00e7ada. Busco os mais variados assuntos para divertir o p\u00fablico, desde a busca de Deus at\u00e9 a receita para arrumar namorado&#8221;,<\/em> conta o ator. Leitores da Revista Regional t\u00eam desconto; basta levar o b\u00f4nus publicado nesta edi\u00e7\u00e3o.<strong><\/strong><\/p>\n<p style=\"text-align: left;\" align=\"center\"><strong>MAIS:\u00a0<\/strong>Dia 21 de mar\u00e7o, \u00e0s 21h, no Teatro Temec (rua Cuiab\u00e1, 51 \u2013 Bairro Brasil \u2013 Itu). Telefone: (11) 4022-0206 \u2013 <a href=\"http:\/\/www.teatrogt.com.br\/\">www.teatrogt.com.br<\/a><\/p>\n<\/div>\n<p style=\"text-align: left;\"><em>foto: Divulga\u00e7\u00e3o<\/em><\/p>\n","protected":false},"excerpt":{"rendered":"<p>Depois da festa de dez anos da Revista Regional, em abril de 2013, Luis Sal\u00e9m est\u00e1 de volta \u00e0 regi\u00e3o, desta vez com o espet\u00e1culo \u201cSal\u00e9m da Imagina\u00e7\u00e3o\u201d, no dia 21 de mar\u00e7o no Teatro Temec, em Itu. A produ\u00e7\u00e3o local \u00e9 da Teatro GT, com apoio da Revista Regional. Em \u201cSal\u00e9m da Imagina\u00e7\u00e3o\u201d, de [&hellip;]<\/p>\n","protected":false},"author":1,"featured_media":5775,"comment_status":"open","ping_status":"open","sticky":false,"template":"","format":"standard","meta":{"_acf_changed":false,"ngg_post_thumbnail":0,"_joinchat":[],"footnotes":""},"categories":[4],"tags":[533],"class_list":["post-5771","post","type-post","status-publish","format-standard","has-post-thumbnail","hentry","category-cultura","tag-cultura"],"acf":[],"yoast_head":"<!-- This site is optimized with the Yoast SEO plugin v27.4 - https:\/\/yoast.com\/product\/yoast-seo-wordpress\/ -->\n<title>\u2018Sal\u00e9m da Imagina\u00e7\u00e3o\u2019 em Itu - Revista Regional<\/title>\n<meta name=\"robots\" content=\"index, follow, max-snippet:-1, max-image-preview:large, max-video-preview:-1\" \/>\n<link rel=\"canonical\" href=\"https:\/\/revistaregional.com.br\/site\/2014\/03\/11\/salem-da-imaginacao-em-itu\/\" \/>\n<meta property=\"og:locale\" content=\"pt_BR\" \/>\n<meta property=\"og:type\" content=\"article\" \/>\n<meta property=\"og:title\" content=\"\u2018Sal\u00e9m da Imagina\u00e7\u00e3o\u2019 em Itu - Revista Regional\" \/>\n<meta property=\"og:description\" content=\"Depois da festa de dez anos da Revista Regional, em abril de 2013, Luis Sal\u00e9m est\u00e1 de volta \u00e0 regi\u00e3o, desta vez com o espet\u00e1culo \u201cSal\u00e9m da Imagina\u00e7\u00e3o\u201d, no dia 21 de mar\u00e7o no Teatro Temec, em Itu. A produ\u00e7\u00e3o local \u00e9 da Teatro GT, com apoio da Revista Regional. Em \u201cSal\u00e9m da Imagina\u00e7\u00e3o\u201d, de [&hellip;]\" \/>\n<meta property=\"og:url\" content=\"https:\/\/revistaregional.com.br\/site\/2014\/03\/11\/salem-da-imaginacao-em-itu\/\" \/>\n<meta property=\"og:site_name\" content=\"Revista Regional\" \/>\n<meta property=\"article:published_time\" content=\"2014-03-11T19:02:42+00:00\" \/>\n<meta property=\"article:modified_time\" content=\"2024-01-26T13:57:41+00:00\" \/>\n<meta property=\"og:image\" content=\"https:\/\/revistaregional.com.br\/site\/wp-content\/uploads\/2014\/03\/agenda-salem1.jpg\" \/>\n\t<meta property=\"og:image:width\" content=\"2362\" \/>\n\t<meta property=\"og:image:height\" content=\"1138\" \/>\n\t<meta property=\"og:image:type\" content=\"image\/jpeg\" \/>\n<meta name=\"author\" content=\"contato@revistaregional.com.br\" \/>\n<meta name=\"twitter:card\" content=\"summary_large_image\" \/>\n<meta name=\"twitter:label1\" content=\"Escrito por\" \/>\n\t<meta name=\"twitter:data1\" content=\"contato@revistaregional.com.br\" \/>\n\t<meta name=\"twitter:label2\" content=\"Est. tempo de leitura\" \/>\n\t<meta name=\"twitter:data2\" content=\"1 minuto\" \/>\n<script type=\"application\/ld+json\" class=\"yoast-schema-graph\">{\"@context\":\"https:\\\/\\\/schema.org\",\"@graph\":[{\"@type\":\"Article\",\"@id\":\"https:\\\/\\\/revistaregional.com.br\\\/site\\\/2014\\\/03\\\/11\\\/salem-da-imaginacao-em-itu\\\/#article\",\"isPartOf\":{\"@id\":\"https:\\\/\\\/revistaregional.com.br\\\/site\\\/2014\\\/03\\\/11\\\/salem-da-imaginacao-em-itu\\\/\"},\"author\":{\"name\":\"contato@revistaregional.com.br\",\"@id\":\"https:\\\/\\\/revistaregional.com.br\\\/site\\\/#\\\/schema\\\/person\\\/382af97c580dc1b18f55107bc316010d\"},\"headline\":\"\u2018Sal\u00e9m da Imagina\u00e7\u00e3o\u2019 em Itu\",\"datePublished\":\"2014-03-11T19:02:42+00:00\",\"dateModified\":\"2024-01-26T13:57:41+00:00\",\"mainEntityOfPage\":{\"@id\":\"https:\\\/\\\/revistaregional.com.br\\\/site\\\/2014\\\/03\\\/11\\\/salem-da-imaginacao-em-itu\\\/\"},\"wordCount\":249,\"commentCount\":0,\"image\":{\"@id\":\"https:\\\/\\\/revistaregional.com.br\\\/site\\\/2014\\\/03\\\/11\\\/salem-da-imaginacao-em-itu\\\/#primaryimage\"},\"thumbnailUrl\":\"https:\\\/\\\/revistaregional.com.br\\\/site\\\/wp-content\\\/uploads\\\/2014\\\/03\\\/agenda-salem1.jpg\",\"keywords\":[\"Cultura\"],\"articleSection\":[\"Cultura\"],\"inLanguage\":\"pt-BR\",\"potentialAction\":[{\"@type\":\"CommentAction\",\"name\":\"Comment\",\"target\":[\"https:\\\/\\\/revistaregional.com.br\\\/site\\\/2014\\\/03\\\/11\\\/salem-da-imaginacao-em-itu\\\/#respond\"]}]},{\"@type\":\"WebPage\",\"@id\":\"https:\\\/\\\/revistaregional.com.br\\\/site\\\/2014\\\/03\\\/11\\\/salem-da-imaginacao-em-itu\\\/\",\"url\":\"https:\\\/\\\/revistaregional.com.br\\\/site\\\/2014\\\/03\\\/11\\\/salem-da-imaginacao-em-itu\\\/\",\"name\":\"\u2018Sal\u00e9m da Imagina\u00e7\u00e3o\u2019 em Itu - Revista Regional\",\"isPartOf\":{\"@id\":\"https:\\\/\\\/revistaregional.com.br\\\/site\\\/#website\"},\"primaryImageOfPage\":{\"@id\":\"https:\\\/\\\/revistaregional.com.br\\\/site\\\/2014\\\/03\\\/11\\\/salem-da-imaginacao-em-itu\\\/#primaryimage\"},\"image\":{\"@id\":\"https:\\\/\\\/revistaregional.com.br\\\/site\\\/2014\\\/03\\\/11\\\/salem-da-imaginacao-em-itu\\\/#primaryimage\"},\"thumbnailUrl\":\"https:\\\/\\\/revistaregional.com.br\\\/site\\\/wp-content\\\/uploads\\\/2014\\\/03\\\/agenda-salem1.jpg\",\"datePublished\":\"2014-03-11T19:02:42+00:00\",\"dateModified\":\"2024-01-26T13:57:41+00:00\",\"author\":{\"@id\":\"https:\\\/\\\/revistaregional.com.br\\\/site\\\/#\\\/schema\\\/person\\\/382af97c580dc1b18f55107bc316010d\"},\"breadcrumb\":{\"@id\":\"https:\\\/\\\/revistaregional.com.br\\\/site\\\/2014\\\/03\\\/11\\\/salem-da-imaginacao-em-itu\\\/#breadcrumb\"},\"inLanguage\":\"pt-BR\",\"potentialAction\":[{\"@type\":\"ReadAction\",\"target\":[\"https:\\\/\\\/revistaregional.com.br\\\/site\\\/2014\\\/03\\\/11\\\/salem-da-imaginacao-em-itu\\\/\"]}]},{\"@type\":\"ImageObject\",\"inLanguage\":\"pt-BR\",\"@id\":\"https:\\\/\\\/revistaregional.com.br\\\/site\\\/2014\\\/03\\\/11\\\/salem-da-imaginacao-em-itu\\\/#primaryimage\",\"url\":\"https:\\\/\\\/revistaregional.com.br\\\/site\\\/wp-content\\\/uploads\\\/2014\\\/03\\\/agenda-salem1.jpg\",\"contentUrl\":\"https:\\\/\\\/revistaregional.com.br\\\/site\\\/wp-content\\\/uploads\\\/2014\\\/03\\\/agenda-salem1.jpg\",\"width\":\"2362\",\"height\":\"1138\"},{\"@type\":\"BreadcrumbList\",\"@id\":\"https:\\\/\\\/revistaregional.com.br\\\/site\\\/2014\\\/03\\\/11\\\/salem-da-imaginacao-em-itu\\\/#breadcrumb\",\"itemListElement\":[{\"@type\":\"ListItem\",\"position\":1,\"name\":\"In\u00edcio\",\"item\":\"https:\\\/\\\/revistaregional.com.br\\\/site\\\/\"},{\"@type\":\"ListItem\",\"position\":2,\"name\":\"\u2018Sal\u00e9m da Imagina\u00e7\u00e3o\u2019 em Itu\"}]},{\"@type\":\"WebSite\",\"@id\":\"https:\\\/\\\/revistaregional.com.br\\\/site\\\/#website\",\"url\":\"https:\\\/\\\/revistaregional.com.br\\\/site\\\/\",\"name\":\"Revista Regional\",\"description\":\"Salto - Itu - Indaituba\",\"potentialAction\":[{\"@type\":\"SearchAction\",\"target\":{\"@type\":\"EntryPoint\",\"urlTemplate\":\"https:\\\/\\\/revistaregional.com.br\\\/site\\\/?s={search_term_string}\"},\"query-input\":{\"@type\":\"PropertyValueSpecification\",\"valueRequired\":true,\"valueName\":\"search_term_string\"}}],\"inLanguage\":\"pt-BR\"},{\"@type\":\"Person\",\"@id\":\"https:\\\/\\\/revistaregional.com.br\\\/site\\\/#\\\/schema\\\/person\\\/382af97c580dc1b18f55107bc316010d\",\"name\":\"contato@revistaregional.com.br\",\"image\":{\"@type\":\"ImageObject\",\"inLanguage\":\"pt-BR\",\"@id\":\"https:\\\/\\\/secure.gravatar.com\\\/avatar\\\/869822917e96b2e292d5827e4635855396934485e7c4a0af84e9a214e32ca0cd?s=96&d=mm&r=g\",\"url\":\"https:\\\/\\\/secure.gravatar.com\\\/avatar\\\/869822917e96b2e292d5827e4635855396934485e7c4a0af84e9a214e32ca0cd?s=96&d=mm&r=g\",\"contentUrl\":\"https:\\\/\\\/secure.gravatar.com\\\/avatar\\\/869822917e96b2e292d5827e4635855396934485e7c4a0af84e9a214e32ca0cd?s=96&d=mm&r=g\",\"caption\":\"contato@revistaregional.com.br\"},\"url\":\"https:\\\/\\\/revistaregional.com.br\\\/site\\\/author\\\/contato@revistaregional.com.br\\\/\"}]}<\/script>\n<!-- \/ Yoast SEO plugin. -->","yoast_head_json":{"title":"\u2018Sal\u00e9m da Imagina\u00e7\u00e3o\u2019 em Itu - Revista Regional","robots":{"index":"index","follow":"follow","max-snippet":"max-snippet:-1","max-image-preview":"max-image-preview:large","max-video-preview":"max-video-preview:-1"},"canonical":"https:\/\/revistaregional.com.br\/site\/2014\/03\/11\/salem-da-imaginacao-em-itu\/","og_locale":"pt_BR","og_type":"article","og_title":"\u2018Sal\u00e9m da Imagina\u00e7\u00e3o\u2019 em Itu - Revista Regional","og_description":"Depois da festa de dez anos da Revista Regional, em abril de 2013, Luis Sal\u00e9m est\u00e1 de volta \u00e0 regi\u00e3o, desta vez com o espet\u00e1culo \u201cSal\u00e9m da Imagina\u00e7\u00e3o\u201d, no dia 21 de mar\u00e7o no Teatro Temec, em Itu. A produ\u00e7\u00e3o local \u00e9 da Teatro GT, com apoio da Revista Regional. Em \u201cSal\u00e9m da Imagina\u00e7\u00e3o\u201d, de [&hellip;]","og_url":"https:\/\/revistaregional.com.br\/site\/2014\/03\/11\/salem-da-imaginacao-em-itu\/","og_site_name":"Revista Regional","article_published_time":"2014-03-11T19:02:42+00:00","article_modified_time":"2024-01-26T13:57:41+00:00","og_image":[{"width":2362,"height":1138,"url":"https:\/\/revistaregional.com.br\/site\/wp-content\/uploads\/2014\/03\/agenda-salem1.jpg","type":"image\/jpeg"}],"author":"contato@revistaregional.com.br","twitter_card":"summary_large_image","twitter_misc":{"Escrito por":"contato@revistaregional.com.br","Est. tempo de leitura":"1 minuto"},"schema":{"@context":"https:\/\/schema.org","@graph":[{"@type":"Article","@id":"https:\/\/revistaregional.com.br\/site\/2014\/03\/11\/salem-da-imaginacao-em-itu\/#article","isPartOf":{"@id":"https:\/\/revistaregional.com.br\/site\/2014\/03\/11\/salem-da-imaginacao-em-itu\/"},"author":{"name":"contato@revistaregional.com.br","@id":"https:\/\/revistaregional.com.br\/site\/#\/schema\/person\/382af97c580dc1b18f55107bc316010d"},"headline":"\u2018Sal\u00e9m da Imagina\u00e7\u00e3o\u2019 em Itu","datePublished":"2014-03-11T19:02:42+00:00","dateModified":"2024-01-26T13:57:41+00:00","mainEntityOfPage":{"@id":"https:\/\/revistaregional.com.br\/site\/2014\/03\/11\/salem-da-imaginacao-em-itu\/"},"wordCount":249,"commentCount":0,"image":{"@id":"https:\/\/revistaregional.com.br\/site\/2014\/03\/11\/salem-da-imaginacao-em-itu\/#primaryimage"},"thumbnailUrl":"https:\/\/revistaregional.com.br\/site\/wp-content\/uploads\/2014\/03\/agenda-salem1.jpg","keywords":["Cultura"],"articleSection":["Cultura"],"inLanguage":"pt-BR","potentialAction":[{"@type":"CommentAction","name":"Comment","target":["https:\/\/revistaregional.com.br\/site\/2014\/03\/11\/salem-da-imaginacao-em-itu\/#respond"]}]},{"@type":"WebPage","@id":"https:\/\/revistaregional.com.br\/site\/2014\/03\/11\/salem-da-imaginacao-em-itu\/","url":"https:\/\/revistaregional.com.br\/site\/2014\/03\/11\/salem-da-imaginacao-em-itu\/","name":"\u2018Sal\u00e9m da Imagina\u00e7\u00e3o\u2019 em Itu - Revista Regional","isPartOf":{"@id":"https:\/\/revistaregional.com.br\/site\/#website"},"primaryImageOfPage":{"@id":"https:\/\/revistaregional.com.br\/site\/2014\/03\/11\/salem-da-imaginacao-em-itu\/#primaryimage"},"image":{"@id":"https:\/\/revistaregional.com.br\/site\/2014\/03\/11\/salem-da-imaginacao-em-itu\/#primaryimage"},"thumbnailUrl":"https:\/\/revistaregional.com.br\/site\/wp-content\/uploads\/2014\/03\/agenda-salem1.jpg","datePublished":"2014-03-11T19:02:42+00:00","dateModified":"2024-01-26T13:57:41+00:00","author":{"@id":"https:\/\/revistaregional.com.br\/site\/#\/schema\/person\/382af97c580dc1b18f55107bc316010d"},"breadcrumb":{"@id":"https:\/\/revistaregional.com.br\/site\/2014\/03\/11\/salem-da-imaginacao-em-itu\/#breadcrumb"},"inLanguage":"pt-BR","potentialAction":[{"@type":"ReadAction","target":["https:\/\/revistaregional.com.br\/site\/2014\/03\/11\/salem-da-imaginacao-em-itu\/"]}]},{"@type":"ImageObject","inLanguage":"pt-BR","@id":"https:\/\/revistaregional.com.br\/site\/2014\/03\/11\/salem-da-imaginacao-em-itu\/#primaryimage","url":"https:\/\/revistaregional.com.br\/site\/wp-content\/uploads\/2014\/03\/agenda-salem1.jpg","contentUrl":"https:\/\/revistaregional.com.br\/site\/wp-content\/uploads\/2014\/03\/agenda-salem1.jpg","width":"2362","height":"1138"},{"@type":"BreadcrumbList","@id":"https:\/\/revistaregional.com.br\/site\/2014\/03\/11\/salem-da-imaginacao-em-itu\/#breadcrumb","itemListElement":[{"@type":"ListItem","position":1,"name":"In\u00edcio","item":"https:\/\/revistaregional.com.br\/site\/"},{"@type":"ListItem","position":2,"name":"\u2018Sal\u00e9m da Imagina\u00e7\u00e3o\u2019 em Itu"}]},{"@type":"WebSite","@id":"https:\/\/revistaregional.com.br\/site\/#website","url":"https:\/\/revistaregional.com.br\/site\/","name":"Revista Regional","description":"Salto - Itu - Indaituba","potentialAction":[{"@type":"SearchAction","target":{"@type":"EntryPoint","urlTemplate":"https:\/\/revistaregional.com.br\/site\/?s={search_term_string}"},"query-input":{"@type":"PropertyValueSpecification","valueRequired":true,"valueName":"search_term_string"}}],"inLanguage":"pt-BR"},{"@type":"Person","@id":"https:\/\/revistaregional.com.br\/site\/#\/schema\/person\/382af97c580dc1b18f55107bc316010d","name":"contato@revistaregional.com.br","image":{"@type":"ImageObject","inLanguage":"pt-BR","@id":"https:\/\/secure.gravatar.com\/avatar\/869822917e96b2e292d5827e4635855396934485e7c4a0af84e9a214e32ca0cd?s=96&d=mm&r=g","url":"https:\/\/secure.gravatar.com\/avatar\/869822917e96b2e292d5827e4635855396934485e7c4a0af84e9a214e32ca0cd?s=96&d=mm&r=g","contentUrl":"https:\/\/secure.gravatar.com\/avatar\/869822917e96b2e292d5827e4635855396934485e7c4a0af84e9a214e32ca0cd?s=96&d=mm&r=g","caption":"contato@revistaregional.com.br"},"url":"https:\/\/revistaregional.com.br\/site\/author\/contato@revistaregional.com.br\/"}]}},"views":46,"_links":{"self":[{"href":"https:\/\/revistaregional.com.br\/site\/wp-json\/wp\/v2\/posts\/5771","targetHints":{"allow":["GET"]}}],"collection":[{"href":"https:\/\/revistaregional.com.br\/site\/wp-json\/wp\/v2\/posts"}],"about":[{"href":"https:\/\/revistaregional.com.br\/site\/wp-json\/wp\/v2\/types\/post"}],"author":[{"embeddable":true,"href":"https:\/\/revistaregional.com.br\/site\/wp-json\/wp\/v2\/users\/1"}],"replies":[{"embeddable":true,"href":"https:\/\/revistaregional.com.br\/site\/wp-json\/wp\/v2\/comments?post=5771"}],"version-history":[{"count":4,"href":"https:\/\/revistaregional.com.br\/site\/wp-json\/wp\/v2\/posts\/5771\/revisions"}],"predecessor-version":[{"id":32487,"href":"https:\/\/revistaregional.com.br\/site\/wp-json\/wp\/v2\/posts\/5771\/revisions\/32487"}],"wp:featuredmedia":[{"embeddable":true,"href":"https:\/\/revistaregional.com.br\/site\/wp-json\/wp\/v2\/media\/5775"}],"wp:attachment":[{"href":"https:\/\/revistaregional.com.br\/site\/wp-json\/wp\/v2\/media?parent=5771"}],"wp:term":[{"taxonomy":"category","embeddable":true,"href":"https:\/\/revistaregional.com.br\/site\/wp-json\/wp\/v2\/categories?post=5771"},{"taxonomy":"post_tag","embeddable":true,"href":"https:\/\/revistaregional.com.br\/site\/wp-json\/wp\/v2\/tags?post=5771"}],"curies":[{"name":"wp","href":"https:\/\/api.w.org\/{rel}","templated":true}]}}