{"id":5767,"date":"2014-03-10T13:16:27","date_gmt":"2014-03-10T16:16:27","guid":{"rendered":"http:\/\/revistaregional.com.br\/site\/?p=5767"},"modified":"2024-01-26T10:02:07","modified_gmt":"2024-01-26T13:02:07","slug":"pro-memoria-expoe-seus-20-anos","status":"publish","type":"post","link":"https:\/\/revistaregional.com.br\/site\/2014\/03\/10\/pro-memoria-expoe-seus-20-anos\/","title":{"rendered":"Pr\u00f3-Mem\u00f3ria exp\u00f5e seus 20 anos"},"content":{"rendered":"<figure id=\"attachment_5768\" aria-describedby=\"caption-attachment-5768\" style=\"width: 384px\" class=\"wp-caption aligncenter\"><a href=\"http:\/\/revistaregional.com.br\/site\/wp-content\/uploads\/2014\/03\/regionais-funda\u00e7\u00e3o-pro-memoria-2.jpg\" rel=\"attachment wp-att-5768\"><img fetchpriority=\"high\" decoding=\"async\" class=\" wp-image-5768 \" src=\"http:\/\/revistaregional.com.br\/site\/wp-content\/uploads\/2014\/03\/regionais-funda\u00e7\u00e3o-pro-memoria-2.jpg\" alt=\"\" width=\"384\" height=\"288\" srcset=\"https:\/\/revistaregional.com.br\/site\/wp-content\/uploads\/2014\/03\/regionais-funda\u00e7\u00e3o-pro-memoria-2.jpg 640w, https:\/\/revistaregional.com.br\/site\/wp-content\/uploads\/2014\/03\/regionais-funda\u00e7\u00e3o-pro-memoria-2-300x225.jpg 300w\" sizes=\"(max-width: 384px) 100vw, 384px\" \/><\/a><figcaption id=\"caption-attachment-5768\" class=\"wp-caption-text\">Exposi\u00e7\u00e3o no Polo Shopping segue at\u00e9 dia 10<\/figcaption><\/figure>\n<p>Para comemorar seus 20 anos, a Funda\u00e7\u00e3o Pr\u00f3-Mem\u00f3ria de Indaiatuba preparou diversas atividades comemorativas. Segundo o seu superintendente, Carlos Gustavo N\u00f3brega de Jesus, a mais relevante \u00e9 a reinaugura\u00e7\u00e3o do Casar\u00e3o Pau Preto, que dever\u00e1 acontecer no dia 27 de abril. \u201cEstamos fazendo todo o restaurado e reformulado, para atender com maior comodidade a popula\u00e7\u00e3o. Estar\u00e1 mais pr\u00f3ximo do original do que era antes das obras\u201d, comemora. Al\u00e9m disso, a Funda\u00e7\u00e3o preparou uma s\u00e9rie de iniciativas, que vem evidenciar seus prop\u00f3sitos, como a exposi\u00e7\u00e3o \u201c20 Anos da Funda\u00e7\u00e3o Pr\u00f3-Mem\u00f3ria: o restauro do Casar\u00e3o Pau Preto\u201d, com fotografias que mostram cronologicamente as fases deste patrim\u00f4nio hist\u00f3rico, desde o s\u00e9culo XIX at\u00e9 sua atual restaura\u00e7\u00e3o. A exposi\u00e7\u00e3o, no Polo Shopping Indaiatuba, termina no dia 10 de mar\u00e7o, mas por ser itinerante ser\u00e1 transferida para um novo local.<\/p>\n<p><em>\u00a0fotos: Divulga\u00e7\u00e3o\/Prefeitura-Indaiatuba<\/em><\/p>\n","protected":false},"excerpt":{"rendered":"<p>Para comemorar seus 20 anos, a Funda\u00e7\u00e3o Pr\u00f3-Mem\u00f3ria de Indaiatuba preparou diversas atividades comemorativas. Segundo o seu superintendente, Carlos Gustavo N\u00f3brega de Jesus, a mais relevante \u00e9 a reinaugura\u00e7\u00e3o do Casar\u00e3o Pau Preto, que dever\u00e1 acontecer no dia 27 de abril. \u201cEstamos fazendo todo o restaurado e reformulado, para atender com maior comodidade a popula\u00e7\u00e3o. [&hellip;]<\/p>\n","protected":false},"author":1,"featured_media":5768,"comment_status":"open","ping_status":"open","sticky":false,"template":"","format":"standard","meta":{"_acf_changed":false,"ngg_post_thumbnail":0,"_joinchat":[],"footnotes":""},"categories":[12],"tags":[527],"class_list":["post-5767","post","type-post","status-publish","format-standard","has-post-thumbnail","hentry","category-regionais","tag-regionais"],"acf":[],"yoast_head":"<!-- This site is optimized with the Yoast SEO plugin v27.4 - https:\/\/yoast.com\/product\/yoast-seo-wordpress\/ -->\n<title>Pr\u00f3-Mem\u00f3ria exp\u00f5e seus 20 anos - Revista Regional<\/title>\n<meta name=\"robots\" content=\"index, follow, max-snippet:-1, max-image-preview:large, max-video-preview:-1\" \/>\n<link rel=\"canonical\" href=\"https:\/\/revistaregional.com.br\/site\/2014\/03\/10\/pro-memoria-expoe-seus-20-anos\/\" \/>\n<meta property=\"og:locale\" content=\"pt_BR\" \/>\n<meta property=\"og:type\" content=\"article\" \/>\n<meta property=\"og:title\" content=\"Pr\u00f3-Mem\u00f3ria exp\u00f5e seus 20 anos - Revista Regional\" \/>\n<meta property=\"og:description\" content=\"Para comemorar seus 20 anos, a Funda\u00e7\u00e3o Pr\u00f3-Mem\u00f3ria de Indaiatuba preparou diversas atividades comemorativas. Segundo o seu superintendente, Carlos Gustavo N\u00f3brega de Jesus, a mais relevante \u00e9 a reinaugura\u00e7\u00e3o do Casar\u00e3o Pau Preto, que dever\u00e1 acontecer no dia 27 de abril. \u201cEstamos fazendo todo o restaurado e reformulado, para atender com maior comodidade a popula\u00e7\u00e3o. [&hellip;]\" \/>\n<meta property=\"og:url\" content=\"https:\/\/revistaregional.com.br\/site\/2014\/03\/10\/pro-memoria-expoe-seus-20-anos\/\" \/>\n<meta property=\"og:site_name\" content=\"Revista Regional\" \/>\n<meta property=\"article:published_time\" content=\"2014-03-10T16:16:27+00:00\" \/>\n<meta property=\"article:modified_time\" content=\"2024-01-26T13:02:07+00:00\" \/>\n<meta property=\"og:image\" content=\"https:\/\/revistaregional.com.br\/site\/wp-content\/uploads\/2014\/03\/regionais-funda\u00e7\u00e3o-pro-memoria-2.jpg\" \/>\n\t<meta property=\"og:image:width\" content=\"640\" \/>\n\t<meta property=\"og:image:height\" content=\"480\" \/>\n\t<meta property=\"og:image:type\" content=\"image\/jpeg\" \/>\n<meta name=\"author\" content=\"contato@revistaregional.com.br\" \/>\n<meta name=\"twitter:card\" content=\"summary_large_image\" \/>\n<meta name=\"twitter:label1\" content=\"Escrito por\" \/>\n\t<meta name=\"twitter:data1\" content=\"contato@revistaregional.com.br\" \/>\n\t<meta name=\"twitter:label2\" content=\"Est. tempo de leitura\" \/>\n\t<meta name=\"twitter:data2\" content=\"1 minuto\" \/>\n<script type=\"application\/ld+json\" class=\"yoast-schema-graph\">{\"@context\":\"https:\\\/\\\/schema.org\",\"@graph\":[{\"@type\":\"Article\",\"@id\":\"https:\\\/\\\/revistaregional.com.br\\\/site\\\/2014\\\/03\\\/10\\\/pro-memoria-expoe-seus-20-anos\\\/#article\",\"isPartOf\":{\"@id\":\"https:\\\/\\\/revistaregional.com.br\\\/site\\\/2014\\\/03\\\/10\\\/pro-memoria-expoe-seus-20-anos\\\/\"},\"author\":{\"name\":\"contato@revistaregional.com.br\",\"@id\":\"https:\\\/\\\/revistaregional.com.br\\\/site\\\/#\\\/schema\\\/person\\\/382af97c580dc1b18f55107bc316010d\"},\"headline\":\"Pr\u00f3-Mem\u00f3ria exp\u00f5e seus 20 anos\",\"datePublished\":\"2014-03-10T16:16:27+00:00\",\"dateModified\":\"2024-01-26T13:02:07+00:00\",\"mainEntityOfPage\":{\"@id\":\"https:\\\/\\\/revistaregional.com.br\\\/site\\\/2014\\\/03\\\/10\\\/pro-memoria-expoe-seus-20-anos\\\/\"},\"wordCount\":179,\"commentCount\":0,\"image\":{\"@id\":\"https:\\\/\\\/revistaregional.com.br\\\/site\\\/2014\\\/03\\\/10\\\/pro-memoria-expoe-seus-20-anos\\\/#primaryimage\"},\"thumbnailUrl\":\"https:\\\/\\\/revistaregional.com.br\\\/site\\\/wp-content\\\/uploads\\\/2014\\\/03\\\/regionais-funda\u00e7\u00e3o-pro-memoria-2.jpg\",\"keywords\":[\"Regionais\"],\"articleSection\":[\"Regionais\"],\"inLanguage\":\"pt-BR\",\"potentialAction\":[{\"@type\":\"CommentAction\",\"name\":\"Comment\",\"target\":[\"https:\\\/\\\/revistaregional.com.br\\\/site\\\/2014\\\/03\\\/10\\\/pro-memoria-expoe-seus-20-anos\\\/#respond\"]}]},{\"@type\":\"WebPage\",\"@id\":\"https:\\\/\\\/revistaregional.com.br\\\/site\\\/2014\\\/03\\\/10\\\/pro-memoria-expoe-seus-20-anos\\\/\",\"url\":\"https:\\\/\\\/revistaregional.com.br\\\/site\\\/2014\\\/03\\\/10\\\/pro-memoria-expoe-seus-20-anos\\\/\",\"name\":\"Pr\u00f3-Mem\u00f3ria exp\u00f5e seus 20 anos - Revista Regional\",\"isPartOf\":{\"@id\":\"https:\\\/\\\/revistaregional.com.br\\\/site\\\/#website\"},\"primaryImageOfPage\":{\"@id\":\"https:\\\/\\\/revistaregional.com.br\\\/site\\\/2014\\\/03\\\/10\\\/pro-memoria-expoe-seus-20-anos\\\/#primaryimage\"},\"image\":{\"@id\":\"https:\\\/\\\/revistaregional.com.br\\\/site\\\/2014\\\/03\\\/10\\\/pro-memoria-expoe-seus-20-anos\\\/#primaryimage\"},\"thumbnailUrl\":\"https:\\\/\\\/revistaregional.com.br\\\/site\\\/wp-content\\\/uploads\\\/2014\\\/03\\\/regionais-funda\u00e7\u00e3o-pro-memoria-2.jpg\",\"datePublished\":\"2014-03-10T16:16:27+00:00\",\"dateModified\":\"2024-01-26T13:02:07+00:00\",\"author\":{\"@id\":\"https:\\\/\\\/revistaregional.com.br\\\/site\\\/#\\\/schema\\\/person\\\/382af97c580dc1b18f55107bc316010d\"},\"breadcrumb\":{\"@id\":\"https:\\\/\\\/revistaregional.com.br\\\/site\\\/2014\\\/03\\\/10\\\/pro-memoria-expoe-seus-20-anos\\\/#breadcrumb\"},\"inLanguage\":\"pt-BR\",\"potentialAction\":[{\"@type\":\"ReadAction\",\"target\":[\"https:\\\/\\\/revistaregional.com.br\\\/site\\\/2014\\\/03\\\/10\\\/pro-memoria-expoe-seus-20-anos\\\/\"]}]},{\"@type\":\"ImageObject\",\"inLanguage\":\"pt-BR\",\"@id\":\"https:\\\/\\\/revistaregional.com.br\\\/site\\\/2014\\\/03\\\/10\\\/pro-memoria-expoe-seus-20-anos\\\/#primaryimage\",\"url\":\"https:\\\/\\\/revistaregional.com.br\\\/site\\\/wp-content\\\/uploads\\\/2014\\\/03\\\/regionais-funda\u00e7\u00e3o-pro-memoria-2.jpg\",\"contentUrl\":\"https:\\\/\\\/revistaregional.com.br\\\/site\\\/wp-content\\\/uploads\\\/2014\\\/03\\\/regionais-funda\u00e7\u00e3o-pro-memoria-2.jpg\",\"width\":\"640\",\"height\":\"480\",\"caption\":\"Exposi\u00e7\u00e3o no Polo Shopping segue at\u00e9 dia 10\"},{\"@type\":\"BreadcrumbList\",\"@id\":\"https:\\\/\\\/revistaregional.com.br\\\/site\\\/2014\\\/03\\\/10\\\/pro-memoria-expoe-seus-20-anos\\\/#breadcrumb\",\"itemListElement\":[{\"@type\":\"ListItem\",\"position\":1,\"name\":\"In\u00edcio\",\"item\":\"https:\\\/\\\/revistaregional.com.br\\\/site\\\/\"},{\"@type\":\"ListItem\",\"position\":2,\"name\":\"Pr\u00f3-Mem\u00f3ria exp\u00f5e seus 20 anos\"}]},{\"@type\":\"WebSite\",\"@id\":\"https:\\\/\\\/revistaregional.com.br\\\/site\\\/#website\",\"url\":\"https:\\\/\\\/revistaregional.com.br\\\/site\\\/\",\"name\":\"Revista Regional\",\"description\":\"Salto - Itu - Indaituba\",\"potentialAction\":[{\"@type\":\"SearchAction\",\"target\":{\"@type\":\"EntryPoint\",\"urlTemplate\":\"https:\\\/\\\/revistaregional.com.br\\\/site\\\/?s={search_term_string}\"},\"query-input\":{\"@type\":\"PropertyValueSpecification\",\"valueRequired\":true,\"valueName\":\"search_term_string\"}}],\"inLanguage\":\"pt-BR\"},{\"@type\":\"Person\",\"@id\":\"https:\\\/\\\/revistaregional.com.br\\\/site\\\/#\\\/schema\\\/person\\\/382af97c580dc1b18f55107bc316010d\",\"name\":\"contato@revistaregional.com.br\",\"image\":{\"@type\":\"ImageObject\",\"inLanguage\":\"pt-BR\",\"@id\":\"https:\\\/\\\/secure.gravatar.com\\\/avatar\\\/869822917e96b2e292d5827e4635855396934485e7c4a0af84e9a214e32ca0cd?s=96&d=mm&r=g\",\"url\":\"https:\\\/\\\/secure.gravatar.com\\\/avatar\\\/869822917e96b2e292d5827e4635855396934485e7c4a0af84e9a214e32ca0cd?s=96&d=mm&r=g\",\"contentUrl\":\"https:\\\/\\\/secure.gravatar.com\\\/avatar\\\/869822917e96b2e292d5827e4635855396934485e7c4a0af84e9a214e32ca0cd?s=96&d=mm&r=g\",\"caption\":\"contato@revistaregional.com.br\"},\"url\":\"https:\\\/\\\/revistaregional.com.br\\\/site\\\/author\\\/contato@revistaregional.com.br\\\/\"}]}<\/script>\n<!-- \/ Yoast SEO plugin. -->","yoast_head_json":{"title":"Pr\u00f3-Mem\u00f3ria exp\u00f5e seus 20 anos - Revista Regional","robots":{"index":"index","follow":"follow","max-snippet":"max-snippet:-1","max-image-preview":"max-image-preview:large","max-video-preview":"max-video-preview:-1"},"canonical":"https:\/\/revistaregional.com.br\/site\/2014\/03\/10\/pro-memoria-expoe-seus-20-anos\/","og_locale":"pt_BR","og_type":"article","og_title":"Pr\u00f3-Mem\u00f3ria exp\u00f5e seus 20 anos - Revista Regional","og_description":"Para comemorar seus 20 anos, a Funda\u00e7\u00e3o Pr\u00f3-Mem\u00f3ria de Indaiatuba preparou diversas atividades comemorativas. Segundo o seu superintendente, Carlos Gustavo N\u00f3brega de Jesus, a mais relevante \u00e9 a reinaugura\u00e7\u00e3o do Casar\u00e3o Pau Preto, que dever\u00e1 acontecer no dia 27 de abril. \u201cEstamos fazendo todo o restaurado e reformulado, para atender com maior comodidade a popula\u00e7\u00e3o. [&hellip;]","og_url":"https:\/\/revistaregional.com.br\/site\/2014\/03\/10\/pro-memoria-expoe-seus-20-anos\/","og_site_name":"Revista Regional","article_published_time":"2014-03-10T16:16:27+00:00","article_modified_time":"2024-01-26T13:02:07+00:00","og_image":[{"width":640,"height":480,"url":"https:\/\/revistaregional.com.br\/site\/wp-content\/uploads\/2014\/03\/regionais-funda\u00e7\u00e3o-pro-memoria-2.jpg","type":"image\/jpeg"}],"author":"contato@revistaregional.com.br","twitter_card":"summary_large_image","twitter_misc":{"Escrito por":"contato@revistaregional.com.br","Est. tempo de leitura":"1 minuto"},"schema":{"@context":"https:\/\/schema.org","@graph":[{"@type":"Article","@id":"https:\/\/revistaregional.com.br\/site\/2014\/03\/10\/pro-memoria-expoe-seus-20-anos\/#article","isPartOf":{"@id":"https:\/\/revistaregional.com.br\/site\/2014\/03\/10\/pro-memoria-expoe-seus-20-anos\/"},"author":{"name":"contato@revistaregional.com.br","@id":"https:\/\/revistaregional.com.br\/site\/#\/schema\/person\/382af97c580dc1b18f55107bc316010d"},"headline":"Pr\u00f3-Mem\u00f3ria exp\u00f5e seus 20 anos","datePublished":"2014-03-10T16:16:27+00:00","dateModified":"2024-01-26T13:02:07+00:00","mainEntityOfPage":{"@id":"https:\/\/revistaregional.com.br\/site\/2014\/03\/10\/pro-memoria-expoe-seus-20-anos\/"},"wordCount":179,"commentCount":0,"image":{"@id":"https:\/\/revistaregional.com.br\/site\/2014\/03\/10\/pro-memoria-expoe-seus-20-anos\/#primaryimage"},"thumbnailUrl":"https:\/\/revistaregional.com.br\/site\/wp-content\/uploads\/2014\/03\/regionais-funda\u00e7\u00e3o-pro-memoria-2.jpg","keywords":["Regionais"],"articleSection":["Regionais"],"inLanguage":"pt-BR","potentialAction":[{"@type":"CommentAction","name":"Comment","target":["https:\/\/revistaregional.com.br\/site\/2014\/03\/10\/pro-memoria-expoe-seus-20-anos\/#respond"]}]},{"@type":"WebPage","@id":"https:\/\/revistaregional.com.br\/site\/2014\/03\/10\/pro-memoria-expoe-seus-20-anos\/","url":"https:\/\/revistaregional.com.br\/site\/2014\/03\/10\/pro-memoria-expoe-seus-20-anos\/","name":"Pr\u00f3-Mem\u00f3ria exp\u00f5e seus 20 anos - Revista Regional","isPartOf":{"@id":"https:\/\/revistaregional.com.br\/site\/#website"},"primaryImageOfPage":{"@id":"https:\/\/revistaregional.com.br\/site\/2014\/03\/10\/pro-memoria-expoe-seus-20-anos\/#primaryimage"},"image":{"@id":"https:\/\/revistaregional.com.br\/site\/2014\/03\/10\/pro-memoria-expoe-seus-20-anos\/#primaryimage"},"thumbnailUrl":"https:\/\/revistaregional.com.br\/site\/wp-content\/uploads\/2014\/03\/regionais-funda\u00e7\u00e3o-pro-memoria-2.jpg","datePublished":"2014-03-10T16:16:27+00:00","dateModified":"2024-01-26T13:02:07+00:00","author":{"@id":"https:\/\/revistaregional.com.br\/site\/#\/schema\/person\/382af97c580dc1b18f55107bc316010d"},"breadcrumb":{"@id":"https:\/\/revistaregional.com.br\/site\/2014\/03\/10\/pro-memoria-expoe-seus-20-anos\/#breadcrumb"},"inLanguage":"pt-BR","potentialAction":[{"@type":"ReadAction","target":["https:\/\/revistaregional.com.br\/site\/2014\/03\/10\/pro-memoria-expoe-seus-20-anos\/"]}]},{"@type":"ImageObject","inLanguage":"pt-BR","@id":"https:\/\/revistaregional.com.br\/site\/2014\/03\/10\/pro-memoria-expoe-seus-20-anos\/#primaryimage","url":"https:\/\/revistaregional.com.br\/site\/wp-content\/uploads\/2014\/03\/regionais-funda\u00e7\u00e3o-pro-memoria-2.jpg","contentUrl":"https:\/\/revistaregional.com.br\/site\/wp-content\/uploads\/2014\/03\/regionais-funda\u00e7\u00e3o-pro-memoria-2.jpg","width":"640","height":"480","caption":"Exposi\u00e7\u00e3o no Polo Shopping segue at\u00e9 dia 10"},{"@type":"BreadcrumbList","@id":"https:\/\/revistaregional.com.br\/site\/2014\/03\/10\/pro-memoria-expoe-seus-20-anos\/#breadcrumb","itemListElement":[{"@type":"ListItem","position":1,"name":"In\u00edcio","item":"https:\/\/revistaregional.com.br\/site\/"},{"@type":"ListItem","position":2,"name":"Pr\u00f3-Mem\u00f3ria exp\u00f5e seus 20 anos"}]},{"@type":"WebSite","@id":"https:\/\/revistaregional.com.br\/site\/#website","url":"https:\/\/revistaregional.com.br\/site\/","name":"Revista Regional","description":"Salto - Itu - Indaituba","potentialAction":[{"@type":"SearchAction","target":{"@type":"EntryPoint","urlTemplate":"https:\/\/revistaregional.com.br\/site\/?s={search_term_string}"},"query-input":{"@type":"PropertyValueSpecification","valueRequired":true,"valueName":"search_term_string"}}],"inLanguage":"pt-BR"},{"@type":"Person","@id":"https:\/\/revistaregional.com.br\/site\/#\/schema\/person\/382af97c580dc1b18f55107bc316010d","name":"contato@revistaregional.com.br","image":{"@type":"ImageObject","inLanguage":"pt-BR","@id":"https:\/\/secure.gravatar.com\/avatar\/869822917e96b2e292d5827e4635855396934485e7c4a0af84e9a214e32ca0cd?s=96&d=mm&r=g","url":"https:\/\/secure.gravatar.com\/avatar\/869822917e96b2e292d5827e4635855396934485e7c4a0af84e9a214e32ca0cd?s=96&d=mm&r=g","contentUrl":"https:\/\/secure.gravatar.com\/avatar\/869822917e96b2e292d5827e4635855396934485e7c4a0af84e9a214e32ca0cd?s=96&d=mm&r=g","caption":"contato@revistaregional.com.br"},"url":"https:\/\/revistaregional.com.br\/site\/author\/contato@revistaregional.com.br\/"}]}},"views":48,"_links":{"self":[{"href":"https:\/\/revistaregional.com.br\/site\/wp-json\/wp\/v2\/posts\/5767","targetHints":{"allow":["GET"]}}],"collection":[{"href":"https:\/\/revistaregional.com.br\/site\/wp-json\/wp\/v2\/posts"}],"about":[{"href":"https:\/\/revistaregional.com.br\/site\/wp-json\/wp\/v2\/types\/post"}],"author":[{"embeddable":true,"href":"https:\/\/revistaregional.com.br\/site\/wp-json\/wp\/v2\/users\/1"}],"replies":[{"embeddable":true,"href":"https:\/\/revistaregional.com.br\/site\/wp-json\/wp\/v2\/comments?post=5767"}],"version-history":[{"count":3,"href":"https:\/\/revistaregional.com.br\/site\/wp-json\/wp\/v2\/posts\/5767\/revisions"}],"predecessor-version":[{"id":32374,"href":"https:\/\/revistaregional.com.br\/site\/wp-json\/wp\/v2\/posts\/5767\/revisions\/32374"}],"wp:featuredmedia":[{"embeddable":true,"href":"https:\/\/revistaregional.com.br\/site\/wp-json\/wp\/v2\/media\/5768"}],"wp:attachment":[{"href":"https:\/\/revistaregional.com.br\/site\/wp-json\/wp\/v2\/media?parent=5767"}],"wp:term":[{"taxonomy":"category","embeddable":true,"href":"https:\/\/revistaregional.com.br\/site\/wp-json\/wp\/v2\/categories?post=5767"},{"taxonomy":"post_tag","embeddable":true,"href":"https:\/\/revistaregional.com.br\/site\/wp-json\/wp\/v2\/tags?post=5767"}],"curies":[{"name":"wp","href":"https:\/\/api.w.org\/{rel}","templated":true}]}}