{"id":5684,"date":"2014-02-11T09:19:00","date_gmt":"2014-02-11T12:19:00","guid":{"rendered":"http:\/\/revistaregional.com.br\/site\/?p=5684"},"modified":"2024-01-26T10:57:46","modified_gmt":"2024-01-26T13:57:46","slug":"salto-recebe-peca-inedita-da-atriz-denise-fraga","status":"publish","type":"post","link":"https:\/\/revistaregional.com.br\/site\/2014\/02\/11\/salto-recebe-peca-inedita-da-atriz-denise-fraga\/","title":{"rendered":"Salto recebe pe\u00e7a de Denise Fraga"},"content":{"rendered":"<figure id=\"attachment_5686\" aria-describedby=\"caption-attachment-5686\" style=\"width: 384px\" class=\"wp-caption aligncenter\"><a href=\"http:\/\/revistaregional.com.br\/site\/wp-content\/uploads\/2014\/02\/site-denise-fraga-1.jpg\" rel=\"attachment wp-att-5686\"><img fetchpriority=\"high\" decoding=\"async\" class=\" wp-image-5686 \" src=\"http:\/\/revistaregional.com.br\/site\/wp-content\/uploads\/2014\/02\/site-denise-fraga-1.jpg\" alt=\"\" width=\"384\" height=\"263\" srcset=\"https:\/\/revistaregional.com.br\/site\/wp-content\/uploads\/2014\/02\/site-denise-fraga-1.jpg 640w, https:\/\/revistaregional.com.br\/site\/wp-content\/uploads\/2014\/02\/site-denise-fraga-1-300x205.jpg 300w\" sizes=\"(max-width: 384px) 100vw, 384px\" \/><\/a><figcaption id=\"caption-attachment-5686\" class=\"wp-caption-text\">Denise e Cl\u00e1udia em momento da pe\u00e7a \u201cChorinho\u201d, pela primeira vez na regi\u00e3o<\/figcaption><\/figure>\n<p>Conhecida por suas personagens c\u00f4micas, como as que interpretou no quadro \u201cRetrato Falado\u201d, exibido dentro do Fant\u00e1stico, ou no seriado \u201c3 Teresas\u201d, que passa no GNT, Denise Fraga vem at\u00e9 Salto, ao lado da atriz Cl\u00e1udia Mello, espalhar seu humor na com\u00e9dia \u201cChorinho\u201d, que trata da vida urbana com delicadeza e poesia.\u00a0 A apresenta\u00e7\u00e3o na cidade \u00e9 uma produ\u00e7\u00e3o da Teatro GT com apoio da REVISTA REGIONAL.<\/p>\n<p>As cenas se passam na pra\u00e7a de uma grande cidade, local onde duas vidas se encontram. A solteirona aposentada (Cl\u00e1udia Mello) e a estranha moradora de rua (Denise Fraga) s\u00e3o as respons\u00e1veis pelos di\u00e1logos regados de emo\u00e7\u00e3o.<\/p>\n<p>A personagem de Denise mora na pra\u00e7a por op\u00e7\u00e3o, por n\u00e3o aguentar as leis sociais e a hipocrisia do mundo.\u00a0 A outra \u00e9 uma senhora solit\u00e1ria que frequenta o lugar, cuida das plantas e tenta preencher o vazio dos dias com aulas de ingl\u00eas e programas de televis\u00e3o.\u00a0 Um dia \u00e9 surpreendida:<\/p>\n<p>-Por que a senhora faz isso?<\/p>\n<p>-Isso o qu\u00ea?<\/p>\n<p>-Isso de ficar fingindo que eu n\u00e3o existo.<\/p>\n<p>A partir da insist\u00eancia da mendiga, as duas v\u00e3o se encontrando dia ap\u00f3s dia na pra\u00e7a e, por meio do que dizem, permitem que o espectador v\u00e1 desenhando suas hist\u00f3rias, pensamentos, medos e solid\u00f5es. Em di\u00e1logos simples e cheios de humor. E assim, o texto vai discorrendo, trazendo quest\u00f5es complexas e fisgando o p\u00fablico por onde passa.<\/p>\n<p>\u201cA pe\u00e7a \u00e9 um embate verbal cheio de sabedoria, humor e poesia. E encanta por isso. Fazer uma personagem t\u00e3o diferente de voc\u00ea, mas que diz coisas que voc\u00ea gostaria de dizer \u00e9 muito bom. E \u00e9 uma del\u00edcia estar neste jogo com minha querida Cl\u00e1udia Mello, atriz extraordin\u00e1ria. Tivemos o privil\u00e9gio da batuta de Fauzi Arap, que saiu de sua toca e, ao lado de Marcos Loureiro, veio nos dirigir. Isto \u00e9 um tesouro muito precioso. \u00c9 colher p\u00e9rolas para serem usadas n\u00e3o s\u00f3 neste trabalho, mas a cada nova empreitada que nosso maravilhoso of\u00edcio nos oferecer\u201d, fala Denise.<\/p>\n<p>\u201cO universo conspirou a nosso favor. J\u00e1 existia uma grande afinidade c\u00eanica e pessoal entre o Fauzi, Denise e eu. \u00c9 um prazer interagir com esta atriz admir\u00e1vel num texto de um autor que eu sempre tenho a melhor das disposi\u00e7\u00f5es em trabalhar com o que ele prop\u00f5e\u201d, finaliza Claudia.<\/p>\n<p><strong>MAIS:<\/strong><br \/>\n<strong>Onde:<\/strong> Salto \u2013 Sala Palma de Ouro (Rua Prudente de Moraes, 580, Centro)<br \/>\nDia: 22 de fevereiro (s\u00e1bado)<br \/>\n<strong>Quanto:<\/strong> Inteira: R$ 60,00 \/ Meia-entrada: R$ 30,00 \/ B\u00f4nus: R$ 50,00<br \/>\n<strong>Vendas:<\/strong> Bilheteria do Teatro &#8211; (11) 4602-8693 (de ter\u00e7a a s\u00e1bado das 13 \u00e0s 19hs | domingo a partir das 14h) *sem taxa de conveni\u00eancia<br \/>\nSite: www.bilheteriarapida.com.br<\/p>\n<p><em>\u00a0foto: Jo\u00e3o Caldas F\u00ba \/Divulga\u00e7\u00e3o<\/em><\/p>\n","protected":false},"excerpt":{"rendered":"<p>Conhecida por suas personagens c\u00f4micas, como as que interpretou no quadro \u201cRetrato Falado\u201d, exibido dentro do Fant\u00e1stico, ou no seriado \u201c3 Teresas\u201d, que passa no GNT, Denise Fraga vem at\u00e9 Salto, ao lado da atriz Cl\u00e1udia Mello, espalhar seu humor na com\u00e9dia \u201cChorinho\u201d, que trata da vida urbana com delicadeza e poesia.\u00a0 A apresenta\u00e7\u00e3o na [&hellip;]<\/p>\n","protected":false},"author":1,"featured_media":5687,"comment_status":"open","ping_status":"open","sticky":false,"template":"","format":"standard","meta":{"_acf_changed":false,"ngg_post_thumbnail":0,"_joinchat":[],"footnotes":""},"categories":[4],"tags":[533],"class_list":["post-5684","post","type-post","status-publish","format-standard","has-post-thumbnail","hentry","category-cultura","tag-cultura"],"acf":[],"yoast_head":"<!-- This site is optimized with the Yoast SEO plugin v27.4 - https:\/\/yoast.com\/product\/yoast-seo-wordpress\/ -->\n<title>Salto recebe pe\u00e7a de Denise Fraga - Revista Regional<\/title>\n<meta name=\"robots\" content=\"index, follow, max-snippet:-1, max-image-preview:large, max-video-preview:-1\" \/>\n<link rel=\"canonical\" href=\"https:\/\/revistaregional.com.br\/site\/2014\/02\/11\/salto-recebe-peca-inedita-da-atriz-denise-fraga\/\" \/>\n<meta property=\"og:locale\" content=\"pt_BR\" \/>\n<meta property=\"og:type\" content=\"article\" \/>\n<meta property=\"og:title\" content=\"Salto recebe pe\u00e7a de Denise Fraga - Revista Regional\" \/>\n<meta property=\"og:description\" content=\"Conhecida por suas personagens c\u00f4micas, como as que interpretou no quadro \u201cRetrato Falado\u201d, exibido dentro do Fant\u00e1stico, ou no seriado \u201c3 Teresas\u201d, que passa no GNT, Denise Fraga vem at\u00e9 Salto, ao lado da atriz Cl\u00e1udia Mello, espalhar seu humor na com\u00e9dia \u201cChorinho\u201d, que trata da vida urbana com delicadeza e poesia.\u00a0 A apresenta\u00e7\u00e3o na [&hellip;]\" \/>\n<meta property=\"og:url\" content=\"https:\/\/revistaregional.com.br\/site\/2014\/02\/11\/salto-recebe-peca-inedita-da-atriz-denise-fraga\/\" \/>\n<meta property=\"og:site_name\" content=\"Revista Regional\" \/>\n<meta property=\"article:published_time\" content=\"2014-02-11T12:19:00+00:00\" \/>\n<meta property=\"article:modified_time\" content=\"2024-01-26T13:57:46+00:00\" \/>\n<meta property=\"og:image\" content=\"https:\/\/revistaregional.com.br\/site\/wp-content\/uploads\/2014\/02\/site-denise-fraga-21.jpg\" \/>\n\t<meta property=\"og:image:width\" content=\"640\" \/>\n\t<meta property=\"og:image:height\" content=\"440\" \/>\n\t<meta property=\"og:image:type\" content=\"image\/jpeg\" \/>\n<meta name=\"author\" content=\"contato@revistaregional.com.br\" \/>\n<meta name=\"twitter:card\" content=\"summary_large_image\" \/>\n<meta name=\"twitter:label1\" content=\"Escrito por\" \/>\n\t<meta name=\"twitter:data1\" content=\"contato@revistaregional.com.br\" \/>\n\t<meta name=\"twitter:label2\" content=\"Est. tempo de leitura\" \/>\n\t<meta name=\"twitter:data2\" content=\"2 minutos\" \/>\n<script type=\"application\/ld+json\" class=\"yoast-schema-graph\">{\"@context\":\"https:\\\/\\\/schema.org\",\"@graph\":[{\"@type\":\"Article\",\"@id\":\"https:\\\/\\\/revistaregional.com.br\\\/site\\\/2014\\\/02\\\/11\\\/salto-recebe-peca-inedita-da-atriz-denise-fraga\\\/#article\",\"isPartOf\":{\"@id\":\"https:\\\/\\\/revistaregional.com.br\\\/site\\\/2014\\\/02\\\/11\\\/salto-recebe-peca-inedita-da-atriz-denise-fraga\\\/\"},\"author\":{\"name\":\"contato@revistaregional.com.br\",\"@id\":\"https:\\\/\\\/revistaregional.com.br\\\/site\\\/#\\\/schema\\\/person\\\/382af97c580dc1b18f55107bc316010d\"},\"headline\":\"Salto recebe pe\u00e7a de Denise Fraga\",\"datePublished\":\"2014-02-11T12:19:00+00:00\",\"dateModified\":\"2024-01-26T13:57:46+00:00\",\"mainEntityOfPage\":{\"@id\":\"https:\\\/\\\/revistaregional.com.br\\\/site\\\/2014\\\/02\\\/11\\\/salto-recebe-peca-inedita-da-atriz-denise-fraga\\\/\"},\"wordCount\":503,\"commentCount\":0,\"image\":{\"@id\":\"https:\\\/\\\/revistaregional.com.br\\\/site\\\/2014\\\/02\\\/11\\\/salto-recebe-peca-inedita-da-atriz-denise-fraga\\\/#primaryimage\"},\"thumbnailUrl\":\"https:\\\/\\\/revistaregional.com.br\\\/site\\\/wp-content\\\/uploads\\\/2014\\\/02\\\/site-denise-fraga-21.jpg\",\"keywords\":[\"Cultura\"],\"articleSection\":[\"Cultura\"],\"inLanguage\":\"pt-BR\",\"potentialAction\":[{\"@type\":\"CommentAction\",\"name\":\"Comment\",\"target\":[\"https:\\\/\\\/revistaregional.com.br\\\/site\\\/2014\\\/02\\\/11\\\/salto-recebe-peca-inedita-da-atriz-denise-fraga\\\/#respond\"]}]},{\"@type\":\"WebPage\",\"@id\":\"https:\\\/\\\/revistaregional.com.br\\\/site\\\/2014\\\/02\\\/11\\\/salto-recebe-peca-inedita-da-atriz-denise-fraga\\\/\",\"url\":\"https:\\\/\\\/revistaregional.com.br\\\/site\\\/2014\\\/02\\\/11\\\/salto-recebe-peca-inedita-da-atriz-denise-fraga\\\/\",\"name\":\"Salto recebe pe\u00e7a de Denise Fraga - Revista Regional\",\"isPartOf\":{\"@id\":\"https:\\\/\\\/revistaregional.com.br\\\/site\\\/#website\"},\"primaryImageOfPage\":{\"@id\":\"https:\\\/\\\/revistaregional.com.br\\\/site\\\/2014\\\/02\\\/11\\\/salto-recebe-peca-inedita-da-atriz-denise-fraga\\\/#primaryimage\"},\"image\":{\"@id\":\"https:\\\/\\\/revistaregional.com.br\\\/site\\\/2014\\\/02\\\/11\\\/salto-recebe-peca-inedita-da-atriz-denise-fraga\\\/#primaryimage\"},\"thumbnailUrl\":\"https:\\\/\\\/revistaregional.com.br\\\/site\\\/wp-content\\\/uploads\\\/2014\\\/02\\\/site-denise-fraga-21.jpg\",\"datePublished\":\"2014-02-11T12:19:00+00:00\",\"dateModified\":\"2024-01-26T13:57:46+00:00\",\"author\":{\"@id\":\"https:\\\/\\\/revistaregional.com.br\\\/site\\\/#\\\/schema\\\/person\\\/382af97c580dc1b18f55107bc316010d\"},\"breadcrumb\":{\"@id\":\"https:\\\/\\\/revistaregional.com.br\\\/site\\\/2014\\\/02\\\/11\\\/salto-recebe-peca-inedita-da-atriz-denise-fraga\\\/#breadcrumb\"},\"inLanguage\":\"pt-BR\",\"potentialAction\":[{\"@type\":\"ReadAction\",\"target\":[\"https:\\\/\\\/revistaregional.com.br\\\/site\\\/2014\\\/02\\\/11\\\/salto-recebe-peca-inedita-da-atriz-denise-fraga\\\/\"]}]},{\"@type\":\"ImageObject\",\"inLanguage\":\"pt-BR\",\"@id\":\"https:\\\/\\\/revistaregional.com.br\\\/site\\\/2014\\\/02\\\/11\\\/salto-recebe-peca-inedita-da-atriz-denise-fraga\\\/#primaryimage\",\"url\":\"https:\\\/\\\/revistaregional.com.br\\\/site\\\/wp-content\\\/uploads\\\/2014\\\/02\\\/site-denise-fraga-21.jpg\",\"contentUrl\":\"https:\\\/\\\/revistaregional.com.br\\\/site\\\/wp-content\\\/uploads\\\/2014\\\/02\\\/site-denise-fraga-21.jpg\",\"width\":\"640\",\"height\":\"440\"},{\"@type\":\"BreadcrumbList\",\"@id\":\"https:\\\/\\\/revistaregional.com.br\\\/site\\\/2014\\\/02\\\/11\\\/salto-recebe-peca-inedita-da-atriz-denise-fraga\\\/#breadcrumb\",\"itemListElement\":[{\"@type\":\"ListItem\",\"position\":1,\"name\":\"In\u00edcio\",\"item\":\"https:\\\/\\\/revistaregional.com.br\\\/site\\\/\"},{\"@type\":\"ListItem\",\"position\":2,\"name\":\"Salto recebe pe\u00e7a de Denise Fraga\"}]},{\"@type\":\"WebSite\",\"@id\":\"https:\\\/\\\/revistaregional.com.br\\\/site\\\/#website\",\"url\":\"https:\\\/\\\/revistaregional.com.br\\\/site\\\/\",\"name\":\"Revista Regional\",\"description\":\"Salto - Itu - Indaituba\",\"potentialAction\":[{\"@type\":\"SearchAction\",\"target\":{\"@type\":\"EntryPoint\",\"urlTemplate\":\"https:\\\/\\\/revistaregional.com.br\\\/site\\\/?s={search_term_string}\"},\"query-input\":{\"@type\":\"PropertyValueSpecification\",\"valueRequired\":true,\"valueName\":\"search_term_string\"}}],\"inLanguage\":\"pt-BR\"},{\"@type\":\"Person\",\"@id\":\"https:\\\/\\\/revistaregional.com.br\\\/site\\\/#\\\/schema\\\/person\\\/382af97c580dc1b18f55107bc316010d\",\"name\":\"contato@revistaregional.com.br\",\"image\":{\"@type\":\"ImageObject\",\"inLanguage\":\"pt-BR\",\"@id\":\"https:\\\/\\\/secure.gravatar.com\\\/avatar\\\/869822917e96b2e292d5827e4635855396934485e7c4a0af84e9a214e32ca0cd?s=96&d=mm&r=g\",\"url\":\"https:\\\/\\\/secure.gravatar.com\\\/avatar\\\/869822917e96b2e292d5827e4635855396934485e7c4a0af84e9a214e32ca0cd?s=96&d=mm&r=g\",\"contentUrl\":\"https:\\\/\\\/secure.gravatar.com\\\/avatar\\\/869822917e96b2e292d5827e4635855396934485e7c4a0af84e9a214e32ca0cd?s=96&d=mm&r=g\",\"caption\":\"contato@revistaregional.com.br\"},\"url\":\"https:\\\/\\\/revistaregional.com.br\\\/site\\\/author\\\/contato@revistaregional.com.br\\\/\"}]}<\/script>\n<!-- \/ Yoast SEO plugin. -->","yoast_head_json":{"title":"Salto recebe pe\u00e7a de Denise Fraga - Revista Regional","robots":{"index":"index","follow":"follow","max-snippet":"max-snippet:-1","max-image-preview":"max-image-preview:large","max-video-preview":"max-video-preview:-1"},"canonical":"https:\/\/revistaregional.com.br\/site\/2014\/02\/11\/salto-recebe-peca-inedita-da-atriz-denise-fraga\/","og_locale":"pt_BR","og_type":"article","og_title":"Salto recebe pe\u00e7a de Denise Fraga - Revista Regional","og_description":"Conhecida por suas personagens c\u00f4micas, como as que interpretou no quadro \u201cRetrato Falado\u201d, exibido dentro do Fant\u00e1stico, ou no seriado \u201c3 Teresas\u201d, que passa no GNT, Denise Fraga vem at\u00e9 Salto, ao lado da atriz Cl\u00e1udia Mello, espalhar seu humor na com\u00e9dia \u201cChorinho\u201d, que trata da vida urbana com delicadeza e poesia.\u00a0 A apresenta\u00e7\u00e3o na [&hellip;]","og_url":"https:\/\/revistaregional.com.br\/site\/2014\/02\/11\/salto-recebe-peca-inedita-da-atriz-denise-fraga\/","og_site_name":"Revista Regional","article_published_time":"2014-02-11T12:19:00+00:00","article_modified_time":"2024-01-26T13:57:46+00:00","og_image":[{"width":640,"height":440,"url":"https:\/\/revistaregional.com.br\/site\/wp-content\/uploads\/2014\/02\/site-denise-fraga-21.jpg","type":"image\/jpeg"}],"author":"contato@revistaregional.com.br","twitter_card":"summary_large_image","twitter_misc":{"Escrito por":"contato@revistaregional.com.br","Est. tempo de leitura":"2 minutos"},"schema":{"@context":"https:\/\/schema.org","@graph":[{"@type":"Article","@id":"https:\/\/revistaregional.com.br\/site\/2014\/02\/11\/salto-recebe-peca-inedita-da-atriz-denise-fraga\/#article","isPartOf":{"@id":"https:\/\/revistaregional.com.br\/site\/2014\/02\/11\/salto-recebe-peca-inedita-da-atriz-denise-fraga\/"},"author":{"name":"contato@revistaregional.com.br","@id":"https:\/\/revistaregional.com.br\/site\/#\/schema\/person\/382af97c580dc1b18f55107bc316010d"},"headline":"Salto recebe pe\u00e7a de Denise Fraga","datePublished":"2014-02-11T12:19:00+00:00","dateModified":"2024-01-26T13:57:46+00:00","mainEntityOfPage":{"@id":"https:\/\/revistaregional.com.br\/site\/2014\/02\/11\/salto-recebe-peca-inedita-da-atriz-denise-fraga\/"},"wordCount":503,"commentCount":0,"image":{"@id":"https:\/\/revistaregional.com.br\/site\/2014\/02\/11\/salto-recebe-peca-inedita-da-atriz-denise-fraga\/#primaryimage"},"thumbnailUrl":"https:\/\/revistaregional.com.br\/site\/wp-content\/uploads\/2014\/02\/site-denise-fraga-21.jpg","keywords":["Cultura"],"articleSection":["Cultura"],"inLanguage":"pt-BR","potentialAction":[{"@type":"CommentAction","name":"Comment","target":["https:\/\/revistaregional.com.br\/site\/2014\/02\/11\/salto-recebe-peca-inedita-da-atriz-denise-fraga\/#respond"]}]},{"@type":"WebPage","@id":"https:\/\/revistaregional.com.br\/site\/2014\/02\/11\/salto-recebe-peca-inedita-da-atriz-denise-fraga\/","url":"https:\/\/revistaregional.com.br\/site\/2014\/02\/11\/salto-recebe-peca-inedita-da-atriz-denise-fraga\/","name":"Salto recebe pe\u00e7a de Denise Fraga - Revista Regional","isPartOf":{"@id":"https:\/\/revistaregional.com.br\/site\/#website"},"primaryImageOfPage":{"@id":"https:\/\/revistaregional.com.br\/site\/2014\/02\/11\/salto-recebe-peca-inedita-da-atriz-denise-fraga\/#primaryimage"},"image":{"@id":"https:\/\/revistaregional.com.br\/site\/2014\/02\/11\/salto-recebe-peca-inedita-da-atriz-denise-fraga\/#primaryimage"},"thumbnailUrl":"https:\/\/revistaregional.com.br\/site\/wp-content\/uploads\/2014\/02\/site-denise-fraga-21.jpg","datePublished":"2014-02-11T12:19:00+00:00","dateModified":"2024-01-26T13:57:46+00:00","author":{"@id":"https:\/\/revistaregional.com.br\/site\/#\/schema\/person\/382af97c580dc1b18f55107bc316010d"},"breadcrumb":{"@id":"https:\/\/revistaregional.com.br\/site\/2014\/02\/11\/salto-recebe-peca-inedita-da-atriz-denise-fraga\/#breadcrumb"},"inLanguage":"pt-BR","potentialAction":[{"@type":"ReadAction","target":["https:\/\/revistaregional.com.br\/site\/2014\/02\/11\/salto-recebe-peca-inedita-da-atriz-denise-fraga\/"]}]},{"@type":"ImageObject","inLanguage":"pt-BR","@id":"https:\/\/revistaregional.com.br\/site\/2014\/02\/11\/salto-recebe-peca-inedita-da-atriz-denise-fraga\/#primaryimage","url":"https:\/\/revistaregional.com.br\/site\/wp-content\/uploads\/2014\/02\/site-denise-fraga-21.jpg","contentUrl":"https:\/\/revistaregional.com.br\/site\/wp-content\/uploads\/2014\/02\/site-denise-fraga-21.jpg","width":"640","height":"440"},{"@type":"BreadcrumbList","@id":"https:\/\/revistaregional.com.br\/site\/2014\/02\/11\/salto-recebe-peca-inedita-da-atriz-denise-fraga\/#breadcrumb","itemListElement":[{"@type":"ListItem","position":1,"name":"In\u00edcio","item":"https:\/\/revistaregional.com.br\/site\/"},{"@type":"ListItem","position":2,"name":"Salto recebe pe\u00e7a de Denise Fraga"}]},{"@type":"WebSite","@id":"https:\/\/revistaregional.com.br\/site\/#website","url":"https:\/\/revistaregional.com.br\/site\/","name":"Revista Regional","description":"Salto - Itu - Indaituba","potentialAction":[{"@type":"SearchAction","target":{"@type":"EntryPoint","urlTemplate":"https:\/\/revistaregional.com.br\/site\/?s={search_term_string}"},"query-input":{"@type":"PropertyValueSpecification","valueRequired":true,"valueName":"search_term_string"}}],"inLanguage":"pt-BR"},{"@type":"Person","@id":"https:\/\/revistaregional.com.br\/site\/#\/schema\/person\/382af97c580dc1b18f55107bc316010d","name":"contato@revistaregional.com.br","image":{"@type":"ImageObject","inLanguage":"pt-BR","@id":"https:\/\/secure.gravatar.com\/avatar\/869822917e96b2e292d5827e4635855396934485e7c4a0af84e9a214e32ca0cd?s=96&d=mm&r=g","url":"https:\/\/secure.gravatar.com\/avatar\/869822917e96b2e292d5827e4635855396934485e7c4a0af84e9a214e32ca0cd?s=96&d=mm&r=g","contentUrl":"https:\/\/secure.gravatar.com\/avatar\/869822917e96b2e292d5827e4635855396934485e7c4a0af84e9a214e32ca0cd?s=96&d=mm&r=g","caption":"contato@revistaregional.com.br"},"url":"https:\/\/revistaregional.com.br\/site\/author\/contato@revistaregional.com.br\/"}]}},"views":57,"_links":{"self":[{"href":"https:\/\/revistaregional.com.br\/site\/wp-json\/wp\/v2\/posts\/5684","targetHints":{"allow":["GET"]}}],"collection":[{"href":"https:\/\/revistaregional.com.br\/site\/wp-json\/wp\/v2\/posts"}],"about":[{"href":"https:\/\/revistaregional.com.br\/site\/wp-json\/wp\/v2\/types\/post"}],"author":[{"embeddable":true,"href":"https:\/\/revistaregional.com.br\/site\/wp-json\/wp\/v2\/users\/1"}],"replies":[{"embeddable":true,"href":"https:\/\/revistaregional.com.br\/site\/wp-json\/wp\/v2\/comments?post=5684"}],"version-history":[{"count":5,"href":"https:\/\/revistaregional.com.br\/site\/wp-json\/wp\/v2\/posts\/5684\/revisions"}],"predecessor-version":[{"id":5689,"href":"https:\/\/revistaregional.com.br\/site\/wp-json\/wp\/v2\/posts\/5684\/revisions\/5689"}],"wp:featuredmedia":[{"embeddable":true,"href":"https:\/\/revistaregional.com.br\/site\/wp-json\/wp\/v2\/media\/5687"}],"wp:attachment":[{"href":"https:\/\/revistaregional.com.br\/site\/wp-json\/wp\/v2\/media?parent=5684"}],"wp:term":[{"taxonomy":"category","embeddable":true,"href":"https:\/\/revistaregional.com.br\/site\/wp-json\/wp\/v2\/categories?post=5684"},{"taxonomy":"post_tag","embeddable":true,"href":"https:\/\/revistaregional.com.br\/site\/wp-json\/wp\/v2\/tags?post=5684"}],"curies":[{"name":"wp","href":"https:\/\/api.w.org\/{rel}","templated":true}]}}