{"id":5641,"date":"2014-01-21T08:51:05","date_gmt":"2014-01-21T11:51:05","guid":{"rendered":"http:\/\/revistaregional.com.br\/site\/?p=5641"},"modified":"2024-01-26T10:02:09","modified_gmt":"2024-01-26T13:02:09","slug":"plaza-shopping-traz-herois-da-liga-da-justica","status":"publish","type":"post","link":"https:\/\/revistaregional.com.br\/site\/2014\/01\/21\/plaza-shopping-traz-herois-da-liga-da-justica\/","title":{"rendered":"Plaza Shopping traz her\u00f3is da \u2018Liga da Justi\u00e7a\u2019"},"content":{"rendered":"<figure id=\"attachment_5642\" aria-describedby=\"caption-attachment-5642\" style=\"width: 384px\" class=\"wp-caption aligncenter\"><a href=\"http:\/\/revistaregional.com.br\/site\/wp-content\/uploads\/2014\/01\/IMG_1380.jpg\" rel=\"attachment wp-att-5642\"><img fetchpriority=\"high\" decoding=\"async\" class=\" wp-image-5642 \" src=\"http:\/\/revistaregional.com.br\/site\/wp-content\/uploads\/2014\/01\/IMG_1380.jpg\" alt=\"\" width=\"384\" height=\"256\" srcset=\"https:\/\/revistaregional.com.br\/site\/wp-content\/uploads\/2014\/01\/IMG_1380.jpg 640w, https:\/\/revistaregional.com.br\/site\/wp-content\/uploads\/2014\/01\/IMG_1380-300x200.jpg 300w\" sizes=\"(max-width: 384px) 100vw, 384px\" \/><\/a><figcaption id=\"caption-attachment-5642\" class=\"wp-caption-text\">Her\u00f3is como o Superman fazem parte da promo\u00e7\u00e3o de f\u00e9rias do Plaza<\/figcaption><\/figure>\n<p>Desde 10 de janeiro, mais de 1 mil crian\u00e7as se divertiram nas F\u00e9rias de Ver\u00e3o, do Plaza Shopping Itu. O evento, \u201cLiga da Justi\u00e7a\u201d, formado por um circuito de atividades com muita aventura e racioc\u00ednio, transforma os pequenos em super-her\u00f3is, com o objetivo de salvar o planeta Terra. A atra\u00e7\u00e3o \u00e9 gratuita e segue at\u00e9 2 de fevereiro, na Pra\u00e7a de Eventos, das 14h \u00e0s 20h.<\/p>\n<p>O evento, que conta com os personagens Batman, Flash, Lanterna Verde, Super Homem e Mulher Maravilha, \u00e9 destinado a crian\u00e7as de tr\u00eas a 12 anos e possui sete atividades. A primeira delas \u00e9 \u201cSeja um super-her\u00f3i\u201d, na qual as crian\u00e7as escolhem o personagem preferido e vestem sua fantasia. Na \u201cReconstru\u00e7\u00e3o\u201d, elas pegar\u00e3o os blocos de espuma customizados, que estar\u00e3o distribu\u00eddos na \u00e1rea e montar\u00e3o um pr\u00e9dio, e no \u201cDesafio\u201d ter\u00e3o que mostrar muita habilidade e foco para n\u00e3o se enroscarem na cama de gato.<\/p>\n<figure id=\"attachment_5643\" aria-describedby=\"caption-attachment-5643\" style=\"width: 384px\" class=\"wp-caption alignright\"><a href=\"http:\/\/revistaregional.com.br\/site\/wp-content\/uploads\/2014\/01\/IMG_1415.jpg\" rel=\"attachment wp-att-5643\"><img decoding=\"async\" class=\" wp-image-5643 \" src=\"http:\/\/revistaregional.com.br\/site\/wp-content\/uploads\/2014\/01\/IMG_1415.jpg\" alt=\"\" width=\"384\" height=\"256\" srcset=\"https:\/\/revistaregional.com.br\/site\/wp-content\/uploads\/2014\/01\/IMG_1415.jpg 640w, https:\/\/revistaregional.com.br\/site\/wp-content\/uploads\/2014\/01\/IMG_1415-300x200.jpg 300w\" sizes=\"(max-width: 384px) 100vw, 384px\" \/><\/a><figcaption id=\"caption-attachment-5643\" class=\"wp-caption-text\">Crian\u00e7as se divertem na Liga da Justi\u00e7a no Plaza Shopping Itu<\/figcaption><\/figure>\n<p>As atra\u00e7\u00f5es do evento prosseguem com a \u201cSuper vis\u00e3o\u201d, um ambiente totalmente escuro em que as crian\u00e7as ir\u00e3o procurar pe\u00e7as do quebra-cabe\u00e7a, utilizando \u201c<em>eye clops\u201d<\/em> &#8211; \u00f3culos especiais para vis\u00e3o noturna. No \u201cQuebra-cabe\u00e7a\u201d, os pequenos montar\u00e3o o jogo e identificar\u00e3o o nome dos personagens, suas caracter\u00edsticas e poderes, e ainda uma sess\u00e3o de anima\u00e7\u00e3o com os super-her\u00f3is participantes, em um espa\u00e7o com almofadinhas.<\/p>\n<p>O circuito termina com o \u201cAcerte o alvo\u201d, no qual as crian\u00e7as podem encarar os vil\u00f5es e acert\u00e1-los por meio de uma boa mira.<\/p>\n<p>\u201cOs super-her\u00f3is cativaram e surpreenderam adultos e crian\u00e7as. Aproveitamos para convidar os pais a fotografarem seus filhos fantasiados na atra\u00e7\u00e3o e enviarem os registros \u00e0 p\u00e1gina do Plaza no Facebook, na qual criamos um \u00e1lbum especial\u201d, destaca Edgar Silveira, gerente de marketing do centro de compras.<\/p>\n<p>Mais informa\u00e7\u00f5es no site: <a href=\"http:\/\/www.plazashoppingitu.com.br\/\">www.plazashoppingitu.com.br<\/a><\/p>\n","protected":false},"excerpt":{"rendered":"<p>Desde 10 de janeiro, mais de 1 mil crian\u00e7as se divertiram nas F\u00e9rias de Ver\u00e3o, do Plaza Shopping Itu. O evento, \u201cLiga da Justi\u00e7a\u201d, formado por um circuito de atividades com muita aventura e racioc\u00ednio, transforma os pequenos em super-her\u00f3is, com o objetivo de salvar o planeta Terra. A atra\u00e7\u00e3o \u00e9 gratuita e segue at\u00e9 [&hellip;]<\/p>\n","protected":false},"author":1,"featured_media":5642,"comment_status":"open","ping_status":"open","sticky":false,"template":"","format":"standard","meta":{"_acf_changed":false,"ngg_post_thumbnail":0,"_joinchat":[],"footnotes":""},"categories":[12],"tags":[527],"class_list":["post-5641","post","type-post","status-publish","format-standard","has-post-thumbnail","hentry","category-regionais","tag-regionais"],"acf":[],"yoast_head":"<!-- This site is optimized with the Yoast SEO plugin v27.4 - https:\/\/yoast.com\/product\/yoast-seo-wordpress\/ -->\n<title>Plaza Shopping traz her\u00f3is da \u2018Liga da Justi\u00e7a\u2019 - Revista Regional<\/title>\n<meta name=\"robots\" content=\"index, follow, max-snippet:-1, max-image-preview:large, max-video-preview:-1\" \/>\n<link rel=\"canonical\" href=\"https:\/\/revistaregional.com.br\/site\/2014\/01\/21\/plaza-shopping-traz-herois-da-liga-da-justica\/\" \/>\n<meta property=\"og:locale\" content=\"pt_BR\" \/>\n<meta property=\"og:type\" content=\"article\" \/>\n<meta property=\"og:title\" content=\"Plaza Shopping traz her\u00f3is da \u2018Liga da Justi\u00e7a\u2019 - Revista Regional\" \/>\n<meta property=\"og:description\" content=\"Desde 10 de janeiro, mais de 1 mil crian\u00e7as se divertiram nas F\u00e9rias de Ver\u00e3o, do Plaza Shopping Itu. O evento, \u201cLiga da Justi\u00e7a\u201d, formado por um circuito de atividades com muita aventura e racioc\u00ednio, transforma os pequenos em super-her\u00f3is, com o objetivo de salvar o planeta Terra. A atra\u00e7\u00e3o \u00e9 gratuita e segue at\u00e9 [&hellip;]\" \/>\n<meta property=\"og:url\" content=\"https:\/\/revistaregional.com.br\/site\/2014\/01\/21\/plaza-shopping-traz-herois-da-liga-da-justica\/\" \/>\n<meta property=\"og:site_name\" content=\"Revista Regional\" \/>\n<meta property=\"article:published_time\" content=\"2014-01-21T11:51:05+00:00\" \/>\n<meta property=\"article:modified_time\" content=\"2024-01-26T13:02:09+00:00\" \/>\n<meta property=\"og:image\" content=\"https:\/\/revistaregional.com.br\/site\/wp-content\/uploads\/2014\/01\/IMG_1380.jpg\" \/>\n\t<meta property=\"og:image:width\" content=\"640\" \/>\n\t<meta property=\"og:image:height\" content=\"427\" \/>\n\t<meta property=\"og:image:type\" content=\"image\/jpeg\" \/>\n<meta name=\"author\" content=\"contato@revistaregional.com.br\" \/>\n<meta name=\"twitter:card\" content=\"summary_large_image\" \/>\n<meta name=\"twitter:label1\" content=\"Escrito por\" \/>\n\t<meta name=\"twitter:data1\" content=\"contato@revistaregional.com.br\" \/>\n\t<meta name=\"twitter:label2\" content=\"Est. tempo de leitura\" \/>\n\t<meta name=\"twitter:data2\" content=\"2 minutos\" \/>\n<script type=\"application\/ld+json\" class=\"yoast-schema-graph\">{\"@context\":\"https:\\\/\\\/schema.org\",\"@graph\":[{\"@type\":\"Article\",\"@id\":\"https:\\\/\\\/revistaregional.com.br\\\/site\\\/2014\\\/01\\\/21\\\/plaza-shopping-traz-herois-da-liga-da-justica\\\/#article\",\"isPartOf\":{\"@id\":\"https:\\\/\\\/revistaregional.com.br\\\/site\\\/2014\\\/01\\\/21\\\/plaza-shopping-traz-herois-da-liga-da-justica\\\/\"},\"author\":{\"name\":\"contato@revistaregional.com.br\",\"@id\":\"https:\\\/\\\/revistaregional.com.br\\\/site\\\/#\\\/schema\\\/person\\\/382af97c580dc1b18f55107bc316010d\"},\"headline\":\"Plaza Shopping traz her\u00f3is da \u2018Liga da Justi\u00e7a\u2019\",\"datePublished\":\"2014-01-21T11:51:05+00:00\",\"dateModified\":\"2024-01-26T13:02:09+00:00\",\"mainEntityOfPage\":{\"@id\":\"https:\\\/\\\/revistaregional.com.br\\\/site\\\/2014\\\/01\\\/21\\\/plaza-shopping-traz-herois-da-liga-da-justica\\\/\"},\"wordCount\":378,\"commentCount\":0,\"image\":{\"@id\":\"https:\\\/\\\/revistaregional.com.br\\\/site\\\/2014\\\/01\\\/21\\\/plaza-shopping-traz-herois-da-liga-da-justica\\\/#primaryimage\"},\"thumbnailUrl\":\"https:\\\/\\\/revistaregional.com.br\\\/site\\\/wp-content\\\/uploads\\\/2014\\\/01\\\/IMG_1380.jpg\",\"keywords\":[\"Regionais\"],\"articleSection\":[\"Regionais\"],\"inLanguage\":\"pt-BR\",\"potentialAction\":[{\"@type\":\"CommentAction\",\"name\":\"Comment\",\"target\":[\"https:\\\/\\\/revistaregional.com.br\\\/site\\\/2014\\\/01\\\/21\\\/plaza-shopping-traz-herois-da-liga-da-justica\\\/#respond\"]}]},{\"@type\":\"WebPage\",\"@id\":\"https:\\\/\\\/revistaregional.com.br\\\/site\\\/2014\\\/01\\\/21\\\/plaza-shopping-traz-herois-da-liga-da-justica\\\/\",\"url\":\"https:\\\/\\\/revistaregional.com.br\\\/site\\\/2014\\\/01\\\/21\\\/plaza-shopping-traz-herois-da-liga-da-justica\\\/\",\"name\":\"Plaza Shopping traz her\u00f3is da \u2018Liga da Justi\u00e7a\u2019 - Revista Regional\",\"isPartOf\":{\"@id\":\"https:\\\/\\\/revistaregional.com.br\\\/site\\\/#website\"},\"primaryImageOfPage\":{\"@id\":\"https:\\\/\\\/revistaregional.com.br\\\/site\\\/2014\\\/01\\\/21\\\/plaza-shopping-traz-herois-da-liga-da-justica\\\/#primaryimage\"},\"image\":{\"@id\":\"https:\\\/\\\/revistaregional.com.br\\\/site\\\/2014\\\/01\\\/21\\\/plaza-shopping-traz-herois-da-liga-da-justica\\\/#primaryimage\"},\"thumbnailUrl\":\"https:\\\/\\\/revistaregional.com.br\\\/site\\\/wp-content\\\/uploads\\\/2014\\\/01\\\/IMG_1380.jpg\",\"datePublished\":\"2014-01-21T11:51:05+00:00\",\"dateModified\":\"2024-01-26T13:02:09+00:00\",\"author\":{\"@id\":\"https:\\\/\\\/revistaregional.com.br\\\/site\\\/#\\\/schema\\\/person\\\/382af97c580dc1b18f55107bc316010d\"},\"breadcrumb\":{\"@id\":\"https:\\\/\\\/revistaregional.com.br\\\/site\\\/2014\\\/01\\\/21\\\/plaza-shopping-traz-herois-da-liga-da-justica\\\/#breadcrumb\"},\"inLanguage\":\"pt-BR\",\"potentialAction\":[{\"@type\":\"ReadAction\",\"target\":[\"https:\\\/\\\/revistaregional.com.br\\\/site\\\/2014\\\/01\\\/21\\\/plaza-shopping-traz-herois-da-liga-da-justica\\\/\"]}]},{\"@type\":\"ImageObject\",\"inLanguage\":\"pt-BR\",\"@id\":\"https:\\\/\\\/revistaregional.com.br\\\/site\\\/2014\\\/01\\\/21\\\/plaza-shopping-traz-herois-da-liga-da-justica\\\/#primaryimage\",\"url\":\"https:\\\/\\\/revistaregional.com.br\\\/site\\\/wp-content\\\/uploads\\\/2014\\\/01\\\/IMG_1380.jpg\",\"contentUrl\":\"https:\\\/\\\/revistaregional.com.br\\\/site\\\/wp-content\\\/uploads\\\/2014\\\/01\\\/IMG_1380.jpg\",\"width\":\"640\",\"height\":\"427\",\"caption\":\"Her\u00f3is como o Superman fazem parte da promo\u00e7\u00e3o de f\u00e9rias do Plaza\"},{\"@type\":\"BreadcrumbList\",\"@id\":\"https:\\\/\\\/revistaregional.com.br\\\/site\\\/2014\\\/01\\\/21\\\/plaza-shopping-traz-herois-da-liga-da-justica\\\/#breadcrumb\",\"itemListElement\":[{\"@type\":\"ListItem\",\"position\":1,\"name\":\"In\u00edcio\",\"item\":\"https:\\\/\\\/revistaregional.com.br\\\/site\\\/\"},{\"@type\":\"ListItem\",\"position\":2,\"name\":\"Plaza Shopping traz her\u00f3is da \u2018Liga da Justi\u00e7a\u2019\"}]},{\"@type\":\"WebSite\",\"@id\":\"https:\\\/\\\/revistaregional.com.br\\\/site\\\/#website\",\"url\":\"https:\\\/\\\/revistaregional.com.br\\\/site\\\/\",\"name\":\"Revista Regional\",\"description\":\"Salto - Itu - Indaituba\",\"potentialAction\":[{\"@type\":\"SearchAction\",\"target\":{\"@type\":\"EntryPoint\",\"urlTemplate\":\"https:\\\/\\\/revistaregional.com.br\\\/site\\\/?s={search_term_string}\"},\"query-input\":{\"@type\":\"PropertyValueSpecification\",\"valueRequired\":true,\"valueName\":\"search_term_string\"}}],\"inLanguage\":\"pt-BR\"},{\"@type\":\"Person\",\"@id\":\"https:\\\/\\\/revistaregional.com.br\\\/site\\\/#\\\/schema\\\/person\\\/382af97c580dc1b18f55107bc316010d\",\"name\":\"contato@revistaregional.com.br\",\"image\":{\"@type\":\"ImageObject\",\"inLanguage\":\"pt-BR\",\"@id\":\"https:\\\/\\\/secure.gravatar.com\\\/avatar\\\/869822917e96b2e292d5827e4635855396934485e7c4a0af84e9a214e32ca0cd?s=96&d=mm&r=g\",\"url\":\"https:\\\/\\\/secure.gravatar.com\\\/avatar\\\/869822917e96b2e292d5827e4635855396934485e7c4a0af84e9a214e32ca0cd?s=96&d=mm&r=g\",\"contentUrl\":\"https:\\\/\\\/secure.gravatar.com\\\/avatar\\\/869822917e96b2e292d5827e4635855396934485e7c4a0af84e9a214e32ca0cd?s=96&d=mm&r=g\",\"caption\":\"contato@revistaregional.com.br\"},\"url\":\"https:\\\/\\\/revistaregional.com.br\\\/site\\\/author\\\/contato@revistaregional.com.br\\\/\"}]}<\/script>\n<!-- \/ Yoast SEO plugin. -->","yoast_head_json":{"title":"Plaza Shopping traz her\u00f3is da \u2018Liga da Justi\u00e7a\u2019 - Revista Regional","robots":{"index":"index","follow":"follow","max-snippet":"max-snippet:-1","max-image-preview":"max-image-preview:large","max-video-preview":"max-video-preview:-1"},"canonical":"https:\/\/revistaregional.com.br\/site\/2014\/01\/21\/plaza-shopping-traz-herois-da-liga-da-justica\/","og_locale":"pt_BR","og_type":"article","og_title":"Plaza Shopping traz her\u00f3is da \u2018Liga da Justi\u00e7a\u2019 - Revista Regional","og_description":"Desde 10 de janeiro, mais de 1 mil crian\u00e7as se divertiram nas F\u00e9rias de Ver\u00e3o, do Plaza Shopping Itu. O evento, \u201cLiga da Justi\u00e7a\u201d, formado por um circuito de atividades com muita aventura e racioc\u00ednio, transforma os pequenos em super-her\u00f3is, com o objetivo de salvar o planeta Terra. A atra\u00e7\u00e3o \u00e9 gratuita e segue at\u00e9 [&hellip;]","og_url":"https:\/\/revistaregional.com.br\/site\/2014\/01\/21\/plaza-shopping-traz-herois-da-liga-da-justica\/","og_site_name":"Revista Regional","article_published_time":"2014-01-21T11:51:05+00:00","article_modified_time":"2024-01-26T13:02:09+00:00","og_image":[{"width":640,"height":427,"url":"https:\/\/revistaregional.com.br\/site\/wp-content\/uploads\/2014\/01\/IMG_1380.jpg","type":"image\/jpeg"}],"author":"contato@revistaregional.com.br","twitter_card":"summary_large_image","twitter_misc":{"Escrito por":"contato@revistaregional.com.br","Est. tempo de leitura":"2 minutos"},"schema":{"@context":"https:\/\/schema.org","@graph":[{"@type":"Article","@id":"https:\/\/revistaregional.com.br\/site\/2014\/01\/21\/plaza-shopping-traz-herois-da-liga-da-justica\/#article","isPartOf":{"@id":"https:\/\/revistaregional.com.br\/site\/2014\/01\/21\/plaza-shopping-traz-herois-da-liga-da-justica\/"},"author":{"name":"contato@revistaregional.com.br","@id":"https:\/\/revistaregional.com.br\/site\/#\/schema\/person\/382af97c580dc1b18f55107bc316010d"},"headline":"Plaza Shopping traz her\u00f3is da \u2018Liga da Justi\u00e7a\u2019","datePublished":"2014-01-21T11:51:05+00:00","dateModified":"2024-01-26T13:02:09+00:00","mainEntityOfPage":{"@id":"https:\/\/revistaregional.com.br\/site\/2014\/01\/21\/plaza-shopping-traz-herois-da-liga-da-justica\/"},"wordCount":378,"commentCount":0,"image":{"@id":"https:\/\/revistaregional.com.br\/site\/2014\/01\/21\/plaza-shopping-traz-herois-da-liga-da-justica\/#primaryimage"},"thumbnailUrl":"https:\/\/revistaregional.com.br\/site\/wp-content\/uploads\/2014\/01\/IMG_1380.jpg","keywords":["Regionais"],"articleSection":["Regionais"],"inLanguage":"pt-BR","potentialAction":[{"@type":"CommentAction","name":"Comment","target":["https:\/\/revistaregional.com.br\/site\/2014\/01\/21\/plaza-shopping-traz-herois-da-liga-da-justica\/#respond"]}]},{"@type":"WebPage","@id":"https:\/\/revistaregional.com.br\/site\/2014\/01\/21\/plaza-shopping-traz-herois-da-liga-da-justica\/","url":"https:\/\/revistaregional.com.br\/site\/2014\/01\/21\/plaza-shopping-traz-herois-da-liga-da-justica\/","name":"Plaza Shopping traz her\u00f3is da \u2018Liga da Justi\u00e7a\u2019 - Revista Regional","isPartOf":{"@id":"https:\/\/revistaregional.com.br\/site\/#website"},"primaryImageOfPage":{"@id":"https:\/\/revistaregional.com.br\/site\/2014\/01\/21\/plaza-shopping-traz-herois-da-liga-da-justica\/#primaryimage"},"image":{"@id":"https:\/\/revistaregional.com.br\/site\/2014\/01\/21\/plaza-shopping-traz-herois-da-liga-da-justica\/#primaryimage"},"thumbnailUrl":"https:\/\/revistaregional.com.br\/site\/wp-content\/uploads\/2014\/01\/IMG_1380.jpg","datePublished":"2014-01-21T11:51:05+00:00","dateModified":"2024-01-26T13:02:09+00:00","author":{"@id":"https:\/\/revistaregional.com.br\/site\/#\/schema\/person\/382af97c580dc1b18f55107bc316010d"},"breadcrumb":{"@id":"https:\/\/revistaregional.com.br\/site\/2014\/01\/21\/plaza-shopping-traz-herois-da-liga-da-justica\/#breadcrumb"},"inLanguage":"pt-BR","potentialAction":[{"@type":"ReadAction","target":["https:\/\/revistaregional.com.br\/site\/2014\/01\/21\/plaza-shopping-traz-herois-da-liga-da-justica\/"]}]},{"@type":"ImageObject","inLanguage":"pt-BR","@id":"https:\/\/revistaregional.com.br\/site\/2014\/01\/21\/plaza-shopping-traz-herois-da-liga-da-justica\/#primaryimage","url":"https:\/\/revistaregional.com.br\/site\/wp-content\/uploads\/2014\/01\/IMG_1380.jpg","contentUrl":"https:\/\/revistaregional.com.br\/site\/wp-content\/uploads\/2014\/01\/IMG_1380.jpg","width":"640","height":"427","caption":"Her\u00f3is como o Superman fazem parte da promo\u00e7\u00e3o de f\u00e9rias do Plaza"},{"@type":"BreadcrumbList","@id":"https:\/\/revistaregional.com.br\/site\/2014\/01\/21\/plaza-shopping-traz-herois-da-liga-da-justica\/#breadcrumb","itemListElement":[{"@type":"ListItem","position":1,"name":"In\u00edcio","item":"https:\/\/revistaregional.com.br\/site\/"},{"@type":"ListItem","position":2,"name":"Plaza Shopping traz her\u00f3is da \u2018Liga da Justi\u00e7a\u2019"}]},{"@type":"WebSite","@id":"https:\/\/revistaregional.com.br\/site\/#website","url":"https:\/\/revistaregional.com.br\/site\/","name":"Revista Regional","description":"Salto - Itu - Indaituba","potentialAction":[{"@type":"SearchAction","target":{"@type":"EntryPoint","urlTemplate":"https:\/\/revistaregional.com.br\/site\/?s={search_term_string}"},"query-input":{"@type":"PropertyValueSpecification","valueRequired":true,"valueName":"search_term_string"}}],"inLanguage":"pt-BR"},{"@type":"Person","@id":"https:\/\/revistaregional.com.br\/site\/#\/schema\/person\/382af97c580dc1b18f55107bc316010d","name":"contato@revistaregional.com.br","image":{"@type":"ImageObject","inLanguage":"pt-BR","@id":"https:\/\/secure.gravatar.com\/avatar\/869822917e96b2e292d5827e4635855396934485e7c4a0af84e9a214e32ca0cd?s=96&d=mm&r=g","url":"https:\/\/secure.gravatar.com\/avatar\/869822917e96b2e292d5827e4635855396934485e7c4a0af84e9a214e32ca0cd?s=96&d=mm&r=g","contentUrl":"https:\/\/secure.gravatar.com\/avatar\/869822917e96b2e292d5827e4635855396934485e7c4a0af84e9a214e32ca0cd?s=96&d=mm&r=g","caption":"contato@revistaregional.com.br"},"url":"https:\/\/revistaregional.com.br\/site\/author\/contato@revistaregional.com.br\/"}]}},"views":68,"_links":{"self":[{"href":"https:\/\/revistaregional.com.br\/site\/wp-json\/wp\/v2\/posts\/5641","targetHints":{"allow":["GET"]}}],"collection":[{"href":"https:\/\/revistaregional.com.br\/site\/wp-json\/wp\/v2\/posts"}],"about":[{"href":"https:\/\/revistaregional.com.br\/site\/wp-json\/wp\/v2\/types\/post"}],"author":[{"embeddable":true,"href":"https:\/\/revistaregional.com.br\/site\/wp-json\/wp\/v2\/users\/1"}],"replies":[{"embeddable":true,"href":"https:\/\/revistaregional.com.br\/site\/wp-json\/wp\/v2\/comments?post=5641"}],"version-history":[{"count":3,"href":"https:\/\/revistaregional.com.br\/site\/wp-json\/wp\/v2\/posts\/5641\/revisions"}],"predecessor-version":[{"id":5646,"href":"https:\/\/revistaregional.com.br\/site\/wp-json\/wp\/v2\/posts\/5641\/revisions\/5646"}],"wp:featuredmedia":[{"embeddable":true,"href":"https:\/\/revistaregional.com.br\/site\/wp-json\/wp\/v2\/media\/5642"}],"wp:attachment":[{"href":"https:\/\/revistaregional.com.br\/site\/wp-json\/wp\/v2\/media?parent=5641"}],"wp:term":[{"taxonomy":"category","embeddable":true,"href":"https:\/\/revistaregional.com.br\/site\/wp-json\/wp\/v2\/categories?post=5641"},{"taxonomy":"post_tag","embeddable":true,"href":"https:\/\/revistaregional.com.br\/site\/wp-json\/wp\/v2\/tags?post=5641"}],"curies":[{"name":"wp","href":"https:\/\/api.w.org\/{rel}","templated":true}]}}