{"id":5450,"date":"2013-11-05T12:37:51","date_gmt":"2013-11-05T15:37:51","guid":{"rendered":"http:\/\/revistaregional.com.br\/site\/?p=5450"},"modified":"2024-01-26T10:57:53","modified_gmt":"2024-01-26T13:57:53","slug":"indaiatuba-promove-novembro-em-cena","status":"publish","type":"post","link":"https:\/\/revistaregional.com.br\/site\/2013\/11\/05\/indaiatuba-promove-novembro-em-cena\/","title":{"rendered":"Indaiatuba promove \u2018Novembro em Cena\u2019"},"content":{"rendered":"<figure id=\"attachment_5451\" aria-describedby=\"caption-attachment-5451\" style=\"width: 384px\" class=\"wp-caption aligncenter\"><a href=\"http:\/\/revistaregional.com.br\/site\/wp-content\/uploads\/2013\/11\/ao-rev\u00e9s-do-papel.jpg\" rel=\"attachment wp-att-5451\"><img fetchpriority=\"high\" decoding=\"async\" class=\" wp-image-5451 \" src=\"http:\/\/revistaregional.com.br\/site\/wp-content\/uploads\/2013\/11\/ao-rev\u00e9s-do-papel.jpg\" alt=\"\" width=\"384\" height=\"255\" srcset=\"https:\/\/revistaregional.com.br\/site\/wp-content\/uploads\/2013\/11\/ao-rev\u00e9s-do-papel.jpg 640w, https:\/\/revistaregional.com.br\/site\/wp-content\/uploads\/2013\/11\/ao-rev\u00e9s-do-papel-300x199.jpg 300w\" sizes=\"(max-width: 384px) 100vw, 384px\" \/><\/a><figcaption id=\"caption-attachment-5451\" class=\"wp-caption-text\">Pe\u00e7a \u201cAo rev\u00e9s do papel\u201d do Grupo de Teatro Preto no Branco \u00e9 atra\u00e7\u00e3o dia 16<\/figcaption><\/figure>\n<p>A Secretaria Municipal de Cultura de Indaiatuba promove mais uma edi\u00e7\u00e3o do Novembro em Cena, evento j\u00e1 tradicional na cidade que visa fomentar o gosto e o interesse da popula\u00e7\u00e3o pelas artes c\u00eanicas em Indaiatuba, compondo uma agenda repleta de espet\u00e1culos gratuitos para todas as idades e estilos. O programa inclui ainda sess\u00f5es de cinema, conta\u00e7\u00e3o de hist\u00f3rias e as apresenta\u00e7\u00f5es das pe\u00e7as que participam do Prosc\u00eanio Festival de Teatro de Indaiatuba, mostra competitiva promovida pela primeira vez pelo Grupo de Teatro Estrada, com apoio da Secretaria de Cultura.<\/p>\n<p>Confira a agenda:<\/p>\n<p><strong>Dia 06 de novembro \u2013 quarta-feira \u2013 15h e 19h \u2013 Shopping Jaragu\u00e1<\/strong><\/p>\n<p><strong>Exibi\u00e7\u00e3o do filme \u201cVoc\u00eas ainda n\u00e3o viram nada\u201d<\/strong><\/p>\n<p>Sinopse: a morte do dramaturgo Antoine d&#8217;Anthac (Denis Podalyd\u00e8s) faz com que os atores que atuaram em diferentes vers\u00f5es de sua pe\u00e7a teatral &#8220;Eur\u00eddice&#8221; sejam chamados para a leitura do testamento. O grupo cont\u00e9m grandes nomes do teatro franc\u00eas, como Michel Piccoli, Mathieu Amalric, Sabine Az\u00e9ma, Lambert Wilson e Anne Consigny. Ap\u00f3s chegarem na suntuosa casa de Antoine, eles s\u00e3o informados que o autor deixou um depoimento gravado em v\u00eddeo. Nele, o autor pede que todos avaliem uma nova vers\u00e3o de &#8220;Eur\u00eddice&#8221;, encenada por uma companhia de teatro. Um filme de Alain Resnais (diretor, entre outros, de \u201cAmores Parisienses\u201d e \u201cMedos Privados em Lugares P\u00fablicos).<\/p>\n<p><strong>Dia 08 de novembro \u2013 sexta-feira \u2013 20h \u2013 Novo Centro Cultural Morada do Sol<\/strong><\/p>\n<p><strong>Festival Prosc\u00eanio \u2013 Pe\u00e7a O Soldado Constitucionalista com Teatro de Pano, de Campinas<\/strong><\/p>\n<p>Elenco: Luiz Nunes, Marise Ratashima. Autor e diretor: Ton Crivelaro.<\/p>\n<p>Sinopse: a pe\u00e7a conta a hist\u00f3ria de um veterano da Revolu\u00e7\u00e3o Constitucionalista que, aos 60 anos e que, nesta fic\u00e7\u00e3o, foi abandonado por seus filhos em um asilo, est\u00e1 ansioso para participar do desfile comemorativo da data, momento que \u00e9 esperado por ele todos os anos. Por meio de um di\u00e1logo com sua cuidadora, o soldado relembra momentos de sua participa\u00e7\u00e3o neste marco hist\u00f3rico e sua emo\u00e7\u00e3o ao falar sobre o tema. O grande cl\u00edmax fica com a espera do idoso pela chegada da propriet\u00e1ria do asilo, que \u00e9 quem o levar\u00e1 para o desfile. O soldado quer se arrumar, estar perfeito para o momento t\u00e3o esperado de reencontrar seus antigos companheiros no dia da comemora\u00e7\u00e3o de 9 de Julho.\u00a0 A trama desperta temas importantes, como patriotismo e, principalmente, o relacionamento de idosos com seus familiares.<\/p>\n<p><strong>Dia 09 de novembro \u2013 s\u00e1bado \u2013 10h30 e 11h30 (30 minutos cada sess\u00e3o) \u2013 Pra\u00e7a Dom Pedro II<\/strong><\/p>\n<p><strong>Narra\u00e7\u00e3o de hist\u00f3rias: Contos e Lendas das Mil e Uma Noites, com Cia Triol\u00e9 Cultural<\/strong><\/p>\n<p>Contar hist\u00f3rias \u00e9 um ato milenar, o ser humano n\u00e3o vive sem as hist\u00f3rias, a vida \u00e9 cheia das mais diversas hist\u00f3rias, engra\u00e7adas, tristes, curiosas, reais, inventadas,\u00a0\u00a0criativas, enfim, os contos trazem muitas vezes semelhan\u00e7as com a vida real, seja um sentimento, uma ideia, um personagem, uma vontade, e mesmo que n\u00e3o seja poss\u00edvel resolver um problema na vida real, no conto \u00e9 poss\u00edvel vencer a batalha mais incr\u00edvel. As narra\u00e7\u00f5es trazem um pescador que vive situa\u00e7\u00f5es inusitadas e um pr\u00edncipe que passa por aventuras incr\u00edveis.<strong><\/strong><\/p>\n<p><strong>Dia 09 de novembro \u2013 s\u00e1bado \u2013 15h \u2013 Sala Acr\u00edsio de Camargo<\/strong><\/p>\n<p><strong>Festival Prosc\u00eanio \u2013 Pe\u00e7a Linha do Tempo \u2013 Cia Tupinamb\u00e1s, de Salto<\/strong><\/p>\n<p>Elenco: Claudia Strazza e Tiago Nastre. Dire\u00e7\u00e3o e Texto de Vinicius Cassiolato. Dura\u00e7\u00e3o: 45 min. Drama. O enredo aborda um breve ensaio sobre a hist\u00f3ria da arte e, atrav\u00e9s de detalhes e momentos de gl\u00f3ria e decad\u00eancia art\u00edstica, conta-se outra hist\u00f3ria. <strong><\/strong><\/p>\n<p><strong>Dia 09 de novembro \u2013 s\u00e1bado \u2013 20h \u2013 Sala Acr\u00edsio de Camargo<\/strong><\/p>\n<p>Festival Prosc\u00eanio \u2013 Pe\u00e7a O Girador \u2013 Grupo Pequeno Teatro Torneado, de S\u00e3o Paulo.<\/p>\n<p>Elenco: Bruno Louren\u00e7o e Beatriz Barros. Dire\u00e7\u00e3o e texto: William Costa Lima. Dura\u00e7\u00e3o: 90 min. Drama C\u00f4mico.<br \/>\nSinopse: a hist\u00f3ria se passa num dep\u00f3sito de achados e perdidos criado por um casal de ex-artistas circenses: Perp\u00e9tuo e Armena. Com o passar do tempo, o casal envelhece e os objetos se acumulam ao seu redor.\u00a0A hist\u00f3ria \u00e9 contada pelas filhas do casal. Filhas que tiveram o amor dos pais negligenciado durante a vida inteira. Existe uma estreita rela\u00e7\u00e3o entre os objetos perdidos e as mem\u00f3rias das personagens que, por momentos, servem para estarrecer, assombrar, divertir ou at\u00e9 mesmo consolar aqueles que compartilham dessas hist\u00f3rias.<\/p>\n<p><strong>Dia 10 de novembro \u2013 domingo \u2013 15h \u2013 Novo Centro Cultural do Jardim Morada do Sol<\/strong><\/p>\n<p><strong>Festival Prosc\u00eanio \u2013 Pe\u00e7a \u00c9 Patr\u00e3o, \u00c9 Servi\u00e7al, Ganha Pouco e Come Mal \u2013 Grupo Cia Santarosa, de Ribeir\u00e3o Preto <\/strong><\/p>\n<p>Elenco: Leo Santarosa, e Rosana Pavinski. Dire\u00e7\u00e3o Lucas Santarosa. Texto: Leonardo Santarosa. Dura\u00e7\u00e3o: 55 min. Com\u00e9dia.\u00a0 Sinopse: na com\u00e9dia, Oswaldo, um patr\u00e3o falido e miser\u00e1vel, vive \u00e0s custas de sua esperta criada, Jardilina.<\/p>\n<p><strong>Dia 10 de novembro \u2013 domingo \u2013 20h &#8211; <\/strong><strong>Novo Centro Cultural do Jardim Morada do Sol<\/strong><\/p>\n<p><strong>Festival Prosc\u00eanio \u2013 Pe\u00e7a Inspir.a\u00e7\u00f5es para voar \u2013 Grupo Cia do P\u00e1ssaro, de Guarulhos<\/strong><\/p>\n<p>Elenco: Alessandro Marba, Lucas Fran\u00e7a, Bruno Canabarro, Dawton Abranches, Daniele Aoki. Dire\u00e7\u00e3o: Pablo Calazans. Texto: Mayra Bertazzani. Dura\u00e7\u00e3o: 50 min \u2013 Contempor\u00e2neo.<\/p>\n<p>Sinopse: na trama, recorda\u00e7\u00f5es de um tempo a ser vivido. Em um lugar, seres caminham na busca do verdadeiro sentido de estarem aprisionados, procurando o momento exato da tomada de suas consci\u00eancias. Quais os limites entre o eu, o outro e o mundo para a compreens\u00e3o da nossa liberdade?<\/p>\n<p><strong>Dia 13 de novembro \u2013 quarta-feira \u2013 15h e 19h \u2013 Shopping Jaragu\u00e1<\/strong><\/p>\n<p><strong>Exibi\u00e7\u00e3o do filme \u201cCesar Deve Morrer\u201d<\/strong><\/p>\n<p>Sinopse: a pe\u00e7a teatral &#8220;J\u00falio C\u00e9sar&#8221;, de William Shakespeare, \u00e9 encenada por um grupo de prisioneiros da pris\u00e3o de seguran\u00e7a m\u00e1xima Rebibbia, localizada em Roma. Ao mesmo tempo que funciona como registro documental, trabalha a fic\u00e7\u00e3o por tr\u00e1s da trama original. Dirigido pelos irm\u00e3os Paolo e Vittorio Taviani (de \u201cA Noite de S\u00e3o Louren\u00e7o\u201d) e vencedor do Urso de Ouro no Festival de Berlim 2012.<strong><\/strong><\/p>\n<p><strong>Dia 16 de novembro \u2013 s\u00e1bado \u2013 14h \u2013 Sala Acr\u00edsio de Camargo<\/strong><\/p>\n<p><strong>Festival Prosc\u00eanio \u2013 Pe\u00e7a Ao Rev\u00e9s do Papel \u2013 Grupo Preto no Branco, de S\u00e3o Carlos<\/strong><\/p>\n<p>Elenco: Ana Garbuio, Bruno Garbuio, N\u00e1dia Stevanato. Diretor: Fernando Cruz. Dura\u00e7\u00e3o: 45 min. Drama. Indica\u00e7\u00e3o: 12 anos.<\/p>\n<p>Sinopse: tr\u00eas andarilhos, unidos a um destino maldito, vagueiam em busca de lugares para contarem hist\u00f3rias: a de uma menina que dan\u00e7ou com o Diabo e a de uma prostituta que desejava se casar. Impregnarem as cabe\u00e7as e bocas e mostrarem-se crus e vivos &#8211; frutos de suas hist\u00f3rias \u2013 nutrem a continuidade de suas trajet\u00f3rias e a esperan\u00e7a de que todos t\u00eam uma hist\u00f3ria para contar.<\/p>\n<p><strong>Dia 16 de novembro \u2013 s\u00e1bado \u2013 18h \u2013 Sala Acr\u00edsio Camargo<\/strong><\/p>\n<p><strong>Festival Prosc\u00eanio \u2013 Pe\u00e7a A Menina On \u2013 Grupo Hiatos em Atos, de S\u00e3o Jos\u00e9 dos Campos<\/strong><\/p>\n<p>Elenco: Andr\u00e9 Alves, Cl\u00e1udia Savastano, Diego Fonjac, Mariana Ramires, Silvia Nina, Stella Maris. Dire\u00e7\u00e3o: Dagmar Siquiera. Texto: Diego Fonjac. Dura\u00e7\u00e3o: 30 min. Com\u00e9dia.<\/p>\n<p><strong>Dia 16 de novembro \u2013 s\u00e1bado \u2013 21h \u2013 Sala Acr\u00edsio de Camargo<\/strong><\/p>\n<p><strong>Festival Prosc\u00eanio \u2013 Pe\u00e7a A Greve das Pernas Cruzadas \u2013 Coletivo Teatral Commune, de S\u00e3o Paulo<\/strong><\/p>\n<p>Elenco: Jana\u00edna Porto, Danielle Lopes, Roberto Revaldi, Augusto Marin, Filipe Lacerda, Renata Becker. Dura\u00e7\u00e3o: 1h10 &#8211; Com\u00e9dia Sat\u00edrica com m\u00e1scaras.<\/p>\n<p>Sinopse: adapta\u00e7\u00e3o da pe\u00e7a &#8220;Lis\u00edstrata&#8221;, do teatr\u00f3logo grego Arist\u00f3fanes. Uma das inspira\u00e7\u00f5es para esta vers\u00e3o foi a greve de sexo realizada por cerca de 300 mulheres colombianas da cidade de Barbacoas, em 2011, que reivindicavam com o governo a reforma de uma estrada estrat\u00e9gica. A ousadia formal da trupe dirigida por Augusto Marin \u00e9 desenvolver a encena\u00e7\u00e3o com base nos artif\u00edcios da &#8220;commedia dell&#8217;arte&#8221; &#8211;surgida s\u00e9culos ap\u00f3s a com\u00e9dia grega&#8211; e em refer\u00eancias atuais. Al\u00e9m disso, evoca acontecimentos contempor\u00e2neos, como a crise na Gr\u00e9cia ou a Marcha das Vadias.<\/p>\n<p><strong>Dia 17 de novembro \u2013 domingo \u2013 17h \u2013 Sala Acr\u00edsio de Camargo<\/strong><\/p>\n<p><strong>Festival Prosc\u00eanio \u2013 Pe\u00e7a Ameixa sobre o Tempo \u2013 Grupo Farrapos Delirantes, de Americana<\/strong><\/p>\n<p>Elenco: Allan Araujo e \u00c9verton Gatti. Dire\u00e7\u00e3o: Jo\u00e3o Nal\u00e3o. Texto: Aristides Vargas. Dura\u00e7\u00e3o: 40 min \u2013 Drama.<\/p>\n<p>Sinopse: a pe\u00e7a traz um dialogo po\u00e9tico e cita\u00e7\u00f5es com pitadas de humor e revela a personalidade de duas mulheres de gera\u00e7\u00f5es distintas. Um p\u00e9 de ameixa na casa onde a av\u00f3 produz um vinho feito de fruta acaba se transformando no elemento central para as defini\u00e7\u00f5es da vida delas: a morte se relaciona com as ameixas apodrecidas e a juventude com as maduras, que aos poucos perdem a sua forma perfeita.<\/p>\n<p><strong>Dia 17 de novembro \u2013 domingo \u2013 21h \u2013 Sala Acr\u00edsio de Camargo<\/strong><\/p>\n<p><strong>Festival Prosc\u00eanio \u2013 Pe\u00e7a Maria, Sou Eu \u2013 Grupo Por Volta de Logo Depois, de Piracicaba<\/strong><\/p>\n<p>Elenco: Alessandra San Martin. Dire\u00e7\u00e3o: Jo\u00e3o Nal\u00e3o. Texto: Alessandra San Martin. Dura\u00e7\u00e3o: 45 min \u2013 Drama.<\/p>\n<p>Sinopse: o mon\u00f3logo aborda a necessidade da verdade e a viol\u00eancia da ditadura militar brasileira no corpo e na alma de uma mulher, que tenta se lembrar de seu passado, bloqueado por uma mem\u00f3ria que n\u00e3o deseja recordar.<\/p>\n<p><strong>Dia 23 de novembro \u2013 s\u00e1bado \u2013 14h &#8211; Novo Centro Cultural do Jardim Morada do Sol<\/strong><\/p>\n<p><strong>Festival Prosc\u00eanio \u2013 Pe\u00e7a Maria Peregrina \u2013 Grupo Os Marias, de Pirassununga<\/strong><\/p>\n<p>Elenco:\u00a0Almir Rog\u00e9rio, Rebecca Helena, Willian Silva, Marco Pavani, Milena Senhorini<br \/>\nDire\u00e7\u00e3o: Marco Pavani. Dura\u00e7\u00e3o: 50 min\u00a0\u2013\u00a0Tragicom\u00e9dia.<\/p>\n<p>Sinopse: auxiliada por um romeiro, uma mulher que vivia embaixo de \u00e1rvores resiste na peregrina\u00e7\u00e3o em busca de si mesma, entrela\u00e7ando tr\u00eas hist\u00f3rias evocativas de sua trajet\u00f3ria que oscilam entre a paix\u00e3o desmedida, o humor ing\u00eanuo e o drama da identidade revelada. A primeira hist\u00f3ria recria o lend\u00e1rio crime passional da Cabocla Teresa \u2013 m\u00fasica de Raul Torres e Flor\u00eancio, num cen\u00e1rio de festa de Folia de Reis. A segunda, apoiada num conto popular, transcrito por Monteiro Lobato; e a terceira, que recria um texto do teatro N\u00d4, evidenciando a fatalidade de sua incessante busca.<\/p>\n<p><strong>Dia 23 de novembro \u2013 s\u00e1bado \u2013 17h &#8211; Novo Centro Cultural do Jardim Morada do Sol<\/strong><\/p>\n<p><strong>Festival Prosc\u00eanio \u2013 Pe\u00e7a O Broto \u2013 Grupo Di Atus, de Santa B\u00e1rbara D\u00b4Oeste<\/strong><\/p>\n<p>Dura\u00e7\u00e3o: 80 min \u2013 Drama. Indica\u00e7\u00e3o 10 anos.<br \/>\nElenco: Bruno Peres, Helton Carlos, Lays Ramires, Marcela Isler, Matheus Luis, Val\u00e9ria Nepomuceno. Dire\u00e7\u00e3o: Ot\u00e1vio Delaneza.<\/p>\n<p>Sinopse: a pe\u00e7a conta a hist\u00f3ria dos brotos, exist\u00eancias que precisam de um solo f\u00e9rtil para se desenvolverem. Partindo da ideia de que muito do que acontece na vida deve partir de dentro para fora, o grupo prop\u00f5e uma profunda reflex\u00e3o sobre os ciclos da vida.<\/p>\n<p><strong>Dia 23 de novembro \u2013 s\u00e1bado \u2013 21h &#8211; Novo Centro Cultural do Jardim Morada do Sol<\/strong><\/p>\n<p>Festival Prosc\u00eanio \u2013 Pe\u00e7a Menino Luz \u2013 Grupo Foradecena, de S\u00e3o Paulo.<\/p>\n<p>Dura\u00e7\u00e3o: 50 min \u2013 Drama.<br \/>\nElenco: Silvia Masulo. Dire\u00e7\u00e3o: Durval Mantovaninni. Texto: Pierce Willians Corr\u00eaa e Silvia Masulo.<\/p>\n<p>Sinopse: com o objetivo de defender o v\u00ednculo entre os doentes internados em cl\u00ednicas psiqui\u00e1tricas e seus familiares, o mon\u00f3logo fala da loucura e da irracionalidade atrav\u00e9s da hist\u00f3ria de uma mulher, interpretada pela atriz S\u00edlvia Musulo, que vive enclausurada em uma cl\u00ednica psiqui\u00e1trica. A vida da personagem muda, quando ela passa a contar a hist\u00f3ria de um menino iluminado e entra em um universo paralelo, pois suas pr\u00f3prias narrativas passam a se mesclar com as do garoto.<\/p>\n<p><strong>Dia 24 de novembro \u2013 domingo \u2013 19h30 \u2013 Sala Acr\u00edsio de Camargo<\/strong><\/p>\n<p>Pe\u00e7a O Boi e o Burro \u2013 com professores e alunos da Rede Municipal de Educa\u00e7\u00e3o.<\/p>\n<p>Dire\u00e7\u00e3o: Henrique Steve. Adapta\u00e7\u00e3o: Henrique Steve (Texto Original de \u201cMaria Clara Machado\u201d).<br \/>\nPede-se a doa\u00e7\u00e3o de um brinquedinho novo (R$2,00 com carimbo INMETRO) na troca do ingresso, que ser\u00e1 doado para o Funssol.<strong><\/strong><\/p>\n<p>Sinopse: de forma simples e bem humorada, mas muito comovente, a hist\u00f3ria conta o nascimento de Cristo atrav\u00e9s do ponto de vista do Boi e do Burro, que chegam a sua casa depois de mais um dia de trabalho e coisas \u201cestranhas\u201d come\u00e7am a acontecer. \u00c9 muito divertida a maneira como os Anjos ajudam \u201cO Boi e o Burro\u201d na prepara\u00e7\u00e3o do est\u00e1bulo, para o grande acontecimento. Contudo, o mundo se modificou depois desse dia, pois um dos maiores Mist\u00e9rios da Cristandade aconteceu naquele lugar, o Nascimento do Filho de Deus.<\/p>\n<p><strong>Dia 24 de novembro \u2013 domingo \u2013 16h &#8211; <\/strong><strong>Novo Centro Cultural do Jardim Morada do Sol<\/strong><\/p>\n<p>Festival Prosc\u00eanio \u2013 Pe\u00e7a \u201cM\u201d \u2013 Grupo Cia Loucos do Tar\u00f4, de S\u00e3o Paulo.<\/p>\n<p>Dura\u00e7\u00e3o: 60 min \u2013 Drama.<br \/>\nElenco: Ronaldo Vilar, Sandro Santos, Carol Mafra, Carlos Jord\u00e3o, Danilo Miniquelli. Dire\u00e7\u00e3o e texto: Mauricio Spina. Sinopse: a pe\u00e7a conta a hist\u00f3ria de um homem velho e inv\u00e1lido, sentado em uma cama em um lugar n\u00e3o especificado, que dialoga com a plateia. N\u00e3o tendo mem\u00f3ria, procura contar uma est\u00f3ria para ocupar o tempo de alguma forma, criando personagens arquet\u00edpicos, que dialogam e interagem com seu criador.\u00a0Por\u00e9m, em algum momento, o homem perde o controle da est\u00f3ria e acaba se desviando para um caminho que ele n\u00e3o queria.<\/p>\n<p><strong>Dia 24 de novembro \u2013 domingo \u2013 20h30 &#8211; <\/strong><strong>Novo Centro Cultural do Jardim Morada do Sol<\/strong><\/p>\n<p>Festival Prosc\u00eanio \u2013 Pe\u00e7a Duas Meninas nos Trilhos \u2013 Grupo Trupe Ventri-Loucos, de Jaguari\u00fana.<\/p>\n<p>Dura\u00e7\u00e3o: 45 min \u2013 Drama. Indica\u00e7\u00e3o: 14 anos.<br \/>\nElenco: Carol Magazoni e Julia Prud\u00eancio. Dire\u00e7\u00e3o: Felipe Veres. \u00a0Texto: Carol Magazoni, Felipe Veres e Julia Prud\u00eancio.<\/p>\n<p>Sinopse: pe\u00e7a de finaliza\u00e7\u00e3o do Projeto Ademar Guerra do Estado de S\u00e3o Paulo em 2012. Quatro caminhos tra\u00e7ados pelo trilho&#8230; Duas Meninas se encontram no cruzamento&#8230; Uma traz consigo a fuga e a outra a lembran\u00e7a. O que as Duas Meninas no Trilho tem em comum \u00e9 a busca pela liberdade&#8230; Mas qual o melhor caminho? Tudo acontece ali, naqueles quatro caminhos, no trilho, no cruzamento&#8230;<\/p>\n<p><strong>Dia 29 de novembro \u2013 sexta-feira \u2013 21h &#8211; Novo Centro Cultural do Jardim Morada do Sol<\/strong><\/p>\n<p>Festival Prosc\u00eanio \u2013 Pe\u00e7a Am\u00e9m \u2013 Grupo Um e Outro, de Ara\u00e7atuba.<\/p>\n<p>Dura\u00e7\u00e3o: 75 min \u2013 Drama.<br \/>\nElenco: Laerte Silva Junior. Dire\u00e7\u00e3o: Alexandre Melinsky.<\/p>\n<p>Sinopse: Espet\u00e1culo solo de teatro, \u00e9 um drama c\u00f4mico movido por forte ideologia e ativismo que, entretanto, em momento algum relega a qualidade art\u00edstica e beleza est\u00e9tica a um segundo plano. A bandeira que se levanta em \u201cAm\u00e9m!\u201d \u00e9 pelo respeito \u00e0 diversidade e por um pa\u00eds realmente laico. A personagem principal, Clara, tem um qu\u00ea de mist\u00e9rio e androginia. \u00c9 careca, tatuada, usa maquiagem escura e figurino <em>fashion<\/em> em tons neutros que deixa seus seios inexpressivos \u00e0 mostra. Uma apar\u00eancia pouco prov\u00e1vel para quem se apresenta como fundadora de uma nova igreja. O mon\u00f3logo ocorre em um cen\u00e1rio surreal, <em>clean<\/em>, com farta utiliza\u00e7\u00e3o de recursos audiovisuais. Um espet\u00e1culo para rir, chorar, divertir, refletir e p\u00f4r \u00e0 prova nossos conceitos e comportamentos.<\/p>\n<p><strong>Servi\u00e7o:<\/strong><\/p>\n<p>Novo Centro Cultural Morada do Sol &#8211; Av. Eng. F\u00e1bio Roberto Barnab\u00e9, n\u00ba 5924 &#8211; Jd. Morada do Sol<\/p>\n<p>Sala Acr\u00edsio de Camargo \u2013 Ciaei &#8211; Avenida Eng. F\u00e1bio Roberto Barnab\u00e9, 3.665 &#8211; Jardim Regina<\/p>\n<p>Shopping Jaragu\u00e1 &#8211; Rua 15 de Novembro 1.200 &#8211; Centro<\/p>\n<p><em>foto: Divulga\u00e7\u00e3o<\/em><\/p>\n","protected":false},"excerpt":{"rendered":"<p>A Secretaria Municipal de Cultura de Indaiatuba promove mais uma edi\u00e7\u00e3o do Novembro em Cena, evento j\u00e1 tradicional na cidade que visa fomentar o gosto e o interesse da popula\u00e7\u00e3o pelas artes c\u00eanicas em Indaiatuba, compondo uma agenda repleta de espet\u00e1culos gratuitos para todas as idades e estilos. O programa inclui ainda sess\u00f5es de cinema, [&hellip;]<\/p>\n","protected":false},"author":1,"featured_media":5451,"comment_status":"open","ping_status":"open","sticky":false,"template":"","format":"standard","meta":{"_acf_changed":false,"ngg_post_thumbnail":0,"_joinchat":[],"footnotes":""},"categories":[4,3],"tags":[533],"class_list":["post-5450","post","type-post","status-publish","format-standard","has-post-thumbnail","hentry","category-cultura","category-destaques","tag-cultura"],"acf":[],"yoast_head":"<!-- This site is optimized with the Yoast SEO plugin v27.4 - https:\/\/yoast.com\/product\/yoast-seo-wordpress\/ -->\n<title>Indaiatuba promove \u2018Novembro em Cena\u2019 - Revista Regional<\/title>\n<meta name=\"robots\" content=\"index, follow, max-snippet:-1, max-image-preview:large, max-video-preview:-1\" \/>\n<link rel=\"canonical\" href=\"https:\/\/revistaregional.com.br\/site\/2013\/11\/05\/indaiatuba-promove-novembro-em-cena\/\" \/>\n<meta property=\"og:locale\" content=\"pt_BR\" \/>\n<meta property=\"og:type\" content=\"article\" \/>\n<meta property=\"og:title\" content=\"Indaiatuba promove \u2018Novembro em Cena\u2019 - Revista Regional\" \/>\n<meta property=\"og:description\" content=\"A Secretaria Municipal de Cultura de Indaiatuba promove mais uma edi\u00e7\u00e3o do Novembro em Cena, evento j\u00e1 tradicional na cidade que visa fomentar o gosto e o interesse da popula\u00e7\u00e3o pelas artes c\u00eanicas em Indaiatuba, compondo uma agenda repleta de espet\u00e1culos gratuitos para todas as idades e estilos. O programa inclui ainda sess\u00f5es de cinema, [&hellip;]\" \/>\n<meta property=\"og:url\" content=\"https:\/\/revistaregional.com.br\/site\/2013\/11\/05\/indaiatuba-promove-novembro-em-cena\/\" \/>\n<meta property=\"og:site_name\" content=\"Revista Regional\" \/>\n<meta property=\"article:published_time\" content=\"2013-11-05T15:37:51+00:00\" \/>\n<meta property=\"article:modified_time\" content=\"2024-01-26T13:57:53+00:00\" \/>\n<meta property=\"og:image\" content=\"https:\/\/revistaregional.com.br\/site\/wp-content\/uploads\/2013\/11\/ao-rev\u00e9s-do-papel.jpg\" \/>\n\t<meta property=\"og:image:width\" content=\"640\" \/>\n\t<meta property=\"og:image:height\" content=\"425\" \/>\n\t<meta property=\"og:image:type\" content=\"image\/jpeg\" \/>\n<meta name=\"author\" content=\"contato@revistaregional.com.br\" \/>\n<meta name=\"twitter:card\" content=\"summary_large_image\" \/>\n<meta name=\"twitter:label1\" content=\"Escrito por\" \/>\n\t<meta name=\"twitter:data1\" content=\"contato@revistaregional.com.br\" \/>\n\t<meta name=\"twitter:label2\" content=\"Est. tempo de leitura\" \/>\n\t<meta name=\"twitter:data2\" content=\"13 minutos\" \/>\n<script type=\"application\/ld+json\" class=\"yoast-schema-graph\">{\"@context\":\"https:\\\/\\\/schema.org\",\"@graph\":[{\"@type\":\"Article\",\"@id\":\"https:\\\/\\\/revistaregional.com.br\\\/site\\\/2013\\\/11\\\/05\\\/indaiatuba-promove-novembro-em-cena\\\/#article\",\"isPartOf\":{\"@id\":\"https:\\\/\\\/revistaregional.com.br\\\/site\\\/2013\\\/11\\\/05\\\/indaiatuba-promove-novembro-em-cena\\\/\"},\"author\":{\"name\":\"contato@revistaregional.com.br\",\"@id\":\"https:\\\/\\\/revistaregional.com.br\\\/site\\\/#\\\/schema\\\/person\\\/382af97c580dc1b18f55107bc316010d\"},\"headline\":\"Indaiatuba promove \u2018Novembro em Cena\u2019\",\"datePublished\":\"2013-11-05T15:37:51+00:00\",\"dateModified\":\"2024-01-26T13:57:53+00:00\",\"mainEntityOfPage\":{\"@id\":\"https:\\\/\\\/revistaregional.com.br\\\/site\\\/2013\\\/11\\\/05\\\/indaiatuba-promove-novembro-em-cena\\\/\"},\"wordCount\":2634,\"commentCount\":0,\"image\":{\"@id\":\"https:\\\/\\\/revistaregional.com.br\\\/site\\\/2013\\\/11\\\/05\\\/indaiatuba-promove-novembro-em-cena\\\/#primaryimage\"},\"thumbnailUrl\":\"https:\\\/\\\/revistaregional.com.br\\\/site\\\/wp-content\\\/uploads\\\/2013\\\/11\\\/ao-rev\u00e9s-do-papel.jpg\",\"keywords\":[\"Cultura\"],\"articleSection\":[\"Cultura\",\"Destaques\"],\"inLanguage\":\"pt-BR\",\"potentialAction\":[{\"@type\":\"CommentAction\",\"name\":\"Comment\",\"target\":[\"https:\\\/\\\/revistaregional.com.br\\\/site\\\/2013\\\/11\\\/05\\\/indaiatuba-promove-novembro-em-cena\\\/#respond\"]}]},{\"@type\":\"WebPage\",\"@id\":\"https:\\\/\\\/revistaregional.com.br\\\/site\\\/2013\\\/11\\\/05\\\/indaiatuba-promove-novembro-em-cena\\\/\",\"url\":\"https:\\\/\\\/revistaregional.com.br\\\/site\\\/2013\\\/11\\\/05\\\/indaiatuba-promove-novembro-em-cena\\\/\",\"name\":\"Indaiatuba promove \u2018Novembro em Cena\u2019 - Revista Regional\",\"isPartOf\":{\"@id\":\"https:\\\/\\\/revistaregional.com.br\\\/site\\\/#website\"},\"primaryImageOfPage\":{\"@id\":\"https:\\\/\\\/revistaregional.com.br\\\/site\\\/2013\\\/11\\\/05\\\/indaiatuba-promove-novembro-em-cena\\\/#primaryimage\"},\"image\":{\"@id\":\"https:\\\/\\\/revistaregional.com.br\\\/site\\\/2013\\\/11\\\/05\\\/indaiatuba-promove-novembro-em-cena\\\/#primaryimage\"},\"thumbnailUrl\":\"https:\\\/\\\/revistaregional.com.br\\\/site\\\/wp-content\\\/uploads\\\/2013\\\/11\\\/ao-rev\u00e9s-do-papel.jpg\",\"datePublished\":\"2013-11-05T15:37:51+00:00\",\"dateModified\":\"2024-01-26T13:57:53+00:00\",\"author\":{\"@id\":\"https:\\\/\\\/revistaregional.com.br\\\/site\\\/#\\\/schema\\\/person\\\/382af97c580dc1b18f55107bc316010d\"},\"breadcrumb\":{\"@id\":\"https:\\\/\\\/revistaregional.com.br\\\/site\\\/2013\\\/11\\\/05\\\/indaiatuba-promove-novembro-em-cena\\\/#breadcrumb\"},\"inLanguage\":\"pt-BR\",\"potentialAction\":[{\"@type\":\"ReadAction\",\"target\":[\"https:\\\/\\\/revistaregional.com.br\\\/site\\\/2013\\\/11\\\/05\\\/indaiatuba-promove-novembro-em-cena\\\/\"]}]},{\"@type\":\"ImageObject\",\"inLanguage\":\"pt-BR\",\"@id\":\"https:\\\/\\\/revistaregional.com.br\\\/site\\\/2013\\\/11\\\/05\\\/indaiatuba-promove-novembro-em-cena\\\/#primaryimage\",\"url\":\"https:\\\/\\\/revistaregional.com.br\\\/site\\\/wp-content\\\/uploads\\\/2013\\\/11\\\/ao-rev\u00e9s-do-papel.jpg\",\"contentUrl\":\"https:\\\/\\\/revistaregional.com.br\\\/site\\\/wp-content\\\/uploads\\\/2013\\\/11\\\/ao-rev\u00e9s-do-papel.jpg\",\"width\":\"640\",\"height\":\"425\",\"caption\":\"Pe\u00e7a \u201cAo rev\u00e9s do papel\u201d do Grupo de Teatro Preto no Branco \u00e9 atra\u00e7\u00e3o dia 16\"},{\"@type\":\"BreadcrumbList\",\"@id\":\"https:\\\/\\\/revistaregional.com.br\\\/site\\\/2013\\\/11\\\/05\\\/indaiatuba-promove-novembro-em-cena\\\/#breadcrumb\",\"itemListElement\":[{\"@type\":\"ListItem\",\"position\":1,\"name\":\"In\u00edcio\",\"item\":\"https:\\\/\\\/revistaregional.com.br\\\/site\\\/\"},{\"@type\":\"ListItem\",\"position\":2,\"name\":\"Indaiatuba promove \u2018Novembro em Cena\u2019\"}]},{\"@type\":\"WebSite\",\"@id\":\"https:\\\/\\\/revistaregional.com.br\\\/site\\\/#website\",\"url\":\"https:\\\/\\\/revistaregional.com.br\\\/site\\\/\",\"name\":\"Revista Regional\",\"description\":\"Salto - Itu - Indaituba\",\"potentialAction\":[{\"@type\":\"SearchAction\",\"target\":{\"@type\":\"EntryPoint\",\"urlTemplate\":\"https:\\\/\\\/revistaregional.com.br\\\/site\\\/?s={search_term_string}\"},\"query-input\":{\"@type\":\"PropertyValueSpecification\",\"valueRequired\":true,\"valueName\":\"search_term_string\"}}],\"inLanguage\":\"pt-BR\"},{\"@type\":\"Person\",\"@id\":\"https:\\\/\\\/revistaregional.com.br\\\/site\\\/#\\\/schema\\\/person\\\/382af97c580dc1b18f55107bc316010d\",\"name\":\"contato@revistaregional.com.br\",\"image\":{\"@type\":\"ImageObject\",\"inLanguage\":\"pt-BR\",\"@id\":\"https:\\\/\\\/secure.gravatar.com\\\/avatar\\\/869822917e96b2e292d5827e4635855396934485e7c4a0af84e9a214e32ca0cd?s=96&d=mm&r=g\",\"url\":\"https:\\\/\\\/secure.gravatar.com\\\/avatar\\\/869822917e96b2e292d5827e4635855396934485e7c4a0af84e9a214e32ca0cd?s=96&d=mm&r=g\",\"contentUrl\":\"https:\\\/\\\/secure.gravatar.com\\\/avatar\\\/869822917e96b2e292d5827e4635855396934485e7c4a0af84e9a214e32ca0cd?s=96&d=mm&r=g\",\"caption\":\"contato@revistaregional.com.br\"},\"url\":\"https:\\\/\\\/revistaregional.com.br\\\/site\\\/author\\\/contato@revistaregional.com.br\\\/\"}]}<\/script>\n<!-- \/ Yoast SEO plugin. -->","yoast_head_json":{"title":"Indaiatuba promove \u2018Novembro em Cena\u2019 - Revista Regional","robots":{"index":"index","follow":"follow","max-snippet":"max-snippet:-1","max-image-preview":"max-image-preview:large","max-video-preview":"max-video-preview:-1"},"canonical":"https:\/\/revistaregional.com.br\/site\/2013\/11\/05\/indaiatuba-promove-novembro-em-cena\/","og_locale":"pt_BR","og_type":"article","og_title":"Indaiatuba promove \u2018Novembro em Cena\u2019 - Revista Regional","og_description":"A Secretaria Municipal de Cultura de Indaiatuba promove mais uma edi\u00e7\u00e3o do Novembro em Cena, evento j\u00e1 tradicional na cidade que visa fomentar o gosto e o interesse da popula\u00e7\u00e3o pelas artes c\u00eanicas em Indaiatuba, compondo uma agenda repleta de espet\u00e1culos gratuitos para todas as idades e estilos. O programa inclui ainda sess\u00f5es de cinema, [&hellip;]","og_url":"https:\/\/revistaregional.com.br\/site\/2013\/11\/05\/indaiatuba-promove-novembro-em-cena\/","og_site_name":"Revista Regional","article_published_time":"2013-11-05T15:37:51+00:00","article_modified_time":"2024-01-26T13:57:53+00:00","og_image":[{"width":640,"height":425,"url":"https:\/\/revistaregional.com.br\/site\/wp-content\/uploads\/2013\/11\/ao-rev\u00e9s-do-papel.jpg","type":"image\/jpeg"}],"author":"contato@revistaregional.com.br","twitter_card":"summary_large_image","twitter_misc":{"Escrito por":"contato@revistaregional.com.br","Est. tempo de leitura":"13 minutos"},"schema":{"@context":"https:\/\/schema.org","@graph":[{"@type":"Article","@id":"https:\/\/revistaregional.com.br\/site\/2013\/11\/05\/indaiatuba-promove-novembro-em-cena\/#article","isPartOf":{"@id":"https:\/\/revistaregional.com.br\/site\/2013\/11\/05\/indaiatuba-promove-novembro-em-cena\/"},"author":{"name":"contato@revistaregional.com.br","@id":"https:\/\/revistaregional.com.br\/site\/#\/schema\/person\/382af97c580dc1b18f55107bc316010d"},"headline":"Indaiatuba promove \u2018Novembro em Cena\u2019","datePublished":"2013-11-05T15:37:51+00:00","dateModified":"2024-01-26T13:57:53+00:00","mainEntityOfPage":{"@id":"https:\/\/revistaregional.com.br\/site\/2013\/11\/05\/indaiatuba-promove-novembro-em-cena\/"},"wordCount":2634,"commentCount":0,"image":{"@id":"https:\/\/revistaregional.com.br\/site\/2013\/11\/05\/indaiatuba-promove-novembro-em-cena\/#primaryimage"},"thumbnailUrl":"https:\/\/revistaregional.com.br\/site\/wp-content\/uploads\/2013\/11\/ao-rev\u00e9s-do-papel.jpg","keywords":["Cultura"],"articleSection":["Cultura","Destaques"],"inLanguage":"pt-BR","potentialAction":[{"@type":"CommentAction","name":"Comment","target":["https:\/\/revistaregional.com.br\/site\/2013\/11\/05\/indaiatuba-promove-novembro-em-cena\/#respond"]}]},{"@type":"WebPage","@id":"https:\/\/revistaregional.com.br\/site\/2013\/11\/05\/indaiatuba-promove-novembro-em-cena\/","url":"https:\/\/revistaregional.com.br\/site\/2013\/11\/05\/indaiatuba-promove-novembro-em-cena\/","name":"Indaiatuba promove \u2018Novembro em Cena\u2019 - Revista Regional","isPartOf":{"@id":"https:\/\/revistaregional.com.br\/site\/#website"},"primaryImageOfPage":{"@id":"https:\/\/revistaregional.com.br\/site\/2013\/11\/05\/indaiatuba-promove-novembro-em-cena\/#primaryimage"},"image":{"@id":"https:\/\/revistaregional.com.br\/site\/2013\/11\/05\/indaiatuba-promove-novembro-em-cena\/#primaryimage"},"thumbnailUrl":"https:\/\/revistaregional.com.br\/site\/wp-content\/uploads\/2013\/11\/ao-rev\u00e9s-do-papel.jpg","datePublished":"2013-11-05T15:37:51+00:00","dateModified":"2024-01-26T13:57:53+00:00","author":{"@id":"https:\/\/revistaregional.com.br\/site\/#\/schema\/person\/382af97c580dc1b18f55107bc316010d"},"breadcrumb":{"@id":"https:\/\/revistaregional.com.br\/site\/2013\/11\/05\/indaiatuba-promove-novembro-em-cena\/#breadcrumb"},"inLanguage":"pt-BR","potentialAction":[{"@type":"ReadAction","target":["https:\/\/revistaregional.com.br\/site\/2013\/11\/05\/indaiatuba-promove-novembro-em-cena\/"]}]},{"@type":"ImageObject","inLanguage":"pt-BR","@id":"https:\/\/revistaregional.com.br\/site\/2013\/11\/05\/indaiatuba-promove-novembro-em-cena\/#primaryimage","url":"https:\/\/revistaregional.com.br\/site\/wp-content\/uploads\/2013\/11\/ao-rev\u00e9s-do-papel.jpg","contentUrl":"https:\/\/revistaregional.com.br\/site\/wp-content\/uploads\/2013\/11\/ao-rev\u00e9s-do-papel.jpg","width":"640","height":"425","caption":"Pe\u00e7a \u201cAo rev\u00e9s do papel\u201d do Grupo de Teatro Preto no Branco \u00e9 atra\u00e7\u00e3o dia 16"},{"@type":"BreadcrumbList","@id":"https:\/\/revistaregional.com.br\/site\/2013\/11\/05\/indaiatuba-promove-novembro-em-cena\/#breadcrumb","itemListElement":[{"@type":"ListItem","position":1,"name":"In\u00edcio","item":"https:\/\/revistaregional.com.br\/site\/"},{"@type":"ListItem","position":2,"name":"Indaiatuba promove \u2018Novembro em Cena\u2019"}]},{"@type":"WebSite","@id":"https:\/\/revistaregional.com.br\/site\/#website","url":"https:\/\/revistaregional.com.br\/site\/","name":"Revista Regional","description":"Salto - Itu - Indaituba","potentialAction":[{"@type":"SearchAction","target":{"@type":"EntryPoint","urlTemplate":"https:\/\/revistaregional.com.br\/site\/?s={search_term_string}"},"query-input":{"@type":"PropertyValueSpecification","valueRequired":true,"valueName":"search_term_string"}}],"inLanguage":"pt-BR"},{"@type":"Person","@id":"https:\/\/revistaregional.com.br\/site\/#\/schema\/person\/382af97c580dc1b18f55107bc316010d","name":"contato@revistaregional.com.br","image":{"@type":"ImageObject","inLanguage":"pt-BR","@id":"https:\/\/secure.gravatar.com\/avatar\/869822917e96b2e292d5827e4635855396934485e7c4a0af84e9a214e32ca0cd?s=96&d=mm&r=g","url":"https:\/\/secure.gravatar.com\/avatar\/869822917e96b2e292d5827e4635855396934485e7c4a0af84e9a214e32ca0cd?s=96&d=mm&r=g","contentUrl":"https:\/\/secure.gravatar.com\/avatar\/869822917e96b2e292d5827e4635855396934485e7c4a0af84e9a214e32ca0cd?s=96&d=mm&r=g","caption":"contato@revistaregional.com.br"},"url":"https:\/\/revistaregional.com.br\/site\/author\/contato@revistaregional.com.br\/"}]}},"views":88,"_links":{"self":[{"href":"https:\/\/revistaregional.com.br\/site\/wp-json\/wp\/v2\/posts\/5450","targetHints":{"allow":["GET"]}}],"collection":[{"href":"https:\/\/revistaregional.com.br\/site\/wp-json\/wp\/v2\/posts"}],"about":[{"href":"https:\/\/revistaregional.com.br\/site\/wp-json\/wp\/v2\/types\/post"}],"author":[{"embeddable":true,"href":"https:\/\/revistaregional.com.br\/site\/wp-json\/wp\/v2\/users\/1"}],"replies":[{"embeddable":true,"href":"https:\/\/revistaregional.com.br\/site\/wp-json\/wp\/v2\/comments?post=5450"}],"version-history":[{"count":3,"href":"https:\/\/revistaregional.com.br\/site\/wp-json\/wp\/v2\/posts\/5450\/revisions"}],"predecessor-version":[{"id":32493,"href":"https:\/\/revistaregional.com.br\/site\/wp-json\/wp\/v2\/posts\/5450\/revisions\/32493"}],"wp:featuredmedia":[{"embeddable":true,"href":"https:\/\/revistaregional.com.br\/site\/wp-json\/wp\/v2\/media\/5451"}],"wp:attachment":[{"href":"https:\/\/revistaregional.com.br\/site\/wp-json\/wp\/v2\/media?parent=5450"}],"wp:term":[{"taxonomy":"category","embeddable":true,"href":"https:\/\/revistaregional.com.br\/site\/wp-json\/wp\/v2\/categories?post=5450"},{"taxonomy":"post_tag","embeddable":true,"href":"https:\/\/revistaregional.com.br\/site\/wp-json\/wp\/v2\/tags?post=5450"}],"curies":[{"name":"wp","href":"https:\/\/api.w.org\/{rel}","templated":true}]}}