{"id":5441,"date":"2013-11-05T10:36:51","date_gmt":"2013-11-05T13:36:51","guid":{"rendered":"http:\/\/revistaregional.com.br\/site\/?p=5441"},"modified":"2024-01-26T10:02:17","modified_gmt":"2024-01-26T13:02:17","slug":"instituto-lubeck-usa-google-glass-em-cirurgia","status":"publish","type":"post","link":"https:\/\/revistaregional.com.br\/site\/2013\/11\/05\/instituto-lubeck-usa-google-glass-em-cirurgia\/","title":{"rendered":"Instituto Lubeck usa Google Glass em cirurgia in\u00e9dita"},"content":{"rendered":"<figure id=\"attachment_5442\" aria-describedby=\"caption-attachment-5442\" style=\"width: 384px\" class=\"wp-caption aligncenter\"><a href=\"http:\/\/revistaregional.com.br\/site\/wp-content\/uploads\/2013\/11\/Glass-2.jpg\" rel=\"attachment wp-att-5442\"><img fetchpriority=\"high\" decoding=\"async\" class=\" wp-image-5442 \" src=\"http:\/\/revistaregional.com.br\/site\/wp-content\/uploads\/2013\/11\/Glass-2.jpg\" alt=\"\" width=\"384\" height=\"255\" srcset=\"https:\/\/revistaregional.com.br\/site\/wp-content\/uploads\/2013\/11\/Glass-2.jpg 640w, https:\/\/revistaregional.com.br\/site\/wp-content\/uploads\/2013\/11\/Glass-2-300x199.jpg 300w\" sizes=\"(max-width: 384px) 100vw, 384px\" \/><\/a><figcaption id=\"caption-attachment-5442\" class=\"wp-caption-text\">Cirurgi\u00f5es de diversos pontos do pa\u00eds acompanharam o evento em sala anexa ao Centro Cir\u00fargico de Salto<\/figcaption><\/figure>\n<p>No dia 25 de outubro, o Centro Cir\u00fargico do Hospital S\u00e3o Camilo de Salto foi palco do primeiro treinamento em videocirurgia colorretal com apoio do equipamento Google Glass.<\/p>\n<p>Uma colectomia videolaparosc\u00f3pica (retirada do intestino grosso) foi realizada pela equipe do Instituto Lubeck de Itu. Coordenada pelo cirurgi\u00e3o Miguel Pedroso, mentor da utiliza\u00e7\u00e3o da nova tecnologia para fins m\u00e9dico-pedag\u00f3gicas, a cirurgia durou cerca de 90 minutos e contou com o apoio tecnol\u00f3gico da Onoffre Consulting, respons\u00e1vel por testar o primeiro Google Glass no Brasil.<\/p>\n<figure id=\"attachment_5446\" aria-describedby=\"caption-attachment-5446\" style=\"width: 307px\" class=\"wp-caption alignright\"><a href=\"http:\/\/revistaregional.com.br\/site\/wp-content\/uploads\/2013\/11\/Glass-31.jpg\" rel=\"attachment wp-att-5446\"><img decoding=\"async\" class=\" wp-image-5446  \" src=\"http:\/\/revistaregional.com.br\/site\/wp-content\/uploads\/2013\/11\/Glass-31.jpg\" alt=\"\" width=\"307\" height=\"204\" srcset=\"https:\/\/revistaregional.com.br\/site\/wp-content\/uploads\/2013\/11\/Glass-31.jpg 640w, https:\/\/revistaregional.com.br\/site\/wp-content\/uploads\/2013\/11\/Glass-31-300x199.jpg 300w\" sizes=\"(max-width: 307px) 100vw, 307px\" \/><\/a><figcaption id=\"caption-attachment-5446\" class=\"wp-caption-text\">Dr. Miguel Pedroso faz utiliza\u00e7\u00e3o pioneira do Google Glass<\/figcaption><\/figure>\n<p>Numa sala anexa ao Centro Cir\u00fargico, a videocirurgia foi transmitida para um grupo de dez m\u00e9dicos de diversos pontos do pa\u00eds. Segundo o cirurgi\u00e3o Miguel Pedroso essa foi a primeira vez, em todo o mundo, que uma videocirurgia transmitiu conte\u00fado did\u00e1tico pelo Google Glass. \u201cEstamos em fase de testes. O pr\u00f3ximo passo \u2013 previu o m\u00e9dico \u2013 ser\u00e1 o desenvolvimento de um aplicativo espec\u00edfico que obede\u00e7a ao comando de voz para a exibi\u00e7\u00e3o de um videoatlas (Cololap) para o cirurgi\u00e3o que realiza a opera\u00e7\u00e3o e, simultaneamente, a transmiss\u00e3o de imagens da cirurgia para outros cirurgi\u00f5es conectados ao sistema\u201d.<\/p>\n<p>Ap\u00f3s o desenvolvimento do aplicativo pela Onoffre Consulting \u201co Google Glass ser\u00e1 um importante instrumento de preceptoria de cirurgi\u00f5es, reduzindo custo, tempo e dist\u00e2ncia, o que \u00e9 fundamental para um pa\u00eds de dimens\u00f5es continentais como o nosso\u201d \u2013 destacou Pedroso.<\/p>\n<p><strong>\u00a0<\/strong><\/p>\n<p><strong><\/strong><strong>O equipamento<\/strong><\/p>\n<p>O Google Glass \u00e9 um acess\u00f3rio revolucion\u00e1rio, em forma de \u00f3culos, que possibilita a intera\u00e7\u00e3o dos usu\u00e1rios com diversos conte\u00fados em realidade aumentada. O eletr\u00f4nico que obedece a comandos de voz \u00e9 capaz de tirar fotos, enviar mensagens instant\u00e2neas e realizar videoconfer\u00eancias atrav\u00e9s da Internet. Em fase experimental de testes e desenvolvimento de aplicativos, seu lan\u00e7amento est\u00e1 previsto para 2014.<\/p>\n<p>fotos: Divulga\u00e7\u00e3o<\/p>\n","protected":false},"excerpt":{"rendered":"<p>No dia 25 de outubro, o Centro Cir\u00fargico do Hospital S\u00e3o Camilo de Salto foi palco do primeiro treinamento em videocirurgia colorretal com apoio do equipamento Google Glass. Uma colectomia videolaparosc\u00f3pica (retirada do intestino grosso) foi realizada pela equipe do Instituto Lubeck de Itu. Coordenada pelo cirurgi\u00e3o Miguel Pedroso, mentor da utiliza\u00e7\u00e3o da nova tecnologia [&hellip;]<\/p>\n","protected":false},"author":1,"featured_media":5446,"comment_status":"open","ping_status":"open","sticky":false,"template":"","format":"standard","meta":{"_acf_changed":false,"ngg_post_thumbnail":0,"_joinchat":[],"footnotes":""},"categories":[12],"tags":[527],"class_list":["post-5441","post","type-post","status-publish","format-standard","has-post-thumbnail","hentry","category-regionais","tag-regionais"],"acf":[],"yoast_head":"<!-- This site is optimized with the Yoast SEO plugin v27.4 - https:\/\/yoast.com\/product\/yoast-seo-wordpress\/ -->\n<title>Instituto Lubeck usa Google Glass em cirurgia in\u00e9dita - Revista Regional<\/title>\n<meta name=\"robots\" content=\"index, follow, max-snippet:-1, max-image-preview:large, max-video-preview:-1\" \/>\n<link rel=\"canonical\" href=\"https:\/\/revistaregional.com.br\/site\/2013\/11\/05\/instituto-lubeck-usa-google-glass-em-cirurgia\/\" \/>\n<meta property=\"og:locale\" content=\"pt_BR\" \/>\n<meta property=\"og:type\" content=\"article\" \/>\n<meta property=\"og:title\" content=\"Instituto Lubeck usa Google Glass em cirurgia in\u00e9dita - Revista Regional\" \/>\n<meta property=\"og:description\" content=\"No dia 25 de outubro, o Centro Cir\u00fargico do Hospital S\u00e3o Camilo de Salto foi palco do primeiro treinamento em videocirurgia colorretal com apoio do equipamento Google Glass. Uma colectomia videolaparosc\u00f3pica (retirada do intestino grosso) foi realizada pela equipe do Instituto Lubeck de Itu. Coordenada pelo cirurgi\u00e3o Miguel Pedroso, mentor da utiliza\u00e7\u00e3o da nova tecnologia [&hellip;]\" \/>\n<meta property=\"og:url\" content=\"https:\/\/revistaregional.com.br\/site\/2013\/11\/05\/instituto-lubeck-usa-google-glass-em-cirurgia\/\" \/>\n<meta property=\"og:site_name\" content=\"Revista Regional\" \/>\n<meta property=\"article:published_time\" content=\"2013-11-05T13:36:51+00:00\" \/>\n<meta property=\"article:modified_time\" content=\"2024-01-26T13:02:17+00:00\" \/>\n<meta property=\"og:image\" content=\"https:\/\/revistaregional.com.br\/site\/wp-content\/uploads\/2013\/11\/Glass-31.jpg\" \/>\n\t<meta property=\"og:image:width\" content=\"640\" \/>\n\t<meta property=\"og:image:height\" content=\"425\" \/>\n\t<meta property=\"og:image:type\" content=\"image\/jpeg\" \/>\n<meta name=\"author\" content=\"contato@revistaregional.com.br\" \/>\n<meta name=\"twitter:card\" content=\"summary_large_image\" \/>\n<meta name=\"twitter:label1\" content=\"Escrito por\" \/>\n\t<meta name=\"twitter:data1\" content=\"contato@revistaregional.com.br\" \/>\n\t<meta name=\"twitter:label2\" content=\"Est. tempo de leitura\" \/>\n\t<meta name=\"twitter:data2\" content=\"2 minutos\" \/>\n<script type=\"application\/ld+json\" class=\"yoast-schema-graph\">{\"@context\":\"https:\\\/\\\/schema.org\",\"@graph\":[{\"@type\":\"Article\",\"@id\":\"https:\\\/\\\/revistaregional.com.br\\\/site\\\/2013\\\/11\\\/05\\\/instituto-lubeck-usa-google-glass-em-cirurgia\\\/#article\",\"isPartOf\":{\"@id\":\"https:\\\/\\\/revistaregional.com.br\\\/site\\\/2013\\\/11\\\/05\\\/instituto-lubeck-usa-google-glass-em-cirurgia\\\/\"},\"author\":{\"name\":\"contato@revistaregional.com.br\",\"@id\":\"https:\\\/\\\/revistaregional.com.br\\\/site\\\/#\\\/schema\\\/person\\\/382af97c580dc1b18f55107bc316010d\"},\"headline\":\"Instituto Lubeck usa Google Glass em cirurgia in\u00e9dita\",\"datePublished\":\"2013-11-05T13:36:51+00:00\",\"dateModified\":\"2024-01-26T13:02:17+00:00\",\"mainEntityOfPage\":{\"@id\":\"https:\\\/\\\/revistaregional.com.br\\\/site\\\/2013\\\/11\\\/05\\\/instituto-lubeck-usa-google-glass-em-cirurgia\\\/\"},\"wordCount\":369,\"commentCount\":0,\"image\":{\"@id\":\"https:\\\/\\\/revistaregional.com.br\\\/site\\\/2013\\\/11\\\/05\\\/instituto-lubeck-usa-google-glass-em-cirurgia\\\/#primaryimage\"},\"thumbnailUrl\":\"https:\\\/\\\/revistaregional.com.br\\\/site\\\/wp-content\\\/uploads\\\/2013\\\/11\\\/Glass-31.jpg\",\"keywords\":[\"Regionais\"],\"articleSection\":[\"Regionais\"],\"inLanguage\":\"pt-BR\",\"potentialAction\":[{\"@type\":\"CommentAction\",\"name\":\"Comment\",\"target\":[\"https:\\\/\\\/revistaregional.com.br\\\/site\\\/2013\\\/11\\\/05\\\/instituto-lubeck-usa-google-glass-em-cirurgia\\\/#respond\"]}]},{\"@type\":\"WebPage\",\"@id\":\"https:\\\/\\\/revistaregional.com.br\\\/site\\\/2013\\\/11\\\/05\\\/instituto-lubeck-usa-google-glass-em-cirurgia\\\/\",\"url\":\"https:\\\/\\\/revistaregional.com.br\\\/site\\\/2013\\\/11\\\/05\\\/instituto-lubeck-usa-google-glass-em-cirurgia\\\/\",\"name\":\"Instituto Lubeck usa Google Glass em cirurgia in\u00e9dita - Revista Regional\",\"isPartOf\":{\"@id\":\"https:\\\/\\\/revistaregional.com.br\\\/site\\\/#website\"},\"primaryImageOfPage\":{\"@id\":\"https:\\\/\\\/revistaregional.com.br\\\/site\\\/2013\\\/11\\\/05\\\/instituto-lubeck-usa-google-glass-em-cirurgia\\\/#primaryimage\"},\"image\":{\"@id\":\"https:\\\/\\\/revistaregional.com.br\\\/site\\\/2013\\\/11\\\/05\\\/instituto-lubeck-usa-google-glass-em-cirurgia\\\/#primaryimage\"},\"thumbnailUrl\":\"https:\\\/\\\/revistaregional.com.br\\\/site\\\/wp-content\\\/uploads\\\/2013\\\/11\\\/Glass-31.jpg\",\"datePublished\":\"2013-11-05T13:36:51+00:00\",\"dateModified\":\"2024-01-26T13:02:17+00:00\",\"author\":{\"@id\":\"https:\\\/\\\/revistaregional.com.br\\\/site\\\/#\\\/schema\\\/person\\\/382af97c580dc1b18f55107bc316010d\"},\"breadcrumb\":{\"@id\":\"https:\\\/\\\/revistaregional.com.br\\\/site\\\/2013\\\/11\\\/05\\\/instituto-lubeck-usa-google-glass-em-cirurgia\\\/#breadcrumb\"},\"inLanguage\":\"pt-BR\",\"potentialAction\":[{\"@type\":\"ReadAction\",\"target\":[\"https:\\\/\\\/revistaregional.com.br\\\/site\\\/2013\\\/11\\\/05\\\/instituto-lubeck-usa-google-glass-em-cirurgia\\\/\"]}]},{\"@type\":\"ImageObject\",\"inLanguage\":\"pt-BR\",\"@id\":\"https:\\\/\\\/revistaregional.com.br\\\/site\\\/2013\\\/11\\\/05\\\/instituto-lubeck-usa-google-glass-em-cirurgia\\\/#primaryimage\",\"url\":\"https:\\\/\\\/revistaregional.com.br\\\/site\\\/wp-content\\\/uploads\\\/2013\\\/11\\\/Glass-31.jpg\",\"contentUrl\":\"https:\\\/\\\/revistaregional.com.br\\\/site\\\/wp-content\\\/uploads\\\/2013\\\/11\\\/Glass-31.jpg\",\"width\":\"640\",\"height\":\"425\",\"caption\":\"Dr. Miguel Pedroso faz utiliza\u00e7\u00e3o pioneira do Google Glass\"},{\"@type\":\"BreadcrumbList\",\"@id\":\"https:\\\/\\\/revistaregional.com.br\\\/site\\\/2013\\\/11\\\/05\\\/instituto-lubeck-usa-google-glass-em-cirurgia\\\/#breadcrumb\",\"itemListElement\":[{\"@type\":\"ListItem\",\"position\":1,\"name\":\"In\u00edcio\",\"item\":\"https:\\\/\\\/revistaregional.com.br\\\/site\\\/\"},{\"@type\":\"ListItem\",\"position\":2,\"name\":\"Instituto Lubeck usa Google Glass em cirurgia in\u00e9dita\"}]},{\"@type\":\"WebSite\",\"@id\":\"https:\\\/\\\/revistaregional.com.br\\\/site\\\/#website\",\"url\":\"https:\\\/\\\/revistaregional.com.br\\\/site\\\/\",\"name\":\"Revista Regional\",\"description\":\"Salto - Itu - Indaituba\",\"potentialAction\":[{\"@type\":\"SearchAction\",\"target\":{\"@type\":\"EntryPoint\",\"urlTemplate\":\"https:\\\/\\\/revistaregional.com.br\\\/site\\\/?s={search_term_string}\"},\"query-input\":{\"@type\":\"PropertyValueSpecification\",\"valueRequired\":true,\"valueName\":\"search_term_string\"}}],\"inLanguage\":\"pt-BR\"},{\"@type\":\"Person\",\"@id\":\"https:\\\/\\\/revistaregional.com.br\\\/site\\\/#\\\/schema\\\/person\\\/382af97c580dc1b18f55107bc316010d\",\"name\":\"contato@revistaregional.com.br\",\"image\":{\"@type\":\"ImageObject\",\"inLanguage\":\"pt-BR\",\"@id\":\"https:\\\/\\\/secure.gravatar.com\\\/avatar\\\/869822917e96b2e292d5827e4635855396934485e7c4a0af84e9a214e32ca0cd?s=96&d=mm&r=g\",\"url\":\"https:\\\/\\\/secure.gravatar.com\\\/avatar\\\/869822917e96b2e292d5827e4635855396934485e7c4a0af84e9a214e32ca0cd?s=96&d=mm&r=g\",\"contentUrl\":\"https:\\\/\\\/secure.gravatar.com\\\/avatar\\\/869822917e96b2e292d5827e4635855396934485e7c4a0af84e9a214e32ca0cd?s=96&d=mm&r=g\",\"caption\":\"contato@revistaregional.com.br\"},\"url\":\"https:\\\/\\\/revistaregional.com.br\\\/site\\\/author\\\/contato@revistaregional.com.br\\\/\"}]}<\/script>\n<!-- \/ Yoast SEO plugin. -->","yoast_head_json":{"title":"Instituto Lubeck usa Google Glass em cirurgia in\u00e9dita - Revista Regional","robots":{"index":"index","follow":"follow","max-snippet":"max-snippet:-1","max-image-preview":"max-image-preview:large","max-video-preview":"max-video-preview:-1"},"canonical":"https:\/\/revistaregional.com.br\/site\/2013\/11\/05\/instituto-lubeck-usa-google-glass-em-cirurgia\/","og_locale":"pt_BR","og_type":"article","og_title":"Instituto Lubeck usa Google Glass em cirurgia in\u00e9dita - Revista Regional","og_description":"No dia 25 de outubro, o Centro Cir\u00fargico do Hospital S\u00e3o Camilo de Salto foi palco do primeiro treinamento em videocirurgia colorretal com apoio do equipamento Google Glass. Uma colectomia videolaparosc\u00f3pica (retirada do intestino grosso) foi realizada pela equipe do Instituto Lubeck de Itu. Coordenada pelo cirurgi\u00e3o Miguel Pedroso, mentor da utiliza\u00e7\u00e3o da nova tecnologia [&hellip;]","og_url":"https:\/\/revistaregional.com.br\/site\/2013\/11\/05\/instituto-lubeck-usa-google-glass-em-cirurgia\/","og_site_name":"Revista Regional","article_published_time":"2013-11-05T13:36:51+00:00","article_modified_time":"2024-01-26T13:02:17+00:00","og_image":[{"width":640,"height":425,"url":"https:\/\/revistaregional.com.br\/site\/wp-content\/uploads\/2013\/11\/Glass-31.jpg","type":"image\/jpeg"}],"author":"contato@revistaregional.com.br","twitter_card":"summary_large_image","twitter_misc":{"Escrito por":"contato@revistaregional.com.br","Est. tempo de leitura":"2 minutos"},"schema":{"@context":"https:\/\/schema.org","@graph":[{"@type":"Article","@id":"https:\/\/revistaregional.com.br\/site\/2013\/11\/05\/instituto-lubeck-usa-google-glass-em-cirurgia\/#article","isPartOf":{"@id":"https:\/\/revistaregional.com.br\/site\/2013\/11\/05\/instituto-lubeck-usa-google-glass-em-cirurgia\/"},"author":{"name":"contato@revistaregional.com.br","@id":"https:\/\/revistaregional.com.br\/site\/#\/schema\/person\/382af97c580dc1b18f55107bc316010d"},"headline":"Instituto Lubeck usa Google Glass em cirurgia in\u00e9dita","datePublished":"2013-11-05T13:36:51+00:00","dateModified":"2024-01-26T13:02:17+00:00","mainEntityOfPage":{"@id":"https:\/\/revistaregional.com.br\/site\/2013\/11\/05\/instituto-lubeck-usa-google-glass-em-cirurgia\/"},"wordCount":369,"commentCount":0,"image":{"@id":"https:\/\/revistaregional.com.br\/site\/2013\/11\/05\/instituto-lubeck-usa-google-glass-em-cirurgia\/#primaryimage"},"thumbnailUrl":"https:\/\/revistaregional.com.br\/site\/wp-content\/uploads\/2013\/11\/Glass-31.jpg","keywords":["Regionais"],"articleSection":["Regionais"],"inLanguage":"pt-BR","potentialAction":[{"@type":"CommentAction","name":"Comment","target":["https:\/\/revistaregional.com.br\/site\/2013\/11\/05\/instituto-lubeck-usa-google-glass-em-cirurgia\/#respond"]}]},{"@type":"WebPage","@id":"https:\/\/revistaregional.com.br\/site\/2013\/11\/05\/instituto-lubeck-usa-google-glass-em-cirurgia\/","url":"https:\/\/revistaregional.com.br\/site\/2013\/11\/05\/instituto-lubeck-usa-google-glass-em-cirurgia\/","name":"Instituto Lubeck usa Google Glass em cirurgia in\u00e9dita - Revista Regional","isPartOf":{"@id":"https:\/\/revistaregional.com.br\/site\/#website"},"primaryImageOfPage":{"@id":"https:\/\/revistaregional.com.br\/site\/2013\/11\/05\/instituto-lubeck-usa-google-glass-em-cirurgia\/#primaryimage"},"image":{"@id":"https:\/\/revistaregional.com.br\/site\/2013\/11\/05\/instituto-lubeck-usa-google-glass-em-cirurgia\/#primaryimage"},"thumbnailUrl":"https:\/\/revistaregional.com.br\/site\/wp-content\/uploads\/2013\/11\/Glass-31.jpg","datePublished":"2013-11-05T13:36:51+00:00","dateModified":"2024-01-26T13:02:17+00:00","author":{"@id":"https:\/\/revistaregional.com.br\/site\/#\/schema\/person\/382af97c580dc1b18f55107bc316010d"},"breadcrumb":{"@id":"https:\/\/revistaregional.com.br\/site\/2013\/11\/05\/instituto-lubeck-usa-google-glass-em-cirurgia\/#breadcrumb"},"inLanguage":"pt-BR","potentialAction":[{"@type":"ReadAction","target":["https:\/\/revistaregional.com.br\/site\/2013\/11\/05\/instituto-lubeck-usa-google-glass-em-cirurgia\/"]}]},{"@type":"ImageObject","inLanguage":"pt-BR","@id":"https:\/\/revistaregional.com.br\/site\/2013\/11\/05\/instituto-lubeck-usa-google-glass-em-cirurgia\/#primaryimage","url":"https:\/\/revistaregional.com.br\/site\/wp-content\/uploads\/2013\/11\/Glass-31.jpg","contentUrl":"https:\/\/revistaregional.com.br\/site\/wp-content\/uploads\/2013\/11\/Glass-31.jpg","width":"640","height":"425","caption":"Dr. Miguel Pedroso faz utiliza\u00e7\u00e3o pioneira do Google Glass"},{"@type":"BreadcrumbList","@id":"https:\/\/revistaregional.com.br\/site\/2013\/11\/05\/instituto-lubeck-usa-google-glass-em-cirurgia\/#breadcrumb","itemListElement":[{"@type":"ListItem","position":1,"name":"In\u00edcio","item":"https:\/\/revistaregional.com.br\/site\/"},{"@type":"ListItem","position":2,"name":"Instituto Lubeck usa Google Glass em cirurgia in\u00e9dita"}]},{"@type":"WebSite","@id":"https:\/\/revistaregional.com.br\/site\/#website","url":"https:\/\/revistaregional.com.br\/site\/","name":"Revista Regional","description":"Salto - Itu - Indaituba","potentialAction":[{"@type":"SearchAction","target":{"@type":"EntryPoint","urlTemplate":"https:\/\/revistaregional.com.br\/site\/?s={search_term_string}"},"query-input":{"@type":"PropertyValueSpecification","valueRequired":true,"valueName":"search_term_string"}}],"inLanguage":"pt-BR"},{"@type":"Person","@id":"https:\/\/revistaregional.com.br\/site\/#\/schema\/person\/382af97c580dc1b18f55107bc316010d","name":"contato@revistaregional.com.br","image":{"@type":"ImageObject","inLanguage":"pt-BR","@id":"https:\/\/secure.gravatar.com\/avatar\/869822917e96b2e292d5827e4635855396934485e7c4a0af84e9a214e32ca0cd?s=96&d=mm&r=g","url":"https:\/\/secure.gravatar.com\/avatar\/869822917e96b2e292d5827e4635855396934485e7c4a0af84e9a214e32ca0cd?s=96&d=mm&r=g","contentUrl":"https:\/\/secure.gravatar.com\/avatar\/869822917e96b2e292d5827e4635855396934485e7c4a0af84e9a214e32ca0cd?s=96&d=mm&r=g","caption":"contato@revistaregional.com.br"},"url":"https:\/\/revistaregional.com.br\/site\/author\/contato@revistaregional.com.br\/"}]}},"views":118,"_links":{"self":[{"href":"https:\/\/revistaregional.com.br\/site\/wp-json\/wp\/v2\/posts\/5441","targetHints":{"allow":["GET"]}}],"collection":[{"href":"https:\/\/revistaregional.com.br\/site\/wp-json\/wp\/v2\/posts"}],"about":[{"href":"https:\/\/revistaregional.com.br\/site\/wp-json\/wp\/v2\/types\/post"}],"author":[{"embeddable":true,"href":"https:\/\/revistaregional.com.br\/site\/wp-json\/wp\/v2\/users\/1"}],"replies":[{"embeddable":true,"href":"https:\/\/revistaregional.com.br\/site\/wp-json\/wp\/v2\/comments?post=5441"}],"version-history":[{"count":5,"href":"https:\/\/revistaregional.com.br\/site\/wp-json\/wp\/v2\/posts\/5441\/revisions"}],"predecessor-version":[{"id":32379,"href":"https:\/\/revistaregional.com.br\/site\/wp-json\/wp\/v2\/posts\/5441\/revisions\/32379"}],"wp:featuredmedia":[{"embeddable":true,"href":"https:\/\/revistaregional.com.br\/site\/wp-json\/wp\/v2\/media\/5446"}],"wp:attachment":[{"href":"https:\/\/revistaregional.com.br\/site\/wp-json\/wp\/v2\/media?parent=5441"}],"wp:term":[{"taxonomy":"category","embeddable":true,"href":"https:\/\/revistaregional.com.br\/site\/wp-json\/wp\/v2\/categories?post=5441"},{"taxonomy":"post_tag","embeddable":true,"href":"https:\/\/revistaregional.com.br\/site\/wp-json\/wp\/v2\/tags?post=5441"}],"curies":[{"name":"wp","href":"https:\/\/api.w.org\/{rel}","templated":true}]}}