{"id":5380,"date":"2013-10-15T14:32:34","date_gmt":"2013-10-15T17:32:34","guid":{"rendered":"http:\/\/revistaregional.com.br\/site\/?p=5380"},"modified":"2024-01-26T10:02:19","modified_gmt":"2024-01-26T13:02:19","slug":"plaza-shopping-tera-encontro-de-gurgel","status":"publish","type":"post","link":"https:\/\/revistaregional.com.br\/site\/2013\/10\/15\/plaza-shopping-tera-encontro-de-gurgel\/","title":{"rendered":"Plaza Shopping ter\u00e1 Encontro de Gurgel"},"content":{"rendered":"<figure id=\"attachment_5381\" aria-describedby=\"caption-attachment-5381\" style=\"width: 384px\" class=\"wp-caption aligncenter\"><a href=\"http:\/\/revistaregional.com.br\/site\/wp-content\/uploads\/2013\/10\/GURGEL-DOV.jpg\" rel=\"attachment wp-att-5381\"><img fetchpriority=\"high\" decoding=\"async\" class=\" wp-image-5381 \" src=\"http:\/\/revistaregional.com.br\/site\/wp-content\/uploads\/2013\/10\/GURGEL-DOV.jpg\" alt=\"\" width=\"384\" height=\"288\" srcset=\"https:\/\/revistaregional.com.br\/site\/wp-content\/uploads\/2013\/10\/GURGEL-DOV.jpg 640w, https:\/\/revistaregional.com.br\/site\/wp-content\/uploads\/2013\/10\/GURGEL-DOV-300x225.jpg 300w\" sizes=\"(max-width: 384px) 100vw, 384px\" \/><\/a><figcaption id=\"caption-attachment-5381\" class=\"wp-caption-text\">O Gurgel \u00e9 considerado o primeiro autom\u00f3vel genuinamente nacional<\/figcaption><\/figure>\n<p>O Plaza Shopping Itu em parceria com o Gurgel Campinas, um clube voltado para amantes do modelo, promove o I Encontro da categoria, no dia 20 de outubro, das 10h \u00e0s 13h, no estacionamento do centro de compras, pr\u00f3ximo ao Hotel Ibis (entrada 3).<\/p>\n<p>O evento tamb\u00e9m contar\u00e1 com a presen\u00e7a do Carangas Clube de Itu e um show da Banda Get Back, embalando o p\u00fablico ao som de cl\u00e1ssicos do The Beatles. Com entrada gratuita, o objetivo do Encontro \u00e9 reunir diversas gera\u00e7\u00f5es, para que o p\u00fablico acompanhe as mudan\u00e7as e caracter\u00edsticas do autom\u00f3vel, considerado o primeiro genuinamente nacional, idealizado por Amaral Gurgel, que por 25 anos de atividade, produziu cerca de 40 mil ve\u00edculos. Para participar com a exposi\u00e7\u00e3o de um exemplar, basta se inscrever pelo e-mail <a href=\"mailto:gurgelcampinas@terra.com.br\">urgelcampinas@terra.com.br<\/a><\/p>\n<p>Os apaixonados por carros poder\u00e3o ver de perto a evolu\u00e7\u00e3o do Gurgel, al\u00e9m de acompanhar a hist\u00f3ria da ind\u00fastria de ve\u00edculos nacional. O primeiro modelo produzido no Brasil por Amaral Gurgel, a vers\u00e3o QT (Qualquer Terreno), permanece em exposi\u00e7\u00e3o no Plaza Shopping Itu.<\/p>\n<p>\u201cOs encontros de carros atraem o nosso p\u00fablico, que sempre nos prestigia nas manh\u00e3s de domingo. Al\u00e9m de ser um programa diferente, \u00e9 tamb\u00e9m para a fam\u00edlia inteira, que se encanta com os modelos e hist\u00f3rias dos bastidores automotivos. Para o I Encontro de Gurgel a expectativa \u00e9 de que milhares de pessoas prestigiem\u201d, afirma o gerente de marketing do centro de compras, Edgar Silveira.<\/p>\n<p><strong>MAIS:<\/strong><\/p>\n<p><strong>Encontro de Gurgel \u2013 Plaza Shopping Itu<\/strong><\/p>\n<p>Data: 20 de outubro de 2013<\/p>\n<p>Hor\u00e1rio: das 10h \u00e0s 13h<\/p>\n<p>Local: Plaza Shopping Itu<\/p>\n<p>Endere\u00e7o: av. Dr. Ermelindo Maffei, 1199, Jd. Para\u00edso, Itu<\/p>\n<p>Tel.: 11 4022-9400 | <a href=\"http:\/\/www.plazashoppingitu.com.br\/\">www.plazashoppingitu.com.br<\/a><\/p>\n<p><em>\u00a0foto: Divulga\u00e7\u00e3o<\/em><\/p>\n","protected":false},"excerpt":{"rendered":"<p>O Plaza Shopping Itu em parceria com o Gurgel Campinas, um clube voltado para amantes do modelo, promove o I Encontro da categoria, no dia 20 de outubro, das 10h \u00e0s 13h, no estacionamento do centro de compras, pr\u00f3ximo ao Hotel Ibis (entrada 3). O evento tamb\u00e9m contar\u00e1 com a presen\u00e7a do Carangas Clube de [&hellip;]<\/p>\n","protected":false},"author":1,"featured_media":5384,"comment_status":"open","ping_status":"open","sticky":false,"template":"","format":"standard","meta":{"_acf_changed":false,"ngg_post_thumbnail":0,"_joinchat":[],"footnotes":""},"categories":[12],"tags":[527],"class_list":["post-5380","post","type-post","status-publish","format-standard","has-post-thumbnail","hentry","category-regionais","tag-regionais"],"acf":[],"yoast_head":"<!-- This site is optimized with the Yoast SEO plugin v27.4 - https:\/\/yoast.com\/product\/yoast-seo-wordpress\/ -->\n<title>Plaza Shopping ter\u00e1 Encontro de Gurgel - Revista Regional<\/title>\n<meta name=\"robots\" content=\"index, follow, max-snippet:-1, max-image-preview:large, max-video-preview:-1\" \/>\n<link rel=\"canonical\" href=\"https:\/\/revistaregional.com.br\/site\/2013\/10\/15\/plaza-shopping-tera-encontro-de-gurgel\/\" \/>\n<meta property=\"og:locale\" content=\"pt_BR\" \/>\n<meta property=\"og:type\" content=\"article\" \/>\n<meta property=\"og:title\" content=\"Plaza Shopping ter\u00e1 Encontro de Gurgel - Revista Regional\" \/>\n<meta property=\"og:description\" content=\"O Plaza Shopping Itu em parceria com o Gurgel Campinas, um clube voltado para amantes do modelo, promove o I Encontro da categoria, no dia 20 de outubro, das 10h \u00e0s 13h, no estacionamento do centro de compras, pr\u00f3ximo ao Hotel Ibis (entrada 3). O evento tamb\u00e9m contar\u00e1 com a presen\u00e7a do Carangas Clube de [&hellip;]\" \/>\n<meta property=\"og:url\" content=\"https:\/\/revistaregional.com.br\/site\/2013\/10\/15\/plaza-shopping-tera-encontro-de-gurgel\/\" \/>\n<meta property=\"og:site_name\" content=\"Revista Regional\" \/>\n<meta property=\"article:published_time\" content=\"2013-10-15T17:32:34+00:00\" \/>\n<meta property=\"article:modified_time\" content=\"2024-01-26T13:02:19+00:00\" \/>\n<meta property=\"og:image\" content=\"https:\/\/revistaregional.com.br\/site\/wp-content\/uploads\/2013\/10\/GURGEL-DOV1.jpg\" \/>\n\t<meta property=\"og:image:width\" content=\"640\" \/>\n\t<meta property=\"og:image:height\" content=\"322\" \/>\n\t<meta property=\"og:image:type\" content=\"image\/jpeg\" \/>\n<meta name=\"author\" content=\"contato@revistaregional.com.br\" \/>\n<meta name=\"twitter:card\" content=\"summary_large_image\" \/>\n<meta name=\"twitter:label1\" content=\"Escrito por\" \/>\n\t<meta name=\"twitter:data1\" content=\"contato@revistaregional.com.br\" \/>\n\t<meta name=\"twitter:label2\" content=\"Est. tempo de leitura\" \/>\n\t<meta name=\"twitter:data2\" content=\"2 minutos\" \/>\n<script type=\"application\/ld+json\" class=\"yoast-schema-graph\">{\"@context\":\"https:\\\/\\\/schema.org\",\"@graph\":[{\"@type\":\"Article\",\"@id\":\"https:\\\/\\\/revistaregional.com.br\\\/site\\\/2013\\\/10\\\/15\\\/plaza-shopping-tera-encontro-de-gurgel\\\/#article\",\"isPartOf\":{\"@id\":\"https:\\\/\\\/revistaregional.com.br\\\/site\\\/2013\\\/10\\\/15\\\/plaza-shopping-tera-encontro-de-gurgel\\\/\"},\"author\":{\"name\":\"contato@revistaregional.com.br\",\"@id\":\"https:\\\/\\\/revistaregional.com.br\\\/site\\\/#\\\/schema\\\/person\\\/382af97c580dc1b18f55107bc316010d\"},\"headline\":\"Plaza Shopping ter\u00e1 Encontro de Gurgel\",\"datePublished\":\"2013-10-15T17:32:34+00:00\",\"dateModified\":\"2024-01-26T13:02:19+00:00\",\"mainEntityOfPage\":{\"@id\":\"https:\\\/\\\/revistaregional.com.br\\\/site\\\/2013\\\/10\\\/15\\\/plaza-shopping-tera-encontro-de-gurgel\\\/\"},\"wordCount\":322,\"commentCount\":0,\"image\":{\"@id\":\"https:\\\/\\\/revistaregional.com.br\\\/site\\\/2013\\\/10\\\/15\\\/plaza-shopping-tera-encontro-de-gurgel\\\/#primaryimage\"},\"thumbnailUrl\":\"https:\\\/\\\/revistaregional.com.br\\\/site\\\/wp-content\\\/uploads\\\/2013\\\/10\\\/GURGEL-DOV1.jpg\",\"keywords\":[\"Regionais\"],\"articleSection\":[\"Regionais\"],\"inLanguage\":\"pt-BR\",\"potentialAction\":[{\"@type\":\"CommentAction\",\"name\":\"Comment\",\"target\":[\"https:\\\/\\\/revistaregional.com.br\\\/site\\\/2013\\\/10\\\/15\\\/plaza-shopping-tera-encontro-de-gurgel\\\/#respond\"]}]},{\"@type\":\"WebPage\",\"@id\":\"https:\\\/\\\/revistaregional.com.br\\\/site\\\/2013\\\/10\\\/15\\\/plaza-shopping-tera-encontro-de-gurgel\\\/\",\"url\":\"https:\\\/\\\/revistaregional.com.br\\\/site\\\/2013\\\/10\\\/15\\\/plaza-shopping-tera-encontro-de-gurgel\\\/\",\"name\":\"Plaza Shopping ter\u00e1 Encontro de Gurgel - Revista Regional\",\"isPartOf\":{\"@id\":\"https:\\\/\\\/revistaregional.com.br\\\/site\\\/#website\"},\"primaryImageOfPage\":{\"@id\":\"https:\\\/\\\/revistaregional.com.br\\\/site\\\/2013\\\/10\\\/15\\\/plaza-shopping-tera-encontro-de-gurgel\\\/#primaryimage\"},\"image\":{\"@id\":\"https:\\\/\\\/revistaregional.com.br\\\/site\\\/2013\\\/10\\\/15\\\/plaza-shopping-tera-encontro-de-gurgel\\\/#primaryimage\"},\"thumbnailUrl\":\"https:\\\/\\\/revistaregional.com.br\\\/site\\\/wp-content\\\/uploads\\\/2013\\\/10\\\/GURGEL-DOV1.jpg\",\"datePublished\":\"2013-10-15T17:32:34+00:00\",\"dateModified\":\"2024-01-26T13:02:19+00:00\",\"author\":{\"@id\":\"https:\\\/\\\/revistaregional.com.br\\\/site\\\/#\\\/schema\\\/person\\\/382af97c580dc1b18f55107bc316010d\"},\"breadcrumb\":{\"@id\":\"https:\\\/\\\/revistaregional.com.br\\\/site\\\/2013\\\/10\\\/15\\\/plaza-shopping-tera-encontro-de-gurgel\\\/#breadcrumb\"},\"inLanguage\":\"pt-BR\",\"potentialAction\":[{\"@type\":\"ReadAction\",\"target\":[\"https:\\\/\\\/revistaregional.com.br\\\/site\\\/2013\\\/10\\\/15\\\/plaza-shopping-tera-encontro-de-gurgel\\\/\"]}]},{\"@type\":\"ImageObject\",\"inLanguage\":\"pt-BR\",\"@id\":\"https:\\\/\\\/revistaregional.com.br\\\/site\\\/2013\\\/10\\\/15\\\/plaza-shopping-tera-encontro-de-gurgel\\\/#primaryimage\",\"url\":\"https:\\\/\\\/revistaregional.com.br\\\/site\\\/wp-content\\\/uploads\\\/2013\\\/10\\\/GURGEL-DOV1.jpg\",\"contentUrl\":\"https:\\\/\\\/revistaregional.com.br\\\/site\\\/wp-content\\\/uploads\\\/2013\\\/10\\\/GURGEL-DOV1.jpg\",\"width\":\"640\",\"height\":\"322\"},{\"@type\":\"BreadcrumbList\",\"@id\":\"https:\\\/\\\/revistaregional.com.br\\\/site\\\/2013\\\/10\\\/15\\\/plaza-shopping-tera-encontro-de-gurgel\\\/#breadcrumb\",\"itemListElement\":[{\"@type\":\"ListItem\",\"position\":1,\"name\":\"In\u00edcio\",\"item\":\"https:\\\/\\\/revistaregional.com.br\\\/site\\\/\"},{\"@type\":\"ListItem\",\"position\":2,\"name\":\"Plaza Shopping ter\u00e1 Encontro de Gurgel\"}]},{\"@type\":\"WebSite\",\"@id\":\"https:\\\/\\\/revistaregional.com.br\\\/site\\\/#website\",\"url\":\"https:\\\/\\\/revistaregional.com.br\\\/site\\\/\",\"name\":\"Revista Regional\",\"description\":\"Salto - Itu - Indaituba\",\"potentialAction\":[{\"@type\":\"SearchAction\",\"target\":{\"@type\":\"EntryPoint\",\"urlTemplate\":\"https:\\\/\\\/revistaregional.com.br\\\/site\\\/?s={search_term_string}\"},\"query-input\":{\"@type\":\"PropertyValueSpecification\",\"valueRequired\":true,\"valueName\":\"search_term_string\"}}],\"inLanguage\":\"pt-BR\"},{\"@type\":\"Person\",\"@id\":\"https:\\\/\\\/revistaregional.com.br\\\/site\\\/#\\\/schema\\\/person\\\/382af97c580dc1b18f55107bc316010d\",\"name\":\"contato@revistaregional.com.br\",\"image\":{\"@type\":\"ImageObject\",\"inLanguage\":\"pt-BR\",\"@id\":\"https:\\\/\\\/secure.gravatar.com\\\/avatar\\\/869822917e96b2e292d5827e4635855396934485e7c4a0af84e9a214e32ca0cd?s=96&d=mm&r=g\",\"url\":\"https:\\\/\\\/secure.gravatar.com\\\/avatar\\\/869822917e96b2e292d5827e4635855396934485e7c4a0af84e9a214e32ca0cd?s=96&d=mm&r=g\",\"contentUrl\":\"https:\\\/\\\/secure.gravatar.com\\\/avatar\\\/869822917e96b2e292d5827e4635855396934485e7c4a0af84e9a214e32ca0cd?s=96&d=mm&r=g\",\"caption\":\"contato@revistaregional.com.br\"},\"url\":\"https:\\\/\\\/revistaregional.com.br\\\/site\\\/author\\\/contato@revistaregional.com.br\\\/\"}]}<\/script>\n<!-- \/ Yoast SEO plugin. -->","yoast_head_json":{"title":"Plaza Shopping ter\u00e1 Encontro de Gurgel - Revista Regional","robots":{"index":"index","follow":"follow","max-snippet":"max-snippet:-1","max-image-preview":"max-image-preview:large","max-video-preview":"max-video-preview:-1"},"canonical":"https:\/\/revistaregional.com.br\/site\/2013\/10\/15\/plaza-shopping-tera-encontro-de-gurgel\/","og_locale":"pt_BR","og_type":"article","og_title":"Plaza Shopping ter\u00e1 Encontro de Gurgel - Revista Regional","og_description":"O Plaza Shopping Itu em parceria com o Gurgel Campinas, um clube voltado para amantes do modelo, promove o I Encontro da categoria, no dia 20 de outubro, das 10h \u00e0s 13h, no estacionamento do centro de compras, pr\u00f3ximo ao Hotel Ibis (entrada 3). O evento tamb\u00e9m contar\u00e1 com a presen\u00e7a do Carangas Clube de [&hellip;]","og_url":"https:\/\/revistaregional.com.br\/site\/2013\/10\/15\/plaza-shopping-tera-encontro-de-gurgel\/","og_site_name":"Revista Regional","article_published_time":"2013-10-15T17:32:34+00:00","article_modified_time":"2024-01-26T13:02:19+00:00","og_image":[{"width":640,"height":322,"url":"https:\/\/revistaregional.com.br\/site\/wp-content\/uploads\/2013\/10\/GURGEL-DOV1.jpg","type":"image\/jpeg"}],"author":"contato@revistaregional.com.br","twitter_card":"summary_large_image","twitter_misc":{"Escrito por":"contato@revistaregional.com.br","Est. tempo de leitura":"2 minutos"},"schema":{"@context":"https:\/\/schema.org","@graph":[{"@type":"Article","@id":"https:\/\/revistaregional.com.br\/site\/2013\/10\/15\/plaza-shopping-tera-encontro-de-gurgel\/#article","isPartOf":{"@id":"https:\/\/revistaregional.com.br\/site\/2013\/10\/15\/plaza-shopping-tera-encontro-de-gurgel\/"},"author":{"name":"contato@revistaregional.com.br","@id":"https:\/\/revistaregional.com.br\/site\/#\/schema\/person\/382af97c580dc1b18f55107bc316010d"},"headline":"Plaza Shopping ter\u00e1 Encontro de Gurgel","datePublished":"2013-10-15T17:32:34+00:00","dateModified":"2024-01-26T13:02:19+00:00","mainEntityOfPage":{"@id":"https:\/\/revistaregional.com.br\/site\/2013\/10\/15\/plaza-shopping-tera-encontro-de-gurgel\/"},"wordCount":322,"commentCount":0,"image":{"@id":"https:\/\/revistaregional.com.br\/site\/2013\/10\/15\/plaza-shopping-tera-encontro-de-gurgel\/#primaryimage"},"thumbnailUrl":"https:\/\/revistaregional.com.br\/site\/wp-content\/uploads\/2013\/10\/GURGEL-DOV1.jpg","keywords":["Regionais"],"articleSection":["Regionais"],"inLanguage":"pt-BR","potentialAction":[{"@type":"CommentAction","name":"Comment","target":["https:\/\/revistaregional.com.br\/site\/2013\/10\/15\/plaza-shopping-tera-encontro-de-gurgel\/#respond"]}]},{"@type":"WebPage","@id":"https:\/\/revistaregional.com.br\/site\/2013\/10\/15\/plaza-shopping-tera-encontro-de-gurgel\/","url":"https:\/\/revistaregional.com.br\/site\/2013\/10\/15\/plaza-shopping-tera-encontro-de-gurgel\/","name":"Plaza Shopping ter\u00e1 Encontro de Gurgel - Revista Regional","isPartOf":{"@id":"https:\/\/revistaregional.com.br\/site\/#website"},"primaryImageOfPage":{"@id":"https:\/\/revistaregional.com.br\/site\/2013\/10\/15\/plaza-shopping-tera-encontro-de-gurgel\/#primaryimage"},"image":{"@id":"https:\/\/revistaregional.com.br\/site\/2013\/10\/15\/plaza-shopping-tera-encontro-de-gurgel\/#primaryimage"},"thumbnailUrl":"https:\/\/revistaregional.com.br\/site\/wp-content\/uploads\/2013\/10\/GURGEL-DOV1.jpg","datePublished":"2013-10-15T17:32:34+00:00","dateModified":"2024-01-26T13:02:19+00:00","author":{"@id":"https:\/\/revistaregional.com.br\/site\/#\/schema\/person\/382af97c580dc1b18f55107bc316010d"},"breadcrumb":{"@id":"https:\/\/revistaregional.com.br\/site\/2013\/10\/15\/plaza-shopping-tera-encontro-de-gurgel\/#breadcrumb"},"inLanguage":"pt-BR","potentialAction":[{"@type":"ReadAction","target":["https:\/\/revistaregional.com.br\/site\/2013\/10\/15\/plaza-shopping-tera-encontro-de-gurgel\/"]}]},{"@type":"ImageObject","inLanguage":"pt-BR","@id":"https:\/\/revistaregional.com.br\/site\/2013\/10\/15\/plaza-shopping-tera-encontro-de-gurgel\/#primaryimage","url":"https:\/\/revistaregional.com.br\/site\/wp-content\/uploads\/2013\/10\/GURGEL-DOV1.jpg","contentUrl":"https:\/\/revistaregional.com.br\/site\/wp-content\/uploads\/2013\/10\/GURGEL-DOV1.jpg","width":"640","height":"322"},{"@type":"BreadcrumbList","@id":"https:\/\/revistaregional.com.br\/site\/2013\/10\/15\/plaza-shopping-tera-encontro-de-gurgel\/#breadcrumb","itemListElement":[{"@type":"ListItem","position":1,"name":"In\u00edcio","item":"https:\/\/revistaregional.com.br\/site\/"},{"@type":"ListItem","position":2,"name":"Plaza Shopping ter\u00e1 Encontro de Gurgel"}]},{"@type":"WebSite","@id":"https:\/\/revistaregional.com.br\/site\/#website","url":"https:\/\/revistaregional.com.br\/site\/","name":"Revista Regional","description":"Salto - Itu - Indaituba","potentialAction":[{"@type":"SearchAction","target":{"@type":"EntryPoint","urlTemplate":"https:\/\/revistaregional.com.br\/site\/?s={search_term_string}"},"query-input":{"@type":"PropertyValueSpecification","valueRequired":true,"valueName":"search_term_string"}}],"inLanguage":"pt-BR"},{"@type":"Person","@id":"https:\/\/revistaregional.com.br\/site\/#\/schema\/person\/382af97c580dc1b18f55107bc316010d","name":"contato@revistaregional.com.br","image":{"@type":"ImageObject","inLanguage":"pt-BR","@id":"https:\/\/secure.gravatar.com\/avatar\/869822917e96b2e292d5827e4635855396934485e7c4a0af84e9a214e32ca0cd?s=96&d=mm&r=g","url":"https:\/\/secure.gravatar.com\/avatar\/869822917e96b2e292d5827e4635855396934485e7c4a0af84e9a214e32ca0cd?s=96&d=mm&r=g","contentUrl":"https:\/\/secure.gravatar.com\/avatar\/869822917e96b2e292d5827e4635855396934485e7c4a0af84e9a214e32ca0cd?s=96&d=mm&r=g","caption":"contato@revistaregional.com.br"},"url":"https:\/\/revistaregional.com.br\/site\/author\/contato@revistaregional.com.br\/"}]}},"views":69,"_links":{"self":[{"href":"https:\/\/revistaregional.com.br\/site\/wp-json\/wp\/v2\/posts\/5380","targetHints":{"allow":["GET"]}}],"collection":[{"href":"https:\/\/revistaregional.com.br\/site\/wp-json\/wp\/v2\/posts"}],"about":[{"href":"https:\/\/revistaregional.com.br\/site\/wp-json\/wp\/v2\/types\/post"}],"author":[{"embeddable":true,"href":"https:\/\/revistaregional.com.br\/site\/wp-json\/wp\/v2\/users\/1"}],"replies":[{"embeddable":true,"href":"https:\/\/revistaregional.com.br\/site\/wp-json\/wp\/v2\/comments?post=5380"}],"version-history":[{"count":3,"href":"https:\/\/revistaregional.com.br\/site\/wp-json\/wp\/v2\/posts\/5380\/revisions"}],"predecessor-version":[{"id":5383,"href":"https:\/\/revistaregional.com.br\/site\/wp-json\/wp\/v2\/posts\/5380\/revisions\/5383"}],"wp:featuredmedia":[{"embeddable":true,"href":"https:\/\/revistaregional.com.br\/site\/wp-json\/wp\/v2\/media\/5384"}],"wp:attachment":[{"href":"https:\/\/revistaregional.com.br\/site\/wp-json\/wp\/v2\/media?parent=5380"}],"wp:term":[{"taxonomy":"category","embeddable":true,"href":"https:\/\/revistaregional.com.br\/site\/wp-json\/wp\/v2\/categories?post=5380"},{"taxonomy":"post_tag","embeddable":true,"href":"https:\/\/revistaregional.com.br\/site\/wp-json\/wp\/v2\/tags?post=5380"}],"curies":[{"name":"wp","href":"https:\/\/api.w.org\/{rel}","templated":true}]}}