{"id":5239,"date":"2013-09-13T13:30:49","date_gmt":"2013-09-13T16:30:49","guid":{"rendered":"http:\/\/revistaregional.com.br\/site\/?p=5239"},"modified":"2024-01-26T10:54:23","modified_gmt":"2024-01-26T13:54:23","slug":"itu-celebra-seu-patrimonio","status":"publish","type":"post","link":"https:\/\/revistaregional.com.br\/site\/2013\/09\/13\/itu-celebra-seu-patrimonio\/","title":{"rendered":"Itu celebra seu patrim\u00f4nio"},"content":{"rendered":"<figure id=\"attachment_5240\" aria-describedby=\"caption-attachment-5240\" style=\"width: 384px\" class=\"wp-caption aligncenter\"><a href=\"http:\/\/revistaregional.com.br\/site\/wp-content\/uploads\/2013\/09\/cultura-2-patrim.jpg\" rel=\"attachment wp-att-5240\"><img fetchpriority=\"high\" decoding=\"async\" class=\" wp-image-5240 \" src=\"http:\/\/revistaregional.com.br\/site\/wp-content\/uploads\/2013\/09\/cultura-2-patrim.jpg\" alt=\"\" width=\"384\" height=\"288\" srcset=\"https:\/\/revistaregional.com.br\/site\/wp-content\/uploads\/2013\/09\/cultura-2-patrim.jpg 640w, https:\/\/revistaregional.com.br\/site\/wp-content\/uploads\/2013\/09\/cultura-2-patrim-300x225.jpg 300w\" sizes=\"(max-width: 384px) 100vw, 384px\" \/><\/a><figcaption id=\"caption-attachment-5240\" class=\"wp-caption-text\">Como parte dos \u201cEncontros com o Patrim\u00f4nio Cultural de Itu\u201d, realizado pelo Educativo do Museu Republicano, aconteceu um percurso na cidade orientado pelo professor doutor Paulo C\u00e9sar Garcez<\/figcaption><\/figure>\n<p align=\"center\"><em>Com a proximidade do Dia do Patrim\u00f4nio Hist\u00f3rico, Itu sediou uma s\u00e9rie de eventos abertos ao p\u00fablico em prol da valoriza\u00e7\u00e3o e conhecimento de seu patrim\u00f4nio<\/em><\/p>\n<p>\u00a0O Dia do Patrim\u00f4nio Hist\u00f3rico, 17 de agosto, \u00e9 comemorado por meio da Lei n\u00ba 378, de 1937. Em Itu, entre os dias 11 e 16 de agosto, aconteceu a Semana do Patrim\u00f4nio, realizada pela Secretaria Municipal de Cultura em parceria com o Museu Republicano Conven\u00e7\u00e3o de Itu\/Museu Paulista, Museu da Energia, Museu da M\u00fasica e Matriz Nossa Senhora da Candel\u00e1ria. Com uma programa\u00e7\u00e3o gratuita para valoriza\u00e7\u00e3o e conhecimento do patrim\u00f4nio hist\u00f3rico, o evento sediou oficinas, concertos, palestras e outras atividades que ressaltaram nossa cultura, import\u00e2ncia hist\u00f3rica e arquitet\u00f4nica da cidade.<\/p>\n<p>Ap\u00f3s a abertura da Semana do Patrim\u00f4nio, que aconteceu com um concerto da Corpora\u00e7\u00e3o Musical Uni\u00e3o dos Artistas, no Largo da Matriz, no dia 11, a Semana contou com a oficina de \u201cFotografa\u00e7\u00e3o de Acervos Culturais\u201d, ministrada pelo fot\u00f3grafo do Museu Paulista da USP, Jos\u00e9 Rosael, no Centro de Estudos do Museu Republicano \u201cConven\u00e7\u00e3o de Itu\u201d, com aproximadamente 15 participantes. O destaque ficou por conta do Museu da Energia, que levou o p\u00fablico a um passeio por \u201cUma Noite no S\u00e9culo XIX \u2013 h\u00e1bitos e costumes dos ituanos no s\u00e9culo XIX\u201d. Uma visita\u00e7\u00e3o que proporcionou aos presentes conhecer um pouco da hist\u00f3ria do casar\u00e3o que abriga atualmente o Museu. A primeira moradora do sobrado, Ign\u00e1cia Joaquina, encenada pela atriz Liliane Navarro, abriu a noite e recebeu seus visitantes, seguida por um sarau de m\u00fasicas brasileiras e italianas, apresentada pela cantora Bruna Gavioli. Ap\u00f3s as apresenta\u00e7\u00f5es, o p\u00fablico teve a oportunidade de jogar siso, v\u00edspora, gam\u00e3o, xadrez, burro, whist e outros jogos como antigamente, al\u00e9m de tomar um ch\u00e1 e fazer um passeio pelo jardim da antiga resid\u00eancia.<\/p>\n<p>Ainda em virtude \u00e0 Semana do Patrim\u00f4nio, o arquiteto Alberto Magno de Arruda, ministrou uma palestra dentro da Igreja Matriz Nossa Senhora da Candel\u00e1ria, onde discorreu sobre as interven\u00e7\u00f5es e restaura\u00e7\u00f5es que v\u00eam acontecendo, nos \u00faltimos anos, no pr\u00e9dio tombado. Na ocasi\u00e3o, o profissional explicou o processo de restauro da igreja, iniciado em 2001. Al\u00e9m de representantes da Curadoria da Igreja Matriz, estiveram presentes estudantes de arquitetura e educa\u00e7\u00e3o art\u00edstica, membros do Conselho de Cultura e da comunidade.<\/p>\n<p>No dia 16 de agosto, como encerramento do evento, o Espa\u00e7o F\u00e1brica S\u00e3o Luiz recebeu a Orquestra Ituana de Viola Caipira e o Coral Vozes de Itu, com a performance \u201cRa\u00edzes da Terra Paulista\u201d, resgatando a m\u00fasica de raiz e valorizando a cultura tradicional paulista com suas origens ind\u00edgena, africana e europeia, trazendo ao p\u00fablico um sentimento de pertencimento \u00e0 cultura regional caipira. A orquestra Ituana de Viola Caipira possui aproximadamente 50 m\u00fasicos e um grande diferencial comparada a outras orquestras de viola caipira, quatro afina\u00e7\u00f5es distintas: Cebol\u00e3o em Mi, Cebol\u00e3o em R\u00e9, Sol Maior e Do Maior, estas duas \u00faltimas conhecidas popularmente como Rio Abaixo e Rio Acima que conferem uma sonoridade muito rica quando comparada \u00e0s orquestras de afina\u00e7\u00e3o \u00fanica. Todas as oficinas, palestras e apresenta\u00e7\u00f5es que aconteceram durante a Semana do Patrim\u00f4nio foram abertas ao p\u00fablico e gratuitas.<\/p>\n<p><strong>\u2018Encontros com o Patrim\u00f4nio Cultural\u2019 v\u00e3o at\u00e9 novembro<\/strong><\/p>\n<p><strong>\u00a0<\/strong>Al\u00e9m da Semana do Patrim\u00f4nio, realizada pela Secretaria de Cultura de Itu, o Museu Republicano \u201cConven\u00e7\u00e3o de Itu\u201d, da USP, tamb\u00e9m est\u00e1 sediando eventos em prol do patrim\u00f4nio ituano. A s\u00e9rie de palestras denominadas \u201cEncontros com o Patrim\u00f4nio Cultural de Itu\u201d tem como objetivo propiciar conhecimento acerca do patrim\u00f4nio ituano e discutir a\u00e7\u00f5es para sua valoriza\u00e7\u00e3o e preserva\u00e7\u00e3o junto \u00e0 comunidade. O projeto educativo conta com supervis\u00e3o da professora doutora Heloisa Barbuy, supervisora do Museu Republicano, e concep\u00e7\u00e3o e coordena\u00e7\u00e3o de Aline Zanatta, respons\u00e1vel pelo educativo do Museu. Os encontros foram divididos em tr\u00eas m\u00f3dulos que acontecem at\u00e9 o dia 07 de novembro. O evento, que teve in\u00edcio em 1\u00ba de agosto, com o primeiro m\u00f3dulo, tratou especificamente da import\u00e2ncia dos estudos de cidades, o hist\u00f3rico da urbaniza\u00e7\u00e3o de Itu, indicou caracter\u00edsticas da arquitetura da cidade e sua configura\u00e7\u00e3o heterog\u00eanea, bem como, processos de tombamentos e formas de preserva\u00e7\u00e3o e conversa\u00e7\u00e3o. Al\u00e9m das palestras, o M\u00f3dulo 1 contou com um percurso na cidade de Itu orientado pelo professor doutor Paulo C\u00e9sar Garcez.<\/p>\n<p>O segundo m\u00f3dulo, \u201cEduca\u00e7\u00e3o e Patrim\u00f4nio\u201d, pretende destacar a import\u00e2ncia do patrim\u00f4nio imaterial musical da cidade e o potencial educativo dos museus e patrim\u00f4nio cultural. J\u00e1 o terceiro m\u00f3dulo, \u201cConserva\u00e7\u00e3o do Patrim\u00f4nio Arquitet\u00f4nico\u201d, abordar\u00e1 formas pr\u00e1ticas de conserva\u00e7\u00e3o da paisagem tombada, indicando exemplos de cidades que elaboraram c\u00f3digos de posturas e a import\u00e2ncia da tecnologia da cor e tintas adequadas para a valoriza\u00e7\u00e3o dos im\u00f3veis tombados.<\/p>\n<p>As inscri\u00e7\u00f5es para o ciclo de palestras, \u201cEncontros com o Patrim\u00f4nio Cultural de Itu\u201d, s\u00e3o gratuitas e devem ser feitas previamente para cada m\u00f3dulo, atrav\u00e9s do e-mail <a href=\"mailto:edu.mrci@usp.br\">edu.mrci@usp.br<\/a> ou pessoalmente no Museu Republicano. Os encontros acontecem entre 17h e 19h no Audit\u00f3rio do Centro de Estudos do Museu Republicano \u201cConven\u00e7\u00e3o de Itu\u201d \u2013 Casa do Bar\u00e3o \u2013 localizado na rua Bar\u00e3o de Itaim, n\u00ba 67, no Centro de Itu. Mais informa\u00e7\u00f5es pelo telefone (11) 4023-0240.<\/p>\n<p>&nbsp;<\/p>\n<figure id=\"attachment_5241\" aria-describedby=\"caption-attachment-5241\" style=\"width: 288px\" class=\"wp-caption alignright\"><a href=\"http:\/\/revistaregional.com.br\/site\/wp-content\/uploads\/2013\/09\/cultura-1-patrim.jpg\" rel=\"attachment wp-att-5241\"><img decoding=\"async\" class=\" wp-image-5241 \" src=\"http:\/\/revistaregional.com.br\/site\/wp-content\/uploads\/2013\/09\/cultura-1-patrim.jpg\" alt=\"\" width=\"288\" height=\"384\" srcset=\"https:\/\/revistaregional.com.br\/site\/wp-content\/uploads\/2013\/09\/cultura-1-patrim.jpg 480w, https:\/\/revistaregional.com.br\/site\/wp-content\/uploads\/2013\/09\/cultura-1-patrim-225x300.jpg 225w\" sizes=\"(max-width: 288px) 100vw, 288px\" \/><\/a><figcaption id=\"caption-attachment-5241\" class=\"wp-caption-text\">Oficina \u201cFotografa\u00e7\u00e3o de Acervos Culturais\u201d ministrada pelo fot\u00f3grafo do Museu Paulista da USP, Jos\u00e9 Rosael<\/figcaption><\/figure>\n<p><strong>Programa\u00e7\u00e3o<\/strong><\/p>\n<p><strong><span style=\"text-decoration: underline;\">M\u00d3DULO 2: Educa\u00e7\u00e3o e Patrim\u00f4nio Cultural <\/span><\/strong><\/p>\n<p><em>(inscri\u00e7\u00f5es de 19\/08 a 05\/09)<\/em><\/p>\n<p><strong>Patrim\u00f4nio Musical e A\u00e7\u00e3o Cultural em Itu<\/strong><\/p>\n<p>Data: 06\/09\/2013<\/p>\n<p>Ministrante: Prof. Ms. Lu\u00eds Roberto de Francisco, regente do Coral Vozes de Itu e Coordenador de Acervo e Documenta\u00e7\u00e3o do Museu da M\u00fasica de Itu.<\/p>\n<p><strong>Educativos de Museus<\/strong><\/p>\n<p>Data: 11\/09\/2013<\/p>\n<p>Ministrante: Ms. Denise Peixoto, Mestre pelo Museu de Arqueologia e Etnologia da USP. \u00c9 supervisora do Servi\u00e7o Educativo do Museu Paulista da USP.<\/p>\n<p><strong>Par\u00e2metros Curriculares Nacionais e caminhos para a rela\u00e7\u00e3o Educa\u00e7\u00e3o e Patrim\u00f4nio<\/strong> <strong>Cultural<\/strong><\/p>\n<p>Data: 17\/09\/2013<\/p>\n<p>Ministrante: Ms. Aline Zanatta, Mestre em Hist\u00f3ria Cultural pela Unicamp e respons\u00e1vel pelas atividades educativas do Museu Republicano.<\/p>\n<p><strong>Patrim\u00f4nio, Mem\u00f3ria e Educa\u00e7\u00e3o<\/strong><\/p>\n<p>Data: 25\/09\/2013<\/p>\n<p>Ministrante: Prof. Dr. Camilo de Mello Vasconcellos, docente do Museu de Arqueologia e Etnologia da USP e da p\u00f3s-gradua\u00e7\u00e3o Interunidades em Museologia da USP.<\/p>\n<p><strong><span style=\"text-decoration: underline;\">M\u00d3DULO 3: Conserva\u00e7\u00e3o do Patrim\u00f4nio Arquitet\u00f4nico<\/span><\/strong><\/p>\n<p><em>(inscri\u00e7\u00f5es de 25\/09 a 23\/10)<\/em><\/p>\n<p><strong>C\u00f3digos e Posturas: exemplos de cidades hist\u00f3ricas<\/strong><\/p>\n<p>Data: 24\/10\/2013<\/p>\n<p>Ministrante: Vera Ferreira Lima, arquiteta da UPPH (Unidade de Preserva\u00e7\u00e3o do Patrim\u00f4nio Hist\u00f3rico).<\/p>\n<p><strong>\u00a0<\/strong><strong>Patrim\u00f4nio Hist\u00f3rico e Cultural e a Tecnologia da cor voltada ao restauro e a conserva\u00e7\u00e3o<\/strong><\/p>\n<p>Data: 31\/10\/2013<\/p>\n<p>Ministrante: Prof. Dr. Jo\u00e3o Carlos Cesar de Oliveira, \u00e9 professor doutor da Faculdade de Arquitetura e Urbanismo da Universidade de S\u00e3o Paulo. Tem experi\u00eancia na \u00e1rea de Arquitetura e Urbanismo, com \u00eanfase em Projetos de Edifica\u00e7\u00e3o, atuando principalmente nos seguintes temas: cor na arquitetura, projeto de arquitetura, arquitetura de interiores e percep\u00e7\u00e3o crom\u00e1tica. \u00c9 membro do <em>Study Group on Environmental Color Design<\/em> da <em>International Colour Association<\/em>.<\/p>\n<p><strong>Diretrizes para preserva\u00e7\u00e3o do patrim\u00f4nio cultural<\/strong><\/p>\n<p>Data: 07\/11\/2013<\/p>\n<p>Ministrante: Dra. Beatriz K\u00fchl, profssora associada da USP, atuando tanto na gradua\u00e7\u00e3o quanto na p\u00f3s-gradua\u00e7\u00e3o na \u00e1rea de Hist\u00f3ria e Fundamentos da Arquitetura e Urbanismo, linha de pesquisa Hist\u00f3ria e Preserva\u00e7\u00e3o da Arquitetura. Tem experi\u00eancia na \u00e1rea de Arquitetura e Urbanismo com \u00eanfase em Hist\u00f3ria da Arquitetura e Preserva\u00e7\u00e3o e tamb\u00e9m Conselheira do Condephaat.<\/p>\n<p><em>\u00a0texto e fotos: Gisele Scaravelli\u00a0<\/em><\/p>\n","protected":false},"excerpt":{"rendered":"<p>Com a proximidade do Dia do Patrim\u00f4nio Hist\u00f3rico, Itu sediou uma s\u00e9rie de eventos abertos ao p\u00fablico em prol da valoriza\u00e7\u00e3o e conhecimento de seu patrim\u00f4nio \u00a0O Dia do Patrim\u00f4nio Hist\u00f3rico, 17 de agosto, \u00e9 comemorado por meio da Lei n\u00ba 378, de 1937. Em Itu, entre os dias 11 e 16 de agosto, aconteceu [&hellip;]<\/p>\n","protected":false},"author":1,"featured_media":5244,"comment_status":"open","ping_status":"open","sticky":false,"template":"","format":"standard","meta":{"_acf_changed":false,"ngg_post_thumbnail":0,"_joinchat":[],"footnotes":""},"categories":[4,3],"tags":[533],"class_list":["post-5239","post","type-post","status-publish","format-standard","has-post-thumbnail","hentry","category-cultura","category-destaques","tag-cultura"],"acf":[],"yoast_head":"<!-- This site is optimized with the Yoast SEO plugin v27.4 - https:\/\/yoast.com\/product\/yoast-seo-wordpress\/ -->\n<title>Itu celebra seu patrim\u00f4nio - Revista Regional<\/title>\n<meta name=\"robots\" content=\"index, follow, max-snippet:-1, max-image-preview:large, max-video-preview:-1\" \/>\n<link rel=\"canonical\" href=\"https:\/\/revistaregional.com.br\/site\/2013\/09\/13\/itu-celebra-seu-patrimonio\/\" \/>\n<meta property=\"og:locale\" content=\"pt_BR\" \/>\n<meta property=\"og:type\" content=\"article\" \/>\n<meta property=\"og:title\" content=\"Itu celebra seu patrim\u00f4nio - Revista Regional\" \/>\n<meta property=\"og:description\" content=\"Com a proximidade do Dia do Patrim\u00f4nio Hist\u00f3rico, Itu sediou uma s\u00e9rie de eventos abertos ao p\u00fablico em prol da valoriza\u00e7\u00e3o e conhecimento de seu patrim\u00f4nio \u00a0O Dia do Patrim\u00f4nio Hist\u00f3rico, 17 de agosto, \u00e9 comemorado por meio da Lei n\u00ba 378, de 1937. Em Itu, entre os dias 11 e 16 de agosto, aconteceu [&hellip;]\" \/>\n<meta property=\"og:url\" content=\"https:\/\/revistaregional.com.br\/site\/2013\/09\/13\/itu-celebra-seu-patrimonio\/\" \/>\n<meta property=\"og:site_name\" content=\"Revista Regional\" \/>\n<meta property=\"article:published_time\" content=\"2013-09-13T16:30:49+00:00\" \/>\n<meta property=\"article:modified_time\" content=\"2024-01-26T13:54:23+00:00\" \/>\n<meta property=\"og:image\" content=\"https:\/\/revistaregional.com.br\/site\/wp-content\/uploads\/2013\/09\/cultura-2-patrim1.jpg\" \/>\n\t<meta property=\"og:image:width\" content=\"640\" \/>\n\t<meta property=\"og:image:height\" content=\"480\" \/>\n\t<meta property=\"og:image:type\" content=\"image\/jpeg\" \/>\n<meta name=\"author\" content=\"contato@revistaregional.com.br\" \/>\n<meta name=\"twitter:card\" content=\"summary_large_image\" \/>\n<meta name=\"twitter:label1\" content=\"Escrito por\" \/>\n\t<meta name=\"twitter:data1\" content=\"contato@revistaregional.com.br\" \/>\n\t<meta name=\"twitter:label2\" content=\"Est. tempo de leitura\" \/>\n\t<meta name=\"twitter:data2\" content=\"7 minutos\" \/>\n<script type=\"application\/ld+json\" class=\"yoast-schema-graph\">{\"@context\":\"https:\\\/\\\/schema.org\",\"@graph\":[{\"@type\":\"Article\",\"@id\":\"https:\\\/\\\/revistaregional.com.br\\\/site\\\/2013\\\/09\\\/13\\\/itu-celebra-seu-patrimonio\\\/#article\",\"isPartOf\":{\"@id\":\"https:\\\/\\\/revistaregional.com.br\\\/site\\\/2013\\\/09\\\/13\\\/itu-celebra-seu-patrimonio\\\/\"},\"author\":{\"name\":\"contato@revistaregional.com.br\",\"@id\":\"https:\\\/\\\/revistaregional.com.br\\\/site\\\/#\\\/schema\\\/person\\\/382af97c580dc1b18f55107bc316010d\"},\"headline\":\"Itu celebra seu patrim\u00f4nio\",\"datePublished\":\"2013-09-13T16:30:49+00:00\",\"dateModified\":\"2024-01-26T13:54:23+00:00\",\"mainEntityOfPage\":{\"@id\":\"https:\\\/\\\/revistaregional.com.br\\\/site\\\/2013\\\/09\\\/13\\\/itu-celebra-seu-patrimonio\\\/\"},\"wordCount\":1365,\"commentCount\":0,\"image\":{\"@id\":\"https:\\\/\\\/revistaregional.com.br\\\/site\\\/2013\\\/09\\\/13\\\/itu-celebra-seu-patrimonio\\\/#primaryimage\"},\"thumbnailUrl\":\"https:\\\/\\\/revistaregional.com.br\\\/site\\\/wp-content\\\/uploads\\\/2013\\\/09\\\/cultura-2-patrim1.jpg\",\"keywords\":[\"Cultura\"],\"articleSection\":[\"Cultura\",\"Destaques\"],\"inLanguage\":\"pt-BR\",\"potentialAction\":[{\"@type\":\"CommentAction\",\"name\":\"Comment\",\"target\":[\"https:\\\/\\\/revistaregional.com.br\\\/site\\\/2013\\\/09\\\/13\\\/itu-celebra-seu-patrimonio\\\/#respond\"]}]},{\"@type\":\"WebPage\",\"@id\":\"https:\\\/\\\/revistaregional.com.br\\\/site\\\/2013\\\/09\\\/13\\\/itu-celebra-seu-patrimonio\\\/\",\"url\":\"https:\\\/\\\/revistaregional.com.br\\\/site\\\/2013\\\/09\\\/13\\\/itu-celebra-seu-patrimonio\\\/\",\"name\":\"Itu celebra seu patrim\u00f4nio - Revista Regional\",\"isPartOf\":{\"@id\":\"https:\\\/\\\/revistaregional.com.br\\\/site\\\/#website\"},\"primaryImageOfPage\":{\"@id\":\"https:\\\/\\\/revistaregional.com.br\\\/site\\\/2013\\\/09\\\/13\\\/itu-celebra-seu-patrimonio\\\/#primaryimage\"},\"image\":{\"@id\":\"https:\\\/\\\/revistaregional.com.br\\\/site\\\/2013\\\/09\\\/13\\\/itu-celebra-seu-patrimonio\\\/#primaryimage\"},\"thumbnailUrl\":\"https:\\\/\\\/revistaregional.com.br\\\/site\\\/wp-content\\\/uploads\\\/2013\\\/09\\\/cultura-2-patrim1.jpg\",\"datePublished\":\"2013-09-13T16:30:49+00:00\",\"dateModified\":\"2024-01-26T13:54:23+00:00\",\"author\":{\"@id\":\"https:\\\/\\\/revistaregional.com.br\\\/site\\\/#\\\/schema\\\/person\\\/382af97c580dc1b18f55107bc316010d\"},\"breadcrumb\":{\"@id\":\"https:\\\/\\\/revistaregional.com.br\\\/site\\\/2013\\\/09\\\/13\\\/itu-celebra-seu-patrimonio\\\/#breadcrumb\"},\"inLanguage\":\"pt-BR\",\"potentialAction\":[{\"@type\":\"ReadAction\",\"target\":[\"https:\\\/\\\/revistaregional.com.br\\\/site\\\/2013\\\/09\\\/13\\\/itu-celebra-seu-patrimonio\\\/\"]}]},{\"@type\":\"ImageObject\",\"inLanguage\":\"pt-BR\",\"@id\":\"https:\\\/\\\/revistaregional.com.br\\\/site\\\/2013\\\/09\\\/13\\\/itu-celebra-seu-patrimonio\\\/#primaryimage\",\"url\":\"https:\\\/\\\/revistaregional.com.br\\\/site\\\/wp-content\\\/uploads\\\/2013\\\/09\\\/cultura-2-patrim1.jpg\",\"contentUrl\":\"https:\\\/\\\/revistaregional.com.br\\\/site\\\/wp-content\\\/uploads\\\/2013\\\/09\\\/cultura-2-patrim1.jpg\",\"width\":\"640\",\"height\":\"480\"},{\"@type\":\"BreadcrumbList\",\"@id\":\"https:\\\/\\\/revistaregional.com.br\\\/site\\\/2013\\\/09\\\/13\\\/itu-celebra-seu-patrimonio\\\/#breadcrumb\",\"itemListElement\":[{\"@type\":\"ListItem\",\"position\":1,\"name\":\"In\u00edcio\",\"item\":\"https:\\\/\\\/revistaregional.com.br\\\/site\\\/\"},{\"@type\":\"ListItem\",\"position\":2,\"name\":\"Itu celebra seu patrim\u00f4nio\"}]},{\"@type\":\"WebSite\",\"@id\":\"https:\\\/\\\/revistaregional.com.br\\\/site\\\/#website\",\"url\":\"https:\\\/\\\/revistaregional.com.br\\\/site\\\/\",\"name\":\"Revista Regional\",\"description\":\"Salto - Itu - Indaituba\",\"potentialAction\":[{\"@type\":\"SearchAction\",\"target\":{\"@type\":\"EntryPoint\",\"urlTemplate\":\"https:\\\/\\\/revistaregional.com.br\\\/site\\\/?s={search_term_string}\"},\"query-input\":{\"@type\":\"PropertyValueSpecification\",\"valueRequired\":true,\"valueName\":\"search_term_string\"}}],\"inLanguage\":\"pt-BR\"},{\"@type\":\"Person\",\"@id\":\"https:\\\/\\\/revistaregional.com.br\\\/site\\\/#\\\/schema\\\/person\\\/382af97c580dc1b18f55107bc316010d\",\"name\":\"contato@revistaregional.com.br\",\"image\":{\"@type\":\"ImageObject\",\"inLanguage\":\"pt-BR\",\"@id\":\"https:\\\/\\\/secure.gravatar.com\\\/avatar\\\/869822917e96b2e292d5827e4635855396934485e7c4a0af84e9a214e32ca0cd?s=96&d=mm&r=g\",\"url\":\"https:\\\/\\\/secure.gravatar.com\\\/avatar\\\/869822917e96b2e292d5827e4635855396934485e7c4a0af84e9a214e32ca0cd?s=96&d=mm&r=g\",\"contentUrl\":\"https:\\\/\\\/secure.gravatar.com\\\/avatar\\\/869822917e96b2e292d5827e4635855396934485e7c4a0af84e9a214e32ca0cd?s=96&d=mm&r=g\",\"caption\":\"contato@revistaregional.com.br\"},\"url\":\"https:\\\/\\\/revistaregional.com.br\\\/site\\\/author\\\/contato@revistaregional.com.br\\\/\"}]}<\/script>\n<!-- \/ Yoast SEO plugin. -->","yoast_head_json":{"title":"Itu celebra seu patrim\u00f4nio - Revista Regional","robots":{"index":"index","follow":"follow","max-snippet":"max-snippet:-1","max-image-preview":"max-image-preview:large","max-video-preview":"max-video-preview:-1"},"canonical":"https:\/\/revistaregional.com.br\/site\/2013\/09\/13\/itu-celebra-seu-patrimonio\/","og_locale":"pt_BR","og_type":"article","og_title":"Itu celebra seu patrim\u00f4nio - Revista Regional","og_description":"Com a proximidade do Dia do Patrim\u00f4nio Hist\u00f3rico, Itu sediou uma s\u00e9rie de eventos abertos ao p\u00fablico em prol da valoriza\u00e7\u00e3o e conhecimento de seu patrim\u00f4nio \u00a0O Dia do Patrim\u00f4nio Hist\u00f3rico, 17 de agosto, \u00e9 comemorado por meio da Lei n\u00ba 378, de 1937. Em Itu, entre os dias 11 e 16 de agosto, aconteceu [&hellip;]","og_url":"https:\/\/revistaregional.com.br\/site\/2013\/09\/13\/itu-celebra-seu-patrimonio\/","og_site_name":"Revista Regional","article_published_time":"2013-09-13T16:30:49+00:00","article_modified_time":"2024-01-26T13:54:23+00:00","og_image":[{"width":640,"height":480,"url":"https:\/\/revistaregional.com.br\/site\/wp-content\/uploads\/2013\/09\/cultura-2-patrim1.jpg","type":"image\/jpeg"}],"author":"contato@revistaregional.com.br","twitter_card":"summary_large_image","twitter_misc":{"Escrito por":"contato@revistaregional.com.br","Est. tempo de leitura":"7 minutos"},"schema":{"@context":"https:\/\/schema.org","@graph":[{"@type":"Article","@id":"https:\/\/revistaregional.com.br\/site\/2013\/09\/13\/itu-celebra-seu-patrimonio\/#article","isPartOf":{"@id":"https:\/\/revistaregional.com.br\/site\/2013\/09\/13\/itu-celebra-seu-patrimonio\/"},"author":{"name":"contato@revistaregional.com.br","@id":"https:\/\/revistaregional.com.br\/site\/#\/schema\/person\/382af97c580dc1b18f55107bc316010d"},"headline":"Itu celebra seu patrim\u00f4nio","datePublished":"2013-09-13T16:30:49+00:00","dateModified":"2024-01-26T13:54:23+00:00","mainEntityOfPage":{"@id":"https:\/\/revistaregional.com.br\/site\/2013\/09\/13\/itu-celebra-seu-patrimonio\/"},"wordCount":1365,"commentCount":0,"image":{"@id":"https:\/\/revistaregional.com.br\/site\/2013\/09\/13\/itu-celebra-seu-patrimonio\/#primaryimage"},"thumbnailUrl":"https:\/\/revistaregional.com.br\/site\/wp-content\/uploads\/2013\/09\/cultura-2-patrim1.jpg","keywords":["Cultura"],"articleSection":["Cultura","Destaques"],"inLanguage":"pt-BR","potentialAction":[{"@type":"CommentAction","name":"Comment","target":["https:\/\/revistaregional.com.br\/site\/2013\/09\/13\/itu-celebra-seu-patrimonio\/#respond"]}]},{"@type":"WebPage","@id":"https:\/\/revistaregional.com.br\/site\/2013\/09\/13\/itu-celebra-seu-patrimonio\/","url":"https:\/\/revistaregional.com.br\/site\/2013\/09\/13\/itu-celebra-seu-patrimonio\/","name":"Itu celebra seu patrim\u00f4nio - Revista Regional","isPartOf":{"@id":"https:\/\/revistaregional.com.br\/site\/#website"},"primaryImageOfPage":{"@id":"https:\/\/revistaregional.com.br\/site\/2013\/09\/13\/itu-celebra-seu-patrimonio\/#primaryimage"},"image":{"@id":"https:\/\/revistaregional.com.br\/site\/2013\/09\/13\/itu-celebra-seu-patrimonio\/#primaryimage"},"thumbnailUrl":"https:\/\/revistaregional.com.br\/site\/wp-content\/uploads\/2013\/09\/cultura-2-patrim1.jpg","datePublished":"2013-09-13T16:30:49+00:00","dateModified":"2024-01-26T13:54:23+00:00","author":{"@id":"https:\/\/revistaregional.com.br\/site\/#\/schema\/person\/382af97c580dc1b18f55107bc316010d"},"breadcrumb":{"@id":"https:\/\/revistaregional.com.br\/site\/2013\/09\/13\/itu-celebra-seu-patrimonio\/#breadcrumb"},"inLanguage":"pt-BR","potentialAction":[{"@type":"ReadAction","target":["https:\/\/revistaregional.com.br\/site\/2013\/09\/13\/itu-celebra-seu-patrimonio\/"]}]},{"@type":"ImageObject","inLanguage":"pt-BR","@id":"https:\/\/revistaregional.com.br\/site\/2013\/09\/13\/itu-celebra-seu-patrimonio\/#primaryimage","url":"https:\/\/revistaregional.com.br\/site\/wp-content\/uploads\/2013\/09\/cultura-2-patrim1.jpg","contentUrl":"https:\/\/revistaregional.com.br\/site\/wp-content\/uploads\/2013\/09\/cultura-2-patrim1.jpg","width":"640","height":"480"},{"@type":"BreadcrumbList","@id":"https:\/\/revistaregional.com.br\/site\/2013\/09\/13\/itu-celebra-seu-patrimonio\/#breadcrumb","itemListElement":[{"@type":"ListItem","position":1,"name":"In\u00edcio","item":"https:\/\/revistaregional.com.br\/site\/"},{"@type":"ListItem","position":2,"name":"Itu celebra seu patrim\u00f4nio"}]},{"@type":"WebSite","@id":"https:\/\/revistaregional.com.br\/site\/#website","url":"https:\/\/revistaregional.com.br\/site\/","name":"Revista Regional","description":"Salto - Itu - Indaituba","potentialAction":[{"@type":"SearchAction","target":{"@type":"EntryPoint","urlTemplate":"https:\/\/revistaregional.com.br\/site\/?s={search_term_string}"},"query-input":{"@type":"PropertyValueSpecification","valueRequired":true,"valueName":"search_term_string"}}],"inLanguage":"pt-BR"},{"@type":"Person","@id":"https:\/\/revistaregional.com.br\/site\/#\/schema\/person\/382af97c580dc1b18f55107bc316010d","name":"contato@revistaregional.com.br","image":{"@type":"ImageObject","inLanguage":"pt-BR","@id":"https:\/\/secure.gravatar.com\/avatar\/869822917e96b2e292d5827e4635855396934485e7c4a0af84e9a214e32ca0cd?s=96&d=mm&r=g","url":"https:\/\/secure.gravatar.com\/avatar\/869822917e96b2e292d5827e4635855396934485e7c4a0af84e9a214e32ca0cd?s=96&d=mm&r=g","contentUrl":"https:\/\/secure.gravatar.com\/avatar\/869822917e96b2e292d5827e4635855396934485e7c4a0af84e9a214e32ca0cd?s=96&d=mm&r=g","caption":"contato@revistaregional.com.br"},"url":"https:\/\/revistaregional.com.br\/site\/author\/contato@revistaregional.com.br\/"}]}},"views":134,"_links":{"self":[{"href":"https:\/\/revistaregional.com.br\/site\/wp-json\/wp\/v2\/posts\/5239","targetHints":{"allow":["GET"]}}],"collection":[{"href":"https:\/\/revistaregional.com.br\/site\/wp-json\/wp\/v2\/posts"}],"about":[{"href":"https:\/\/revistaregional.com.br\/site\/wp-json\/wp\/v2\/types\/post"}],"author":[{"embeddable":true,"href":"https:\/\/revistaregional.com.br\/site\/wp-json\/wp\/v2\/users\/1"}],"replies":[{"embeddable":true,"href":"https:\/\/revistaregional.com.br\/site\/wp-json\/wp\/v2\/comments?post=5239"}],"version-history":[{"count":3,"href":"https:\/\/revistaregional.com.br\/site\/wp-json\/wp\/v2\/posts\/5239\/revisions"}],"predecessor-version":[{"id":5243,"href":"https:\/\/revistaregional.com.br\/site\/wp-json\/wp\/v2\/posts\/5239\/revisions\/5243"}],"wp:featuredmedia":[{"embeddable":true,"href":"https:\/\/revistaregional.com.br\/site\/wp-json\/wp\/v2\/media\/5244"}],"wp:attachment":[{"href":"https:\/\/revistaregional.com.br\/site\/wp-json\/wp\/v2\/media?parent=5239"}],"wp:term":[{"taxonomy":"category","embeddable":true,"href":"https:\/\/revistaregional.com.br\/site\/wp-json\/wp\/v2\/categories?post=5239"},{"taxonomy":"post_tag","embeddable":true,"href":"https:\/\/revistaregional.com.br\/site\/wp-json\/wp\/v2\/tags?post=5239"}],"curies":[{"name":"wp","href":"https:\/\/api.w.org\/{rel}","templated":true}]}}