{"id":5233,"date":"2013-09-13T09:33:18","date_gmt":"2013-09-13T12:33:18","guid":{"rendered":"http:\/\/revistaregional.com.br\/site\/?p=5233"},"modified":"2024-01-26T09:52:59","modified_gmt":"2024-01-26T12:52:59","slug":"salto-promove-mostra-estudantil-de-teatro","status":"publish","type":"post","link":"https:\/\/revistaregional.com.br\/site\/2013\/09\/13\/salto-promove-mostra-estudantil-de-teatro\/","title":{"rendered":"Salto promove Mostra Estudantil de Teatro"},"content":{"rendered":"<figure id=\"attachment_5235\" aria-describedby=\"caption-attachment-5235\" style=\"width: 384px\" class=\"wp-caption aligncenter\"><a href=\"http:\/\/revistaregional.com.br\/site\/wp-content\/uploads\/2013\/09\/regionais-mostra-71.jpg\" rel=\"attachment wp-att-5235\"><img fetchpriority=\"high\" decoding=\"async\" class=\" wp-image-5235 \" src=\"http:\/\/revistaregional.com.br\/site\/wp-content\/uploads\/2013\/09\/regionais-mostra-71.jpg\" alt=\"\" width=\"384\" height=\"288\" srcset=\"https:\/\/revistaregional.com.br\/site\/wp-content\/uploads\/2013\/09\/regionais-mostra-71.jpg 640w, https:\/\/revistaregional.com.br\/site\/wp-content\/uploads\/2013\/09\/regionais-mostra-71-300x225.jpg 300w\" sizes=\"(max-width: 384px) 100vw, 384px\" \/><\/a><figcaption id=\"caption-attachment-5235\" class=\"wp-caption-text\">Momento de pe\u00e7a que faz parte da Mostra Estudantil<\/figcaption><\/figure>\n<p style=\"text-align: left;\" align=\"center\"><span style=\"text-align: left;\">At\u00e9 1\u00ba de outubro, Salto promove a 25\u00aa edi\u00e7\u00e3o da Mostra Estudantil de Teatro. A abertura aconteceu dia 28 de agosto, na Sala Palma de Ouro do CEC (Centro de Educa\u00e7\u00e3o e Cultura), com apresenta\u00e7\u00e3o dos alunos da Escola Estadual \u201cJoseano Costa Pinto\u201d com a pe\u00e7a \u201cA Revolu\u00e7\u00e3o das Mulheres\u201d. A mostra, que tem entrada franca, \u00e9 uma realiza\u00e7\u00e3o da Prefeitura de Salto por interm\u00e9dio das Secretarias Municipais da Cultura e da Educa\u00e7\u00e3o. As apresenta\u00e7\u00f5es das pr\u00e9-estreias acontecem sempre \u00e0s 20h na Sala Palma de Ouro e s\u00e3o abertas ao p\u00fablico. Ao todo, 11 espet\u00e1culos ser\u00e3o apresentados at\u00e9 outubro por crian\u00e7as e adolescentes, sempre de segunda a sexta-feira, num total de 22 sess\u00f5es. Cada escola faz duas apresenta\u00e7\u00f5es: uma aberta ao p\u00fablico (pr\u00e9-estreia) e outra exclusiva para os estudantes da cidade, alunos das redes municipal, estadual e particular de Salto que passar\u00e3o pela Sala Palma de Ouro at\u00e9 o encerramento desta edi\u00e7\u00e3o da Mostra. A Mostra Estudantil de Teatro \u00e9 um projeto que visa criar oportunidades para revela\u00e7\u00e3o de jovens talentos no meio estudantil, bem como cria\u00e7\u00e3o de p\u00fablico.<\/span><\/p>\n<p style=\"text-align: left;\"><em>\u00a0fotos: AI\/Pref. Salto<\/em><\/p>\n","protected":false},"excerpt":{"rendered":"<p>At\u00e9 1\u00ba de outubro, Salto promove a 25\u00aa edi\u00e7\u00e3o da Mostra Estudantil de Teatro. A abertura aconteceu dia 28 de agosto, na Sala Palma de Ouro do CEC (Centro de Educa\u00e7\u00e3o e Cultura), com apresenta\u00e7\u00e3o dos alunos da Escola Estadual \u201cJoseano Costa Pinto\u201d com a pe\u00e7a \u201cA Revolu\u00e7\u00e3o das Mulheres\u201d. A mostra, que tem entrada [&hellip;]<\/p>\n","protected":false},"author":1,"featured_media":5235,"comment_status":"open","ping_status":"open","sticky":false,"template":"","format":"standard","meta":{"_acf_changed":false,"ngg_post_thumbnail":0,"_joinchat":[],"footnotes":""},"categories":[3,12],"tags":[527],"class_list":["post-5233","post","type-post","status-publish","format-standard","has-post-thumbnail","hentry","category-destaques","category-regionais","tag-regionais"],"acf":[],"yoast_head":"<!-- This site is optimized with the Yoast SEO plugin v27.4 - https:\/\/yoast.com\/product\/yoast-seo-wordpress\/ -->\n<title>Salto promove Mostra Estudantil de Teatro - Revista Regional<\/title>\n<meta name=\"robots\" content=\"index, follow, max-snippet:-1, max-image-preview:large, max-video-preview:-1\" \/>\n<link rel=\"canonical\" href=\"https:\/\/revistaregional.com.br\/site\/2013\/09\/13\/salto-promove-mostra-estudantil-de-teatro\/\" \/>\n<meta property=\"og:locale\" content=\"pt_BR\" \/>\n<meta property=\"og:type\" content=\"article\" \/>\n<meta property=\"og:title\" content=\"Salto promove Mostra Estudantil de Teatro - Revista Regional\" \/>\n<meta property=\"og:description\" content=\"At\u00e9 1\u00ba de outubro, Salto promove a 25\u00aa edi\u00e7\u00e3o da Mostra Estudantil de Teatro. A abertura aconteceu dia 28 de agosto, na Sala Palma de Ouro do CEC (Centro de Educa\u00e7\u00e3o e Cultura), com apresenta\u00e7\u00e3o dos alunos da Escola Estadual \u201cJoseano Costa Pinto\u201d com a pe\u00e7a \u201cA Revolu\u00e7\u00e3o das Mulheres\u201d. A mostra, que tem entrada [&hellip;]\" \/>\n<meta property=\"og:url\" content=\"https:\/\/revistaregional.com.br\/site\/2013\/09\/13\/salto-promove-mostra-estudantil-de-teatro\/\" \/>\n<meta property=\"og:site_name\" content=\"Revista Regional\" \/>\n<meta property=\"article:published_time\" content=\"2013-09-13T12:33:18+00:00\" \/>\n<meta property=\"article:modified_time\" content=\"2024-01-26T12:52:59+00:00\" \/>\n<meta property=\"og:image\" content=\"https:\/\/revistaregional.com.br\/site\/wp-content\/uploads\/2013\/09\/regionais-mostra-71.jpg\" \/>\n\t<meta property=\"og:image:width\" content=\"640\" \/>\n\t<meta property=\"og:image:height\" content=\"480\" \/>\n\t<meta property=\"og:image:type\" content=\"image\/jpeg\" \/>\n<meta name=\"author\" content=\"contato@revistaregional.com.br\" \/>\n<meta name=\"twitter:card\" content=\"summary_large_image\" \/>\n<meta name=\"twitter:label1\" content=\"Escrito por\" \/>\n\t<meta name=\"twitter:data1\" content=\"contato@revistaregional.com.br\" \/>\n\t<meta name=\"twitter:label2\" content=\"Est. tempo de leitura\" \/>\n\t<meta name=\"twitter:data2\" content=\"1 minuto\" \/>\n<script type=\"application\/ld+json\" class=\"yoast-schema-graph\">{\"@context\":\"https:\\\/\\\/schema.org\",\"@graph\":[{\"@type\":\"Article\",\"@id\":\"https:\\\/\\\/revistaregional.com.br\\\/site\\\/2013\\\/09\\\/13\\\/salto-promove-mostra-estudantil-de-teatro\\\/#article\",\"isPartOf\":{\"@id\":\"https:\\\/\\\/revistaregional.com.br\\\/site\\\/2013\\\/09\\\/13\\\/salto-promove-mostra-estudantil-de-teatro\\\/\"},\"author\":{\"name\":\"contato@revistaregional.com.br\",\"@id\":\"https:\\\/\\\/revistaregional.com.br\\\/site\\\/#\\\/schema\\\/person\\\/382af97c580dc1b18f55107bc316010d\"},\"headline\":\"Salto promove Mostra Estudantil de Teatro\",\"datePublished\":\"2013-09-13T12:33:18+00:00\",\"dateModified\":\"2024-01-26T12:52:59+00:00\",\"mainEntityOfPage\":{\"@id\":\"https:\\\/\\\/revistaregional.com.br\\\/site\\\/2013\\\/09\\\/13\\\/salto-promove-mostra-estudantil-de-teatro\\\/\"},\"wordCount\":223,\"commentCount\":0,\"image\":{\"@id\":\"https:\\\/\\\/revistaregional.com.br\\\/site\\\/2013\\\/09\\\/13\\\/salto-promove-mostra-estudantil-de-teatro\\\/#primaryimage\"},\"thumbnailUrl\":\"https:\\\/\\\/revistaregional.com.br\\\/site\\\/wp-content\\\/uploads\\\/2013\\\/09\\\/regionais-mostra-71.jpg\",\"keywords\":[\"Regionais\"],\"articleSection\":[\"Destaques\",\"Regionais\"],\"inLanguage\":\"pt-BR\",\"potentialAction\":[{\"@type\":\"CommentAction\",\"name\":\"Comment\",\"target\":[\"https:\\\/\\\/revistaregional.com.br\\\/site\\\/2013\\\/09\\\/13\\\/salto-promove-mostra-estudantil-de-teatro\\\/#respond\"]}]},{\"@type\":\"WebPage\",\"@id\":\"https:\\\/\\\/revistaregional.com.br\\\/site\\\/2013\\\/09\\\/13\\\/salto-promove-mostra-estudantil-de-teatro\\\/\",\"url\":\"https:\\\/\\\/revistaregional.com.br\\\/site\\\/2013\\\/09\\\/13\\\/salto-promove-mostra-estudantil-de-teatro\\\/\",\"name\":\"Salto promove Mostra Estudantil de Teatro - Revista Regional\",\"isPartOf\":{\"@id\":\"https:\\\/\\\/revistaregional.com.br\\\/site\\\/#website\"},\"primaryImageOfPage\":{\"@id\":\"https:\\\/\\\/revistaregional.com.br\\\/site\\\/2013\\\/09\\\/13\\\/salto-promove-mostra-estudantil-de-teatro\\\/#primaryimage\"},\"image\":{\"@id\":\"https:\\\/\\\/revistaregional.com.br\\\/site\\\/2013\\\/09\\\/13\\\/salto-promove-mostra-estudantil-de-teatro\\\/#primaryimage\"},\"thumbnailUrl\":\"https:\\\/\\\/revistaregional.com.br\\\/site\\\/wp-content\\\/uploads\\\/2013\\\/09\\\/regionais-mostra-71.jpg\",\"datePublished\":\"2013-09-13T12:33:18+00:00\",\"dateModified\":\"2024-01-26T12:52:59+00:00\",\"author\":{\"@id\":\"https:\\\/\\\/revistaregional.com.br\\\/site\\\/#\\\/schema\\\/person\\\/382af97c580dc1b18f55107bc316010d\"},\"breadcrumb\":{\"@id\":\"https:\\\/\\\/revistaregional.com.br\\\/site\\\/2013\\\/09\\\/13\\\/salto-promove-mostra-estudantil-de-teatro\\\/#breadcrumb\"},\"inLanguage\":\"pt-BR\",\"potentialAction\":[{\"@type\":\"ReadAction\",\"target\":[\"https:\\\/\\\/revistaregional.com.br\\\/site\\\/2013\\\/09\\\/13\\\/salto-promove-mostra-estudantil-de-teatro\\\/\"]}]},{\"@type\":\"ImageObject\",\"inLanguage\":\"pt-BR\",\"@id\":\"https:\\\/\\\/revistaregional.com.br\\\/site\\\/2013\\\/09\\\/13\\\/salto-promove-mostra-estudantil-de-teatro\\\/#primaryimage\",\"url\":\"https:\\\/\\\/revistaregional.com.br\\\/site\\\/wp-content\\\/uploads\\\/2013\\\/09\\\/regionais-mostra-71.jpg\",\"contentUrl\":\"https:\\\/\\\/revistaregional.com.br\\\/site\\\/wp-content\\\/uploads\\\/2013\\\/09\\\/regionais-mostra-71.jpg\",\"width\":\"640\",\"height\":\"480\",\"caption\":\"Momento de pe\u00e7a que faz parte da Mostra Estudantil\"},{\"@type\":\"BreadcrumbList\",\"@id\":\"https:\\\/\\\/revistaregional.com.br\\\/site\\\/2013\\\/09\\\/13\\\/salto-promove-mostra-estudantil-de-teatro\\\/#breadcrumb\",\"itemListElement\":[{\"@type\":\"ListItem\",\"position\":1,\"name\":\"In\u00edcio\",\"item\":\"https:\\\/\\\/revistaregional.com.br\\\/site\\\/\"},{\"@type\":\"ListItem\",\"position\":2,\"name\":\"Salto promove Mostra Estudantil de Teatro\"}]},{\"@type\":\"WebSite\",\"@id\":\"https:\\\/\\\/revistaregional.com.br\\\/site\\\/#website\",\"url\":\"https:\\\/\\\/revistaregional.com.br\\\/site\\\/\",\"name\":\"Revista Regional\",\"description\":\"Salto - Itu - Indaituba\",\"potentialAction\":[{\"@type\":\"SearchAction\",\"target\":{\"@type\":\"EntryPoint\",\"urlTemplate\":\"https:\\\/\\\/revistaregional.com.br\\\/site\\\/?s={search_term_string}\"},\"query-input\":{\"@type\":\"PropertyValueSpecification\",\"valueRequired\":true,\"valueName\":\"search_term_string\"}}],\"inLanguage\":\"pt-BR\"},{\"@type\":\"Person\",\"@id\":\"https:\\\/\\\/revistaregional.com.br\\\/site\\\/#\\\/schema\\\/person\\\/382af97c580dc1b18f55107bc316010d\",\"name\":\"contato@revistaregional.com.br\",\"image\":{\"@type\":\"ImageObject\",\"inLanguage\":\"pt-BR\",\"@id\":\"https:\\\/\\\/secure.gravatar.com\\\/avatar\\\/869822917e96b2e292d5827e4635855396934485e7c4a0af84e9a214e32ca0cd?s=96&d=mm&r=g\",\"url\":\"https:\\\/\\\/secure.gravatar.com\\\/avatar\\\/869822917e96b2e292d5827e4635855396934485e7c4a0af84e9a214e32ca0cd?s=96&d=mm&r=g\",\"contentUrl\":\"https:\\\/\\\/secure.gravatar.com\\\/avatar\\\/869822917e96b2e292d5827e4635855396934485e7c4a0af84e9a214e32ca0cd?s=96&d=mm&r=g\",\"caption\":\"contato@revistaregional.com.br\"},\"url\":\"https:\\\/\\\/revistaregional.com.br\\\/site\\\/author\\\/contato@revistaregional.com.br\\\/\"}]}<\/script>\n<!-- \/ Yoast SEO plugin. -->","yoast_head_json":{"title":"Salto promove Mostra Estudantil de Teatro - Revista Regional","robots":{"index":"index","follow":"follow","max-snippet":"max-snippet:-1","max-image-preview":"max-image-preview:large","max-video-preview":"max-video-preview:-1"},"canonical":"https:\/\/revistaregional.com.br\/site\/2013\/09\/13\/salto-promove-mostra-estudantil-de-teatro\/","og_locale":"pt_BR","og_type":"article","og_title":"Salto promove Mostra Estudantil de Teatro - Revista Regional","og_description":"At\u00e9 1\u00ba de outubro, Salto promove a 25\u00aa edi\u00e7\u00e3o da Mostra Estudantil de Teatro. A abertura aconteceu dia 28 de agosto, na Sala Palma de Ouro do CEC (Centro de Educa\u00e7\u00e3o e Cultura), com apresenta\u00e7\u00e3o dos alunos da Escola Estadual \u201cJoseano Costa Pinto\u201d com a pe\u00e7a \u201cA Revolu\u00e7\u00e3o das Mulheres\u201d. A mostra, que tem entrada [&hellip;]","og_url":"https:\/\/revistaregional.com.br\/site\/2013\/09\/13\/salto-promove-mostra-estudantil-de-teatro\/","og_site_name":"Revista Regional","article_published_time":"2013-09-13T12:33:18+00:00","article_modified_time":"2024-01-26T12:52:59+00:00","og_image":[{"width":640,"height":480,"url":"https:\/\/revistaregional.com.br\/site\/wp-content\/uploads\/2013\/09\/regionais-mostra-71.jpg","type":"image\/jpeg"}],"author":"contato@revistaregional.com.br","twitter_card":"summary_large_image","twitter_misc":{"Escrito por":"contato@revistaregional.com.br","Est. tempo de leitura":"1 minuto"},"schema":{"@context":"https:\/\/schema.org","@graph":[{"@type":"Article","@id":"https:\/\/revistaregional.com.br\/site\/2013\/09\/13\/salto-promove-mostra-estudantil-de-teatro\/#article","isPartOf":{"@id":"https:\/\/revistaregional.com.br\/site\/2013\/09\/13\/salto-promove-mostra-estudantil-de-teatro\/"},"author":{"name":"contato@revistaregional.com.br","@id":"https:\/\/revistaregional.com.br\/site\/#\/schema\/person\/382af97c580dc1b18f55107bc316010d"},"headline":"Salto promove Mostra Estudantil de Teatro","datePublished":"2013-09-13T12:33:18+00:00","dateModified":"2024-01-26T12:52:59+00:00","mainEntityOfPage":{"@id":"https:\/\/revistaregional.com.br\/site\/2013\/09\/13\/salto-promove-mostra-estudantil-de-teatro\/"},"wordCount":223,"commentCount":0,"image":{"@id":"https:\/\/revistaregional.com.br\/site\/2013\/09\/13\/salto-promove-mostra-estudantil-de-teatro\/#primaryimage"},"thumbnailUrl":"https:\/\/revistaregional.com.br\/site\/wp-content\/uploads\/2013\/09\/regionais-mostra-71.jpg","keywords":["Regionais"],"articleSection":["Destaques","Regionais"],"inLanguage":"pt-BR","potentialAction":[{"@type":"CommentAction","name":"Comment","target":["https:\/\/revistaregional.com.br\/site\/2013\/09\/13\/salto-promove-mostra-estudantil-de-teatro\/#respond"]}]},{"@type":"WebPage","@id":"https:\/\/revistaregional.com.br\/site\/2013\/09\/13\/salto-promove-mostra-estudantil-de-teatro\/","url":"https:\/\/revistaregional.com.br\/site\/2013\/09\/13\/salto-promove-mostra-estudantil-de-teatro\/","name":"Salto promove Mostra Estudantil de Teatro - Revista Regional","isPartOf":{"@id":"https:\/\/revistaregional.com.br\/site\/#website"},"primaryImageOfPage":{"@id":"https:\/\/revistaregional.com.br\/site\/2013\/09\/13\/salto-promove-mostra-estudantil-de-teatro\/#primaryimage"},"image":{"@id":"https:\/\/revistaregional.com.br\/site\/2013\/09\/13\/salto-promove-mostra-estudantil-de-teatro\/#primaryimage"},"thumbnailUrl":"https:\/\/revistaregional.com.br\/site\/wp-content\/uploads\/2013\/09\/regionais-mostra-71.jpg","datePublished":"2013-09-13T12:33:18+00:00","dateModified":"2024-01-26T12:52:59+00:00","author":{"@id":"https:\/\/revistaregional.com.br\/site\/#\/schema\/person\/382af97c580dc1b18f55107bc316010d"},"breadcrumb":{"@id":"https:\/\/revistaregional.com.br\/site\/2013\/09\/13\/salto-promove-mostra-estudantil-de-teatro\/#breadcrumb"},"inLanguage":"pt-BR","potentialAction":[{"@type":"ReadAction","target":["https:\/\/revistaregional.com.br\/site\/2013\/09\/13\/salto-promove-mostra-estudantil-de-teatro\/"]}]},{"@type":"ImageObject","inLanguage":"pt-BR","@id":"https:\/\/revistaregional.com.br\/site\/2013\/09\/13\/salto-promove-mostra-estudantil-de-teatro\/#primaryimage","url":"https:\/\/revistaregional.com.br\/site\/wp-content\/uploads\/2013\/09\/regionais-mostra-71.jpg","contentUrl":"https:\/\/revistaregional.com.br\/site\/wp-content\/uploads\/2013\/09\/regionais-mostra-71.jpg","width":"640","height":"480","caption":"Momento de pe\u00e7a que faz parte da Mostra Estudantil"},{"@type":"BreadcrumbList","@id":"https:\/\/revistaregional.com.br\/site\/2013\/09\/13\/salto-promove-mostra-estudantil-de-teatro\/#breadcrumb","itemListElement":[{"@type":"ListItem","position":1,"name":"In\u00edcio","item":"https:\/\/revistaregional.com.br\/site\/"},{"@type":"ListItem","position":2,"name":"Salto promove Mostra Estudantil de Teatro"}]},{"@type":"WebSite","@id":"https:\/\/revistaregional.com.br\/site\/#website","url":"https:\/\/revistaregional.com.br\/site\/","name":"Revista Regional","description":"Salto - Itu - Indaituba","potentialAction":[{"@type":"SearchAction","target":{"@type":"EntryPoint","urlTemplate":"https:\/\/revistaregional.com.br\/site\/?s={search_term_string}"},"query-input":{"@type":"PropertyValueSpecification","valueRequired":true,"valueName":"search_term_string"}}],"inLanguage":"pt-BR"},{"@type":"Person","@id":"https:\/\/revistaregional.com.br\/site\/#\/schema\/person\/382af97c580dc1b18f55107bc316010d","name":"contato@revistaregional.com.br","image":{"@type":"ImageObject","inLanguage":"pt-BR","@id":"https:\/\/secure.gravatar.com\/avatar\/869822917e96b2e292d5827e4635855396934485e7c4a0af84e9a214e32ca0cd?s=96&d=mm&r=g","url":"https:\/\/secure.gravatar.com\/avatar\/869822917e96b2e292d5827e4635855396934485e7c4a0af84e9a214e32ca0cd?s=96&d=mm&r=g","contentUrl":"https:\/\/secure.gravatar.com\/avatar\/869822917e96b2e292d5827e4635855396934485e7c4a0af84e9a214e32ca0cd?s=96&d=mm&r=g","caption":"contato@revistaregional.com.br"},"url":"https:\/\/revistaregional.com.br\/site\/author\/contato@revistaregional.com.br\/"}]}},"views":90,"_links":{"self":[{"href":"https:\/\/revistaregional.com.br\/site\/wp-json\/wp\/v2\/posts\/5233","targetHints":{"allow":["GET"]}}],"collection":[{"href":"https:\/\/revistaregional.com.br\/site\/wp-json\/wp\/v2\/posts"}],"about":[{"href":"https:\/\/revistaregional.com.br\/site\/wp-json\/wp\/v2\/types\/post"}],"author":[{"embeddable":true,"href":"https:\/\/revistaregional.com.br\/site\/wp-json\/wp\/v2\/users\/1"}],"replies":[{"embeddable":true,"href":"https:\/\/revistaregional.com.br\/site\/wp-json\/wp\/v2\/comments?post=5233"}],"version-history":[{"count":4,"href":"https:\/\/revistaregional.com.br\/site\/wp-json\/wp\/v2\/posts\/5233\/revisions"}],"predecessor-version":[{"id":32326,"href":"https:\/\/revistaregional.com.br\/site\/wp-json\/wp\/v2\/posts\/5233\/revisions\/32326"}],"wp:featuredmedia":[{"embeddable":true,"href":"https:\/\/revistaregional.com.br\/site\/wp-json\/wp\/v2\/media\/5235"}],"wp:attachment":[{"href":"https:\/\/revistaregional.com.br\/site\/wp-json\/wp\/v2\/media?parent=5233"}],"wp:term":[{"taxonomy":"category","embeddable":true,"href":"https:\/\/revistaregional.com.br\/site\/wp-json\/wp\/v2\/categories?post=5233"},{"taxonomy":"post_tag","embeddable":true,"href":"https:\/\/revistaregional.com.br\/site\/wp-json\/wp\/v2\/tags?post=5233"}],"curies":[{"name":"wp","href":"https:\/\/api.w.org\/{rel}","templated":true}]}}