{"id":5225,"date":"2013-09-13T09:15:35","date_gmt":"2013-09-13T12:15:35","guid":{"rendered":"http:\/\/revistaregional.com.br\/site\/?p=5225"},"modified":"2024-01-26T09:21:20","modified_gmt":"2024-01-26T12:21:20","slug":"indaiatuba-faz-semana-contra-o-alzheimer","status":"publish","type":"post","link":"https:\/\/revistaregional.com.br\/site\/2013\/09\/13\/indaiatuba-faz-semana-contra-o-alzheimer\/","title":{"rendered":"Semana do Alzheimer em Indaiatuba"},"content":{"rendered":"<figure id=\"attachment_5226\" aria-describedby=\"caption-attachment-5226\" style=\"width: 448px\" class=\"wp-caption aligncenter\"><a href=\"http:\/\/revistaregional.com.br\/site\/wp-content\/uploads\/2013\/09\/vida-abraz.jpg\" rel=\"attachment wp-att-5226\"><img fetchpriority=\"high\" decoding=\"async\" class=\" wp-image-5226 \" src=\"http:\/\/revistaregional.com.br\/site\/wp-content\/uploads\/2013\/09\/vida-abraz.jpg\" alt=\"\" width=\"448\" height=\"336\" srcset=\"https:\/\/revistaregional.com.br\/site\/wp-content\/uploads\/2013\/09\/vida-abraz.jpg 640w, https:\/\/revistaregional.com.br\/site\/wp-content\/uploads\/2013\/09\/vida-abraz-300x225.jpg 300w\" sizes=\"(max-width: 448px) 100vw, 448px\" \/><\/a><figcaption id=\"caption-attachment-5226\" class=\"wp-caption-text\">: A propaganda faz parte da conscientiza\u00e7\u00e3o que a ABRAz faz pela doen\u00e7a. Conhecer os sintomas pode ser um grande fator de ajuda na detec\u00e7\u00e3o do Alzheimer e tratamento<\/figcaption><\/figure>\n<p><em>ABRAz Indaiatuba promove eventos em alus\u00e3o ao Dia Mundial da Doen\u00e7a de Alzheimer<\/em><\/p>\n<p><em>\u00a0<\/em>Poucas pessoas sabem que em Indaiatuba existe uma Sub-Regional da Associa\u00e7\u00e3o Brasileira de Alzheimer, a ABRAz, que desenvolve projetos importantes no esclarecimento e aux\u00edlio ao tratamento da doen\u00e7a. \u201cRealizamos reuni\u00f5es mensais, sempre \u00e0s primeiras segundas do m\u00eas \u00e0s 19h na Associa\u00e7\u00e3o Paulista de Medicina. Esses encontros t\u00eam o objetivo de levar informa\u00e7\u00f5es, sanar d\u00favidas e acolher as pessoas envolvidas no cuidado dos pacientes com dem\u00eancia, sempre passadas por profissionais de diversas \u00e1reas de atua\u00e7\u00e3o. Tamb\u00e9m temos uma parceria com a faculdade de Psicologia da Unip (Universidade Paulista). Os alunos do \u00faltimo ano v\u00e3o \u00e0s casas dos cuidadores para fazer um atendimento psicol\u00f3gico a estes indiv\u00edduos t\u00e3o sujeitos ao estresse. Todo o processo \u00e9 supervisionado por professores da institui\u00e7\u00e3o de ensino\u201d, observa a geriatra Celene Pinheiro de Oliveira, coordenadora geral e cient\u00edfica da ABRAz Indaiatuba.<\/p>\n<p>A Associa\u00e7\u00e3o existe na cidade desde 2004 e j\u00e1 no ano seguinte, 2005, o evento em alus\u00e3o ao Dia Mundial da Doen\u00e7a de Alzheimer, comemorado em 21 de setembro, faz parte do calend\u00e1rio oficial da cidade. Esse ano, tr\u00eas eventos v\u00e3o levar mais conhecimento sobre a doen\u00e7a para a popula\u00e7\u00e3o e tamb\u00e9m para a classe m\u00e9dica. \u201cNo dia 19, quinta-feira, teremos um simp\u00f3sio de atualiza\u00e7\u00e3o de diagn\u00f3sticos e tratamento para Alzheimer, destinado aos m\u00e9dicos da rede p\u00fablica municipal, na pr\u00f3pria sede da APM; no dia 20, teremos o ABRAz in Concert, que mesclar\u00e1 m\u00fasica e informa\u00e7\u00f5es sobre a doen\u00e7a; e no s\u00e1bado, dia 21, finalizamos com um ciclo de palestras, trazendo profissionais altamente capacitados, para falar sobre diversos aspectos que envolvem o dia-a-dia dos pacientes com dem\u00eancia\u201d, completa Celene.<\/p>\n<p>Assim como esses eventos, os servi\u00e7os da ABRAz s\u00e3o gratuitos para a popula\u00e7\u00e3o, que basta ir at\u00e9 a APM nos dias das reuni\u00f5es ordin\u00e1rias, sem a necessidade de fazer inscri\u00e7\u00e3o pr\u00e9via.<\/p>\n<p>Semana de eventos em Indaiatuba<\/p>\n<p>Confira a agenda completa:<\/p>\n<p>19 de setembro \u2013 Simp\u00f3sio de atualiza\u00e7\u00e3o de diagn\u00f3stico e tratamento para Alzheimer (destinado somente aos m\u00e9dicos da rede p\u00fablica municipal): ser\u00e1 ministrado um curso das 8h \u00e0s 12h pelo m\u00e9dico Paulo Canineo, vice-presidente da Sociedade Brasileira de Geriatria e Gerontologia. O evento ser\u00e1 na sede da APM &#8211; avenida Engenheiro F\u00e1bio Roberto Barnab\u00e9, 779 (Parque Ecol\u00f3gico).<\/p>\n<p>20 de setembro \u2013 ABRAz in Concert! \u2013 apresenta\u00e7\u00e3o de grupos musicais locais, com breves inser\u00e7\u00f5es sobre o tema. Ser\u00e1 apresentado por profissionais da \u00e1rea da sa\u00fade. Em seguida, ser\u00e1 lan\u00e7ado o livro \u201cVoc\u00ea n\u00e3o est\u00e1 sozinho\u201d, escrito por Vera Caovilla, presidente nacional da ABRAz. Aberto ao p\u00fablico \u2013 local a ser definido.<\/p>\n<p>21 de setembro \u2013 Ciclo de palestras realizado durante todo o dia com profissionais, discorrendo sobre os v\u00e1rios aspectos que envolvem o dia-a-dia dos pacientes com dem\u00eancia. Aberto ao p\u00fablico \u2013 local a ser definido.<\/p>\n<p>foto: \u00a9 Andrea Danti &#8211; Fotolia.com<\/p>\n","protected":false},"excerpt":{"rendered":"<p>ABRAz Indaiatuba promove eventos em alus\u00e3o ao Dia Mundial da Doen\u00e7a de Alzheimer \u00a0Poucas pessoas sabem que em Indaiatuba existe uma Sub-Regional da Associa\u00e7\u00e3o Brasileira de Alzheimer, a ABRAz, que desenvolve projetos importantes no esclarecimento e aux\u00edlio ao tratamento da doen\u00e7a. \u201cRealizamos reuni\u00f5es mensais, sempre \u00e0s primeiras segundas do m\u00eas \u00e0s 19h na Associa\u00e7\u00e3o Paulista [&hellip;]<\/p>\n","protected":false},"author":1,"featured_media":5226,"comment_status":"open","ping_status":"open","sticky":false,"template":"","format":"standard","meta":{"_acf_changed":false,"ngg_post_thumbnail":0,"_joinchat":[],"footnotes":""},"categories":[3,8],"tags":[525],"class_list":["post-5225","post","type-post","status-publish","format-standard","has-post-thumbnail","hentry","category-destaques","category-saude-e-beleza","tag-saude-e-beleza"],"acf":[],"yoast_head":"<!-- This site is optimized with the Yoast SEO plugin v27.4 - https:\/\/yoast.com\/product\/yoast-seo-wordpress\/ -->\n<title>Semana do Alzheimer em Indaiatuba - Revista Regional<\/title>\n<meta name=\"robots\" content=\"index, follow, max-snippet:-1, max-image-preview:large, max-video-preview:-1\" \/>\n<link rel=\"canonical\" href=\"https:\/\/revistaregional.com.br\/site\/2013\/09\/13\/indaiatuba-faz-semana-contra-o-alzheimer\/\" \/>\n<meta property=\"og:locale\" content=\"pt_BR\" \/>\n<meta property=\"og:type\" content=\"article\" \/>\n<meta property=\"og:title\" content=\"Semana do Alzheimer em Indaiatuba - Revista Regional\" \/>\n<meta property=\"og:description\" content=\"ABRAz Indaiatuba promove eventos em alus\u00e3o ao Dia Mundial da Doen\u00e7a de Alzheimer \u00a0Poucas pessoas sabem que em Indaiatuba existe uma Sub-Regional da Associa\u00e7\u00e3o Brasileira de Alzheimer, a ABRAz, que desenvolve projetos importantes no esclarecimento e aux\u00edlio ao tratamento da doen\u00e7a. \u201cRealizamos reuni\u00f5es mensais, sempre \u00e0s primeiras segundas do m\u00eas \u00e0s 19h na Associa\u00e7\u00e3o Paulista [&hellip;]\" \/>\n<meta property=\"og:url\" content=\"https:\/\/revistaregional.com.br\/site\/2013\/09\/13\/indaiatuba-faz-semana-contra-o-alzheimer\/\" \/>\n<meta property=\"og:site_name\" content=\"Revista Regional\" \/>\n<meta property=\"article:published_time\" content=\"2013-09-13T12:15:35+00:00\" \/>\n<meta property=\"article:modified_time\" content=\"2024-01-26T12:21:20+00:00\" \/>\n<meta property=\"og:image\" content=\"https:\/\/revistaregional.com.br\/site\/wp-content\/uploads\/2013\/09\/vida-abraz.jpg\" \/>\n\t<meta property=\"og:image:width\" content=\"640\" \/>\n\t<meta property=\"og:image:height\" content=\"480\" \/>\n\t<meta property=\"og:image:type\" content=\"image\/jpeg\" \/>\n<meta name=\"author\" content=\"contato@revistaregional.com.br\" \/>\n<meta name=\"twitter:card\" content=\"summary_large_image\" \/>\n<meta name=\"twitter:label1\" content=\"Escrito por\" \/>\n\t<meta name=\"twitter:data1\" content=\"contato@revistaregional.com.br\" \/>\n\t<meta name=\"twitter:label2\" content=\"Est. tempo de leitura\" \/>\n\t<meta name=\"twitter:data2\" content=\"3 minutos\" \/>\n<script type=\"application\/ld+json\" class=\"yoast-schema-graph\">{\"@context\":\"https:\\\/\\\/schema.org\",\"@graph\":[{\"@type\":\"Article\",\"@id\":\"https:\\\/\\\/revistaregional.com.br\\\/site\\\/2013\\\/09\\\/13\\\/indaiatuba-faz-semana-contra-o-alzheimer\\\/#article\",\"isPartOf\":{\"@id\":\"https:\\\/\\\/revistaregional.com.br\\\/site\\\/2013\\\/09\\\/13\\\/indaiatuba-faz-semana-contra-o-alzheimer\\\/\"},\"author\":{\"name\":\"contato@revistaregional.com.br\",\"@id\":\"https:\\\/\\\/revistaregional.com.br\\\/site\\\/#\\\/schema\\\/person\\\/382af97c580dc1b18f55107bc316010d\"},\"headline\":\"Semana do Alzheimer em Indaiatuba\",\"datePublished\":\"2013-09-13T12:15:35+00:00\",\"dateModified\":\"2024-01-26T12:21:20+00:00\",\"mainEntityOfPage\":{\"@id\":\"https:\\\/\\\/revistaregional.com.br\\\/site\\\/2013\\\/09\\\/13\\\/indaiatuba-faz-semana-contra-o-alzheimer\\\/\"},\"wordCount\":558,\"commentCount\":0,\"image\":{\"@id\":\"https:\\\/\\\/revistaregional.com.br\\\/site\\\/2013\\\/09\\\/13\\\/indaiatuba-faz-semana-contra-o-alzheimer\\\/#primaryimage\"},\"thumbnailUrl\":\"https:\\\/\\\/revistaregional.com.br\\\/site\\\/wp-content\\\/uploads\\\/2013\\\/09\\\/vida-abraz.jpg\",\"keywords\":[\"Sa\u00fade e Beleza\"],\"articleSection\":[\"Destaques\",\"Sa\u00fade e Beleza\"],\"inLanguage\":\"pt-BR\",\"potentialAction\":[{\"@type\":\"CommentAction\",\"name\":\"Comment\",\"target\":[\"https:\\\/\\\/revistaregional.com.br\\\/site\\\/2013\\\/09\\\/13\\\/indaiatuba-faz-semana-contra-o-alzheimer\\\/#respond\"]}]},{\"@type\":\"WebPage\",\"@id\":\"https:\\\/\\\/revistaregional.com.br\\\/site\\\/2013\\\/09\\\/13\\\/indaiatuba-faz-semana-contra-o-alzheimer\\\/\",\"url\":\"https:\\\/\\\/revistaregional.com.br\\\/site\\\/2013\\\/09\\\/13\\\/indaiatuba-faz-semana-contra-o-alzheimer\\\/\",\"name\":\"Semana do Alzheimer em Indaiatuba - Revista Regional\",\"isPartOf\":{\"@id\":\"https:\\\/\\\/revistaregional.com.br\\\/site\\\/#website\"},\"primaryImageOfPage\":{\"@id\":\"https:\\\/\\\/revistaregional.com.br\\\/site\\\/2013\\\/09\\\/13\\\/indaiatuba-faz-semana-contra-o-alzheimer\\\/#primaryimage\"},\"image\":{\"@id\":\"https:\\\/\\\/revistaregional.com.br\\\/site\\\/2013\\\/09\\\/13\\\/indaiatuba-faz-semana-contra-o-alzheimer\\\/#primaryimage\"},\"thumbnailUrl\":\"https:\\\/\\\/revistaregional.com.br\\\/site\\\/wp-content\\\/uploads\\\/2013\\\/09\\\/vida-abraz.jpg\",\"datePublished\":\"2013-09-13T12:15:35+00:00\",\"dateModified\":\"2024-01-26T12:21:20+00:00\",\"author\":{\"@id\":\"https:\\\/\\\/revistaregional.com.br\\\/site\\\/#\\\/schema\\\/person\\\/382af97c580dc1b18f55107bc316010d\"},\"breadcrumb\":{\"@id\":\"https:\\\/\\\/revistaregional.com.br\\\/site\\\/2013\\\/09\\\/13\\\/indaiatuba-faz-semana-contra-o-alzheimer\\\/#breadcrumb\"},\"inLanguage\":\"pt-BR\",\"potentialAction\":[{\"@type\":\"ReadAction\",\"target\":[\"https:\\\/\\\/revistaregional.com.br\\\/site\\\/2013\\\/09\\\/13\\\/indaiatuba-faz-semana-contra-o-alzheimer\\\/\"]}]},{\"@type\":\"ImageObject\",\"inLanguage\":\"pt-BR\",\"@id\":\"https:\\\/\\\/revistaregional.com.br\\\/site\\\/2013\\\/09\\\/13\\\/indaiatuba-faz-semana-contra-o-alzheimer\\\/#primaryimage\",\"url\":\"https:\\\/\\\/revistaregional.com.br\\\/site\\\/wp-content\\\/uploads\\\/2013\\\/09\\\/vida-abraz.jpg\",\"contentUrl\":\"https:\\\/\\\/revistaregional.com.br\\\/site\\\/wp-content\\\/uploads\\\/2013\\\/09\\\/vida-abraz.jpg\",\"width\":\"640\",\"height\":\"480\",\"caption\":\": A propaganda faz parte da conscientiza\u00e7\u00e3o que a ABRAz faz pela doen\u00e7a. Conhecer os sintomas pode ser um grande fator de ajuda na detec\u00e7\u00e3o do Alzheimer e tratamento\"},{\"@type\":\"BreadcrumbList\",\"@id\":\"https:\\\/\\\/revistaregional.com.br\\\/site\\\/2013\\\/09\\\/13\\\/indaiatuba-faz-semana-contra-o-alzheimer\\\/#breadcrumb\",\"itemListElement\":[{\"@type\":\"ListItem\",\"position\":1,\"name\":\"In\u00edcio\",\"item\":\"https:\\\/\\\/revistaregional.com.br\\\/site\\\/\"},{\"@type\":\"ListItem\",\"position\":2,\"name\":\"Semana do Alzheimer em Indaiatuba\"}]},{\"@type\":\"WebSite\",\"@id\":\"https:\\\/\\\/revistaregional.com.br\\\/site\\\/#website\",\"url\":\"https:\\\/\\\/revistaregional.com.br\\\/site\\\/\",\"name\":\"Revista Regional\",\"description\":\"Salto - Itu - Indaituba\",\"potentialAction\":[{\"@type\":\"SearchAction\",\"target\":{\"@type\":\"EntryPoint\",\"urlTemplate\":\"https:\\\/\\\/revistaregional.com.br\\\/site\\\/?s={search_term_string}\"},\"query-input\":{\"@type\":\"PropertyValueSpecification\",\"valueRequired\":true,\"valueName\":\"search_term_string\"}}],\"inLanguage\":\"pt-BR\"},{\"@type\":\"Person\",\"@id\":\"https:\\\/\\\/revistaregional.com.br\\\/site\\\/#\\\/schema\\\/person\\\/382af97c580dc1b18f55107bc316010d\",\"name\":\"contato@revistaregional.com.br\",\"image\":{\"@type\":\"ImageObject\",\"inLanguage\":\"pt-BR\",\"@id\":\"https:\\\/\\\/secure.gravatar.com\\\/avatar\\\/869822917e96b2e292d5827e4635855396934485e7c4a0af84e9a214e32ca0cd?s=96&d=mm&r=g\",\"url\":\"https:\\\/\\\/secure.gravatar.com\\\/avatar\\\/869822917e96b2e292d5827e4635855396934485e7c4a0af84e9a214e32ca0cd?s=96&d=mm&r=g\",\"contentUrl\":\"https:\\\/\\\/secure.gravatar.com\\\/avatar\\\/869822917e96b2e292d5827e4635855396934485e7c4a0af84e9a214e32ca0cd?s=96&d=mm&r=g\",\"caption\":\"contato@revistaregional.com.br\"},\"url\":\"https:\\\/\\\/revistaregional.com.br\\\/site\\\/author\\\/contato@revistaregional.com.br\\\/\"}]}<\/script>\n<!-- \/ Yoast SEO plugin. -->","yoast_head_json":{"title":"Semana do Alzheimer em Indaiatuba - Revista Regional","robots":{"index":"index","follow":"follow","max-snippet":"max-snippet:-1","max-image-preview":"max-image-preview:large","max-video-preview":"max-video-preview:-1"},"canonical":"https:\/\/revistaregional.com.br\/site\/2013\/09\/13\/indaiatuba-faz-semana-contra-o-alzheimer\/","og_locale":"pt_BR","og_type":"article","og_title":"Semana do Alzheimer em Indaiatuba - Revista Regional","og_description":"ABRAz Indaiatuba promove eventos em alus\u00e3o ao Dia Mundial da Doen\u00e7a de Alzheimer \u00a0Poucas pessoas sabem que em Indaiatuba existe uma Sub-Regional da Associa\u00e7\u00e3o Brasileira de Alzheimer, a ABRAz, que desenvolve projetos importantes no esclarecimento e aux\u00edlio ao tratamento da doen\u00e7a. \u201cRealizamos reuni\u00f5es mensais, sempre \u00e0s primeiras segundas do m\u00eas \u00e0s 19h na Associa\u00e7\u00e3o Paulista [&hellip;]","og_url":"https:\/\/revistaregional.com.br\/site\/2013\/09\/13\/indaiatuba-faz-semana-contra-o-alzheimer\/","og_site_name":"Revista Regional","article_published_time":"2013-09-13T12:15:35+00:00","article_modified_time":"2024-01-26T12:21:20+00:00","og_image":[{"width":640,"height":480,"url":"https:\/\/revistaregional.com.br\/site\/wp-content\/uploads\/2013\/09\/vida-abraz.jpg","type":"image\/jpeg"}],"author":"contato@revistaregional.com.br","twitter_card":"summary_large_image","twitter_misc":{"Escrito por":"contato@revistaregional.com.br","Est. tempo de leitura":"3 minutos"},"schema":{"@context":"https:\/\/schema.org","@graph":[{"@type":"Article","@id":"https:\/\/revistaregional.com.br\/site\/2013\/09\/13\/indaiatuba-faz-semana-contra-o-alzheimer\/#article","isPartOf":{"@id":"https:\/\/revistaregional.com.br\/site\/2013\/09\/13\/indaiatuba-faz-semana-contra-o-alzheimer\/"},"author":{"name":"contato@revistaregional.com.br","@id":"https:\/\/revistaregional.com.br\/site\/#\/schema\/person\/382af97c580dc1b18f55107bc316010d"},"headline":"Semana do Alzheimer em Indaiatuba","datePublished":"2013-09-13T12:15:35+00:00","dateModified":"2024-01-26T12:21:20+00:00","mainEntityOfPage":{"@id":"https:\/\/revistaregional.com.br\/site\/2013\/09\/13\/indaiatuba-faz-semana-contra-o-alzheimer\/"},"wordCount":558,"commentCount":0,"image":{"@id":"https:\/\/revistaregional.com.br\/site\/2013\/09\/13\/indaiatuba-faz-semana-contra-o-alzheimer\/#primaryimage"},"thumbnailUrl":"https:\/\/revistaregional.com.br\/site\/wp-content\/uploads\/2013\/09\/vida-abraz.jpg","keywords":["Sa\u00fade e Beleza"],"articleSection":["Destaques","Sa\u00fade e Beleza"],"inLanguage":"pt-BR","potentialAction":[{"@type":"CommentAction","name":"Comment","target":["https:\/\/revistaregional.com.br\/site\/2013\/09\/13\/indaiatuba-faz-semana-contra-o-alzheimer\/#respond"]}]},{"@type":"WebPage","@id":"https:\/\/revistaregional.com.br\/site\/2013\/09\/13\/indaiatuba-faz-semana-contra-o-alzheimer\/","url":"https:\/\/revistaregional.com.br\/site\/2013\/09\/13\/indaiatuba-faz-semana-contra-o-alzheimer\/","name":"Semana do Alzheimer em Indaiatuba - Revista Regional","isPartOf":{"@id":"https:\/\/revistaregional.com.br\/site\/#website"},"primaryImageOfPage":{"@id":"https:\/\/revistaregional.com.br\/site\/2013\/09\/13\/indaiatuba-faz-semana-contra-o-alzheimer\/#primaryimage"},"image":{"@id":"https:\/\/revistaregional.com.br\/site\/2013\/09\/13\/indaiatuba-faz-semana-contra-o-alzheimer\/#primaryimage"},"thumbnailUrl":"https:\/\/revistaregional.com.br\/site\/wp-content\/uploads\/2013\/09\/vida-abraz.jpg","datePublished":"2013-09-13T12:15:35+00:00","dateModified":"2024-01-26T12:21:20+00:00","author":{"@id":"https:\/\/revistaregional.com.br\/site\/#\/schema\/person\/382af97c580dc1b18f55107bc316010d"},"breadcrumb":{"@id":"https:\/\/revistaregional.com.br\/site\/2013\/09\/13\/indaiatuba-faz-semana-contra-o-alzheimer\/#breadcrumb"},"inLanguage":"pt-BR","potentialAction":[{"@type":"ReadAction","target":["https:\/\/revistaregional.com.br\/site\/2013\/09\/13\/indaiatuba-faz-semana-contra-o-alzheimer\/"]}]},{"@type":"ImageObject","inLanguage":"pt-BR","@id":"https:\/\/revistaregional.com.br\/site\/2013\/09\/13\/indaiatuba-faz-semana-contra-o-alzheimer\/#primaryimage","url":"https:\/\/revistaregional.com.br\/site\/wp-content\/uploads\/2013\/09\/vida-abraz.jpg","contentUrl":"https:\/\/revistaregional.com.br\/site\/wp-content\/uploads\/2013\/09\/vida-abraz.jpg","width":"640","height":"480","caption":": A propaganda faz parte da conscientiza\u00e7\u00e3o que a ABRAz faz pela doen\u00e7a. Conhecer os sintomas pode ser um grande fator de ajuda na detec\u00e7\u00e3o do Alzheimer e tratamento"},{"@type":"BreadcrumbList","@id":"https:\/\/revistaregional.com.br\/site\/2013\/09\/13\/indaiatuba-faz-semana-contra-o-alzheimer\/#breadcrumb","itemListElement":[{"@type":"ListItem","position":1,"name":"In\u00edcio","item":"https:\/\/revistaregional.com.br\/site\/"},{"@type":"ListItem","position":2,"name":"Semana do Alzheimer em Indaiatuba"}]},{"@type":"WebSite","@id":"https:\/\/revistaregional.com.br\/site\/#website","url":"https:\/\/revistaregional.com.br\/site\/","name":"Revista Regional","description":"Salto - Itu - Indaituba","potentialAction":[{"@type":"SearchAction","target":{"@type":"EntryPoint","urlTemplate":"https:\/\/revistaregional.com.br\/site\/?s={search_term_string}"},"query-input":{"@type":"PropertyValueSpecification","valueRequired":true,"valueName":"search_term_string"}}],"inLanguage":"pt-BR"},{"@type":"Person","@id":"https:\/\/revistaregional.com.br\/site\/#\/schema\/person\/382af97c580dc1b18f55107bc316010d","name":"contato@revistaregional.com.br","image":{"@type":"ImageObject","inLanguage":"pt-BR","@id":"https:\/\/secure.gravatar.com\/avatar\/869822917e96b2e292d5827e4635855396934485e7c4a0af84e9a214e32ca0cd?s=96&d=mm&r=g","url":"https:\/\/secure.gravatar.com\/avatar\/869822917e96b2e292d5827e4635855396934485e7c4a0af84e9a214e32ca0cd?s=96&d=mm&r=g","contentUrl":"https:\/\/secure.gravatar.com\/avatar\/869822917e96b2e292d5827e4635855396934485e7c4a0af84e9a214e32ca0cd?s=96&d=mm&r=g","caption":"contato@revistaregional.com.br"},"url":"https:\/\/revistaregional.com.br\/site\/author\/contato@revistaregional.com.br\/"}]}},"views":71,"_links":{"self":[{"href":"https:\/\/revistaregional.com.br\/site\/wp-json\/wp\/v2\/posts\/5225","targetHints":{"allow":["GET"]}}],"collection":[{"href":"https:\/\/revistaregional.com.br\/site\/wp-json\/wp\/v2\/posts"}],"about":[{"href":"https:\/\/revistaregional.com.br\/site\/wp-json\/wp\/v2\/types\/post"}],"author":[{"embeddable":true,"href":"https:\/\/revistaregional.com.br\/site\/wp-json\/wp\/v2\/users\/1"}],"replies":[{"embeddable":true,"href":"https:\/\/revistaregional.com.br\/site\/wp-json\/wp\/v2\/comments?post=5225"}],"version-history":[{"count":4,"href":"https:\/\/revistaregional.com.br\/site\/wp-json\/wp\/v2\/posts\/5225\/revisions"}],"predecessor-version":[{"id":32284,"href":"https:\/\/revistaregional.com.br\/site\/wp-json\/wp\/v2\/posts\/5225\/revisions\/32284"}],"wp:featuredmedia":[{"embeddable":true,"href":"https:\/\/revistaregional.com.br\/site\/wp-json\/wp\/v2\/media\/5226"}],"wp:attachment":[{"href":"https:\/\/revistaregional.com.br\/site\/wp-json\/wp\/v2\/media?parent=5225"}],"wp:term":[{"taxonomy":"category","embeddable":true,"href":"https:\/\/revistaregional.com.br\/site\/wp-json\/wp\/v2\/categories?post=5225"},{"taxonomy":"post_tag","embeddable":true,"href":"https:\/\/revistaregional.com.br\/site\/wp-json\/wp\/v2\/tags?post=5225"}],"curies":[{"name":"wp","href":"https:\/\/api.w.org\/{rel}","templated":true}]}}