{"id":5209,"date":"2013-09-13T08:56:34","date_gmt":"2013-09-13T11:56:34","guid":{"rendered":"http:\/\/revistaregional.com.br\/site\/?p=5209"},"modified":"2024-01-26T10:54:27","modified_gmt":"2024-01-26T13:54:27","slug":"o-maior-ilusionista-do-brasil-em-salto","status":"publish","type":"post","link":"https:\/\/revistaregional.com.br\/site\/2013\/09\/13\/o-maior-ilusionista-do-brasil-em-salto\/","title":{"rendered":"O maior ilusionista do Brasil em Salto"},"content":{"rendered":"<figure id=\"attachment_5210\" aria-describedby=\"caption-attachment-5210\" style=\"width: 384px\" class=\"wp-caption aligncenter\"><a href=\"http:\/\/revistaregional.com.br\/site\/wp-content\/uploads\/2013\/09\/agenda-magico-4.jpg\" rel=\"attachment wp-att-5210\"><img fetchpriority=\"high\" decoding=\"async\" class=\" wp-image-5210 \" src=\"http:\/\/revistaregional.com.br\/site\/wp-content\/uploads\/2013\/09\/agenda-magico-4.jpg\" alt=\"\" width=\"384\" height=\"256\" srcset=\"https:\/\/revistaregional.com.br\/site\/wp-content\/uploads\/2013\/09\/agenda-magico-4.jpg 640w, https:\/\/revistaregional.com.br\/site\/wp-content\/uploads\/2013\/09\/agenda-magico-4-300x199.jpg 300w\" sizes=\"(max-width: 384px) 100vw, 384px\" \/><\/a><figcaption id=\"caption-attachment-5210\" class=\"wp-caption-text\">Issao durante o espet\u00e1culo<\/figcaption><\/figure>\n<p style=\"text-align: left;\" align=\"center\">A Arjowiggins traz para Salto o ilusionista Issao Imamura, um dos maiores do mundo e precursor da arte no Brasil, para apresentar o espet\u00e1culo \u201cO Ilusionista\u201d na Sala Palma de Ouro do Centro de Educa\u00e7\u00e3o e Cultura Anselmo Duarte (CEC) no dia 14 de setembro, s\u00e1bado, \u00e0s 20h. No dia 15, domingo, o ilusionista far\u00e1 uma apresenta\u00e7\u00e3o extra com condi\u00e7\u00f5es especiais. Criado e interpretado por Imamura, o espet\u00e1culo traz uma combina\u00e7\u00e3o de m\u00e1gica, ilusionismo e li\u00e7\u00f5es de vida contadas por um artista que adquire sabedoria quando utiliza o dom de encantar pessoas com a arte. Cada ato do espet\u00e1culo ilustra um momento decisivo da vida de um ser humano no qual as habilidades e a sabedoria de um ilusionista seriam perfeitos para a mudan\u00e7a de um destino.<\/p>\n<p style=\"text-align: left;\" align=\"center\"><strong>MAIS:<\/strong><\/p>\n<p style=\"text-align: left;\" align=\"center\">A Sala Palma de Ouro fica na rua Prudente de Moraes, 580, Centro, Salto. Apresenta\u00e7\u00e3o gratuita. O vale-ingresso estar\u00e1 dispon\u00edvel no site <a href=\"http:\/\/www.arjowiggins.com.br\/\">www.arjowiggins.com.br<\/a> e na bilheteria do teatro a partir de 02 de setembro. A troca pelo ingresso deve ser realizada no dia do espet\u00e1culo das 19h \u00e0s 19h50 no pr\u00f3prio teatro. Os vales-ingressos n\u00e3o trocados at\u00e9 as 19h50 do dia 14 ser\u00e3o invalidados e os ingressos ser\u00e3o entregues ao p\u00fablico mediante ordem de chegada. J\u00e1 na apresenta\u00e7\u00e3o extra do dia 15, \u00e0s 18h, os ingressos estar\u00e3o \u00e0 venda na bilheteria: R$ 80,00 inteira | R$40,00 meia entrada mediante comprova\u00e7\u00e3o. Informa\u00e7\u00f5es: (11) 4602-8693.<\/p>\n<p style=\"text-align: left;\" align=\"center\"><em>\u00a0fotos: Divulga\u00e7\u00e3o<\/em><\/p>\n<p style=\"text-align: left;\" align=\"center\">\n","protected":false},"excerpt":{"rendered":"<p>A Arjowiggins traz para Salto o ilusionista Issao Imamura, um dos maiores do mundo e precursor da arte no Brasil, para apresentar o espet\u00e1culo \u201cO Ilusionista\u201d na Sala Palma de Ouro do Centro de Educa\u00e7\u00e3o e Cultura Anselmo Duarte (CEC) no dia 14 de setembro, s\u00e1bado, \u00e0s 20h. No dia 15, domingo, o ilusionista far\u00e1 [&hellip;]<\/p>\n","protected":false},"author":1,"featured_media":5210,"comment_status":"open","ping_status":"open","sticky":false,"template":"","format":"standard","meta":{"_acf_changed":false,"ngg_post_thumbnail":0,"_joinchat":[],"footnotes":""},"categories":[4],"tags":[533],"class_list":["post-5209","post","type-post","status-publish","format-standard","has-post-thumbnail","hentry","category-cultura","tag-cultura"],"acf":[],"yoast_head":"<!-- This site is optimized with the Yoast SEO plugin v27.4 - https:\/\/yoast.com\/product\/yoast-seo-wordpress\/ -->\n<title>O maior ilusionista do Brasil em Salto - Revista Regional<\/title>\n<meta name=\"robots\" content=\"index, follow, max-snippet:-1, max-image-preview:large, max-video-preview:-1\" \/>\n<link rel=\"canonical\" href=\"https:\/\/revistaregional.com.br\/site\/2013\/09\/13\/o-maior-ilusionista-do-brasil-em-salto\/\" \/>\n<meta property=\"og:locale\" content=\"pt_BR\" \/>\n<meta property=\"og:type\" content=\"article\" \/>\n<meta property=\"og:title\" content=\"O maior ilusionista do Brasil em Salto - Revista Regional\" \/>\n<meta property=\"og:description\" content=\"A Arjowiggins traz para Salto o ilusionista Issao Imamura, um dos maiores do mundo e precursor da arte no Brasil, para apresentar o espet\u00e1culo \u201cO Ilusionista\u201d na Sala Palma de Ouro do Centro de Educa\u00e7\u00e3o e Cultura Anselmo Duarte (CEC) no dia 14 de setembro, s\u00e1bado, \u00e0s 20h. No dia 15, domingo, o ilusionista far\u00e1 [&hellip;]\" \/>\n<meta property=\"og:url\" content=\"https:\/\/revistaregional.com.br\/site\/2013\/09\/13\/o-maior-ilusionista-do-brasil-em-salto\/\" \/>\n<meta property=\"og:site_name\" content=\"Revista Regional\" \/>\n<meta property=\"article:published_time\" content=\"2013-09-13T11:56:34+00:00\" \/>\n<meta property=\"article:modified_time\" content=\"2024-01-26T13:54:27+00:00\" \/>\n<meta property=\"og:image\" content=\"https:\/\/revistaregional.com.br\/site\/wp-content\/uploads\/2013\/09\/agenda-magico-4.jpg\" \/>\n\t<meta property=\"og:image:width\" content=\"640\" \/>\n\t<meta property=\"og:image:height\" content=\"426\" \/>\n\t<meta property=\"og:image:type\" content=\"image\/jpeg\" \/>\n<meta name=\"author\" content=\"contato@revistaregional.com.br\" \/>\n<meta name=\"twitter:card\" content=\"summary_large_image\" \/>\n<meta name=\"twitter:label1\" content=\"Escrito por\" \/>\n\t<meta name=\"twitter:data1\" content=\"contato@revistaregional.com.br\" \/>\n\t<meta name=\"twitter:label2\" content=\"Est. tempo de leitura\" \/>\n\t<meta name=\"twitter:data2\" content=\"1 minuto\" \/>\n<script type=\"application\/ld+json\" class=\"yoast-schema-graph\">{\"@context\":\"https:\\\/\\\/schema.org\",\"@graph\":[{\"@type\":\"Article\",\"@id\":\"https:\\\/\\\/revistaregional.com.br\\\/site\\\/2013\\\/09\\\/13\\\/o-maior-ilusionista-do-brasil-em-salto\\\/#article\",\"isPartOf\":{\"@id\":\"https:\\\/\\\/revistaregional.com.br\\\/site\\\/2013\\\/09\\\/13\\\/o-maior-ilusionista-do-brasil-em-salto\\\/\"},\"author\":{\"name\":\"contato@revistaregional.com.br\",\"@id\":\"https:\\\/\\\/revistaregional.com.br\\\/site\\\/#\\\/schema\\\/person\\\/382af97c580dc1b18f55107bc316010d\"},\"headline\":\"O maior ilusionista do Brasil em Salto\",\"datePublished\":\"2013-09-13T11:56:34+00:00\",\"dateModified\":\"2024-01-26T13:54:27+00:00\",\"mainEntityOfPage\":{\"@id\":\"https:\\\/\\\/revistaregional.com.br\\\/site\\\/2013\\\/09\\\/13\\\/o-maior-ilusionista-do-brasil-em-salto\\\/\"},\"wordCount\":269,\"commentCount\":0,\"image\":{\"@id\":\"https:\\\/\\\/revistaregional.com.br\\\/site\\\/2013\\\/09\\\/13\\\/o-maior-ilusionista-do-brasil-em-salto\\\/#primaryimage\"},\"thumbnailUrl\":\"https:\\\/\\\/revistaregional.com.br\\\/site\\\/wp-content\\\/uploads\\\/2013\\\/09\\\/agenda-magico-4.jpg\",\"keywords\":[\"Cultura\"],\"articleSection\":[\"Cultura\"],\"inLanguage\":\"pt-BR\",\"potentialAction\":[{\"@type\":\"CommentAction\",\"name\":\"Comment\",\"target\":[\"https:\\\/\\\/revistaregional.com.br\\\/site\\\/2013\\\/09\\\/13\\\/o-maior-ilusionista-do-brasil-em-salto\\\/#respond\"]}]},{\"@type\":\"WebPage\",\"@id\":\"https:\\\/\\\/revistaregional.com.br\\\/site\\\/2013\\\/09\\\/13\\\/o-maior-ilusionista-do-brasil-em-salto\\\/\",\"url\":\"https:\\\/\\\/revistaregional.com.br\\\/site\\\/2013\\\/09\\\/13\\\/o-maior-ilusionista-do-brasil-em-salto\\\/\",\"name\":\"O maior ilusionista do Brasil em Salto - Revista Regional\",\"isPartOf\":{\"@id\":\"https:\\\/\\\/revistaregional.com.br\\\/site\\\/#website\"},\"primaryImageOfPage\":{\"@id\":\"https:\\\/\\\/revistaregional.com.br\\\/site\\\/2013\\\/09\\\/13\\\/o-maior-ilusionista-do-brasil-em-salto\\\/#primaryimage\"},\"image\":{\"@id\":\"https:\\\/\\\/revistaregional.com.br\\\/site\\\/2013\\\/09\\\/13\\\/o-maior-ilusionista-do-brasil-em-salto\\\/#primaryimage\"},\"thumbnailUrl\":\"https:\\\/\\\/revistaregional.com.br\\\/site\\\/wp-content\\\/uploads\\\/2013\\\/09\\\/agenda-magico-4.jpg\",\"datePublished\":\"2013-09-13T11:56:34+00:00\",\"dateModified\":\"2024-01-26T13:54:27+00:00\",\"author\":{\"@id\":\"https:\\\/\\\/revistaregional.com.br\\\/site\\\/#\\\/schema\\\/person\\\/382af97c580dc1b18f55107bc316010d\"},\"breadcrumb\":{\"@id\":\"https:\\\/\\\/revistaregional.com.br\\\/site\\\/2013\\\/09\\\/13\\\/o-maior-ilusionista-do-brasil-em-salto\\\/#breadcrumb\"},\"inLanguage\":\"pt-BR\",\"potentialAction\":[{\"@type\":\"ReadAction\",\"target\":[\"https:\\\/\\\/revistaregional.com.br\\\/site\\\/2013\\\/09\\\/13\\\/o-maior-ilusionista-do-brasil-em-salto\\\/\"]}]},{\"@type\":\"ImageObject\",\"inLanguage\":\"pt-BR\",\"@id\":\"https:\\\/\\\/revistaregional.com.br\\\/site\\\/2013\\\/09\\\/13\\\/o-maior-ilusionista-do-brasil-em-salto\\\/#primaryimage\",\"url\":\"https:\\\/\\\/revistaregional.com.br\\\/site\\\/wp-content\\\/uploads\\\/2013\\\/09\\\/agenda-magico-4.jpg\",\"contentUrl\":\"https:\\\/\\\/revistaregional.com.br\\\/site\\\/wp-content\\\/uploads\\\/2013\\\/09\\\/agenda-magico-4.jpg\",\"width\":\"640\",\"height\":\"426\",\"caption\":\"Issao durante o espet\u00e1culo\"},{\"@type\":\"BreadcrumbList\",\"@id\":\"https:\\\/\\\/revistaregional.com.br\\\/site\\\/2013\\\/09\\\/13\\\/o-maior-ilusionista-do-brasil-em-salto\\\/#breadcrumb\",\"itemListElement\":[{\"@type\":\"ListItem\",\"position\":1,\"name\":\"In\u00edcio\",\"item\":\"https:\\\/\\\/revistaregional.com.br\\\/site\\\/\"},{\"@type\":\"ListItem\",\"position\":2,\"name\":\"O maior ilusionista do Brasil em Salto\"}]},{\"@type\":\"WebSite\",\"@id\":\"https:\\\/\\\/revistaregional.com.br\\\/site\\\/#website\",\"url\":\"https:\\\/\\\/revistaregional.com.br\\\/site\\\/\",\"name\":\"Revista Regional\",\"description\":\"Salto - Itu - Indaituba\",\"potentialAction\":[{\"@type\":\"SearchAction\",\"target\":{\"@type\":\"EntryPoint\",\"urlTemplate\":\"https:\\\/\\\/revistaregional.com.br\\\/site\\\/?s={search_term_string}\"},\"query-input\":{\"@type\":\"PropertyValueSpecification\",\"valueRequired\":true,\"valueName\":\"search_term_string\"}}],\"inLanguage\":\"pt-BR\"},{\"@type\":\"Person\",\"@id\":\"https:\\\/\\\/revistaregional.com.br\\\/site\\\/#\\\/schema\\\/person\\\/382af97c580dc1b18f55107bc316010d\",\"name\":\"contato@revistaregional.com.br\",\"image\":{\"@type\":\"ImageObject\",\"inLanguage\":\"pt-BR\",\"@id\":\"https:\\\/\\\/secure.gravatar.com\\\/avatar\\\/869822917e96b2e292d5827e4635855396934485e7c4a0af84e9a214e32ca0cd?s=96&d=mm&r=g\",\"url\":\"https:\\\/\\\/secure.gravatar.com\\\/avatar\\\/869822917e96b2e292d5827e4635855396934485e7c4a0af84e9a214e32ca0cd?s=96&d=mm&r=g\",\"contentUrl\":\"https:\\\/\\\/secure.gravatar.com\\\/avatar\\\/869822917e96b2e292d5827e4635855396934485e7c4a0af84e9a214e32ca0cd?s=96&d=mm&r=g\",\"caption\":\"contato@revistaregional.com.br\"},\"url\":\"https:\\\/\\\/revistaregional.com.br\\\/site\\\/author\\\/contato@revistaregional.com.br\\\/\"}]}<\/script>\n<!-- \/ Yoast SEO plugin. -->","yoast_head_json":{"title":"O maior ilusionista do Brasil em Salto - Revista Regional","robots":{"index":"index","follow":"follow","max-snippet":"max-snippet:-1","max-image-preview":"max-image-preview:large","max-video-preview":"max-video-preview:-1"},"canonical":"https:\/\/revistaregional.com.br\/site\/2013\/09\/13\/o-maior-ilusionista-do-brasil-em-salto\/","og_locale":"pt_BR","og_type":"article","og_title":"O maior ilusionista do Brasil em Salto - Revista Regional","og_description":"A Arjowiggins traz para Salto o ilusionista Issao Imamura, um dos maiores do mundo e precursor da arte no Brasil, para apresentar o espet\u00e1culo \u201cO Ilusionista\u201d na Sala Palma de Ouro do Centro de Educa\u00e7\u00e3o e Cultura Anselmo Duarte (CEC) no dia 14 de setembro, s\u00e1bado, \u00e0s 20h. No dia 15, domingo, o ilusionista far\u00e1 [&hellip;]","og_url":"https:\/\/revistaregional.com.br\/site\/2013\/09\/13\/o-maior-ilusionista-do-brasil-em-salto\/","og_site_name":"Revista Regional","article_published_time":"2013-09-13T11:56:34+00:00","article_modified_time":"2024-01-26T13:54:27+00:00","og_image":[{"width":640,"height":426,"url":"https:\/\/revistaregional.com.br\/site\/wp-content\/uploads\/2013\/09\/agenda-magico-4.jpg","type":"image\/jpeg"}],"author":"contato@revistaregional.com.br","twitter_card":"summary_large_image","twitter_misc":{"Escrito por":"contato@revistaregional.com.br","Est. tempo de leitura":"1 minuto"},"schema":{"@context":"https:\/\/schema.org","@graph":[{"@type":"Article","@id":"https:\/\/revistaregional.com.br\/site\/2013\/09\/13\/o-maior-ilusionista-do-brasil-em-salto\/#article","isPartOf":{"@id":"https:\/\/revistaregional.com.br\/site\/2013\/09\/13\/o-maior-ilusionista-do-brasil-em-salto\/"},"author":{"name":"contato@revistaregional.com.br","@id":"https:\/\/revistaregional.com.br\/site\/#\/schema\/person\/382af97c580dc1b18f55107bc316010d"},"headline":"O maior ilusionista do Brasil em Salto","datePublished":"2013-09-13T11:56:34+00:00","dateModified":"2024-01-26T13:54:27+00:00","mainEntityOfPage":{"@id":"https:\/\/revistaregional.com.br\/site\/2013\/09\/13\/o-maior-ilusionista-do-brasil-em-salto\/"},"wordCount":269,"commentCount":0,"image":{"@id":"https:\/\/revistaregional.com.br\/site\/2013\/09\/13\/o-maior-ilusionista-do-brasil-em-salto\/#primaryimage"},"thumbnailUrl":"https:\/\/revistaregional.com.br\/site\/wp-content\/uploads\/2013\/09\/agenda-magico-4.jpg","keywords":["Cultura"],"articleSection":["Cultura"],"inLanguage":"pt-BR","potentialAction":[{"@type":"CommentAction","name":"Comment","target":["https:\/\/revistaregional.com.br\/site\/2013\/09\/13\/o-maior-ilusionista-do-brasil-em-salto\/#respond"]}]},{"@type":"WebPage","@id":"https:\/\/revistaregional.com.br\/site\/2013\/09\/13\/o-maior-ilusionista-do-brasil-em-salto\/","url":"https:\/\/revistaregional.com.br\/site\/2013\/09\/13\/o-maior-ilusionista-do-brasil-em-salto\/","name":"O maior ilusionista do Brasil em Salto - Revista Regional","isPartOf":{"@id":"https:\/\/revistaregional.com.br\/site\/#website"},"primaryImageOfPage":{"@id":"https:\/\/revistaregional.com.br\/site\/2013\/09\/13\/o-maior-ilusionista-do-brasil-em-salto\/#primaryimage"},"image":{"@id":"https:\/\/revistaregional.com.br\/site\/2013\/09\/13\/o-maior-ilusionista-do-brasil-em-salto\/#primaryimage"},"thumbnailUrl":"https:\/\/revistaregional.com.br\/site\/wp-content\/uploads\/2013\/09\/agenda-magico-4.jpg","datePublished":"2013-09-13T11:56:34+00:00","dateModified":"2024-01-26T13:54:27+00:00","author":{"@id":"https:\/\/revistaregional.com.br\/site\/#\/schema\/person\/382af97c580dc1b18f55107bc316010d"},"breadcrumb":{"@id":"https:\/\/revistaregional.com.br\/site\/2013\/09\/13\/o-maior-ilusionista-do-brasil-em-salto\/#breadcrumb"},"inLanguage":"pt-BR","potentialAction":[{"@type":"ReadAction","target":["https:\/\/revistaregional.com.br\/site\/2013\/09\/13\/o-maior-ilusionista-do-brasil-em-salto\/"]}]},{"@type":"ImageObject","inLanguage":"pt-BR","@id":"https:\/\/revistaregional.com.br\/site\/2013\/09\/13\/o-maior-ilusionista-do-brasil-em-salto\/#primaryimage","url":"https:\/\/revistaregional.com.br\/site\/wp-content\/uploads\/2013\/09\/agenda-magico-4.jpg","contentUrl":"https:\/\/revistaregional.com.br\/site\/wp-content\/uploads\/2013\/09\/agenda-magico-4.jpg","width":"640","height":"426","caption":"Issao durante o espet\u00e1culo"},{"@type":"BreadcrumbList","@id":"https:\/\/revistaregional.com.br\/site\/2013\/09\/13\/o-maior-ilusionista-do-brasil-em-salto\/#breadcrumb","itemListElement":[{"@type":"ListItem","position":1,"name":"In\u00edcio","item":"https:\/\/revistaregional.com.br\/site\/"},{"@type":"ListItem","position":2,"name":"O maior ilusionista do Brasil em Salto"}]},{"@type":"WebSite","@id":"https:\/\/revistaregional.com.br\/site\/#website","url":"https:\/\/revistaregional.com.br\/site\/","name":"Revista Regional","description":"Salto - Itu - Indaituba","potentialAction":[{"@type":"SearchAction","target":{"@type":"EntryPoint","urlTemplate":"https:\/\/revistaregional.com.br\/site\/?s={search_term_string}"},"query-input":{"@type":"PropertyValueSpecification","valueRequired":true,"valueName":"search_term_string"}}],"inLanguage":"pt-BR"},{"@type":"Person","@id":"https:\/\/revistaregional.com.br\/site\/#\/schema\/person\/382af97c580dc1b18f55107bc316010d","name":"contato@revistaregional.com.br","image":{"@type":"ImageObject","inLanguage":"pt-BR","@id":"https:\/\/secure.gravatar.com\/avatar\/869822917e96b2e292d5827e4635855396934485e7c4a0af84e9a214e32ca0cd?s=96&d=mm&r=g","url":"https:\/\/secure.gravatar.com\/avatar\/869822917e96b2e292d5827e4635855396934485e7c4a0af84e9a214e32ca0cd?s=96&d=mm&r=g","contentUrl":"https:\/\/secure.gravatar.com\/avatar\/869822917e96b2e292d5827e4635855396934485e7c4a0af84e9a214e32ca0cd?s=96&d=mm&r=g","caption":"contato@revistaregional.com.br"},"url":"https:\/\/revistaregional.com.br\/site\/author\/contato@revistaregional.com.br\/"}]}},"views":167,"_links":{"self":[{"href":"https:\/\/revistaregional.com.br\/site\/wp-json\/wp\/v2\/posts\/5209","targetHints":{"allow":["GET"]}}],"collection":[{"href":"https:\/\/revistaregional.com.br\/site\/wp-json\/wp\/v2\/posts"}],"about":[{"href":"https:\/\/revistaregional.com.br\/site\/wp-json\/wp\/v2\/types\/post"}],"author":[{"embeddable":true,"href":"https:\/\/revistaregional.com.br\/site\/wp-json\/wp\/v2\/users\/1"}],"replies":[{"embeddable":true,"href":"https:\/\/revistaregional.com.br\/site\/wp-json\/wp\/v2\/comments?post=5209"}],"version-history":[{"count":3,"href":"https:\/\/revistaregional.com.br\/site\/wp-json\/wp\/v2\/posts\/5209\/revisions"}],"predecessor-version":[{"id":32419,"href":"https:\/\/revistaregional.com.br\/site\/wp-json\/wp\/v2\/posts\/5209\/revisions\/32419"}],"wp:featuredmedia":[{"embeddable":true,"href":"https:\/\/revistaregional.com.br\/site\/wp-json\/wp\/v2\/media\/5210"}],"wp:attachment":[{"href":"https:\/\/revistaregional.com.br\/site\/wp-json\/wp\/v2\/media?parent=5209"}],"wp:term":[{"taxonomy":"category","embeddable":true,"href":"https:\/\/revistaregional.com.br\/site\/wp-json\/wp\/v2\/categories?post=5209"},{"taxonomy":"post_tag","embeddable":true,"href":"https:\/\/revistaregional.com.br\/site\/wp-json\/wp\/v2\/tags?post=5209"}],"curies":[{"name":"wp","href":"https:\/\/api.w.org\/{rel}","templated":true}]}}