{"id":5137,"date":"2013-08-12T15:38:51","date_gmt":"2013-08-12T18:38:51","guid":{"rendered":"http:\/\/revistaregional.com.br\/site\/?p=5137"},"modified":"2024-01-26T10:54:29","modified_gmt":"2024-01-26T13:54:29","slug":"no-exit-sera-apresentada-em-campinas","status":"publish","type":"post","link":"https:\/\/revistaregional.com.br\/site\/2013\/08\/12\/no-exit-sera-apresentada-em-campinas\/","title":{"rendered":"\u2018No Exit\u2019 ser\u00e1 apresentada em Campinas"},"content":{"rendered":"<figure id=\"attachment_5138\" aria-describedby=\"caption-attachment-5138\" style=\"width: 384px\" class=\"wp-caption aligncenter\"><a href=\"http:\/\/revistaregional.com.br\/site\/wp-content\/uploads\/2013\/08\/IMG_0934-2.jpg\" rel=\"attachment wp-att-5138\"><img fetchpriority=\"high\" decoding=\"async\" class=\" wp-image-5138 \" src=\"http:\/\/revistaregional.com.br\/site\/wp-content\/uploads\/2013\/08\/IMG_0934-2.jpg\" alt=\"\" width=\"384\" height=\"256\" srcset=\"https:\/\/revistaregional.com.br\/site\/wp-content\/uploads\/2013\/08\/IMG_0934-2.jpg 640w, https:\/\/revistaregional.com.br\/site\/wp-content\/uploads\/2013\/08\/IMG_0934-2-300x200.jpg 300w\" sizes=\"(max-width: 384px) 100vw, 384px\" \/><\/a><figcaption id=\"caption-attachment-5138\" class=\"wp-caption-text\">Cena da montagem de \u201cNo Exit\u201d com dire\u00e7\u00e3o de Caco Ciocler<\/figcaption><\/figure>\n<p>Conhecido em todo mundo pela frase \u201co inferno s\u00e3o os outros\u201d, o texto de Jean Paul Sartre <em>HuisClos<\/em>, de 1944, ganha nova vers\u00e3o teatral. Com dire\u00e7\u00e3o de Caco Ciocler, \u201cNo Exit<em>\u2013 Entre Quatro Paredes\u201d<\/em> ser\u00e1 apresentada de 16 a 18 de agosto no Teatro Liceu de Campinas. A montagem \u2013 com os atores Chris Couto, Sabrina Greve, Jos\u00e9 Geraldo Junior e Ando Camargo \u2013 \u00e9 uma parceria do diretor e atorcom a Gelatina Cultural, do produtor Ricardo Grasson e com a produtora Maria Bet\u00e2nia Oliveira.<\/p>\n<p>\u201cNo Exit\u201d conta a hist\u00f3ria de tr\u00eas indiv\u00edduos que s\u00e3o condenados a conviver juntos no inferno: Garcin (Jos\u00e9 Geraldo Junior) \u00e9 um homem letrado, com pretens\u00f5es heroicas, mas covarde. Seu maior tormento \u00e9 ter desvendada sua condi\u00e7\u00e3o de covardia, que n\u00e3o pode ser mudada. Estelle (Sabrina Greve) \u00e9 uma f\u00fatil burguesa que ascendeu socialmente atrav\u00e9s do casamento, mas em nome de seu conforto, assassinou o pr\u00f3prio filho. Tenta redimir-se atribuindo sua culpa ao destino. In\u00eas (Chris Couto) \u00e9 uma funcion\u00e1ria dos Correios. Seduziu a mulher de um amigo provocando um verdadeiro desastre na vida dos tr\u00eas, mas admite suas culpas sem delegar responsabilidades. Ela acha que compreende os motivos de estar no inferno, pois se julga s\u00e1dica e acredita que o \u00f3dio a alimenta. Um quarto personagem, o Criado (Ando Camargo) \u00e9 o funcion\u00e1rio do inferno respons\u00e1vel por trazer cada um dos indiv\u00edduos \u00e0 sala.<\/p>\n<p>Terceira incurs\u00e3o de Caco Ciocler na dire\u00e7\u00e3o, \u201cNo Exit\u201d v<em>em sendo constantemente revisitado e montado mundo afora<\/em>. Para o diretor, a pe\u00e7a revela, a cada ensaio, quest\u00f5es cada vez mais atuais. \u201cSartre colocou esses personagens juntos no inferno n\u00e3o apenas para pagarem por seus crimes e enxergarem-se atrav\u00e9s do olhar do \u2018outro\u2019. Num n\u00edvel mais profundo, foi para descobrirem que a aus\u00eancia do \u2018outro\u2019 como espelho, como retorno de nossas pr\u00f3prias afirma\u00e7\u00f5es, \u00e9 que \u00e9 o verdadeiro inferno. E \u00e9 nesse contexto que a a\u00e7\u00e3o da pe\u00e7a acontece\u201d, diz.<\/p>\n<p><strong>MAIS:<\/strong><\/p>\n<p>Local:\u00a0\u00a0Teatro Liceu Campinas &#8211;\u00a0\u00a0R.\u00a0Bar\u00e3o Geraldo de Rezende, 330 \u2013 Guanabara, em Campinas.<\/p>\n<p>Datas:\u00a0\u00a016, 17 e 18 de agosto<br \/>\nHor\u00e1rios:\u00a0 Sexta e S\u00e1bado &#8211; 21h e domingo &#8211; 19h<br \/>\nEntrada:\u00a0\u00a0R $ 60,00 e R $ 30 (meia)<br \/>\nVenda de ingressos\u00a0: Pelo\u00a0<a href=\"http:\/\/www.ingressorapido.com.br\/\">www.ingressorapido.com.br<\/a>\u00a0fone: 4003-1212 ou na\u00a0\u00a0bilheteria do Teatro .<\/p>\n<p><em>Foto: Divulga\u00e7\u00e3o<\/em><\/p>\n","protected":false},"excerpt":{"rendered":"<p>Conhecido em todo mundo pela frase \u201co inferno s\u00e3o os outros\u201d, o texto de Jean Paul Sartre HuisClos, de 1944, ganha nova vers\u00e3o teatral. Com dire\u00e7\u00e3o de Caco Ciocler, \u201cNo Exit\u2013 Entre Quatro Paredes\u201d ser\u00e1 apresentada de 16 a 18 de agosto no Teatro Liceu de Campinas. A montagem \u2013 com os atores Chris Couto, [&hellip;]<\/p>\n","protected":false},"author":1,"featured_media":5138,"comment_status":"open","ping_status":"open","sticky":false,"template":"","format":"standard","meta":{"_acf_changed":false,"ngg_post_thumbnail":0,"_joinchat":[],"footnotes":""},"categories":[4],"tags":[533],"class_list":["post-5137","post","type-post","status-publish","format-standard","has-post-thumbnail","hentry","category-cultura","tag-cultura"],"acf":[],"yoast_head":"<!-- This site is optimized with the Yoast SEO plugin v27.4 - https:\/\/yoast.com\/product\/yoast-seo-wordpress\/ -->\n<title>\u2018No Exit\u2019 ser\u00e1 apresentada em Campinas - Revista Regional<\/title>\n<meta name=\"robots\" content=\"index, follow, max-snippet:-1, max-image-preview:large, max-video-preview:-1\" \/>\n<link rel=\"canonical\" href=\"https:\/\/revistaregional.com.br\/site\/2013\/08\/12\/no-exit-sera-apresentada-em-campinas\/\" \/>\n<meta property=\"og:locale\" content=\"pt_BR\" \/>\n<meta property=\"og:type\" content=\"article\" \/>\n<meta property=\"og:title\" content=\"\u2018No Exit\u2019 ser\u00e1 apresentada em Campinas - Revista Regional\" \/>\n<meta property=\"og:description\" content=\"Conhecido em todo mundo pela frase \u201co inferno s\u00e3o os outros\u201d, o texto de Jean Paul Sartre HuisClos, de 1944, ganha nova vers\u00e3o teatral. Com dire\u00e7\u00e3o de Caco Ciocler, \u201cNo Exit\u2013 Entre Quatro Paredes\u201d ser\u00e1 apresentada de 16 a 18 de agosto no Teatro Liceu de Campinas. A montagem \u2013 com os atores Chris Couto, [&hellip;]\" \/>\n<meta property=\"og:url\" content=\"https:\/\/revistaregional.com.br\/site\/2013\/08\/12\/no-exit-sera-apresentada-em-campinas\/\" \/>\n<meta property=\"og:site_name\" content=\"Revista Regional\" \/>\n<meta property=\"article:published_time\" content=\"2013-08-12T18:38:51+00:00\" \/>\n<meta property=\"article:modified_time\" content=\"2024-01-26T13:54:29+00:00\" \/>\n<meta property=\"og:image\" content=\"https:\/\/revistaregional.com.br\/site\/wp-content\/uploads\/2013\/08\/IMG_0934-2.jpg\" \/>\n\t<meta property=\"og:image:width\" content=\"640\" \/>\n\t<meta property=\"og:image:height\" content=\"427\" \/>\n\t<meta property=\"og:image:type\" content=\"image\/jpeg\" \/>\n<meta name=\"author\" content=\"contato@revistaregional.com.br\" \/>\n<meta name=\"twitter:card\" content=\"summary_large_image\" \/>\n<meta name=\"twitter:label1\" content=\"Escrito por\" \/>\n\t<meta name=\"twitter:data1\" content=\"contato@revistaregional.com.br\" \/>\n\t<meta name=\"twitter:label2\" content=\"Est. tempo de leitura\" \/>\n\t<meta name=\"twitter:data2\" content=\"2 minutos\" \/>\n<script type=\"application\/ld+json\" class=\"yoast-schema-graph\">{\"@context\":\"https:\\\/\\\/schema.org\",\"@graph\":[{\"@type\":\"Article\",\"@id\":\"https:\\\/\\\/revistaregional.com.br\\\/site\\\/2013\\\/08\\\/12\\\/no-exit-sera-apresentada-em-campinas\\\/#article\",\"isPartOf\":{\"@id\":\"https:\\\/\\\/revistaregional.com.br\\\/site\\\/2013\\\/08\\\/12\\\/no-exit-sera-apresentada-em-campinas\\\/\"},\"author\":{\"name\":\"contato@revistaregional.com.br\",\"@id\":\"https:\\\/\\\/revistaregional.com.br\\\/site\\\/#\\\/schema\\\/person\\\/382af97c580dc1b18f55107bc316010d\"},\"headline\":\"\u2018No Exit\u2019 ser\u00e1 apresentada em Campinas\",\"datePublished\":\"2013-08-12T18:38:51+00:00\",\"dateModified\":\"2024-01-26T13:54:29+00:00\",\"mainEntityOfPage\":{\"@id\":\"https:\\\/\\\/revistaregional.com.br\\\/site\\\/2013\\\/08\\\/12\\\/no-exit-sera-apresentada-em-campinas\\\/\"},\"wordCount\":416,\"commentCount\":0,\"image\":{\"@id\":\"https:\\\/\\\/revistaregional.com.br\\\/site\\\/2013\\\/08\\\/12\\\/no-exit-sera-apresentada-em-campinas\\\/#primaryimage\"},\"thumbnailUrl\":\"https:\\\/\\\/revistaregional.com.br\\\/site\\\/wp-content\\\/uploads\\\/2013\\\/08\\\/IMG_0934-2.jpg\",\"keywords\":[\"Cultura\"],\"articleSection\":[\"Cultura\"],\"inLanguage\":\"pt-BR\",\"potentialAction\":[{\"@type\":\"CommentAction\",\"name\":\"Comment\",\"target\":[\"https:\\\/\\\/revistaregional.com.br\\\/site\\\/2013\\\/08\\\/12\\\/no-exit-sera-apresentada-em-campinas\\\/#respond\"]}]},{\"@type\":\"WebPage\",\"@id\":\"https:\\\/\\\/revistaregional.com.br\\\/site\\\/2013\\\/08\\\/12\\\/no-exit-sera-apresentada-em-campinas\\\/\",\"url\":\"https:\\\/\\\/revistaregional.com.br\\\/site\\\/2013\\\/08\\\/12\\\/no-exit-sera-apresentada-em-campinas\\\/\",\"name\":\"\u2018No Exit\u2019 ser\u00e1 apresentada em Campinas - Revista Regional\",\"isPartOf\":{\"@id\":\"https:\\\/\\\/revistaregional.com.br\\\/site\\\/#website\"},\"primaryImageOfPage\":{\"@id\":\"https:\\\/\\\/revistaregional.com.br\\\/site\\\/2013\\\/08\\\/12\\\/no-exit-sera-apresentada-em-campinas\\\/#primaryimage\"},\"image\":{\"@id\":\"https:\\\/\\\/revistaregional.com.br\\\/site\\\/2013\\\/08\\\/12\\\/no-exit-sera-apresentada-em-campinas\\\/#primaryimage\"},\"thumbnailUrl\":\"https:\\\/\\\/revistaregional.com.br\\\/site\\\/wp-content\\\/uploads\\\/2013\\\/08\\\/IMG_0934-2.jpg\",\"datePublished\":\"2013-08-12T18:38:51+00:00\",\"dateModified\":\"2024-01-26T13:54:29+00:00\",\"author\":{\"@id\":\"https:\\\/\\\/revistaregional.com.br\\\/site\\\/#\\\/schema\\\/person\\\/382af97c580dc1b18f55107bc316010d\"},\"breadcrumb\":{\"@id\":\"https:\\\/\\\/revistaregional.com.br\\\/site\\\/2013\\\/08\\\/12\\\/no-exit-sera-apresentada-em-campinas\\\/#breadcrumb\"},\"inLanguage\":\"pt-BR\",\"potentialAction\":[{\"@type\":\"ReadAction\",\"target\":[\"https:\\\/\\\/revistaregional.com.br\\\/site\\\/2013\\\/08\\\/12\\\/no-exit-sera-apresentada-em-campinas\\\/\"]}]},{\"@type\":\"ImageObject\",\"inLanguage\":\"pt-BR\",\"@id\":\"https:\\\/\\\/revistaregional.com.br\\\/site\\\/2013\\\/08\\\/12\\\/no-exit-sera-apresentada-em-campinas\\\/#primaryimage\",\"url\":\"https:\\\/\\\/revistaregional.com.br\\\/site\\\/wp-content\\\/uploads\\\/2013\\\/08\\\/IMG_0934-2.jpg\",\"contentUrl\":\"https:\\\/\\\/revistaregional.com.br\\\/site\\\/wp-content\\\/uploads\\\/2013\\\/08\\\/IMG_0934-2.jpg\",\"width\":\"640\",\"height\":\"427\",\"caption\":\"Cena da montagem de \u201cNo Exit\u201d com dire\u00e7\u00e3o de Caco Ciocler\"},{\"@type\":\"BreadcrumbList\",\"@id\":\"https:\\\/\\\/revistaregional.com.br\\\/site\\\/2013\\\/08\\\/12\\\/no-exit-sera-apresentada-em-campinas\\\/#breadcrumb\",\"itemListElement\":[{\"@type\":\"ListItem\",\"position\":1,\"name\":\"In\u00edcio\",\"item\":\"https:\\\/\\\/revistaregional.com.br\\\/site\\\/\"},{\"@type\":\"ListItem\",\"position\":2,\"name\":\"\u2018No Exit\u2019 ser\u00e1 apresentada em Campinas\"}]},{\"@type\":\"WebSite\",\"@id\":\"https:\\\/\\\/revistaregional.com.br\\\/site\\\/#website\",\"url\":\"https:\\\/\\\/revistaregional.com.br\\\/site\\\/\",\"name\":\"Revista Regional\",\"description\":\"Salto - Itu - Indaituba\",\"potentialAction\":[{\"@type\":\"SearchAction\",\"target\":{\"@type\":\"EntryPoint\",\"urlTemplate\":\"https:\\\/\\\/revistaregional.com.br\\\/site\\\/?s={search_term_string}\"},\"query-input\":{\"@type\":\"PropertyValueSpecification\",\"valueRequired\":true,\"valueName\":\"search_term_string\"}}],\"inLanguage\":\"pt-BR\"},{\"@type\":\"Person\",\"@id\":\"https:\\\/\\\/revistaregional.com.br\\\/site\\\/#\\\/schema\\\/person\\\/382af97c580dc1b18f55107bc316010d\",\"name\":\"contato@revistaregional.com.br\",\"image\":{\"@type\":\"ImageObject\",\"inLanguage\":\"pt-BR\",\"@id\":\"https:\\\/\\\/secure.gravatar.com\\\/avatar\\\/869822917e96b2e292d5827e4635855396934485e7c4a0af84e9a214e32ca0cd?s=96&d=mm&r=g\",\"url\":\"https:\\\/\\\/secure.gravatar.com\\\/avatar\\\/869822917e96b2e292d5827e4635855396934485e7c4a0af84e9a214e32ca0cd?s=96&d=mm&r=g\",\"contentUrl\":\"https:\\\/\\\/secure.gravatar.com\\\/avatar\\\/869822917e96b2e292d5827e4635855396934485e7c4a0af84e9a214e32ca0cd?s=96&d=mm&r=g\",\"caption\":\"contato@revistaregional.com.br\"},\"url\":\"https:\\\/\\\/revistaregional.com.br\\\/site\\\/author\\\/contato@revistaregional.com.br\\\/\"}]}<\/script>\n<!-- \/ Yoast SEO plugin. -->","yoast_head_json":{"title":"\u2018No Exit\u2019 ser\u00e1 apresentada em Campinas - Revista Regional","robots":{"index":"index","follow":"follow","max-snippet":"max-snippet:-1","max-image-preview":"max-image-preview:large","max-video-preview":"max-video-preview:-1"},"canonical":"https:\/\/revistaregional.com.br\/site\/2013\/08\/12\/no-exit-sera-apresentada-em-campinas\/","og_locale":"pt_BR","og_type":"article","og_title":"\u2018No Exit\u2019 ser\u00e1 apresentada em Campinas - Revista Regional","og_description":"Conhecido em todo mundo pela frase \u201co inferno s\u00e3o os outros\u201d, o texto de Jean Paul Sartre HuisClos, de 1944, ganha nova vers\u00e3o teatral. Com dire\u00e7\u00e3o de Caco Ciocler, \u201cNo Exit\u2013 Entre Quatro Paredes\u201d ser\u00e1 apresentada de 16 a 18 de agosto no Teatro Liceu de Campinas. A montagem \u2013 com os atores Chris Couto, [&hellip;]","og_url":"https:\/\/revistaregional.com.br\/site\/2013\/08\/12\/no-exit-sera-apresentada-em-campinas\/","og_site_name":"Revista Regional","article_published_time":"2013-08-12T18:38:51+00:00","article_modified_time":"2024-01-26T13:54:29+00:00","og_image":[{"width":640,"height":427,"url":"https:\/\/revistaregional.com.br\/site\/wp-content\/uploads\/2013\/08\/IMG_0934-2.jpg","type":"image\/jpeg"}],"author":"contato@revistaregional.com.br","twitter_card":"summary_large_image","twitter_misc":{"Escrito por":"contato@revistaregional.com.br","Est. tempo de leitura":"2 minutos"},"schema":{"@context":"https:\/\/schema.org","@graph":[{"@type":"Article","@id":"https:\/\/revistaregional.com.br\/site\/2013\/08\/12\/no-exit-sera-apresentada-em-campinas\/#article","isPartOf":{"@id":"https:\/\/revistaregional.com.br\/site\/2013\/08\/12\/no-exit-sera-apresentada-em-campinas\/"},"author":{"name":"contato@revistaregional.com.br","@id":"https:\/\/revistaregional.com.br\/site\/#\/schema\/person\/382af97c580dc1b18f55107bc316010d"},"headline":"\u2018No Exit\u2019 ser\u00e1 apresentada em Campinas","datePublished":"2013-08-12T18:38:51+00:00","dateModified":"2024-01-26T13:54:29+00:00","mainEntityOfPage":{"@id":"https:\/\/revistaregional.com.br\/site\/2013\/08\/12\/no-exit-sera-apresentada-em-campinas\/"},"wordCount":416,"commentCount":0,"image":{"@id":"https:\/\/revistaregional.com.br\/site\/2013\/08\/12\/no-exit-sera-apresentada-em-campinas\/#primaryimage"},"thumbnailUrl":"https:\/\/revistaregional.com.br\/site\/wp-content\/uploads\/2013\/08\/IMG_0934-2.jpg","keywords":["Cultura"],"articleSection":["Cultura"],"inLanguage":"pt-BR","potentialAction":[{"@type":"CommentAction","name":"Comment","target":["https:\/\/revistaregional.com.br\/site\/2013\/08\/12\/no-exit-sera-apresentada-em-campinas\/#respond"]}]},{"@type":"WebPage","@id":"https:\/\/revistaregional.com.br\/site\/2013\/08\/12\/no-exit-sera-apresentada-em-campinas\/","url":"https:\/\/revistaregional.com.br\/site\/2013\/08\/12\/no-exit-sera-apresentada-em-campinas\/","name":"\u2018No Exit\u2019 ser\u00e1 apresentada em Campinas - Revista Regional","isPartOf":{"@id":"https:\/\/revistaregional.com.br\/site\/#website"},"primaryImageOfPage":{"@id":"https:\/\/revistaregional.com.br\/site\/2013\/08\/12\/no-exit-sera-apresentada-em-campinas\/#primaryimage"},"image":{"@id":"https:\/\/revistaregional.com.br\/site\/2013\/08\/12\/no-exit-sera-apresentada-em-campinas\/#primaryimage"},"thumbnailUrl":"https:\/\/revistaregional.com.br\/site\/wp-content\/uploads\/2013\/08\/IMG_0934-2.jpg","datePublished":"2013-08-12T18:38:51+00:00","dateModified":"2024-01-26T13:54:29+00:00","author":{"@id":"https:\/\/revistaregional.com.br\/site\/#\/schema\/person\/382af97c580dc1b18f55107bc316010d"},"breadcrumb":{"@id":"https:\/\/revistaregional.com.br\/site\/2013\/08\/12\/no-exit-sera-apresentada-em-campinas\/#breadcrumb"},"inLanguage":"pt-BR","potentialAction":[{"@type":"ReadAction","target":["https:\/\/revistaregional.com.br\/site\/2013\/08\/12\/no-exit-sera-apresentada-em-campinas\/"]}]},{"@type":"ImageObject","inLanguage":"pt-BR","@id":"https:\/\/revistaregional.com.br\/site\/2013\/08\/12\/no-exit-sera-apresentada-em-campinas\/#primaryimage","url":"https:\/\/revistaregional.com.br\/site\/wp-content\/uploads\/2013\/08\/IMG_0934-2.jpg","contentUrl":"https:\/\/revistaregional.com.br\/site\/wp-content\/uploads\/2013\/08\/IMG_0934-2.jpg","width":"640","height":"427","caption":"Cena da montagem de \u201cNo Exit\u201d com dire\u00e7\u00e3o de Caco Ciocler"},{"@type":"BreadcrumbList","@id":"https:\/\/revistaregional.com.br\/site\/2013\/08\/12\/no-exit-sera-apresentada-em-campinas\/#breadcrumb","itemListElement":[{"@type":"ListItem","position":1,"name":"In\u00edcio","item":"https:\/\/revistaregional.com.br\/site\/"},{"@type":"ListItem","position":2,"name":"\u2018No Exit\u2019 ser\u00e1 apresentada em Campinas"}]},{"@type":"WebSite","@id":"https:\/\/revistaregional.com.br\/site\/#website","url":"https:\/\/revistaregional.com.br\/site\/","name":"Revista Regional","description":"Salto - Itu - Indaituba","potentialAction":[{"@type":"SearchAction","target":{"@type":"EntryPoint","urlTemplate":"https:\/\/revistaregional.com.br\/site\/?s={search_term_string}"},"query-input":{"@type":"PropertyValueSpecification","valueRequired":true,"valueName":"search_term_string"}}],"inLanguage":"pt-BR"},{"@type":"Person","@id":"https:\/\/revistaregional.com.br\/site\/#\/schema\/person\/382af97c580dc1b18f55107bc316010d","name":"contato@revistaregional.com.br","image":{"@type":"ImageObject","inLanguage":"pt-BR","@id":"https:\/\/secure.gravatar.com\/avatar\/869822917e96b2e292d5827e4635855396934485e7c4a0af84e9a214e32ca0cd?s=96&d=mm&r=g","url":"https:\/\/secure.gravatar.com\/avatar\/869822917e96b2e292d5827e4635855396934485e7c4a0af84e9a214e32ca0cd?s=96&d=mm&r=g","contentUrl":"https:\/\/secure.gravatar.com\/avatar\/869822917e96b2e292d5827e4635855396934485e7c4a0af84e9a214e32ca0cd?s=96&d=mm&r=g","caption":"contato@revistaregional.com.br"},"url":"https:\/\/revistaregional.com.br\/site\/author\/contato@revistaregional.com.br\/"}]}},"views":46,"_links":{"self":[{"href":"https:\/\/revistaregional.com.br\/site\/wp-json\/wp\/v2\/posts\/5137","targetHints":{"allow":["GET"]}}],"collection":[{"href":"https:\/\/revistaregional.com.br\/site\/wp-json\/wp\/v2\/posts"}],"about":[{"href":"https:\/\/revistaregional.com.br\/site\/wp-json\/wp\/v2\/types\/post"}],"author":[{"embeddable":true,"href":"https:\/\/revistaregional.com.br\/site\/wp-json\/wp\/v2\/users\/1"}],"replies":[{"embeddable":true,"href":"https:\/\/revistaregional.com.br\/site\/wp-json\/wp\/v2\/comments?post=5137"}],"version-history":[{"count":2,"href":"https:\/\/revistaregional.com.br\/site\/wp-json\/wp\/v2\/posts\/5137\/revisions"}],"predecessor-version":[{"id":5140,"href":"https:\/\/revistaregional.com.br\/site\/wp-json\/wp\/v2\/posts\/5137\/revisions\/5140"}],"wp:featuredmedia":[{"embeddable":true,"href":"https:\/\/revistaregional.com.br\/site\/wp-json\/wp\/v2\/media\/5138"}],"wp:attachment":[{"href":"https:\/\/revistaregional.com.br\/site\/wp-json\/wp\/v2\/media?parent=5137"}],"wp:term":[{"taxonomy":"category","embeddable":true,"href":"https:\/\/revistaregional.com.br\/site\/wp-json\/wp\/v2\/categories?post=5137"},{"taxonomy":"post_tag","embeddable":true,"href":"https:\/\/revistaregional.com.br\/site\/wp-json\/wp\/v2\/tags?post=5137"}],"curies":[{"name":"wp","href":"https:\/\/api.w.org\/{rel}","templated":true}]}}