{"id":5133,"date":"2013-08-12T14:38:51","date_gmt":"2013-08-12T17:38:51","guid":{"rendered":"http:\/\/revistaregional.com.br\/site\/?p=5133"},"modified":"2024-01-26T09:57:17","modified_gmt":"2024-01-26T12:57:17","slug":"plaza-promove-acao-focinho-amigo","status":"publish","type":"post","link":"https:\/\/revistaregional.com.br\/site\/2013\/08\/12\/plaza-promove-acao-focinho-amigo\/","title":{"rendered":"Plaza promove a\u00e7\u00e3o \u2018Focinho Amigo\u2019"},"content":{"rendered":"<figure id=\"attachment_5134\" aria-describedby=\"caption-attachment-5134\" style=\"width: 384px\" class=\"wp-caption aligncenter\"><a href=\"http:\/\/revistaregional.com.br\/site\/wp-content\/uploads\/2013\/08\/gente-do-bem-aspa-11.jpg\" rel=\"attachment wp-att-5134\"><img fetchpriority=\"high\" decoding=\"async\" class=\" wp-image-5134 \" src=\"http:\/\/revistaregional.com.br\/site\/wp-content\/uploads\/2013\/08\/gente-do-bem-aspa-11.jpg\" alt=\"\" width=\"384\" height=\"288\" srcset=\"https:\/\/revistaregional.com.br\/site\/wp-content\/uploads\/2013\/08\/gente-do-bem-aspa-11.jpg 640w, https:\/\/revistaregional.com.br\/site\/wp-content\/uploads\/2013\/08\/gente-do-bem-aspa-11-300x225.jpg 300w\" sizes=\"(max-width: 384px) 100vw, 384px\" \/><\/a><figcaption id=\"caption-attachment-5134\" class=\"wp-caption-text\">Os animais da entidade na maioria s\u00e3o v\u00edtimas de abandono e maus tratos<\/figcaption><\/figure>\n<p align=\"center\"><em>O objetivo \u00e9 estimular a doa\u00e7\u00e3o de ra\u00e7\u00e3o, que ser\u00e1 destinada \u00e0 Aspa (Associa\u00e7\u00e3o de Socorro e Prote\u00e7\u00e3o aos Animais de Itu)<\/em><\/p>\n<p>De 16 de agosto a 08 de setembro, o Plaza Shopping Itu realiza a a\u00e7\u00e3o social \u201cFocinho Amigo\u201d, que integra os projetos de Responsabilidade Social do centro de compras. O objetivo \u00e9 estimular a doa\u00e7\u00e3o de ra\u00e7\u00e3o, que ser\u00e1 destinada \u00e0 Aspa (Associa\u00e7\u00e3o de Socorro e Prote\u00e7\u00e3o aos Animais de Itu), que abriga mais de 300 c\u00e3es, na maioria v\u00edtimas de abandono e maus tratos.<\/p>\n<p>Para participar, basta ir ao Atendimento ao Cliente, localizado ao lado da loja Centauro, escolher uma ou mais fotos dos cachorros &#8211; que estar\u00e3o dispon\u00edveis em um mural especial \u2013 e se cadastrar no balc\u00e3o. Depois \u00e9 s\u00f3 devolver o cart\u00e3o, em at\u00e9 dois dias, com 1 kg de ra\u00e7\u00e3o.<\/p>\n<p>\u201cNos \u00faltimos anos, a Aspa vem fazendo um grande trabalho no cuidado desses c\u00e3es e, mais uma vez, o Plaza prop\u00f5e o envolvimento dos clientes em um projeto social. Esperamos uma grande participa\u00e7\u00e3o do nosso p\u00fablico\u201d, afirma Edgar Silveira, gerente de marketing do Plaza Shopping Itu.<\/p>\n<p>Em julho, a entidade tamb\u00e9m foi tema de reportagem da Revista Regional, na se\u00e7\u00e3o do Gente do Bem.<\/p>\n<p>MAIS: Para conhecer mais do projeto \u201cFocinho Amigo\u201d, acesse o site: <a href=\"http:\/\/www.plazashoppingitu.com.br\/\" target=\"_blank\" rel=\"noopener\">www.plazashoppingitu.com.br<\/a> .<\/p>\n<p>Endere\u00e7o do shopping: avenida Dr. Ermelindo Maffei, 1199, Jd. Para\u00edso, Itu.<\/p>\n<p><em>\u00a0foto: Gisele Scaravelli<\/em><\/p>\n","protected":false},"excerpt":{"rendered":"<p>O objetivo \u00e9 estimular a doa\u00e7\u00e3o de ra\u00e7\u00e3o, que ser\u00e1 destinada \u00e0 Aspa (Associa\u00e7\u00e3o de Socorro e Prote\u00e7\u00e3o aos Animais de Itu) De 16 de agosto a 08 de setembro, o Plaza Shopping Itu realiza a a\u00e7\u00e3o social \u201cFocinho Amigo\u201d, que integra os projetos de Responsabilidade Social do centro de compras. O objetivo \u00e9 estimular [&hellip;]<\/p>\n","protected":false},"author":1,"featured_media":5134,"comment_status":"open","ping_status":"open","sticky":false,"template":"","format":"standard","meta":{"_acf_changed":false,"ngg_post_thumbnail":0,"_joinchat":[],"footnotes":""},"categories":[12],"tags":[527],"class_list":["post-5133","post","type-post","status-publish","format-standard","has-post-thumbnail","hentry","category-regionais","tag-regionais"],"acf":[],"yoast_head":"<!-- This site is optimized with the Yoast SEO plugin v27.4 - https:\/\/yoast.com\/product\/yoast-seo-wordpress\/ -->\n<title>Plaza promove a\u00e7\u00e3o \u2018Focinho Amigo\u2019 - Revista Regional<\/title>\n<meta name=\"robots\" content=\"index, follow, max-snippet:-1, max-image-preview:large, max-video-preview:-1\" \/>\n<link rel=\"canonical\" href=\"https:\/\/revistaregional.com.br\/site\/2013\/08\/12\/plaza-promove-acao-focinho-amigo\/\" \/>\n<meta property=\"og:locale\" content=\"pt_BR\" \/>\n<meta property=\"og:type\" content=\"article\" \/>\n<meta property=\"og:title\" content=\"Plaza promove a\u00e7\u00e3o \u2018Focinho Amigo\u2019 - Revista Regional\" \/>\n<meta property=\"og:description\" content=\"O objetivo \u00e9 estimular a doa\u00e7\u00e3o de ra\u00e7\u00e3o, que ser\u00e1 destinada \u00e0 Aspa (Associa\u00e7\u00e3o de Socorro e Prote\u00e7\u00e3o aos Animais de Itu) De 16 de agosto a 08 de setembro, o Plaza Shopping Itu realiza a a\u00e7\u00e3o social \u201cFocinho Amigo\u201d, que integra os projetos de Responsabilidade Social do centro de compras. O objetivo \u00e9 estimular [&hellip;]\" \/>\n<meta property=\"og:url\" content=\"https:\/\/revistaregional.com.br\/site\/2013\/08\/12\/plaza-promove-acao-focinho-amigo\/\" \/>\n<meta property=\"og:site_name\" content=\"Revista Regional\" \/>\n<meta property=\"article:published_time\" content=\"2013-08-12T17:38:51+00:00\" \/>\n<meta property=\"article:modified_time\" content=\"2024-01-26T12:57:17+00:00\" \/>\n<meta property=\"og:image\" content=\"https:\/\/revistaregional.com.br\/site\/wp-content\/uploads\/2013\/08\/gente-do-bem-aspa-11.jpg\" \/>\n\t<meta property=\"og:image:width\" content=\"640\" \/>\n\t<meta property=\"og:image:height\" content=\"480\" \/>\n\t<meta property=\"og:image:type\" content=\"image\/jpeg\" \/>\n<meta name=\"author\" content=\"contato@revistaregional.com.br\" \/>\n<meta name=\"twitter:card\" content=\"summary_large_image\" \/>\n<meta name=\"twitter:label1\" content=\"Escrito por\" \/>\n\t<meta name=\"twitter:data1\" content=\"contato@revistaregional.com.br\" \/>\n\t<meta name=\"twitter:label2\" content=\"Est. tempo de leitura\" \/>\n\t<meta name=\"twitter:data2\" content=\"1 minuto\" \/>\n<script type=\"application\/ld+json\" class=\"yoast-schema-graph\">{\"@context\":\"https:\\\/\\\/schema.org\",\"@graph\":[{\"@type\":\"Article\",\"@id\":\"https:\\\/\\\/revistaregional.com.br\\\/site\\\/2013\\\/08\\\/12\\\/plaza-promove-acao-focinho-amigo\\\/#article\",\"isPartOf\":{\"@id\":\"https:\\\/\\\/revistaregional.com.br\\\/site\\\/2013\\\/08\\\/12\\\/plaza-promove-acao-focinho-amigo\\\/\"},\"author\":{\"name\":\"contato@revistaregional.com.br\",\"@id\":\"https:\\\/\\\/revistaregional.com.br\\\/site\\\/#\\\/schema\\\/person\\\/382af97c580dc1b18f55107bc316010d\"},\"headline\":\"Plaza promove a\u00e7\u00e3o \u2018Focinho Amigo\u2019\",\"datePublished\":\"2013-08-12T17:38:51+00:00\",\"dateModified\":\"2024-01-26T12:57:17+00:00\",\"mainEntityOfPage\":{\"@id\":\"https:\\\/\\\/revistaregional.com.br\\\/site\\\/2013\\\/08\\\/12\\\/plaza-promove-acao-focinho-amigo\\\/\"},\"wordCount\":271,\"commentCount\":0,\"image\":{\"@id\":\"https:\\\/\\\/revistaregional.com.br\\\/site\\\/2013\\\/08\\\/12\\\/plaza-promove-acao-focinho-amigo\\\/#primaryimage\"},\"thumbnailUrl\":\"https:\\\/\\\/revistaregional.com.br\\\/site\\\/wp-content\\\/uploads\\\/2013\\\/08\\\/gente-do-bem-aspa-11.jpg\",\"keywords\":[\"Regionais\"],\"articleSection\":[\"Regionais\"],\"inLanguage\":\"pt-BR\",\"potentialAction\":[{\"@type\":\"CommentAction\",\"name\":\"Comment\",\"target\":[\"https:\\\/\\\/revistaregional.com.br\\\/site\\\/2013\\\/08\\\/12\\\/plaza-promove-acao-focinho-amigo\\\/#respond\"]}]},{\"@type\":\"WebPage\",\"@id\":\"https:\\\/\\\/revistaregional.com.br\\\/site\\\/2013\\\/08\\\/12\\\/plaza-promove-acao-focinho-amigo\\\/\",\"url\":\"https:\\\/\\\/revistaregional.com.br\\\/site\\\/2013\\\/08\\\/12\\\/plaza-promove-acao-focinho-amigo\\\/\",\"name\":\"Plaza promove a\u00e7\u00e3o \u2018Focinho Amigo\u2019 - Revista Regional\",\"isPartOf\":{\"@id\":\"https:\\\/\\\/revistaregional.com.br\\\/site\\\/#website\"},\"primaryImageOfPage\":{\"@id\":\"https:\\\/\\\/revistaregional.com.br\\\/site\\\/2013\\\/08\\\/12\\\/plaza-promove-acao-focinho-amigo\\\/#primaryimage\"},\"image\":{\"@id\":\"https:\\\/\\\/revistaregional.com.br\\\/site\\\/2013\\\/08\\\/12\\\/plaza-promove-acao-focinho-amigo\\\/#primaryimage\"},\"thumbnailUrl\":\"https:\\\/\\\/revistaregional.com.br\\\/site\\\/wp-content\\\/uploads\\\/2013\\\/08\\\/gente-do-bem-aspa-11.jpg\",\"datePublished\":\"2013-08-12T17:38:51+00:00\",\"dateModified\":\"2024-01-26T12:57:17+00:00\",\"author\":{\"@id\":\"https:\\\/\\\/revistaregional.com.br\\\/site\\\/#\\\/schema\\\/person\\\/382af97c580dc1b18f55107bc316010d\"},\"breadcrumb\":{\"@id\":\"https:\\\/\\\/revistaregional.com.br\\\/site\\\/2013\\\/08\\\/12\\\/plaza-promove-acao-focinho-amigo\\\/#breadcrumb\"},\"inLanguage\":\"pt-BR\",\"potentialAction\":[{\"@type\":\"ReadAction\",\"target\":[\"https:\\\/\\\/revistaregional.com.br\\\/site\\\/2013\\\/08\\\/12\\\/plaza-promove-acao-focinho-amigo\\\/\"]}]},{\"@type\":\"ImageObject\",\"inLanguage\":\"pt-BR\",\"@id\":\"https:\\\/\\\/revistaregional.com.br\\\/site\\\/2013\\\/08\\\/12\\\/plaza-promove-acao-focinho-amigo\\\/#primaryimage\",\"url\":\"https:\\\/\\\/revistaregional.com.br\\\/site\\\/wp-content\\\/uploads\\\/2013\\\/08\\\/gente-do-bem-aspa-11.jpg\",\"contentUrl\":\"https:\\\/\\\/revistaregional.com.br\\\/site\\\/wp-content\\\/uploads\\\/2013\\\/08\\\/gente-do-bem-aspa-11.jpg\",\"width\":\"640\",\"height\":\"480\",\"caption\":\"Os animais da entidade na maioria s\u00e3o v\u00edtimas de abandono e maus tratos\"},{\"@type\":\"BreadcrumbList\",\"@id\":\"https:\\\/\\\/revistaregional.com.br\\\/site\\\/2013\\\/08\\\/12\\\/plaza-promove-acao-focinho-amigo\\\/#breadcrumb\",\"itemListElement\":[{\"@type\":\"ListItem\",\"position\":1,\"name\":\"In\u00edcio\",\"item\":\"https:\\\/\\\/revistaregional.com.br\\\/site\\\/\"},{\"@type\":\"ListItem\",\"position\":2,\"name\":\"Plaza promove a\u00e7\u00e3o \u2018Focinho Amigo\u2019\"}]},{\"@type\":\"WebSite\",\"@id\":\"https:\\\/\\\/revistaregional.com.br\\\/site\\\/#website\",\"url\":\"https:\\\/\\\/revistaregional.com.br\\\/site\\\/\",\"name\":\"Revista Regional\",\"description\":\"Salto - Itu - Indaituba\",\"potentialAction\":[{\"@type\":\"SearchAction\",\"target\":{\"@type\":\"EntryPoint\",\"urlTemplate\":\"https:\\\/\\\/revistaregional.com.br\\\/site\\\/?s={search_term_string}\"},\"query-input\":{\"@type\":\"PropertyValueSpecification\",\"valueRequired\":true,\"valueName\":\"search_term_string\"}}],\"inLanguage\":\"pt-BR\"},{\"@type\":\"Person\",\"@id\":\"https:\\\/\\\/revistaregional.com.br\\\/site\\\/#\\\/schema\\\/person\\\/382af97c580dc1b18f55107bc316010d\",\"name\":\"contato@revistaregional.com.br\",\"image\":{\"@type\":\"ImageObject\",\"inLanguage\":\"pt-BR\",\"@id\":\"https:\\\/\\\/secure.gravatar.com\\\/avatar\\\/869822917e96b2e292d5827e4635855396934485e7c4a0af84e9a214e32ca0cd?s=96&d=mm&r=g\",\"url\":\"https:\\\/\\\/secure.gravatar.com\\\/avatar\\\/869822917e96b2e292d5827e4635855396934485e7c4a0af84e9a214e32ca0cd?s=96&d=mm&r=g\",\"contentUrl\":\"https:\\\/\\\/secure.gravatar.com\\\/avatar\\\/869822917e96b2e292d5827e4635855396934485e7c4a0af84e9a214e32ca0cd?s=96&d=mm&r=g\",\"caption\":\"contato@revistaregional.com.br\"},\"url\":\"https:\\\/\\\/revistaregional.com.br\\\/site\\\/author\\\/contato@revistaregional.com.br\\\/\"}]}<\/script>\n<!-- \/ Yoast SEO plugin. -->","yoast_head_json":{"title":"Plaza promove a\u00e7\u00e3o \u2018Focinho Amigo\u2019 - Revista Regional","robots":{"index":"index","follow":"follow","max-snippet":"max-snippet:-1","max-image-preview":"max-image-preview:large","max-video-preview":"max-video-preview:-1"},"canonical":"https:\/\/revistaregional.com.br\/site\/2013\/08\/12\/plaza-promove-acao-focinho-amigo\/","og_locale":"pt_BR","og_type":"article","og_title":"Plaza promove a\u00e7\u00e3o \u2018Focinho Amigo\u2019 - Revista Regional","og_description":"O objetivo \u00e9 estimular a doa\u00e7\u00e3o de ra\u00e7\u00e3o, que ser\u00e1 destinada \u00e0 Aspa (Associa\u00e7\u00e3o de Socorro e Prote\u00e7\u00e3o aos Animais de Itu) De 16 de agosto a 08 de setembro, o Plaza Shopping Itu realiza a a\u00e7\u00e3o social \u201cFocinho Amigo\u201d, que integra os projetos de Responsabilidade Social do centro de compras. O objetivo \u00e9 estimular [&hellip;]","og_url":"https:\/\/revistaregional.com.br\/site\/2013\/08\/12\/plaza-promove-acao-focinho-amigo\/","og_site_name":"Revista Regional","article_published_time":"2013-08-12T17:38:51+00:00","article_modified_time":"2024-01-26T12:57:17+00:00","og_image":[{"width":640,"height":480,"url":"https:\/\/revistaregional.com.br\/site\/wp-content\/uploads\/2013\/08\/gente-do-bem-aspa-11.jpg","type":"image\/jpeg"}],"author":"contato@revistaregional.com.br","twitter_card":"summary_large_image","twitter_misc":{"Escrito por":"contato@revistaregional.com.br","Est. tempo de leitura":"1 minuto"},"schema":{"@context":"https:\/\/schema.org","@graph":[{"@type":"Article","@id":"https:\/\/revistaregional.com.br\/site\/2013\/08\/12\/plaza-promove-acao-focinho-amigo\/#article","isPartOf":{"@id":"https:\/\/revistaregional.com.br\/site\/2013\/08\/12\/plaza-promove-acao-focinho-amigo\/"},"author":{"name":"contato@revistaregional.com.br","@id":"https:\/\/revistaregional.com.br\/site\/#\/schema\/person\/382af97c580dc1b18f55107bc316010d"},"headline":"Plaza promove a\u00e7\u00e3o \u2018Focinho Amigo\u2019","datePublished":"2013-08-12T17:38:51+00:00","dateModified":"2024-01-26T12:57:17+00:00","mainEntityOfPage":{"@id":"https:\/\/revistaregional.com.br\/site\/2013\/08\/12\/plaza-promove-acao-focinho-amigo\/"},"wordCount":271,"commentCount":0,"image":{"@id":"https:\/\/revistaregional.com.br\/site\/2013\/08\/12\/plaza-promove-acao-focinho-amigo\/#primaryimage"},"thumbnailUrl":"https:\/\/revistaregional.com.br\/site\/wp-content\/uploads\/2013\/08\/gente-do-bem-aspa-11.jpg","keywords":["Regionais"],"articleSection":["Regionais"],"inLanguage":"pt-BR","potentialAction":[{"@type":"CommentAction","name":"Comment","target":["https:\/\/revistaregional.com.br\/site\/2013\/08\/12\/plaza-promove-acao-focinho-amigo\/#respond"]}]},{"@type":"WebPage","@id":"https:\/\/revistaregional.com.br\/site\/2013\/08\/12\/plaza-promove-acao-focinho-amigo\/","url":"https:\/\/revistaregional.com.br\/site\/2013\/08\/12\/plaza-promove-acao-focinho-amigo\/","name":"Plaza promove a\u00e7\u00e3o \u2018Focinho Amigo\u2019 - Revista Regional","isPartOf":{"@id":"https:\/\/revistaregional.com.br\/site\/#website"},"primaryImageOfPage":{"@id":"https:\/\/revistaregional.com.br\/site\/2013\/08\/12\/plaza-promove-acao-focinho-amigo\/#primaryimage"},"image":{"@id":"https:\/\/revistaregional.com.br\/site\/2013\/08\/12\/plaza-promove-acao-focinho-amigo\/#primaryimage"},"thumbnailUrl":"https:\/\/revistaregional.com.br\/site\/wp-content\/uploads\/2013\/08\/gente-do-bem-aspa-11.jpg","datePublished":"2013-08-12T17:38:51+00:00","dateModified":"2024-01-26T12:57:17+00:00","author":{"@id":"https:\/\/revistaregional.com.br\/site\/#\/schema\/person\/382af97c580dc1b18f55107bc316010d"},"breadcrumb":{"@id":"https:\/\/revistaregional.com.br\/site\/2013\/08\/12\/plaza-promove-acao-focinho-amigo\/#breadcrumb"},"inLanguage":"pt-BR","potentialAction":[{"@type":"ReadAction","target":["https:\/\/revistaregional.com.br\/site\/2013\/08\/12\/plaza-promove-acao-focinho-amigo\/"]}]},{"@type":"ImageObject","inLanguage":"pt-BR","@id":"https:\/\/revistaregional.com.br\/site\/2013\/08\/12\/plaza-promove-acao-focinho-amigo\/#primaryimage","url":"https:\/\/revistaregional.com.br\/site\/wp-content\/uploads\/2013\/08\/gente-do-bem-aspa-11.jpg","contentUrl":"https:\/\/revistaregional.com.br\/site\/wp-content\/uploads\/2013\/08\/gente-do-bem-aspa-11.jpg","width":"640","height":"480","caption":"Os animais da entidade na maioria s\u00e3o v\u00edtimas de abandono e maus tratos"},{"@type":"BreadcrumbList","@id":"https:\/\/revistaregional.com.br\/site\/2013\/08\/12\/plaza-promove-acao-focinho-amigo\/#breadcrumb","itemListElement":[{"@type":"ListItem","position":1,"name":"In\u00edcio","item":"https:\/\/revistaregional.com.br\/site\/"},{"@type":"ListItem","position":2,"name":"Plaza promove a\u00e7\u00e3o \u2018Focinho Amigo\u2019"}]},{"@type":"WebSite","@id":"https:\/\/revistaregional.com.br\/site\/#website","url":"https:\/\/revistaregional.com.br\/site\/","name":"Revista Regional","description":"Salto - Itu - Indaituba","potentialAction":[{"@type":"SearchAction","target":{"@type":"EntryPoint","urlTemplate":"https:\/\/revistaregional.com.br\/site\/?s={search_term_string}"},"query-input":{"@type":"PropertyValueSpecification","valueRequired":true,"valueName":"search_term_string"}}],"inLanguage":"pt-BR"},{"@type":"Person","@id":"https:\/\/revistaregional.com.br\/site\/#\/schema\/person\/382af97c580dc1b18f55107bc316010d","name":"contato@revistaregional.com.br","image":{"@type":"ImageObject","inLanguage":"pt-BR","@id":"https:\/\/secure.gravatar.com\/avatar\/869822917e96b2e292d5827e4635855396934485e7c4a0af84e9a214e32ca0cd?s=96&d=mm&r=g","url":"https:\/\/secure.gravatar.com\/avatar\/869822917e96b2e292d5827e4635855396934485e7c4a0af84e9a214e32ca0cd?s=96&d=mm&r=g","contentUrl":"https:\/\/secure.gravatar.com\/avatar\/869822917e96b2e292d5827e4635855396934485e7c4a0af84e9a214e32ca0cd?s=96&d=mm&r=g","caption":"contato@revistaregional.com.br"},"url":"https:\/\/revistaregional.com.br\/site\/author\/contato@revistaregional.com.br\/"}]}},"views":68,"_links":{"self":[{"href":"https:\/\/revistaregional.com.br\/site\/wp-json\/wp\/v2\/posts\/5133","targetHints":{"allow":["GET"]}}],"collection":[{"href":"https:\/\/revistaregional.com.br\/site\/wp-json\/wp\/v2\/posts"}],"about":[{"href":"https:\/\/revistaregional.com.br\/site\/wp-json\/wp\/v2\/types\/post"}],"author":[{"embeddable":true,"href":"https:\/\/revistaregional.com.br\/site\/wp-json\/wp\/v2\/users\/1"}],"replies":[{"embeddable":true,"href":"https:\/\/revistaregional.com.br\/site\/wp-json\/wp\/v2\/comments?post=5133"}],"version-history":[{"count":3,"href":"https:\/\/revistaregional.com.br\/site\/wp-json\/wp\/v2\/posts\/5133\/revisions"}],"predecessor-version":[{"id":32329,"href":"https:\/\/revistaregional.com.br\/site\/wp-json\/wp\/v2\/posts\/5133\/revisions\/32329"}],"wp:featuredmedia":[{"embeddable":true,"href":"https:\/\/revistaregional.com.br\/site\/wp-json\/wp\/v2\/media\/5134"}],"wp:attachment":[{"href":"https:\/\/revistaregional.com.br\/site\/wp-json\/wp\/v2\/media?parent=5133"}],"wp:term":[{"taxonomy":"category","embeddable":true,"href":"https:\/\/revistaregional.com.br\/site\/wp-json\/wp\/v2\/categories?post=5133"},{"taxonomy":"post_tag","embeddable":true,"href":"https:\/\/revistaregional.com.br\/site\/wp-json\/wp\/v2\/tags?post=5133"}],"curies":[{"name":"wp","href":"https:\/\/api.w.org\/{rel}","templated":true}]}}