{"id":5096,"date":"2013-08-07T14:00:39","date_gmt":"2013-08-07T17:00:39","guid":{"rendered":"http:\/\/revistaregional.com.br\/site\/?p=5096"},"modified":"2024-01-26T09:57:18","modified_gmt":"2024-01-26T12:57:18","slug":"plaza-recebe-encontro-de-mustangs","status":"publish","type":"post","link":"https:\/\/revistaregional.com.br\/site\/2013\/08\/07\/plaza-recebe-encontro-de-mustangs\/","title":{"rendered":"Plaza recebe Encontro de Mustangs"},"content":{"rendered":"<figure id=\"attachment_5097\" aria-describedby=\"caption-attachment-5097\" style=\"width: 384px\" class=\"wp-caption aligncenter\"><a href=\"http:\/\/revistaregional.com.br\/site\/wp-content\/uploads\/2013\/08\/Encontro-de-Mustangs_Plaza-Shopping-Itu-2.jpg\" rel=\"attachment wp-att-5097\"><img fetchpriority=\"high\" decoding=\"async\" class=\" wp-image-5097 \" src=\"http:\/\/revistaregional.com.br\/site\/wp-content\/uploads\/2013\/08\/Encontro-de-Mustangs_Plaza-Shopping-Itu-2.jpg\" alt=\"\" width=\"384\" height=\"256\" srcset=\"https:\/\/revistaregional.com.br\/site\/wp-content\/uploads\/2013\/08\/Encontro-de-Mustangs_Plaza-Shopping-Itu-2.jpg 640w, https:\/\/revistaregional.com.br\/site\/wp-content\/uploads\/2013\/08\/Encontro-de-Mustangs_Plaza-Shopping-Itu-2-300x200.jpg 300w\" sizes=\"(max-width: 384px) 100vw, 384px\" \/><\/a><figcaption id=\"caption-attachment-5097\" class=\"wp-caption-text\">Evento em Itu reunir\u00e1 mais de cem modelos de Mustang<\/figcaption><\/figure>\n<p align=\"center\"><em>O evento deve reunir mais de cem modelos do carro, desde rel\u00edquias de 1964 at\u00e9 os mais atuais<\/em><\/p>\n<p align=\"center\"><em>\u00a0<\/em><\/p>\n<p>O Plaza Shopping Itu em parceria com o Clube do Mustang de S\u00e3o Paulo promove o IX Encontro Anual da categoria, no dia 18 de agosto, das 10h \u00e0s 16h, no estacionamento do shopping. O evento, que reunir\u00e1 amantes de carro de norte a sul do pa\u00eds, \u00e9 considerado o maior da Am\u00e9rica Latina.<\/p>\n<p>A expectativa \u00e9 de que sejam reunidos mais de 120 modelos do autom\u00f3vel, considerado um mito na hist\u00f3ria do automobilismo mundial. Os apaixonados por carros poder\u00e3o ver de perto desde os cl\u00e1ssicos at\u00e9 os mais modernos, passando por modelos raros. \u201cNosso objetivo \u00e9 mostrar ao p\u00fablico a evolu\u00e7\u00e3o do Mustang, um carro que come\u00e7ou a ser desenvolvido em 1964 e continua sendo fabricado at\u00e9 os dias atuais\u201d, explica Fernando Christofanelli, presidente do Clube do Mustang S\u00e3o Paulo.<\/p>\n<p>\u201cA expectativa do Plaza Shopping Itu \u00e9 de que milhares de pessoas prestigiem o evento, a exemplo das edi\u00e7\u00f5es anteriores, que receberam visitantes de S\u00e3o Paulo, Paran\u00e1, Santa Catarina, Rio de Janeiro e Minas Gerais\u201d, afirma o gerente de marketing do centro de compras, Edgar Silveira.<\/p>\n<p><strong>MAIS:<\/strong><\/p>\n<p><strong>Encontro Nacional de Mustangs \u2013 Plaza Shopping Itu<\/strong><\/p>\n<p>Data: 18 de agosto de 2013<\/p>\n<p>Hor\u00e1rio: das 10h \u00e0s 16h<\/p>\n<p>Local: Plaza Shopping Itu<\/p>\n<p>Endere\u00e7o: Av. Dr. Ermelindo Maffei, 1199, Jd. Para\u00edso, Itu-SP<\/p>\n<p>11 4022-9400 | <a href=\"http:\/\/www.plazashoppingitu.com.br\/\">www.plazashoppingitu.com.br<\/a><\/p>\n<p><em>foto: SigmaSix<\/em><\/p>\n<p align=\"center\">\n<p style=\"text-align: left;\" align=\"center\">\n","protected":false},"excerpt":{"rendered":"<p>O evento deve reunir mais de cem modelos do carro, desde rel\u00edquias de 1964 at\u00e9 os mais atuais \u00a0 O Plaza Shopping Itu em parceria com o Clube do Mustang de S\u00e3o Paulo promove o IX Encontro Anual da categoria, no dia 18 de agosto, das 10h \u00e0s 16h, no estacionamento do shopping. O evento, [&hellip;]<\/p>\n","protected":false},"author":1,"featured_media":5097,"comment_status":"open","ping_status":"open","sticky":false,"template":"","format":"standard","meta":{"_acf_changed":false,"ngg_post_thumbnail":0,"_joinchat":[],"footnotes":""},"categories":[12],"tags":[527],"class_list":["post-5096","post","type-post","status-publish","format-standard","has-post-thumbnail","hentry","category-regionais","tag-regionais"],"acf":[],"yoast_head":"<!-- This site is optimized with the Yoast SEO plugin v27.4 - https:\/\/yoast.com\/product\/yoast-seo-wordpress\/ -->\n<title>Plaza recebe Encontro de Mustangs - Revista Regional<\/title>\n<meta name=\"robots\" content=\"index, follow, max-snippet:-1, max-image-preview:large, max-video-preview:-1\" \/>\n<link rel=\"canonical\" href=\"https:\/\/revistaregional.com.br\/site\/2013\/08\/07\/plaza-recebe-encontro-de-mustangs\/\" \/>\n<meta property=\"og:locale\" content=\"pt_BR\" \/>\n<meta property=\"og:type\" content=\"article\" \/>\n<meta property=\"og:title\" content=\"Plaza recebe Encontro de Mustangs - Revista Regional\" \/>\n<meta property=\"og:description\" content=\"O evento deve reunir mais de cem modelos do carro, desde rel\u00edquias de 1964 at\u00e9 os mais atuais \u00a0 O Plaza Shopping Itu em parceria com o Clube do Mustang de S\u00e3o Paulo promove o IX Encontro Anual da categoria, no dia 18 de agosto, das 10h \u00e0s 16h, no estacionamento do shopping. O evento, [&hellip;]\" \/>\n<meta property=\"og:url\" content=\"https:\/\/revistaregional.com.br\/site\/2013\/08\/07\/plaza-recebe-encontro-de-mustangs\/\" \/>\n<meta property=\"og:site_name\" content=\"Revista Regional\" \/>\n<meta property=\"article:published_time\" content=\"2013-08-07T17:00:39+00:00\" \/>\n<meta property=\"article:modified_time\" content=\"2024-01-26T12:57:18+00:00\" \/>\n<meta property=\"og:image\" content=\"https:\/\/revistaregional.com.br\/site\/wp-content\/uploads\/2013\/08\/Encontro-de-Mustangs_Plaza-Shopping-Itu-2.jpg\" \/>\n\t<meta property=\"og:image:width\" content=\"640\" \/>\n\t<meta property=\"og:image:height\" content=\"427\" \/>\n\t<meta property=\"og:image:type\" content=\"image\/jpeg\" \/>\n<meta name=\"author\" content=\"contato@revistaregional.com.br\" \/>\n<meta name=\"twitter:card\" content=\"summary_large_image\" \/>\n<meta name=\"twitter:label1\" content=\"Escrito por\" \/>\n\t<meta name=\"twitter:data1\" content=\"contato@revistaregional.com.br\" \/>\n\t<meta name=\"twitter:label2\" content=\"Est. tempo de leitura\" \/>\n\t<meta name=\"twitter:data2\" content=\"1 minuto\" \/>\n<script type=\"application\/ld+json\" class=\"yoast-schema-graph\">{\"@context\":\"https:\\\/\\\/schema.org\",\"@graph\":[{\"@type\":\"Article\",\"@id\":\"https:\\\/\\\/revistaregional.com.br\\\/site\\\/2013\\\/08\\\/07\\\/plaza-recebe-encontro-de-mustangs\\\/#article\",\"isPartOf\":{\"@id\":\"https:\\\/\\\/revistaregional.com.br\\\/site\\\/2013\\\/08\\\/07\\\/plaza-recebe-encontro-de-mustangs\\\/\"},\"author\":{\"name\":\"contato@revistaregional.com.br\",\"@id\":\"https:\\\/\\\/revistaregional.com.br\\\/site\\\/#\\\/schema\\\/person\\\/382af97c580dc1b18f55107bc316010d\"},\"headline\":\"Plaza recebe Encontro de Mustangs\",\"datePublished\":\"2013-08-07T17:00:39+00:00\",\"dateModified\":\"2024-01-26T12:57:18+00:00\",\"mainEntityOfPage\":{\"@id\":\"https:\\\/\\\/revistaregional.com.br\\\/site\\\/2013\\\/08\\\/07\\\/plaza-recebe-encontro-de-mustangs\\\/\"},\"wordCount\":262,\"commentCount\":0,\"image\":{\"@id\":\"https:\\\/\\\/revistaregional.com.br\\\/site\\\/2013\\\/08\\\/07\\\/plaza-recebe-encontro-de-mustangs\\\/#primaryimage\"},\"thumbnailUrl\":\"https:\\\/\\\/revistaregional.com.br\\\/site\\\/wp-content\\\/uploads\\\/2013\\\/08\\\/Encontro-de-Mustangs_Plaza-Shopping-Itu-2.jpg\",\"keywords\":[\"Regionais\"],\"articleSection\":[\"Regionais\"],\"inLanguage\":\"pt-BR\",\"potentialAction\":[{\"@type\":\"CommentAction\",\"name\":\"Comment\",\"target\":[\"https:\\\/\\\/revistaregional.com.br\\\/site\\\/2013\\\/08\\\/07\\\/plaza-recebe-encontro-de-mustangs\\\/#respond\"]}]},{\"@type\":\"WebPage\",\"@id\":\"https:\\\/\\\/revistaregional.com.br\\\/site\\\/2013\\\/08\\\/07\\\/plaza-recebe-encontro-de-mustangs\\\/\",\"url\":\"https:\\\/\\\/revistaregional.com.br\\\/site\\\/2013\\\/08\\\/07\\\/plaza-recebe-encontro-de-mustangs\\\/\",\"name\":\"Plaza recebe Encontro de Mustangs - Revista Regional\",\"isPartOf\":{\"@id\":\"https:\\\/\\\/revistaregional.com.br\\\/site\\\/#website\"},\"primaryImageOfPage\":{\"@id\":\"https:\\\/\\\/revistaregional.com.br\\\/site\\\/2013\\\/08\\\/07\\\/plaza-recebe-encontro-de-mustangs\\\/#primaryimage\"},\"image\":{\"@id\":\"https:\\\/\\\/revistaregional.com.br\\\/site\\\/2013\\\/08\\\/07\\\/plaza-recebe-encontro-de-mustangs\\\/#primaryimage\"},\"thumbnailUrl\":\"https:\\\/\\\/revistaregional.com.br\\\/site\\\/wp-content\\\/uploads\\\/2013\\\/08\\\/Encontro-de-Mustangs_Plaza-Shopping-Itu-2.jpg\",\"datePublished\":\"2013-08-07T17:00:39+00:00\",\"dateModified\":\"2024-01-26T12:57:18+00:00\",\"author\":{\"@id\":\"https:\\\/\\\/revistaregional.com.br\\\/site\\\/#\\\/schema\\\/person\\\/382af97c580dc1b18f55107bc316010d\"},\"breadcrumb\":{\"@id\":\"https:\\\/\\\/revistaregional.com.br\\\/site\\\/2013\\\/08\\\/07\\\/plaza-recebe-encontro-de-mustangs\\\/#breadcrumb\"},\"inLanguage\":\"pt-BR\",\"potentialAction\":[{\"@type\":\"ReadAction\",\"target\":[\"https:\\\/\\\/revistaregional.com.br\\\/site\\\/2013\\\/08\\\/07\\\/plaza-recebe-encontro-de-mustangs\\\/\"]}]},{\"@type\":\"ImageObject\",\"inLanguage\":\"pt-BR\",\"@id\":\"https:\\\/\\\/revistaregional.com.br\\\/site\\\/2013\\\/08\\\/07\\\/plaza-recebe-encontro-de-mustangs\\\/#primaryimage\",\"url\":\"https:\\\/\\\/revistaregional.com.br\\\/site\\\/wp-content\\\/uploads\\\/2013\\\/08\\\/Encontro-de-Mustangs_Plaza-Shopping-Itu-2.jpg\",\"contentUrl\":\"https:\\\/\\\/revistaregional.com.br\\\/site\\\/wp-content\\\/uploads\\\/2013\\\/08\\\/Encontro-de-Mustangs_Plaza-Shopping-Itu-2.jpg\",\"width\":\"640\",\"height\":\"427\",\"caption\":\"Evento em Itu reunir\u00e1 mais de cem modelos de Mustang\"},{\"@type\":\"BreadcrumbList\",\"@id\":\"https:\\\/\\\/revistaregional.com.br\\\/site\\\/2013\\\/08\\\/07\\\/plaza-recebe-encontro-de-mustangs\\\/#breadcrumb\",\"itemListElement\":[{\"@type\":\"ListItem\",\"position\":1,\"name\":\"In\u00edcio\",\"item\":\"https:\\\/\\\/revistaregional.com.br\\\/site\\\/\"},{\"@type\":\"ListItem\",\"position\":2,\"name\":\"Plaza recebe Encontro de Mustangs\"}]},{\"@type\":\"WebSite\",\"@id\":\"https:\\\/\\\/revistaregional.com.br\\\/site\\\/#website\",\"url\":\"https:\\\/\\\/revistaregional.com.br\\\/site\\\/\",\"name\":\"Revista Regional\",\"description\":\"Salto - Itu - Indaituba\",\"potentialAction\":[{\"@type\":\"SearchAction\",\"target\":{\"@type\":\"EntryPoint\",\"urlTemplate\":\"https:\\\/\\\/revistaregional.com.br\\\/site\\\/?s={search_term_string}\"},\"query-input\":{\"@type\":\"PropertyValueSpecification\",\"valueRequired\":true,\"valueName\":\"search_term_string\"}}],\"inLanguage\":\"pt-BR\"},{\"@type\":\"Person\",\"@id\":\"https:\\\/\\\/revistaregional.com.br\\\/site\\\/#\\\/schema\\\/person\\\/382af97c580dc1b18f55107bc316010d\",\"name\":\"contato@revistaregional.com.br\",\"image\":{\"@type\":\"ImageObject\",\"inLanguage\":\"pt-BR\",\"@id\":\"https:\\\/\\\/secure.gravatar.com\\\/avatar\\\/869822917e96b2e292d5827e4635855396934485e7c4a0af84e9a214e32ca0cd?s=96&d=mm&r=g\",\"url\":\"https:\\\/\\\/secure.gravatar.com\\\/avatar\\\/869822917e96b2e292d5827e4635855396934485e7c4a0af84e9a214e32ca0cd?s=96&d=mm&r=g\",\"contentUrl\":\"https:\\\/\\\/secure.gravatar.com\\\/avatar\\\/869822917e96b2e292d5827e4635855396934485e7c4a0af84e9a214e32ca0cd?s=96&d=mm&r=g\",\"caption\":\"contato@revistaregional.com.br\"},\"url\":\"https:\\\/\\\/revistaregional.com.br\\\/site\\\/author\\\/contato@revistaregional.com.br\\\/\"}]}<\/script>\n<!-- \/ Yoast SEO plugin. -->","yoast_head_json":{"title":"Plaza recebe Encontro de Mustangs - Revista Regional","robots":{"index":"index","follow":"follow","max-snippet":"max-snippet:-1","max-image-preview":"max-image-preview:large","max-video-preview":"max-video-preview:-1"},"canonical":"https:\/\/revistaregional.com.br\/site\/2013\/08\/07\/plaza-recebe-encontro-de-mustangs\/","og_locale":"pt_BR","og_type":"article","og_title":"Plaza recebe Encontro de Mustangs - Revista Regional","og_description":"O evento deve reunir mais de cem modelos do carro, desde rel\u00edquias de 1964 at\u00e9 os mais atuais \u00a0 O Plaza Shopping Itu em parceria com o Clube do Mustang de S\u00e3o Paulo promove o IX Encontro Anual da categoria, no dia 18 de agosto, das 10h \u00e0s 16h, no estacionamento do shopping. O evento, [&hellip;]","og_url":"https:\/\/revistaregional.com.br\/site\/2013\/08\/07\/plaza-recebe-encontro-de-mustangs\/","og_site_name":"Revista Regional","article_published_time":"2013-08-07T17:00:39+00:00","article_modified_time":"2024-01-26T12:57:18+00:00","og_image":[{"width":640,"height":427,"url":"https:\/\/revistaregional.com.br\/site\/wp-content\/uploads\/2013\/08\/Encontro-de-Mustangs_Plaza-Shopping-Itu-2.jpg","type":"image\/jpeg"}],"author":"contato@revistaregional.com.br","twitter_card":"summary_large_image","twitter_misc":{"Escrito por":"contato@revistaregional.com.br","Est. tempo de leitura":"1 minuto"},"schema":{"@context":"https:\/\/schema.org","@graph":[{"@type":"Article","@id":"https:\/\/revistaregional.com.br\/site\/2013\/08\/07\/plaza-recebe-encontro-de-mustangs\/#article","isPartOf":{"@id":"https:\/\/revistaregional.com.br\/site\/2013\/08\/07\/plaza-recebe-encontro-de-mustangs\/"},"author":{"name":"contato@revistaregional.com.br","@id":"https:\/\/revistaregional.com.br\/site\/#\/schema\/person\/382af97c580dc1b18f55107bc316010d"},"headline":"Plaza recebe Encontro de Mustangs","datePublished":"2013-08-07T17:00:39+00:00","dateModified":"2024-01-26T12:57:18+00:00","mainEntityOfPage":{"@id":"https:\/\/revistaregional.com.br\/site\/2013\/08\/07\/plaza-recebe-encontro-de-mustangs\/"},"wordCount":262,"commentCount":0,"image":{"@id":"https:\/\/revistaregional.com.br\/site\/2013\/08\/07\/plaza-recebe-encontro-de-mustangs\/#primaryimage"},"thumbnailUrl":"https:\/\/revistaregional.com.br\/site\/wp-content\/uploads\/2013\/08\/Encontro-de-Mustangs_Plaza-Shopping-Itu-2.jpg","keywords":["Regionais"],"articleSection":["Regionais"],"inLanguage":"pt-BR","potentialAction":[{"@type":"CommentAction","name":"Comment","target":["https:\/\/revistaregional.com.br\/site\/2013\/08\/07\/plaza-recebe-encontro-de-mustangs\/#respond"]}]},{"@type":"WebPage","@id":"https:\/\/revistaregional.com.br\/site\/2013\/08\/07\/plaza-recebe-encontro-de-mustangs\/","url":"https:\/\/revistaregional.com.br\/site\/2013\/08\/07\/plaza-recebe-encontro-de-mustangs\/","name":"Plaza recebe Encontro de Mustangs - Revista Regional","isPartOf":{"@id":"https:\/\/revistaregional.com.br\/site\/#website"},"primaryImageOfPage":{"@id":"https:\/\/revistaregional.com.br\/site\/2013\/08\/07\/plaza-recebe-encontro-de-mustangs\/#primaryimage"},"image":{"@id":"https:\/\/revistaregional.com.br\/site\/2013\/08\/07\/plaza-recebe-encontro-de-mustangs\/#primaryimage"},"thumbnailUrl":"https:\/\/revistaregional.com.br\/site\/wp-content\/uploads\/2013\/08\/Encontro-de-Mustangs_Plaza-Shopping-Itu-2.jpg","datePublished":"2013-08-07T17:00:39+00:00","dateModified":"2024-01-26T12:57:18+00:00","author":{"@id":"https:\/\/revistaregional.com.br\/site\/#\/schema\/person\/382af97c580dc1b18f55107bc316010d"},"breadcrumb":{"@id":"https:\/\/revistaregional.com.br\/site\/2013\/08\/07\/plaza-recebe-encontro-de-mustangs\/#breadcrumb"},"inLanguage":"pt-BR","potentialAction":[{"@type":"ReadAction","target":["https:\/\/revistaregional.com.br\/site\/2013\/08\/07\/plaza-recebe-encontro-de-mustangs\/"]}]},{"@type":"ImageObject","inLanguage":"pt-BR","@id":"https:\/\/revistaregional.com.br\/site\/2013\/08\/07\/plaza-recebe-encontro-de-mustangs\/#primaryimage","url":"https:\/\/revistaregional.com.br\/site\/wp-content\/uploads\/2013\/08\/Encontro-de-Mustangs_Plaza-Shopping-Itu-2.jpg","contentUrl":"https:\/\/revistaregional.com.br\/site\/wp-content\/uploads\/2013\/08\/Encontro-de-Mustangs_Plaza-Shopping-Itu-2.jpg","width":"640","height":"427","caption":"Evento em Itu reunir\u00e1 mais de cem modelos de Mustang"},{"@type":"BreadcrumbList","@id":"https:\/\/revistaregional.com.br\/site\/2013\/08\/07\/plaza-recebe-encontro-de-mustangs\/#breadcrumb","itemListElement":[{"@type":"ListItem","position":1,"name":"In\u00edcio","item":"https:\/\/revistaregional.com.br\/site\/"},{"@type":"ListItem","position":2,"name":"Plaza recebe Encontro de Mustangs"}]},{"@type":"WebSite","@id":"https:\/\/revistaregional.com.br\/site\/#website","url":"https:\/\/revistaregional.com.br\/site\/","name":"Revista Regional","description":"Salto - Itu - Indaituba","potentialAction":[{"@type":"SearchAction","target":{"@type":"EntryPoint","urlTemplate":"https:\/\/revistaregional.com.br\/site\/?s={search_term_string}"},"query-input":{"@type":"PropertyValueSpecification","valueRequired":true,"valueName":"search_term_string"}}],"inLanguage":"pt-BR"},{"@type":"Person","@id":"https:\/\/revistaregional.com.br\/site\/#\/schema\/person\/382af97c580dc1b18f55107bc316010d","name":"contato@revistaregional.com.br","image":{"@type":"ImageObject","inLanguage":"pt-BR","@id":"https:\/\/secure.gravatar.com\/avatar\/869822917e96b2e292d5827e4635855396934485e7c4a0af84e9a214e32ca0cd?s=96&d=mm&r=g","url":"https:\/\/secure.gravatar.com\/avatar\/869822917e96b2e292d5827e4635855396934485e7c4a0af84e9a214e32ca0cd?s=96&d=mm&r=g","contentUrl":"https:\/\/secure.gravatar.com\/avatar\/869822917e96b2e292d5827e4635855396934485e7c4a0af84e9a214e32ca0cd?s=96&d=mm&r=g","caption":"contato@revistaregional.com.br"},"url":"https:\/\/revistaregional.com.br\/site\/author\/contato@revistaregional.com.br\/"}]}},"views":61,"_links":{"self":[{"href":"https:\/\/revistaregional.com.br\/site\/wp-json\/wp\/v2\/posts\/5096","targetHints":{"allow":["GET"]}}],"collection":[{"href":"https:\/\/revistaregional.com.br\/site\/wp-json\/wp\/v2\/posts"}],"about":[{"href":"https:\/\/revistaregional.com.br\/site\/wp-json\/wp\/v2\/types\/post"}],"author":[{"embeddable":true,"href":"https:\/\/revistaregional.com.br\/site\/wp-json\/wp\/v2\/users\/1"}],"replies":[{"embeddable":true,"href":"https:\/\/revistaregional.com.br\/site\/wp-json\/wp\/v2\/comments?post=5096"}],"version-history":[{"count":5,"href":"https:\/\/revistaregional.com.br\/site\/wp-json\/wp\/v2\/posts\/5096\/revisions"}],"predecessor-version":[{"id":32330,"href":"https:\/\/revistaregional.com.br\/site\/wp-json\/wp\/v2\/posts\/5096\/revisions\/32330"}],"wp:featuredmedia":[{"embeddable":true,"href":"https:\/\/revistaregional.com.br\/site\/wp-json\/wp\/v2\/media\/5097"}],"wp:attachment":[{"href":"https:\/\/revistaregional.com.br\/site\/wp-json\/wp\/v2\/media?parent=5096"}],"wp:term":[{"taxonomy":"category","embeddable":true,"href":"https:\/\/revistaregional.com.br\/site\/wp-json\/wp\/v2\/categories?post=5096"},{"taxonomy":"post_tag","embeddable":true,"href":"https:\/\/revistaregional.com.br\/site\/wp-json\/wp\/v2\/tags?post=5096"}],"curies":[{"name":"wp","href":"https:\/\/api.w.org\/{rel}","templated":true}]}}