{"id":507,"date":"2011-01-19T09:06:56","date_gmt":"2011-01-19T12:06:56","guid":{"rendered":"http:\/\/revistaregional.com.br\/site\/?p=507"},"modified":"2024-01-26T09:51:12","modified_gmt":"2024-01-26T12:51:12","slug":"regiao-faz-corrente-solidaria-pelas-vitimas-das-chuvas","status":"publish","type":"post","link":"https:\/\/revistaregional.com.br\/site\/2011\/01\/19\/regiao-faz-corrente-solidaria-pelas-vitimas-das-chuvas\/","title":{"rendered":"Corrente solid\u00e1ria pelos desabrigados"},"content":{"rendered":"<figure id=\"attachment_512\" aria-describedby=\"caption-attachment-512\" style=\"width: 366px\" class=\"wp-caption alignleft\"><a rel=\"attachment wp-att-512\" href=\"http:\/\/revistaregional.com.br\/site\/wp-content\/uploads\/2011\/01\/site-RR-doa\u00e7\u00f5es-foto-RIo-640x480.jpg\"><img fetchpriority=\"high\" decoding=\"async\" class=\"size-full wp-image-512  \" title=\"Foto: Marino Azevedo\/Governo do Estado do Rio de Janeiro\" src=\"http:\/\/revistaregional.com.br\/site\/wp-content\/uploads\/2011\/01\/site-RR-doa\u00e7\u00f5es-foto-RIo-640x480.jpg\" alt=\"\" width=\"366\" height=\"384\" srcset=\"https:\/\/revistaregional.com.br\/site\/wp-content\/uploads\/2011\/01\/site-RR-doa\u00e7\u00f5es-foto-RIo-640x480.jpg 610w, https:\/\/revistaregional.com.br\/site\/wp-content\/uploads\/2011\/01\/site-RR-doa\u00e7\u00f5es-foto-RIo-640x480-285x300.jpg 285w\" sizes=\"(max-width: 366px) 100vw, 366px\" \/><\/a><figcaption id=\"caption-attachment-512\" class=\"wp-caption-text\">Regi\u00e3o serrana do Rio de Janeiro atingida pelas chuvas (Foto: Marino Azevedo\/Governo do Estado do Rio de Janeiro)<\/figcaption><\/figure>\n<p>Todas as cidades da regi\u00e3o est\u00e3o em campanha para arrecadar donativos para as v\u00edtimas da cat\u00e1strofe que vitimou milhares de pessoas na regi\u00e3o serrana do Rio de Janeiro. S\u00e3o mais de 700 mortos e milhares de desabrigados.<\/p>\n<p>Na regi\u00e3o, v\u00e1rias empresas e entidades est\u00e3o recebendo doa\u00e7\u00f5es. A Unimed, por exemplo, fez parceria com a ONG Viva Rio e, atrav\u00e9s de seu departamento de Responsabilidade Social, arrecada material de higiene pessoal (pasta de dente, sabonete, absorventes, fraldas, etc). Os postos de coletas est\u00e3o instalados na Administra\u00e7\u00e3o da Unimed, em Salto, na Unidade Central e no Pronto Atendimento, em Itu. Todo material arrecadado ser\u00e1 enviado para a Viva Rio, que ser\u00e1 respons\u00e1vel por encaminhar \u00e0 regi\u00e3o serrana em conjunto com a Defesa Civil local.<\/p>\n<p>O Plaza Shopping Itu tamb\u00e9m est\u00e1 arrecadando doa\u00e7\u00f5es para as v\u00edtimas da regi\u00e3o serrana do Rio de Janeiro, numa parceria com a Defesa Civil de Itu, respons\u00e1vel pela arrecada\u00e7\u00e3o, e apoio da atra\u00e7\u00e3o Acquaball e da Fixxar Digital. O ponto de coleta foi montado na Pra\u00e7a de Eventos. Est\u00e3o sendo recolhidos material de higiene e alimentos n\u00e3o-perec\u00edveis.<\/p>\n<p>Em Itu, h\u00e1 tamb\u00e9m postos de arrecada\u00e7\u00e3o na Secretaria Municipal de Defesa do Cidad\u00e3o (rua Madre Maria Bas\u00edlia, 64); no Fundo Social de Solidariedade (rua Floriano Peixoto, 1465); e no Corpo de Bombeiros (rua Barata Ribeiro, 300). Para mais informa\u00e7\u00f5es, em Itu, basta ligar para 193\/199.<\/p>\n<p><strong>Indaiatuba<\/strong><\/p>\n<p>A Defesa Civil e o Fundo Social de Solidariedade de Indaiatuba iniciaram no dia 17 a campanha de arrecada\u00e7\u00e3o de donativos para ajudar as v\u00edtimas das enchentes. Os produtos ser\u00e3o entregues para munic\u00edpios paulistas e enviados \u00e0 regi\u00e3o serrana do Rio de Janeiro. A Pol\u00edcia Militar integra a a\u00e7\u00e3o. Estabelecimentos comerciais interessados em ser um ponto de arrecada\u00e7\u00e3o podem fazer o cadastramento no Funssol pelo telefone (19) 3834-9235. O mesmo n\u00famero funciona para inscri\u00e7\u00e3o de volunt\u00e1rios interessados em ajudar na separa\u00e7\u00e3o dos produtos.<\/p>\n<p>Os artigos de maior necessidade s\u00e3o materiais de limpeza \u2013 principalmente \u00e1gua sanit\u00e1ria -, produtos de higiene pessoal, alimentos n\u00e3o-perec\u00edveis e \u00e1gua pot\u00e1vel. A Pol\u00edcia Militar (PM) tamb\u00e9m recebe os donativos. Os produtos para o Rio e para as regi\u00f5es mais afastadas no estado de S\u00e3o Paulo ser\u00e3o encaminhados de Indaiatuba por meio da PM.<\/p>\n<p>Na cidade, os pontos de coleta neste momento s\u00e3o:<\/p>\n<p>Pavilh\u00e3o da Viber &#8211; Rua Almirante Tamandar\u00e9, s\/n\u00ba, Cidade Nova II<\/p>\n<p>Auto Posto Rui Barbosa &#8211; Rua Cerqueira Cezar, 1.156, Centro.<\/p>\n<p>Pa\u00e7o Municipal &#8211; Avenida Engenheiro F\u00e1bio Roberto Barnab\u00e9, 2.800, Jardim Esplanada II<\/p>\n<p>Demutran (Departamento Municipal de Tr\u00e2nsito) &#8211; Avenida Francisco de Paula Leite, 2263, Jardim Kioto<\/p>\n<p>Antigo pr\u00e9dio da Subprefeitura da Morada do Sol &#8211; Rua Zephiro Pucinelli, s\/n\u00ba, pr\u00f3ximo ao Mini Hospital<\/p>\n<p>Gin\u00e1sio Municipal de Esportes &#8211; Avenida Visconde de Indaiatuba, s\/n\u00ba, Jardim Am\u00e9rica<\/p>\n<p>Associa\u00e7\u00e3o Amigos de Bairro XII de Junho &#8211; Rua Padre Cabral Vasconcelos, 718, Jardim Morada do Sol<\/p>\n<p>Educando para a Vida (polo Lauro Bueno) &#8211; Rua Mariquinha Bicudo, 421 (esquina com a rua Jo\u00e3o Canova), Lauro Bueno.<\/p>\n<p>4\u00aa Companhia da Pol\u00edcia Militar (47\u00ba BPM\/I) &#8211; Rua Dr. Jos\u00e9 Cardeal, 843, Jardim Pedroso<\/p>\n<p>Cras I (Centro de Refer\u00eancia de Assist\u00eancia Social) &#8211; Rua Augusto Brega, 452 &#8211; Jardim Oliveira Camargo<\/p>\n<p><strong>Salto<\/strong><\/p>\n<figure id=\"attachment_513\" aria-describedby=\"caption-attachment-513\" style=\"width: 384px\" class=\"wp-caption alignright\"><a rel=\"attachment wp-att-513\" href=\"http:\/\/revistaregional.com.br\/site\/wp-content\/uploads\/2011\/01\/site-RR-doa\u00e7\u00f5es-Unimed-640x4801.jpg\"><img decoding=\"async\" class=\"size-full wp-image-513 \" src=\"http:\/\/revistaregional.com.br\/site\/wp-content\/uploads\/2011\/01\/site-RR-doa\u00e7\u00f5es-Unimed-640x4801.jpg\" alt=\"\" width=\"384\" height=\"256\" srcset=\"https:\/\/revistaregional.com.br\/site\/wp-content\/uploads\/2011\/01\/site-RR-doa\u00e7\u00f5es-Unimed-640x4801.jpg 640w, https:\/\/revistaregional.com.br\/site\/wp-content\/uploads\/2011\/01\/site-RR-doa\u00e7\u00f5es-Unimed-640x4801-300x199.jpg 300w\" sizes=\"(max-width: 384px) 100vw, 384px\" \/><\/a><figcaption id=\"caption-attachment-513\" class=\"wp-caption-text\">Unimed Itu-Salto cria campanha pelas v\u00edtimas das chuvas<\/figcaption><\/figure>\n<p>A Prefeitura de Salto, em parceria com Associa\u00e7\u00e3o do Com\u00e9rcio, Ind\u00fastria e Agricultura de Salto, empresas particulares e entidades tamb\u00e9m desenvolveu uma campanha para arrecadar alimentos e demais produtos para os desabrigados pela trag\u00e9dia no Rio de Janeiro.<\/p>\n<p>At\u00e9 o dia 31 de janeiro, ser\u00e3o arrecadados os seguintes produtos: de higiene pessoal, \u00e1gua pot\u00e1vel, roupas e sapatos, roupas de cama, \u00e1gua sanit\u00e1ria e alimentos n\u00e3o-perec\u00edveis.<\/p>\n<p>Os postos de doa\u00e7\u00f5es s\u00e3o:<\/p>\n<p>&#8211; ACIAS: Rua 9 de Julho, 403 &#8211; Centro &#8211; Salto\/SP<\/p>\n<p>&#8211; Sede Corpo de Bombeiros: Rua Henrique Viscardi, 731<\/p>\n<p>&#8211; Clube dos Casados:\u00a0Rua Antonio Vendramini, 1200<\/p>\n<p>&#8211; Cemip\/Senai: Rua Rio Branco, 1555<\/p>\n<p>&#8211; Defesa Civil: Rua Antonio Vendramini, 31 &#8211; Vila Teixeira<\/p>\n<p>&#8211; Sede da Guarda Civil Municipal: Rua Fagundes Varela, 71 Jd\u00a0Tr\u00eas Marias<\/p>\n<p>&#8211; Jornal Est\u00e2ncia: Rua 9 de Julho, 948<\/p>\n<p>&#8211; Lojas Cem: Rua 9 de Julho, 400<\/p>\n<p>&#8211; Nardelli: Rua Rio Branco, 935<\/p>\n<p>&#8211; Posto Nardelli Rodoviaria: Rua Rio Branco, 1821<\/p>\n<p>&#8211; Show de Bola: Rua Jos\u00e9 de Alencar, 140\u00a0 Parque Gloria<\/p>\n<p>&#8211; OAB &#8211; Casa do Advogado: Av. Dom Pedro II, 230<\/p>\n<p>Al\u00e9m disso, as viaturas da Guarda Civil Municipal tamb\u00e9m est\u00e3o \u00e0 disposi\u00e7\u00e3o para recolher alimentos nas ruas. Basta parar um dos ve\u00edculos que rodam a cidade e entregar a doa\u00e7\u00e3o. E os \u00f4nibus da empresa Nardelli ter\u00e3o caixas de papel\u00e3o onde podem ser colocadas as doa\u00e7\u00f5es.<\/p>\n<figure id=\"attachment_514\" aria-describedby=\"caption-attachment-514\" style=\"width: 384px\" class=\"wp-caption alignleft\"><a rel=\"attachment wp-att-514\" href=\"http:\/\/revistaregional.com.br\/site\/wp-content\/uploads\/2011\/01\/site-RR-doa\u00e7\u00f5es-640x4801.jpg\"><img decoding=\"async\" class=\"size-full wp-image-514 \" src=\"http:\/\/revistaregional.com.br\/site\/wp-content\/uploads\/2011\/01\/site-RR-doa\u00e7\u00f5es-640x4801.jpg\" alt=\"\" width=\"384\" height=\"380\" srcset=\"https:\/\/revistaregional.com.br\/site\/wp-content\/uploads\/2011\/01\/site-RR-doa\u00e7\u00f5es-640x4801.jpg 640w, https:\/\/revistaregional.com.br\/site\/wp-content\/uploads\/2011\/01\/site-RR-doa\u00e7\u00f5es-640x4801-300x296.jpg 300w\" sizes=\"(max-width: 384px) 100vw, 384px\" \/><\/a><figcaption id=\"caption-attachment-514\" class=\"wp-caption-text\">Plaza Shopping Itu lan\u00e7a campanha e monta posto de coleta de donativos<\/figcaption><\/figure>\n","protected":false},"excerpt":{"rendered":"<p>Todas as cidades da regi\u00e3o est\u00e3o em campanha para arrecadar donativos para as v\u00edtimas da cat\u00e1strofe que vitimou milhares de pessoas na regi\u00e3o serrana do Rio de Janeiro. S\u00e3o mais de 700 mortos e milhares de desabrigados. Na regi\u00e3o, v\u00e1rias empresas e entidades est\u00e3o recebendo doa\u00e7\u00f5es. A Unimed, por exemplo, fez parceria com a ONG [&hellip;]<\/p>\n","protected":false},"author":1,"featured_media":525,"comment_status":"open","ping_status":"open","sticky":false,"template":"","format":"standard","meta":{"_acf_changed":false,"ngg_post_thumbnail":0,"_joinchat":[],"footnotes":""},"categories":[3,12],"tags":[527],"class_list":["post-507","post","type-post","status-publish","format-standard","has-post-thumbnail","hentry","category-destaques","category-regionais","tag-regionais"],"acf":[],"yoast_head":"<!-- This site is optimized with the Yoast SEO plugin v27.4 - https:\/\/yoast.com\/product\/yoast-seo-wordpress\/ -->\n<title>Corrente solid\u00e1ria pelos desabrigados - Revista Regional<\/title>\n<meta name=\"robots\" content=\"index, follow, max-snippet:-1, max-image-preview:large, max-video-preview:-1\" \/>\n<link rel=\"canonical\" href=\"https:\/\/revistaregional.com.br\/site\/2011\/01\/19\/regiao-faz-corrente-solidaria-pelas-vitimas-das-chuvas\/\" \/>\n<meta property=\"og:locale\" content=\"pt_BR\" \/>\n<meta property=\"og:type\" content=\"article\" \/>\n<meta property=\"og:title\" content=\"Corrente solid\u00e1ria pelos desabrigados - Revista Regional\" \/>\n<meta property=\"og:description\" content=\"Todas as cidades da regi\u00e3o est\u00e3o em campanha para arrecadar donativos para as v\u00edtimas da cat\u00e1strofe que vitimou milhares de pessoas na regi\u00e3o serrana do Rio de Janeiro. S\u00e3o mais de 700 mortos e milhares de desabrigados. Na regi\u00e3o, v\u00e1rias empresas e entidades est\u00e3o recebendo doa\u00e7\u00f5es. A Unimed, por exemplo, fez parceria com a ONG [&hellip;]\" \/>\n<meta property=\"og:url\" content=\"https:\/\/revistaregional.com.br\/site\/2011\/01\/19\/regiao-faz-corrente-solidaria-pelas-vitimas-das-chuvas\/\" \/>\n<meta property=\"og:site_name\" content=\"Revista Regional\" \/>\n<meta property=\"article:published_time\" content=\"2011-01-19T12:06:56+00:00\" \/>\n<meta property=\"article:modified_time\" content=\"2024-01-26T12:51:12+00:00\" \/>\n<meta property=\"og:image\" content=\"https:\/\/revistaregional.com.br\/site\/wp-content\/uploads\/2011\/01\/site-RR-doacoes-foto-RIo-640x480.jpg\" \/>\n\t<meta property=\"og:image:width\" content=\"610\" \/>\n\t<meta property=\"og:image:height\" content=\"640\" \/>\n\t<meta property=\"og:image:type\" content=\"image\/jpeg\" \/>\n<meta name=\"author\" content=\"contato@revistaregional.com.br\" \/>\n<meta name=\"twitter:card\" content=\"summary_large_image\" \/>\n<meta name=\"twitter:label1\" content=\"Escrito por\" \/>\n\t<meta name=\"twitter:data1\" content=\"contato@revistaregional.com.br\" \/>\n\t<meta name=\"twitter:label2\" content=\"Est. tempo de leitura\" \/>\n\t<meta name=\"twitter:data2\" content=\"4 minutos\" \/>\n<script type=\"application\/ld+json\" class=\"yoast-schema-graph\">{\"@context\":\"https:\\\/\\\/schema.org\",\"@graph\":[{\"@type\":\"Article\",\"@id\":\"https:\\\/\\\/revistaregional.com.br\\\/site\\\/2011\\\/01\\\/19\\\/regiao-faz-corrente-solidaria-pelas-vitimas-das-chuvas\\\/#article\",\"isPartOf\":{\"@id\":\"https:\\\/\\\/revistaregional.com.br\\\/site\\\/2011\\\/01\\\/19\\\/regiao-faz-corrente-solidaria-pelas-vitimas-das-chuvas\\\/\"},\"author\":{\"name\":\"contato@revistaregional.com.br\",\"@id\":\"https:\\\/\\\/revistaregional.com.br\\\/site\\\/#\\\/schema\\\/person\\\/382af97c580dc1b18f55107bc316010d\"},\"headline\":\"Corrente solid\u00e1ria pelos desabrigados\",\"datePublished\":\"2011-01-19T12:06:56+00:00\",\"dateModified\":\"2024-01-26T12:51:12+00:00\",\"mainEntityOfPage\":{\"@id\":\"https:\\\/\\\/revistaregional.com.br\\\/site\\\/2011\\\/01\\\/19\\\/regiao-faz-corrente-solidaria-pelas-vitimas-das-chuvas\\\/\"},\"wordCount\":875,\"commentCount\":0,\"image\":{\"@id\":\"https:\\\/\\\/revistaregional.com.br\\\/site\\\/2011\\\/01\\\/19\\\/regiao-faz-corrente-solidaria-pelas-vitimas-das-chuvas\\\/#primaryimage\"},\"thumbnailUrl\":\"https:\\\/\\\/revistaregional.com.br\\\/site\\\/wp-content\\\/uploads\\\/2011\\\/01\\\/site-RR-doacoes-foto-RIo-640x480.jpg\",\"keywords\":[\"Regionais\"],\"articleSection\":[\"Destaques\",\"Regionais\"],\"inLanguage\":\"pt-BR\",\"potentialAction\":[{\"@type\":\"CommentAction\",\"name\":\"Comment\",\"target\":[\"https:\\\/\\\/revistaregional.com.br\\\/site\\\/2011\\\/01\\\/19\\\/regiao-faz-corrente-solidaria-pelas-vitimas-das-chuvas\\\/#respond\"]}]},{\"@type\":\"WebPage\",\"@id\":\"https:\\\/\\\/revistaregional.com.br\\\/site\\\/2011\\\/01\\\/19\\\/regiao-faz-corrente-solidaria-pelas-vitimas-das-chuvas\\\/\",\"url\":\"https:\\\/\\\/revistaregional.com.br\\\/site\\\/2011\\\/01\\\/19\\\/regiao-faz-corrente-solidaria-pelas-vitimas-das-chuvas\\\/\",\"name\":\"Corrente solid\u00e1ria pelos desabrigados - Revista Regional\",\"isPartOf\":{\"@id\":\"https:\\\/\\\/revistaregional.com.br\\\/site\\\/#website\"},\"primaryImageOfPage\":{\"@id\":\"https:\\\/\\\/revistaregional.com.br\\\/site\\\/2011\\\/01\\\/19\\\/regiao-faz-corrente-solidaria-pelas-vitimas-das-chuvas\\\/#primaryimage\"},\"image\":{\"@id\":\"https:\\\/\\\/revistaregional.com.br\\\/site\\\/2011\\\/01\\\/19\\\/regiao-faz-corrente-solidaria-pelas-vitimas-das-chuvas\\\/#primaryimage\"},\"thumbnailUrl\":\"https:\\\/\\\/revistaregional.com.br\\\/site\\\/wp-content\\\/uploads\\\/2011\\\/01\\\/site-RR-doacoes-foto-RIo-640x480.jpg\",\"datePublished\":\"2011-01-19T12:06:56+00:00\",\"dateModified\":\"2024-01-26T12:51:12+00:00\",\"author\":{\"@id\":\"https:\\\/\\\/revistaregional.com.br\\\/site\\\/#\\\/schema\\\/person\\\/382af97c580dc1b18f55107bc316010d\"},\"breadcrumb\":{\"@id\":\"https:\\\/\\\/revistaregional.com.br\\\/site\\\/2011\\\/01\\\/19\\\/regiao-faz-corrente-solidaria-pelas-vitimas-das-chuvas\\\/#breadcrumb\"},\"inLanguage\":\"pt-BR\",\"potentialAction\":[{\"@type\":\"ReadAction\",\"target\":[\"https:\\\/\\\/revistaregional.com.br\\\/site\\\/2011\\\/01\\\/19\\\/regiao-faz-corrente-solidaria-pelas-vitimas-das-chuvas\\\/\"]}]},{\"@type\":\"ImageObject\",\"inLanguage\":\"pt-BR\",\"@id\":\"https:\\\/\\\/revistaregional.com.br\\\/site\\\/2011\\\/01\\\/19\\\/regiao-faz-corrente-solidaria-pelas-vitimas-das-chuvas\\\/#primaryimage\",\"url\":\"https:\\\/\\\/revistaregional.com.br\\\/site\\\/wp-content\\\/uploads\\\/2011\\\/01\\\/site-RR-doacoes-foto-RIo-640x480.jpg\",\"contentUrl\":\"https:\\\/\\\/revistaregional.com.br\\\/site\\\/wp-content\\\/uploads\\\/2011\\\/01\\\/site-RR-doacoes-foto-RIo-640x480.jpg\",\"width\":\"610\",\"height\":\"640\"},{\"@type\":\"BreadcrumbList\",\"@id\":\"https:\\\/\\\/revistaregional.com.br\\\/site\\\/2011\\\/01\\\/19\\\/regiao-faz-corrente-solidaria-pelas-vitimas-das-chuvas\\\/#breadcrumb\",\"itemListElement\":[{\"@type\":\"ListItem\",\"position\":1,\"name\":\"In\u00edcio\",\"item\":\"https:\\\/\\\/revistaregional.com.br\\\/site\\\/\"},{\"@type\":\"ListItem\",\"position\":2,\"name\":\"Corrente solid\u00e1ria pelos desabrigados\"}]},{\"@type\":\"WebSite\",\"@id\":\"https:\\\/\\\/revistaregional.com.br\\\/site\\\/#website\",\"url\":\"https:\\\/\\\/revistaregional.com.br\\\/site\\\/\",\"name\":\"Revista Regional\",\"description\":\"Salto - Itu - Indaituba\",\"potentialAction\":[{\"@type\":\"SearchAction\",\"target\":{\"@type\":\"EntryPoint\",\"urlTemplate\":\"https:\\\/\\\/revistaregional.com.br\\\/site\\\/?s={search_term_string}\"},\"query-input\":{\"@type\":\"PropertyValueSpecification\",\"valueRequired\":true,\"valueName\":\"search_term_string\"}}],\"inLanguage\":\"pt-BR\"},{\"@type\":\"Person\",\"@id\":\"https:\\\/\\\/revistaregional.com.br\\\/site\\\/#\\\/schema\\\/person\\\/382af97c580dc1b18f55107bc316010d\",\"name\":\"contato@revistaregional.com.br\",\"image\":{\"@type\":\"ImageObject\",\"inLanguage\":\"pt-BR\",\"@id\":\"https:\\\/\\\/secure.gravatar.com\\\/avatar\\\/869822917e96b2e292d5827e4635855396934485e7c4a0af84e9a214e32ca0cd?s=96&d=mm&r=g\",\"url\":\"https:\\\/\\\/secure.gravatar.com\\\/avatar\\\/869822917e96b2e292d5827e4635855396934485e7c4a0af84e9a214e32ca0cd?s=96&d=mm&r=g\",\"contentUrl\":\"https:\\\/\\\/secure.gravatar.com\\\/avatar\\\/869822917e96b2e292d5827e4635855396934485e7c4a0af84e9a214e32ca0cd?s=96&d=mm&r=g\",\"caption\":\"contato@revistaregional.com.br\"},\"url\":\"https:\\\/\\\/revistaregional.com.br\\\/site\\\/author\\\/contato@revistaregional.com.br\\\/\"}]}<\/script>\n<!-- \/ Yoast SEO plugin. -->","yoast_head_json":{"title":"Corrente solid\u00e1ria pelos desabrigados - Revista Regional","robots":{"index":"index","follow":"follow","max-snippet":"max-snippet:-1","max-image-preview":"max-image-preview:large","max-video-preview":"max-video-preview:-1"},"canonical":"https:\/\/revistaregional.com.br\/site\/2011\/01\/19\/regiao-faz-corrente-solidaria-pelas-vitimas-das-chuvas\/","og_locale":"pt_BR","og_type":"article","og_title":"Corrente solid\u00e1ria pelos desabrigados - Revista Regional","og_description":"Todas as cidades da regi\u00e3o est\u00e3o em campanha para arrecadar donativos para as v\u00edtimas da cat\u00e1strofe que vitimou milhares de pessoas na regi\u00e3o serrana do Rio de Janeiro. S\u00e3o mais de 700 mortos e milhares de desabrigados. Na regi\u00e3o, v\u00e1rias empresas e entidades est\u00e3o recebendo doa\u00e7\u00f5es. A Unimed, por exemplo, fez parceria com a ONG [&hellip;]","og_url":"https:\/\/revistaregional.com.br\/site\/2011\/01\/19\/regiao-faz-corrente-solidaria-pelas-vitimas-das-chuvas\/","og_site_name":"Revista Regional","article_published_time":"2011-01-19T12:06:56+00:00","article_modified_time":"2024-01-26T12:51:12+00:00","og_image":[{"width":610,"height":640,"url":"https:\/\/revistaregional.com.br\/site\/wp-content\/uploads\/2011\/01\/site-RR-doacoes-foto-RIo-640x480.jpg","type":"image\/jpeg"}],"author":"contato@revistaregional.com.br","twitter_card":"summary_large_image","twitter_misc":{"Escrito por":"contato@revistaregional.com.br","Est. tempo de leitura":"4 minutos"},"schema":{"@context":"https:\/\/schema.org","@graph":[{"@type":"Article","@id":"https:\/\/revistaregional.com.br\/site\/2011\/01\/19\/regiao-faz-corrente-solidaria-pelas-vitimas-das-chuvas\/#article","isPartOf":{"@id":"https:\/\/revistaregional.com.br\/site\/2011\/01\/19\/regiao-faz-corrente-solidaria-pelas-vitimas-das-chuvas\/"},"author":{"name":"contato@revistaregional.com.br","@id":"https:\/\/revistaregional.com.br\/site\/#\/schema\/person\/382af97c580dc1b18f55107bc316010d"},"headline":"Corrente solid\u00e1ria pelos desabrigados","datePublished":"2011-01-19T12:06:56+00:00","dateModified":"2024-01-26T12:51:12+00:00","mainEntityOfPage":{"@id":"https:\/\/revistaregional.com.br\/site\/2011\/01\/19\/regiao-faz-corrente-solidaria-pelas-vitimas-das-chuvas\/"},"wordCount":875,"commentCount":0,"image":{"@id":"https:\/\/revistaregional.com.br\/site\/2011\/01\/19\/regiao-faz-corrente-solidaria-pelas-vitimas-das-chuvas\/#primaryimage"},"thumbnailUrl":"https:\/\/revistaregional.com.br\/site\/wp-content\/uploads\/2011\/01\/site-RR-doacoes-foto-RIo-640x480.jpg","keywords":["Regionais"],"articleSection":["Destaques","Regionais"],"inLanguage":"pt-BR","potentialAction":[{"@type":"CommentAction","name":"Comment","target":["https:\/\/revistaregional.com.br\/site\/2011\/01\/19\/regiao-faz-corrente-solidaria-pelas-vitimas-das-chuvas\/#respond"]}]},{"@type":"WebPage","@id":"https:\/\/revistaregional.com.br\/site\/2011\/01\/19\/regiao-faz-corrente-solidaria-pelas-vitimas-das-chuvas\/","url":"https:\/\/revistaregional.com.br\/site\/2011\/01\/19\/regiao-faz-corrente-solidaria-pelas-vitimas-das-chuvas\/","name":"Corrente solid\u00e1ria pelos desabrigados - Revista Regional","isPartOf":{"@id":"https:\/\/revistaregional.com.br\/site\/#website"},"primaryImageOfPage":{"@id":"https:\/\/revistaregional.com.br\/site\/2011\/01\/19\/regiao-faz-corrente-solidaria-pelas-vitimas-das-chuvas\/#primaryimage"},"image":{"@id":"https:\/\/revistaregional.com.br\/site\/2011\/01\/19\/regiao-faz-corrente-solidaria-pelas-vitimas-das-chuvas\/#primaryimage"},"thumbnailUrl":"https:\/\/revistaregional.com.br\/site\/wp-content\/uploads\/2011\/01\/site-RR-doacoes-foto-RIo-640x480.jpg","datePublished":"2011-01-19T12:06:56+00:00","dateModified":"2024-01-26T12:51:12+00:00","author":{"@id":"https:\/\/revistaregional.com.br\/site\/#\/schema\/person\/382af97c580dc1b18f55107bc316010d"},"breadcrumb":{"@id":"https:\/\/revistaregional.com.br\/site\/2011\/01\/19\/regiao-faz-corrente-solidaria-pelas-vitimas-das-chuvas\/#breadcrumb"},"inLanguage":"pt-BR","potentialAction":[{"@type":"ReadAction","target":["https:\/\/revistaregional.com.br\/site\/2011\/01\/19\/regiao-faz-corrente-solidaria-pelas-vitimas-das-chuvas\/"]}]},{"@type":"ImageObject","inLanguage":"pt-BR","@id":"https:\/\/revistaregional.com.br\/site\/2011\/01\/19\/regiao-faz-corrente-solidaria-pelas-vitimas-das-chuvas\/#primaryimage","url":"https:\/\/revistaregional.com.br\/site\/wp-content\/uploads\/2011\/01\/site-RR-doacoes-foto-RIo-640x480.jpg","contentUrl":"https:\/\/revistaregional.com.br\/site\/wp-content\/uploads\/2011\/01\/site-RR-doacoes-foto-RIo-640x480.jpg","width":"610","height":"640"},{"@type":"BreadcrumbList","@id":"https:\/\/revistaregional.com.br\/site\/2011\/01\/19\/regiao-faz-corrente-solidaria-pelas-vitimas-das-chuvas\/#breadcrumb","itemListElement":[{"@type":"ListItem","position":1,"name":"In\u00edcio","item":"https:\/\/revistaregional.com.br\/site\/"},{"@type":"ListItem","position":2,"name":"Corrente solid\u00e1ria pelos desabrigados"}]},{"@type":"WebSite","@id":"https:\/\/revistaregional.com.br\/site\/#website","url":"https:\/\/revistaregional.com.br\/site\/","name":"Revista Regional","description":"Salto - Itu - Indaituba","potentialAction":[{"@type":"SearchAction","target":{"@type":"EntryPoint","urlTemplate":"https:\/\/revistaregional.com.br\/site\/?s={search_term_string}"},"query-input":{"@type":"PropertyValueSpecification","valueRequired":true,"valueName":"search_term_string"}}],"inLanguage":"pt-BR"},{"@type":"Person","@id":"https:\/\/revistaregional.com.br\/site\/#\/schema\/person\/382af97c580dc1b18f55107bc316010d","name":"contato@revistaregional.com.br","image":{"@type":"ImageObject","inLanguage":"pt-BR","@id":"https:\/\/secure.gravatar.com\/avatar\/869822917e96b2e292d5827e4635855396934485e7c4a0af84e9a214e32ca0cd?s=96&d=mm&r=g","url":"https:\/\/secure.gravatar.com\/avatar\/869822917e96b2e292d5827e4635855396934485e7c4a0af84e9a214e32ca0cd?s=96&d=mm&r=g","contentUrl":"https:\/\/secure.gravatar.com\/avatar\/869822917e96b2e292d5827e4635855396934485e7c4a0af84e9a214e32ca0cd?s=96&d=mm&r=g","caption":"contato@revistaregional.com.br"},"url":"https:\/\/revistaregional.com.br\/site\/author\/contato@revistaregional.com.br\/"}]}},"views":75,"_links":{"self":[{"href":"https:\/\/revistaregional.com.br\/site\/wp-json\/wp\/v2\/posts\/507","targetHints":{"allow":["GET"]}}],"collection":[{"href":"https:\/\/revistaregional.com.br\/site\/wp-json\/wp\/v2\/posts"}],"about":[{"href":"https:\/\/revistaregional.com.br\/site\/wp-json\/wp\/v2\/types\/post"}],"author":[{"embeddable":true,"href":"https:\/\/revistaregional.com.br\/site\/wp-json\/wp\/v2\/users\/1"}],"replies":[{"embeddable":true,"href":"https:\/\/revistaregional.com.br\/site\/wp-json\/wp\/v2\/comments?post=507"}],"version-history":[{"count":5,"href":"https:\/\/revistaregional.com.br\/site\/wp-json\/wp\/v2\/posts\/507\/revisions"}],"predecessor-version":[{"id":578,"href":"https:\/\/revistaregional.com.br\/site\/wp-json\/wp\/v2\/posts\/507\/revisions\/578"}],"wp:featuredmedia":[{"embeddable":true,"href":"https:\/\/revistaregional.com.br\/site\/wp-json\/wp\/v2\/media\/525"}],"wp:attachment":[{"href":"https:\/\/revistaregional.com.br\/site\/wp-json\/wp\/v2\/media?parent=507"}],"wp:term":[{"taxonomy":"category","embeddable":true,"href":"https:\/\/revistaregional.com.br\/site\/wp-json\/wp\/v2\/categories?post=507"},{"taxonomy":"post_tag","embeddable":true,"href":"https:\/\/revistaregional.com.br\/site\/wp-json\/wp\/v2\/tags?post=507"}],"curies":[{"name":"wp","href":"https:\/\/api.w.org\/{rel}","templated":true}]}}